









{"id":16705,"date":"2024-09-12T17:58:59","date_gmt":"2024-09-12T15:58:59","guid":{"rendered":"https:\/\/peoplesphere.be\/fr\/?p=16705"},"modified":"2024-09-12T17:58:59","modified_gmt":"2024-09-12T15:58:59","slug":"le-taux-global-dabsence-pour-maladie-des-fonctionnaires-federaux-a-legerement-augmente-pour-atteindre-671-en-2023","status":"publish","type":"post","link":"https:\/\/peoplesphere.be\/fr\/le-taux-global-dabsence-pour-maladie-des-fonctionnaires-federaux-a-legerement-augmente-pour-atteindre-671-en-2023\/","title":{"rendered":"Le taux global d&rsquo;absence pour maladie des fonctionnaires f\u00e9d\u00e9raux a l\u00e9g\u00e8rement augment\u00e9 pour atteindre 6,71% en 2023."},"content":{"rendered":"<p>Concr\u00e8tement, cela signifie que 6,71 jours de travail sur 100 n&rsquo;ont pas \u00e9t\u00e9 prest\u00e9s pour cause de maladie. En 2022, ce taux \u00e9tait de 6,63%. Cette hausse est principalement due \u00e0 une augmentation des absences de moyenne dur\u00e9e (&gt;1 mois) et de longue dur\u00e9e (&gt;1 an). En revanche, le taux d&rsquo;absence pour les absences inf\u00e9rieures ou \u00e9gales \u00e0 1 mois a diminu\u00e9 de 0,12%. Le nombre total d&rsquo;absences a augment\u00e9, mais leur dur\u00e9e a \u00e9t\u00e9 plus courte en moyenne.<!--more--><\/p>\n<h3><strong><em>Absences d&rsquo;un jour<\/em><\/strong><\/h3>\n<p>Depuis le 1er janvier 2023, les fonctionnaires f\u00e9d\u00e9raux peuvent s&rsquo;absenter un jour, trois fois par an, sans devoir pr\u00e9senter de certificat m\u00e9dical. Auparavant, cela n&rsquo;\u00e9tait possible que deux fois par an. Cette l\u00e9gislation s&rsquo;applique \u00e9galement au secteur priv\u00e9 depuis fin novembre 2022 pour les grandes entreprises (&gt;50 employ\u00e9s). L\u00e0 aussi,on a pu constater un impact notable de cette nouvelle l\u00e9gislation : le nombre d&#8217;employ\u00e9s ayant pris une journ\u00e9e d&rsquo;absence \u00e9tait trois fois plus \u00e9lev\u00e9 dans ces entreprises que dans les entreprises de moins de 50 employ\u00e9s. Chez les fonctionnaires f\u00e9d\u00e9raux \u00e9galement, l&rsquo;impact est perceptible : le nombre d&rsquo;absences d&rsquo;un jour a augment\u00e9 de 30,4% par rapport \u00e0 2022. De plus, dans 8 cas d&rsquo;absence d&rsquo;un jour sur 10, aucun certificat m\u00e9dical n&rsquo;a \u00e9t\u00e9 d\u00e9livr\u00e9.<\/p>\n<p>Il est important de noter que le taux global d&rsquo;absences inf\u00e9rieures ou \u00e9gales \u00e0 1 mois a diminu\u00e9 de 0,12 % en 2023. En 2023, les fonctionnaires f\u00e9d\u00e9raux ont plus souvent d\u00e9clar\u00e9 des absences pour un jour sans consulter de m\u00e9decin. En cons\u00e9quence, les m\u00e9decins ont d\u00e9livr\u00e9 moins de certificats pour des absences de plusieurs jours, ce qui peut expliquer la baisse globale des absences de moins d&rsquo;un mois, malgr\u00e9 l&rsquo;augmentation des absences d&rsquo;un jour.<\/p>\n<h3><strong><em>Raisons m\u00e9dicales<\/em><\/strong><\/h3>\n<p>En ce qui concerne les raisons m\u00e9dicales, les troubles mentaux li\u00e9s au stress continuent d&rsquo;avoir l&rsquo;impact le plus important sur les absences pour cause de maladie en 2023, avec plus de 4 jours d&rsquo;absence sur 10 qui leur sont imputables. Le nombre de jours de maladie dus \u00e0 des troubles mentaux li\u00e9s au stress a augment\u00e9 de 10,7 % par rapport \u00e0 2022.<\/p>\n<h3><strong><em>Absences de longue dur\u00e9e pour cause de maladie<\/em><\/strong><\/h3>\n<p>Le nombre de fonctionnaires malades pendant plus de 30 jours a augment\u00e9 de 23,7% entre 2019 et 2023. Cette \u00e9tude aborde en d\u00e9tail le suivi des malades de longue dur\u00e9e et l&rsquo;\u00e9valuation de la capacit\u00e9 de travail des fonctionnaires malades ayant \u00e9puis\u00e9 leur capital de jours de maladie ( \u00ab en disponibilit\u00e9 \u00bb). La Commission des pensions anticip\u00e9es pour raisons m\u00e9dicales n&rsquo;a accord\u00e9 la mise \u00e0 la pension anticip\u00e9e d\u00e9finitive qu&rsquo;\u00e0 3 fonctionnaires sur 10 en disponibilit\u00e9. L&rsquo;accent a donc \u00e9t\u00e9 mis sur la r\u00e9int\u00e9gration et le travail adapt\u00e9.<\/p>\n<p>L&rsquo;impact de la r\u00e9forme l\u00e9gislative imminente concernant la pension pour raisons m\u00e9dicales pourra \u00eatre \u00e9tudi\u00e9 en d\u00e9tail lors de futures analyses.<\/p>\n<p>&nbsp;<\/p>\n<p><em>Source: \u00e9tude compl\u00e8te \u00abL\u2019absent\u00e9isme pour maladie chez les fonctionnaires f\u00e9d\u00e9raux 2023 \u00bb ici : Publication \u00ab\u00a0L&rsquo;absent\u00e9isme pour maladie chez les fonctionnaires f\u00e9d\u00e9raux en 2023\u00a0\u00bb | SPF Sant\u00e9 publique (belgium.be)<\/em><\/p>\n","protected":false},"excerpt":{"rendered":"<p>Concr\u00e8tement, cela signifie que 6,71 jours de travail sur 100 n&rsquo;ont pas \u00e9t\u00e9 prest\u00e9s pour cause de maladie. En 2022, ce taux \u00e9tait de 6,63%. Cette hausse est principalement due \u00e0 une augmentation des absences de moyenne dur\u00e9e (&gt;1 mois) [&hellip;]<\/p>\n","protected":false},"author":2,"featured_media":16706,"comment_status":"closed","ping_status":"open","sticky":false,"template":"","format":"standard","meta":[],"categories":[65,10],"tags":[145,96,2932,16,2837,42,17],"yoast_head":"<!-- This site is optimized with the Yoast SEO plugin v21.0 - https:\/\/yoast.com\/wordpress\/plugins\/seo\/ -->\n<title>Le taux global d&#039;absence pour maladie des fonctionnaires f\u00e9d\u00e9raux a l\u00e9g\u00e8rement augment\u00e9 pour atteindre 6,71% en 2023. - Peoplesphere<\/title>\n<meta name=\"robots\" content=\"index, follow, max-snippet:-1, max-image-preview:large, max-video-preview:-1\" \/>\n<link rel=\"canonical\" href=\"https:\/\/peoplesphere.be\/fr\/le-taux-global-dabsence-pour-maladie-des-fonctionnaires-federaux-a-legerement-augmente-pour-atteindre-671-en-2023\/\" \/>\n<meta property=\"og:locale\" content=\"fr_FR\" \/>\n<meta property=\"og:type\" content=\"article\" \/>\n<meta property=\"og:title\" content=\"Le taux global d&#039;absence pour maladie des fonctionnaires f\u00e9d\u00e9raux a l\u00e9g\u00e8rement augment\u00e9 pour atteindre 6,71% en 2023. - Peoplesphere\" \/>\n<meta property=\"og:description\" content=\"Concr\u00e8tement, cela signifie que 6,71 jours de travail sur 100 n&rsquo;ont pas \u00e9t\u00e9 prest\u00e9s pour cause de maladie. En 2022, ce taux \u00e9tait de 6,63%. Cette hausse est principalement due \u00e0 une augmentation des absences de moyenne dur\u00e9e (&gt;1 mois) [&hellip;]\" \/>\n<meta property=\"og:url\" content=\"https:\/\/peoplesphere.be\/fr\/le-taux-global-dabsence-pour-maladie-des-fonctionnaires-federaux-a-legerement-augmente-pour-atteindre-671-en-2023\/\" \/>\n<meta property=\"og:site_name\" content=\"Peoplesphere\" \/>\n<meta property=\"article:publisher\" content=\"https:\/\/www.facebook.com\/peoplesphere\" \/>\n<meta property=\"article:published_time\" content=\"2024-09-12T15:58:59+00:00\" \/>\n<meta property=\"og:image\" content=\"https:\/\/peoplesphere.be\/fr\/wp-content\/uploads\/2024\/09\/20231025burnout.jpg\" \/>\n\t<meta property=\"og:image:width\" content=\"1200\" \/>\n\t<meta property=\"og:image:height\" content=\"515\" \/>\n\t<meta property=\"og:image:type\" content=\"image\/jpeg\" \/>\n<meta name=\"author\" content=\"Jean-Paul Erhard\" \/>\n<meta name=\"twitter:card\" content=\"summary_large_image\" \/>\n<meta name=\"twitter:creator\" content=\"@PeoplesphereMag\" \/>\n<meta name=\"twitter:site\" content=\"@PeoplesphereMag\" \/>\n<meta name=\"twitter:label1\" content=\"\u00c9crit par\" \/>\n\t<meta name=\"twitter:data1\" content=\"Jean-Paul Erhard\" \/>\n\t<meta name=\"twitter:label2\" content=\"Dur\u00e9e de lecture estim\u00e9e\" \/>\n\t<meta name=\"twitter:data2\" content=\"3 minutes\" \/>\n<script type=\"application\/ld+json\" class=\"yoast-schema-graph\">{\"@context\":\"https:\/\/schema.org\",\"@graph\":[{\"@type\":\"Article\",\"@id\":\"https:\/\/peoplesphere.be\/fr\/le-taux-global-dabsence-pour-maladie-des-fonctionnaires-federaux-a-legerement-augmente-pour-atteindre-671-en-2023\/#article\",\"isPartOf\":{\"@id\":\"https:\/\/peoplesphere.be\/fr\/le-taux-global-dabsence-pour-maladie-des-fonctionnaires-federaux-a-legerement-augmente-pour-atteindre-671-en-2023\/\"},\"author\":{\"name\":\"Jean-Paul Erhard\",\"@id\":\"https:\/\/peoplesphere.be\/fr\/#\/schema\/person\/7976225ff17988604334abb7b3536a7e\"},\"headline\":\"Le taux global d&rsquo;absence pour maladie des fonctionnaires f\u00e9d\u00e9raux a l\u00e9g\u00e8rement augment\u00e9 pour atteindre 6,71% en 2023.\",\"datePublished\":\"2024-09-12T15:58:59+00:00\",\"dateModified\":\"2024-09-12T15:58:59+00:00\",\"mainEntityOfPage\":{\"@id\":\"https:\/\/peoplesphere.be\/fr\/le-taux-global-dabsence-pour-maladie-des-fonctionnaires-federaux-a-legerement-augmente-pour-atteindre-671-en-2023\/\"},\"wordCount\":523,\"publisher\":{\"@id\":\"https:\/\/peoplesphere.be\/fr\/#organization\"},\"keywords\":[\"absent\u00e9isme\",\"bien-\u00eatre\",\"fonctionnaires f\u00e9d\u00e9raux\",\"Maladie\",\"Medex\",\"Pr\u00e9vention\",\"Sant\u00e9\"],\"articleSection\":[\"Actualit\u00e9s\",\"Digital\"],\"inLanguage\":\"fr-FR\"},{\"@type\":\"WebPage\",\"@id\":\"https:\/\/peoplesphere.be\/fr\/le-taux-global-dabsence-pour-maladie-des-fonctionnaires-federaux-a-legerement-augmente-pour-atteindre-671-en-2023\/\",\"url\":\"https:\/\/peoplesphere.be\/fr\/le-taux-global-dabsence-pour-maladie-des-fonctionnaires-federaux-a-legerement-augmente-pour-atteindre-671-en-2023\/\",\"name\":\"Le taux global d'absence pour maladie des fonctionnaires f\u00e9d\u00e9raux a l\u00e9g\u00e8rement augment\u00e9 pour atteindre 6,71% en 2023. - Peoplesphere\",\"isPartOf\":{\"@id\":\"https:\/\/peoplesphere.be\/fr\/#website\"},\"datePublished\":\"2024-09-12T15:58:59+00:00\",\"dateModified\":\"2024-09-12T15:58:59+00:00\",\"breadcrumb\":{\"@id\":\"https:\/\/peoplesphere.be\/fr\/le-taux-global-dabsence-pour-maladie-des-fonctionnaires-federaux-a-legerement-augmente-pour-atteindre-671-en-2023\/#breadcrumb\"},\"inLanguage\":\"fr-FR\",\"potentialAction\":[{\"@type\":\"ReadAction\",\"target\":[\"https:\/\/peoplesphere.be\/fr\/le-taux-global-dabsence-pour-maladie-des-fonctionnaires-federaux-a-legerement-augmente-pour-atteindre-671-en-2023\/\"]}]},{\"@type\":\"BreadcrumbList\",\"@id\":\"https:\/\/peoplesphere.be\/fr\/le-taux-global-dabsence-pour-maladie-des-fonctionnaires-federaux-a-legerement-augmente-pour-atteindre-671-en-2023\/#breadcrumb\",\"itemListElement\":[{\"@type\":\"ListItem\",\"position\":1,\"name\":\"Accueil\",\"item\":\"https:\/\/peoplesphere.be\/fr\/\"},{\"@type\":\"ListItem\",\"position\":2,\"name\":\"Le taux global d&rsquo;absence pour maladie des fonctionnaires f\u00e9d\u00e9raux a l\u00e9g\u00e8rement augment\u00e9 pour atteindre 6,71% en 2023.\"}]},{\"@type\":\"WebSite\",\"@id\":\"https:\/\/peoplesphere.be\/fr\/#website\",\"url\":\"https:\/\/peoplesphere.be\/fr\/\",\"name\":\"Peoplesphere\",\"description\":\"The People Managers Magazine\",\"publisher\":{\"@id\":\"https:\/\/peoplesphere.be\/fr\/#organization\"},\"potentialAction\":[{\"@type\":\"SearchAction\",\"target\":{\"@type\":\"EntryPoint\",\"urlTemplate\":\"https:\/\/peoplesphere.be\/fr\/?s={search_term_string}\"},\"query-input\":\"required name=search_term_string\"}],\"inLanguage\":\"fr-FR\"},{\"@type\":\"Organization\",\"@id\":\"https:\/\/peoplesphere.be\/fr\/#organization\",\"name\":\"Peoplesphere Company srl\",\"url\":\"https:\/\/peoplesphere.be\/fr\/\",\"logo\":{\"@type\":\"ImageObject\",\"inLanguage\":\"fr-FR\",\"@id\":\"https:\/\/peoplesphere.be\/fr\/#\/schema\/logo\/image\/\",\"url\":\"https:\/\/peoplesphere.be\/fr\/wp-content\/uploads\/2023\/07\/peoplesphere-lgo-new-generik.jpg\",\"contentUrl\":\"https:\/\/peoplesphere.be\/fr\/wp-content\/uploads\/2023\/07\/peoplesphere-lgo-new-generik.jpg\",\"width\":1031,\"height\":1479,\"caption\":\"Peoplesphere Company srl\"},\"image\":{\"@id\":\"https:\/\/peoplesphere.be\/fr\/#\/schema\/logo\/image\/\"},\"sameAs\":[\"https:\/\/www.facebook.com\/peoplesphere\",\"https:\/\/twitter.com\/PeoplesphereMag\",\"https:\/\/www.linkedin.com\/company\/7587361?trk\",\"http:\/\/youtube.com\/peoplesphere\"]},{\"@type\":\"Person\",\"@id\":\"https:\/\/peoplesphere.be\/fr\/#\/schema\/person\/7976225ff17988604334abb7b3536a7e\",\"name\":\"Jean-Paul Erhard\",\"image\":{\"@type\":\"ImageObject\",\"inLanguage\":\"fr-FR\",\"@id\":\"https:\/\/peoplesphere.be\/fr\/#\/schema\/person\/image\/\",\"url\":\"https:\/\/secure.gravatar.com\/avatar\/f941e681460179738071629a51574930?s=96&d=mm&r=g\",\"contentUrl\":\"https:\/\/secure.gravatar.com\/avatar\/f941e681460179738071629a51574930?s=96&d=mm&r=g\",\"caption\":\"Jean-Paul Erhard\"},\"url\":\"https:\/\/peoplesphere.be\/fr\/author\/jpe\/\"}]}<\/script>\n<!-- \/ Yoast SEO plugin. -->","yoast_head_json":{"title":"Le taux global d'absence pour maladie des fonctionnaires f\u00e9d\u00e9raux a l\u00e9g\u00e8rement augment\u00e9 pour atteindre 6,71% en 2023. - Peoplesphere","robots":{"index":"index","follow":"follow","max-snippet":"max-snippet:-1","max-image-preview":"max-image-preview:large","max-video-preview":"max-video-preview:-1"},"canonical":"https:\/\/peoplesphere.be\/fr\/le-taux-global-dabsence-pour-maladie-des-fonctionnaires-federaux-a-legerement-augmente-pour-atteindre-671-en-2023\/","og_locale":"fr_FR","og_type":"article","og_title":"Le taux global d'absence pour maladie des fonctionnaires f\u00e9d\u00e9raux a l\u00e9g\u00e8rement augment\u00e9 pour atteindre 6,71% en 2023. - Peoplesphere","og_description":"Concr\u00e8tement, cela signifie que 6,71 jours de travail sur 100 n&rsquo;ont pas \u00e9t\u00e9 prest\u00e9s pour cause de maladie. En 2022, ce taux \u00e9tait de 6,63%. Cette hausse est principalement due \u00e0 une augmentation des absences de moyenne dur\u00e9e (&gt;1 mois) [&hellip;]","og_url":"https:\/\/peoplesphere.be\/fr\/le-taux-global-dabsence-pour-maladie-des-fonctionnaires-federaux-a-legerement-augmente-pour-atteindre-671-en-2023\/","og_site_name":"Peoplesphere","article_publisher":"https:\/\/www.facebook.com\/peoplesphere","article_published_time":"2024-09-12T15:58:59+00:00","og_image":[{"width":1200,"height":515,"url":"https:\/\/peoplesphere.be\/fr\/wp-content\/uploads\/2024\/09\/20231025burnout.jpg","type":"image\/jpeg"}],"author":"Jean-Paul Erhard","twitter_card":"summary_large_image","twitter_creator":"@PeoplesphereMag","twitter_site":"@PeoplesphereMag","twitter_misc":{"\u00c9crit par":"Jean-Paul Erhard","Dur\u00e9e de lecture estim\u00e9e":"3 minutes"},"schema":{"@context":"https:\/\/schema.org","@graph":[{"@type":"Article","@id":"https:\/\/peoplesphere.be\/fr\/le-taux-global-dabsence-pour-maladie-des-fonctionnaires-federaux-a-legerement-augmente-pour-atteindre-671-en-2023\/#article","isPartOf":{"@id":"https:\/\/peoplesphere.be\/fr\/le-taux-global-dabsence-pour-maladie-des-fonctionnaires-federaux-a-legerement-augmente-pour-atteindre-671-en-2023\/"},"author":{"name":"Jean-Paul Erhard","@id":"https:\/\/peoplesphere.be\/fr\/#\/schema\/person\/7976225ff17988604334abb7b3536a7e"},"headline":"Le taux global d&rsquo;absence pour maladie des fonctionnaires f\u00e9d\u00e9raux a l\u00e9g\u00e8rement augment\u00e9 pour atteindre 6,71% en 2023.","datePublished":"2024-09-12T15:58:59+00:00","dateModified":"2024-09-12T15:58:59+00:00","mainEntityOfPage":{"@id":"https:\/\/peoplesphere.be\/fr\/le-taux-global-dabsence-pour-maladie-des-fonctionnaires-federaux-a-legerement-augmente-pour-atteindre-671-en-2023\/"},"wordCount":523,"publisher":{"@id":"https:\/\/peoplesphere.be\/fr\/#organization"},"keywords":["absent\u00e9isme","bien-\u00eatre","fonctionnaires f\u00e9d\u00e9raux","Maladie","Medex","Pr\u00e9vention","Sant\u00e9"],"articleSection":["Actualit\u00e9s","Digital"],"inLanguage":"fr-FR"},{"@type":"WebPage","@id":"https:\/\/peoplesphere.be\/fr\/le-taux-global-dabsence-pour-maladie-des-fonctionnaires-federaux-a-legerement-augmente-pour-atteindre-671-en-2023\/","url":"https:\/\/peoplesphere.be\/fr\/le-taux-global-dabsence-pour-maladie-des-fonctionnaires-federaux-a-legerement-augmente-pour-atteindre-671-en-2023\/","name":"Le taux global d'absence pour maladie des fonctionnaires f\u00e9d\u00e9raux a l\u00e9g\u00e8rement augment\u00e9 pour atteindre 6,71% en 2023. - Peoplesphere","isPartOf":{"@id":"https:\/\/peoplesphere.be\/fr\/#website"},"datePublished":"2024-09-12T15:58:59+00:00","dateModified":"2024-09-12T15:58:59+00:00","breadcrumb":{"@id":"https:\/\/peoplesphere.be\/fr\/le-taux-global-dabsence-pour-maladie-des-fonctionnaires-federaux-a-legerement-augmente-pour-atteindre-671-en-2023\/#breadcrumb"},"inLanguage":"fr-FR","potentialAction":[{"@type":"ReadAction","target":["https:\/\/peoplesphere.be\/fr\/le-taux-global-dabsence-pour-maladie-des-fonctionnaires-federaux-a-legerement-augmente-pour-atteindre-671-en-2023\/"]}]},{"@type":"BreadcrumbList","@id":"https:\/\/peoplesphere.be\/fr\/le-taux-global-dabsence-pour-maladie-des-fonctionnaires-federaux-a-legerement-augmente-pour-atteindre-671-en-2023\/#breadcrumb","itemListElement":[{"@type":"ListItem","position":1,"name":"Accueil","item":"https:\/\/peoplesphere.be\/fr\/"},{"@type":"ListItem","position":2,"name":"Le taux global d&rsquo;absence pour maladie des fonctionnaires f\u00e9d\u00e9raux a l\u00e9g\u00e8rement augment\u00e9 pour atteindre 6,71% en 2023."}]},{"@type":"WebSite","@id":"https:\/\/peoplesphere.be\/fr\/#website","url":"https:\/\/peoplesphere.be\/fr\/","name":"Peoplesphere","description":"The People Managers Magazine","publisher":{"@id":"https:\/\/peoplesphere.be\/fr\/#organization"},"potentialAction":[{"@type":"SearchAction","target":{"@type":"EntryPoint","urlTemplate":"https:\/\/peoplesphere.be\/fr\/?s={search_term_string}"},"query-input":"required name=search_term_string"}],"inLanguage":"fr-FR"},{"@type":"Organization","@id":"https:\/\/peoplesphere.be\/fr\/#organization","name":"Peoplesphere Company srl","url":"https:\/\/peoplesphere.be\/fr\/","logo":{"@type":"ImageObject","inLanguage":"fr-FR","@id":"https:\/\/peoplesphere.be\/fr\/#\/schema\/logo\/image\/","url":"https:\/\/peoplesphere.be\/fr\/wp-content\/uploads\/2023\/07\/peoplesphere-lgo-new-generik.jpg","contentUrl":"https:\/\/peoplesphere.be\/fr\/wp-content\/uploads\/2023\/07\/peoplesphere-lgo-new-generik.jpg","width":1031,"height":1479,"caption":"Peoplesphere Company srl"},"image":{"@id":"https:\/\/peoplesphere.be\/fr\/#\/schema\/logo\/image\/"},"sameAs":["https:\/\/www.facebook.com\/peoplesphere","https:\/\/twitter.com\/PeoplesphereMag","https:\/\/www.linkedin.com\/company\/7587361?trk","http:\/\/youtube.com\/peoplesphere"]},{"@type":"Person","@id":"https:\/\/peoplesphere.be\/fr\/#\/schema\/person\/7976225ff17988604334abb7b3536a7e","name":"Jean-Paul Erhard","image":{"@type":"ImageObject","inLanguage":"fr-FR","@id":"https:\/\/peoplesphere.be\/fr\/#\/schema\/person\/image\/","url":"https:\/\/secure.gravatar.com\/avatar\/f941e681460179738071629a51574930?s=96&d=mm&r=g","contentUrl":"https:\/\/secure.gravatar.com\/avatar\/f941e681460179738071629a51574930?s=96&d=mm&r=g","caption":"Jean-Paul Erhard"},"url":"https:\/\/peoplesphere.be\/fr\/author\/jpe\/"}]}},"_links":{"self":[{"href":"https:\/\/peoplesphere.be\/fr\/wp-json\/wp\/v2\/posts\/16705"}],"collection":[{"href":"https:\/\/peoplesphere.be\/fr\/wp-json\/wp\/v2\/posts"}],"about":[{"href":"https:\/\/peoplesphere.be\/fr\/wp-json\/wp\/v2\/types\/post"}],"author":[{"embeddable":true,"href":"https:\/\/peoplesphere.be\/fr\/wp-json\/wp\/v2\/users\/2"}],"replies":[{"embeddable":true,"href":"https:\/\/peoplesphere.be\/fr\/wp-json\/wp\/v2\/comments?post=16705"}],"version-history":[{"count":1,"href":"https:\/\/peoplesphere.be\/fr\/wp-json\/wp\/v2\/posts\/16705\/revisions"}],"predecessor-version":[{"id":16707,"href":"https:\/\/peoplesphere.be\/fr\/wp-json\/wp\/v2\/posts\/16705\/revisions\/16707"}],"wp:featuredmedia":[{"embeddable":true,"href":"https:\/\/peoplesphere.be\/fr\/wp-json\/wp\/v2\/media\/16706"}],"wp:attachment":[{"href":"https:\/\/peoplesphere.be\/fr\/wp-json\/wp\/v2\/media?parent=16705"}],"wp:term":[{"taxonomy":"category","embeddable":true,"href":"https:\/\/peoplesphere.be\/fr\/wp-json\/wp\/v2\/categories?post=16705"},{"taxonomy":"post_tag","embeddable":true,"href":"https:\/\/peoplesphere.be\/fr\/wp-json\/wp\/v2\/tags?post=16705"}],"curies":[{"name":"wp","href":"https:\/\/api.w.org\/{rel}","templated":true}]}}