









{"id":16708,"date":"2024-09-13T07:16:53","date_gmt":"2024-09-13T05:16:53","guid":{"rendered":"https:\/\/peoplesphere.be\/fr\/?p=16708"},"modified":"2024-09-13T07:24:24","modified_gmt":"2024-09-13T05:24:24","slug":"legere-augmentation-du-nombre-de-demandeurs-demploi-en-region-bruxelloise","status":"publish","type":"post","link":"https:\/\/peoplesphere.be\/fr\/legere-augmentation-du-nombre-de-demandeurs-demploi-en-region-bruxelloise\/","title":{"rendered":"L\u00e9g\u00e8re augmentation du nombre de demandeurs d&#8217;emploi en R\u00e9gion Bruxelloise."},"content":{"rendered":"<p>Fin ao\u00fbt, Bruxelles comptait 95.574 chercheurs d\u2019emploi inscrits chez Actiris. Cela signifie une augmentation de +5.352 personnes par rapport \u00e0 l\u2019ann\u00e9e pr\u00e9c\u00e9dente (+5,9%).<!--more--><\/p>\n<p>Actiris observe une hausse des chercheurs d&#8217;emploi inscrits b\u00e9n\u00e9ficiaires du revenu d\u2019int\u00e9gration sociale ou de son \u00e9quivalent. Cette hausse est d\u00fbe \u00e0 la modification de la dur\u00e9e de validit\u00e9 d&rsquo;inscription de ces derniers : les chercheurs d&#8217;emploi inscrits dans cette cat\u00e9gorie ne doivent plus se r\u00e9inscrire tous les 3 mois mais restent d&rsquo;office inscrits jusqu&rsquo;\u00e0 la fin de la p\u00e9riode d&rsquo;octroi du RIS, ce qui gonfle m\u00e9caniquement les chiffres. Il est \u00e0 noter que cela n&rsquo;a pas d&rsquo;impact sur les chercheurs d&#8217;emploi b\u00e9n\u00e9ficiaires d&rsquo;une allocation de ch\u00f4mage. Sans compter les chercheurs d&#8217;emploi usagers du CPAS, Actiris aurait observ\u00e9 une augmentation plus l\u00e9g\u00e8re du nombre de chercheurs d&#8217;emploi (+2,9%).<\/p>\n<p>Le taux de ch\u00f4mage est de 15,2%, une augmentation de 0,8 point par rapport \u00e0 ao\u00fbt 2023. Pour rappel, le taux de ch\u00f4mage est le pourcentage des personnes faisant partie de la population active qui sont au ch\u00f4mage. La population active est la population en \u00e2ge de travailler et qui travaille ou est en recherche d&#8217;emploi. Les inactifs, qui ne sont donc pas repris dans le calcul du taux de ch\u00f4mage, sont les personnes \u00e2g\u00e9es de 15 ans ou plus qui ne sont ni en emploi ni au ch\u00f4mage (\u00e9tudiants, retrait\u00e9s, entre autres).<\/p>\n<p>On compte au cours du mois d&rsquo;ao\u00fbt 9.217 entr\u00e9es dans le ch\u00f4mage (5.769 r\u00e9inscriptions et 3.448 nouvelles inscriptions) contre 7.059 sorties, soit une augmentation sur une base mensuelle du nombre de chercheurs d&#8217;emploi de +2.158 personnes (+2,3%). Parmi les 95.574 chercheurs d&#8217;emploi, 49% sont des femmes et 51% sont des hommes.<\/p>\n<h3><strong><em>Caract\u00e9ristiques des chercheurs d&#8217;emploi bruxellois<\/em><\/strong><\/h3>\n<p>Actiris constate une augmentation de +1,1% (+591 personnes) du nombre de chercheurs d\u2019emploi b\u00e9n\u00e9ficiaires d&rsquo;une allocation et une augmentation du nombre de jeunes en stage d\u2019insertion professionnelle (+624 personnes, +10,5%). Le nombre des autres chercheurs d\u2019emploi a augment\u00e9 de +13,1% (+4.137 personnes).<\/p>\n<p>Sur les 95.574 chercheurs d&#8217;emploi totaux, 18.078 personnes (18,9%) sont inscrits au CPAS soit une augmentation de +21,5% sur base annuelle.<\/p>\n<p>Le nombre de chercheurs d&#8217;emploi depuis moins d&rsquo;un an augmente de +5,3% (+1.841 personnes). Les personnes en recherche d&#8217;emploi depuis 1 \u00e0 2 ans sont en augmentation de +19,2% (+2.503 personnes). Les chercheurs d&#8217;emploi de longue dur\u00e9e (+2 ans) augmente de +2,4%, soit +1.008 personnes.<\/p>\n<p>Le nombre de chercheurs d&#8217;emploi de moins de 25 ans est en augmentation de +12,3% (+1.121 personnes). La cat\u00e9gorie des 25-49 ans augmente \u00e9galement de +7,4% soit +4.208 personnes. La cat\u00e9gorie des 50 ans et + est stable (+0,1%, +23 personnes).<\/p>\n<p>Concernant le niveau d&rsquo;\u00e9tudes, toutes les cat\u00e9gories augmentent : +4,9% (+2.705 personnes) pour les chercheurs d&#8217;emploi faiblement qualifi\u00e9s, +5,2% (+975 personnes) pour les personnes moyennement qualifi\u00e9es et +10,5% \u200b (+1.672 personnes) pour la cat\u00e9gorie hautement qualifi\u00e9e. \u200b<\/p>\n<p>&nbsp;<\/p>\n<p><em>Source : Actiris &#8211; les chiffres d\u00e9taill\u00e9s sur les chercheurs d\u2019emploi et les offres d\u2019emploi en R\u00e9gion bruxelloise sont disponibles sur <a href=\"https:\/\/viewstat.actiris.brussels\/\">viewstat.actiris.brussels.<\/a><\/em><\/p>\n","protected":false},"excerpt":{"rendered":"<p>Fin ao\u00fbt, Bruxelles comptait 95.574 chercheurs d\u2019emploi inscrits chez Actiris. Cela signifie une augmentation de +5.352 personnes par rapport \u00e0 l\u2019ann\u00e9e pr\u00e9c\u00e9dente (+5,9%).<\/p>\n","protected":false},"author":2,"featured_media":0,"comment_status":"closed","ping_status":"open","sticky":false,"template":"","format":"standard","meta":[],"categories":[65,10],"tags":[93,92,653],"yoast_head":"<!-- This site is optimized with the Yoast SEO plugin v21.0 - https:\/\/yoast.com\/wordpress\/plugins\/seo\/ -->\n<title>L\u00e9g\u00e8re augmentation du nombre de demandeurs d&#039;emploi en R\u00e9gion Bruxelloise. - Peoplesphere<\/title>\n<meta name=\"robots\" content=\"index, follow, max-snippet:-1, max-image-preview:large, max-video-preview:-1\" \/>\n<link rel=\"canonical\" href=\"https:\/\/peoplesphere.be\/fr\/legere-augmentation-du-nombre-de-demandeurs-demploi-en-region-bruxelloise\/\" \/>\n<meta property=\"og:locale\" content=\"fr_FR\" \/>\n<meta property=\"og:type\" content=\"article\" \/>\n<meta property=\"og:title\" content=\"L\u00e9g\u00e8re augmentation du nombre de demandeurs d&#039;emploi en R\u00e9gion Bruxelloise. - Peoplesphere\" \/>\n<meta property=\"og:description\" content=\"Fin ao\u00fbt, Bruxelles comptait 95.574 chercheurs d\u2019emploi inscrits chez Actiris. Cela signifie une augmentation de +5.352 personnes par rapport \u00e0 l\u2019ann\u00e9e pr\u00e9c\u00e9dente (+5,9%).\" \/>\n<meta property=\"og:url\" content=\"https:\/\/peoplesphere.be\/fr\/legere-augmentation-du-nombre-de-demandeurs-demploi-en-region-bruxelloise\/\" \/>\n<meta property=\"og:site_name\" content=\"Peoplesphere\" \/>\n<meta property=\"article:publisher\" content=\"https:\/\/www.facebook.com\/peoplesphere\" \/>\n<meta property=\"article:published_time\" content=\"2024-09-13T05:16:53+00:00\" \/>\n<meta property=\"article:modified_time\" content=\"2024-09-13T05:24:24+00:00\" \/>\n<meta property=\"og:image\" content=\"http:\/\/www.peoplesphere.be\/fr\/wp-content\/uploads\/2016\/07\/facebook-default-posting-1200x628px.jpg\" \/>\n<meta name=\"author\" content=\"Jean-Paul Erhard\" \/>\n<meta name=\"twitter:card\" content=\"summary_large_image\" \/>\n<meta name=\"twitter:creator\" content=\"@PeoplesphereMag\" \/>\n<meta name=\"twitter:site\" content=\"@PeoplesphereMag\" \/>\n<meta name=\"twitter:label1\" content=\"\u00c9crit par\" \/>\n\t<meta name=\"twitter:data1\" content=\"Jean-Paul Erhard\" \/>\n\t<meta name=\"twitter:label2\" content=\"Dur\u00e9e de lecture estim\u00e9e\" \/>\n\t<meta name=\"twitter:data2\" content=\"3 minutes\" \/>\n<script type=\"application\/ld+json\" class=\"yoast-schema-graph\">{\"@context\":\"https:\/\/schema.org\",\"@graph\":[{\"@type\":\"Article\",\"@id\":\"https:\/\/peoplesphere.be\/fr\/legere-augmentation-du-nombre-de-demandeurs-demploi-en-region-bruxelloise\/#article\",\"isPartOf\":{\"@id\":\"https:\/\/peoplesphere.be\/fr\/legere-augmentation-du-nombre-de-demandeurs-demploi-en-region-bruxelloise\/\"},\"author\":{\"name\":\"Jean-Paul Erhard\",\"@id\":\"https:\/\/peoplesphere.be\/fr\/#\/schema\/person\/7976225ff17988604334abb7b3536a7e\"},\"headline\":\"L\u00e9g\u00e8re augmentation du nombre de demandeurs d&#8217;emploi en R\u00e9gion Bruxelloise.\",\"datePublished\":\"2024-09-13T05:16:53+00:00\",\"dateModified\":\"2024-09-13T05:24:24+00:00\",\"mainEntityOfPage\":{\"@id\":\"https:\/\/peoplesphere.be\/fr\/legere-augmentation-du-nombre-de-demandeurs-demploi-en-region-bruxelloise\/\"},\"wordCount\":495,\"publisher\":{\"@id\":\"https:\/\/peoplesphere.be\/fr\/#organization\"},\"keywords\":[\"bruxelles\",\"ch\u00f4mage\",\"demandeurs d'emploi\"],\"articleSection\":[\"Actualit\u00e9s\",\"Digital\"],\"inLanguage\":\"fr-FR\"},{\"@type\":\"WebPage\",\"@id\":\"https:\/\/peoplesphere.be\/fr\/legere-augmentation-du-nombre-de-demandeurs-demploi-en-region-bruxelloise\/\",\"url\":\"https:\/\/peoplesphere.be\/fr\/legere-augmentation-du-nombre-de-demandeurs-demploi-en-region-bruxelloise\/\",\"name\":\"L\u00e9g\u00e8re augmentation du nombre de demandeurs d'emploi en R\u00e9gion Bruxelloise. - Peoplesphere\",\"isPartOf\":{\"@id\":\"https:\/\/peoplesphere.be\/fr\/#website\"},\"datePublished\":\"2024-09-13T05:16:53+00:00\",\"dateModified\":\"2024-09-13T05:24:24+00:00\",\"breadcrumb\":{\"@id\":\"https:\/\/peoplesphere.be\/fr\/legere-augmentation-du-nombre-de-demandeurs-demploi-en-region-bruxelloise\/#breadcrumb\"},\"inLanguage\":\"fr-FR\",\"potentialAction\":[{\"@type\":\"ReadAction\",\"target\":[\"https:\/\/peoplesphere.be\/fr\/legere-augmentation-du-nombre-de-demandeurs-demploi-en-region-bruxelloise\/\"]}]},{\"@type\":\"BreadcrumbList\",\"@id\":\"https:\/\/peoplesphere.be\/fr\/legere-augmentation-du-nombre-de-demandeurs-demploi-en-region-bruxelloise\/#breadcrumb\",\"itemListElement\":[{\"@type\":\"ListItem\",\"position\":1,\"name\":\"Accueil\",\"item\":\"https:\/\/peoplesphere.be\/fr\/\"},{\"@type\":\"ListItem\",\"position\":2,\"name\":\"L\u00e9g\u00e8re augmentation du nombre de demandeurs d&#8217;emploi en R\u00e9gion Bruxelloise.\"}]},{\"@type\":\"WebSite\",\"@id\":\"https:\/\/peoplesphere.be\/fr\/#website\",\"url\":\"https:\/\/peoplesphere.be\/fr\/\",\"name\":\"Peoplesphere\",\"description\":\"The People Managers Magazine\",\"publisher\":{\"@id\":\"https:\/\/peoplesphere.be\/fr\/#organization\"},\"potentialAction\":[{\"@type\":\"SearchAction\",\"target\":{\"@type\":\"EntryPoint\",\"urlTemplate\":\"https:\/\/peoplesphere.be\/fr\/?s={search_term_string}\"},\"query-input\":\"required name=search_term_string\"}],\"inLanguage\":\"fr-FR\"},{\"@type\":\"Organization\",\"@id\":\"https:\/\/peoplesphere.be\/fr\/#organization\",\"name\":\"Peoplesphere Company srl\",\"url\":\"https:\/\/peoplesphere.be\/fr\/\",\"logo\":{\"@type\":\"ImageObject\",\"inLanguage\":\"fr-FR\",\"@id\":\"https:\/\/peoplesphere.be\/fr\/#\/schema\/logo\/image\/\",\"url\":\"https:\/\/peoplesphere.be\/fr\/wp-content\/uploads\/2023\/07\/peoplesphere-lgo-new-generik.jpg\",\"contentUrl\":\"https:\/\/peoplesphere.be\/fr\/wp-content\/uploads\/2023\/07\/peoplesphere-lgo-new-generik.jpg\",\"width\":1031,\"height\":1479,\"caption\":\"Peoplesphere Company srl\"},\"image\":{\"@id\":\"https:\/\/peoplesphere.be\/fr\/#\/schema\/logo\/image\/\"},\"sameAs\":[\"https:\/\/www.facebook.com\/peoplesphere\",\"https:\/\/twitter.com\/PeoplesphereMag\",\"https:\/\/www.linkedin.com\/company\/7587361?trk\",\"http:\/\/youtube.com\/peoplesphere\"]},{\"@type\":\"Person\",\"@id\":\"https:\/\/peoplesphere.be\/fr\/#\/schema\/person\/7976225ff17988604334abb7b3536a7e\",\"name\":\"Jean-Paul Erhard\",\"image\":{\"@type\":\"ImageObject\",\"inLanguage\":\"fr-FR\",\"@id\":\"https:\/\/peoplesphere.be\/fr\/#\/schema\/person\/image\/\",\"url\":\"https:\/\/secure.gravatar.com\/avatar\/f941e681460179738071629a51574930?s=96&d=mm&r=g\",\"contentUrl\":\"https:\/\/secure.gravatar.com\/avatar\/f941e681460179738071629a51574930?s=96&d=mm&r=g\",\"caption\":\"Jean-Paul Erhard\"},\"url\":\"https:\/\/peoplesphere.be\/fr\/author\/jpe\/\"}]}<\/script>\n<!-- \/ Yoast SEO plugin. -->","yoast_head_json":{"title":"L\u00e9g\u00e8re augmentation du nombre de demandeurs d'emploi en R\u00e9gion Bruxelloise. - Peoplesphere","robots":{"index":"index","follow":"follow","max-snippet":"max-snippet:-1","max-image-preview":"max-image-preview:large","max-video-preview":"max-video-preview:-1"},"canonical":"https:\/\/peoplesphere.be\/fr\/legere-augmentation-du-nombre-de-demandeurs-demploi-en-region-bruxelloise\/","og_locale":"fr_FR","og_type":"article","og_title":"L\u00e9g\u00e8re augmentation du nombre de demandeurs d'emploi en R\u00e9gion Bruxelloise. - Peoplesphere","og_description":"Fin ao\u00fbt, Bruxelles comptait 95.574 chercheurs d\u2019emploi inscrits chez Actiris. Cela signifie une augmentation de +5.352 personnes par rapport \u00e0 l\u2019ann\u00e9e pr\u00e9c\u00e9dente (+5,9%).","og_url":"https:\/\/peoplesphere.be\/fr\/legere-augmentation-du-nombre-de-demandeurs-demploi-en-region-bruxelloise\/","og_site_name":"Peoplesphere","article_publisher":"https:\/\/www.facebook.com\/peoplesphere","article_published_time":"2024-09-13T05:16:53+00:00","article_modified_time":"2024-09-13T05:24:24+00:00","og_image":[{"url":"http:\/\/www.peoplesphere.be\/fr\/wp-content\/uploads\/2016\/07\/facebook-default-posting-1200x628px.jpg"}],"author":"Jean-Paul Erhard","twitter_card":"summary_large_image","twitter_creator":"@PeoplesphereMag","twitter_site":"@PeoplesphereMag","twitter_misc":{"\u00c9crit par":"Jean-Paul Erhard","Dur\u00e9e de lecture estim\u00e9e":"3 minutes"},"schema":{"@context":"https:\/\/schema.org","@graph":[{"@type":"Article","@id":"https:\/\/peoplesphere.be\/fr\/legere-augmentation-du-nombre-de-demandeurs-demploi-en-region-bruxelloise\/#article","isPartOf":{"@id":"https:\/\/peoplesphere.be\/fr\/legere-augmentation-du-nombre-de-demandeurs-demploi-en-region-bruxelloise\/"},"author":{"name":"Jean-Paul Erhard","@id":"https:\/\/peoplesphere.be\/fr\/#\/schema\/person\/7976225ff17988604334abb7b3536a7e"},"headline":"L\u00e9g\u00e8re augmentation du nombre de demandeurs d&#8217;emploi en R\u00e9gion Bruxelloise.","datePublished":"2024-09-13T05:16:53+00:00","dateModified":"2024-09-13T05:24:24+00:00","mainEntityOfPage":{"@id":"https:\/\/peoplesphere.be\/fr\/legere-augmentation-du-nombre-de-demandeurs-demploi-en-region-bruxelloise\/"},"wordCount":495,"publisher":{"@id":"https:\/\/peoplesphere.be\/fr\/#organization"},"keywords":["bruxelles","ch\u00f4mage","demandeurs d'emploi"],"articleSection":["Actualit\u00e9s","Digital"],"inLanguage":"fr-FR"},{"@type":"WebPage","@id":"https:\/\/peoplesphere.be\/fr\/legere-augmentation-du-nombre-de-demandeurs-demploi-en-region-bruxelloise\/","url":"https:\/\/peoplesphere.be\/fr\/legere-augmentation-du-nombre-de-demandeurs-demploi-en-region-bruxelloise\/","name":"L\u00e9g\u00e8re augmentation du nombre de demandeurs d'emploi en R\u00e9gion Bruxelloise. - Peoplesphere","isPartOf":{"@id":"https:\/\/peoplesphere.be\/fr\/#website"},"datePublished":"2024-09-13T05:16:53+00:00","dateModified":"2024-09-13T05:24:24+00:00","breadcrumb":{"@id":"https:\/\/peoplesphere.be\/fr\/legere-augmentation-du-nombre-de-demandeurs-demploi-en-region-bruxelloise\/#breadcrumb"},"inLanguage":"fr-FR","potentialAction":[{"@type":"ReadAction","target":["https:\/\/peoplesphere.be\/fr\/legere-augmentation-du-nombre-de-demandeurs-demploi-en-region-bruxelloise\/"]}]},{"@type":"BreadcrumbList","@id":"https:\/\/peoplesphere.be\/fr\/legere-augmentation-du-nombre-de-demandeurs-demploi-en-region-bruxelloise\/#breadcrumb","itemListElement":[{"@type":"ListItem","position":1,"name":"Accueil","item":"https:\/\/peoplesphere.be\/fr\/"},{"@type":"ListItem","position":2,"name":"L\u00e9g\u00e8re augmentation du nombre de demandeurs d&#8217;emploi en R\u00e9gion Bruxelloise."}]},{"@type":"WebSite","@id":"https:\/\/peoplesphere.be\/fr\/#website","url":"https:\/\/peoplesphere.be\/fr\/","name":"Peoplesphere","description":"The People Managers Magazine","publisher":{"@id":"https:\/\/peoplesphere.be\/fr\/#organization"},"potentialAction":[{"@type":"SearchAction","target":{"@type":"EntryPoint","urlTemplate":"https:\/\/peoplesphere.be\/fr\/?s={search_term_string}"},"query-input":"required name=search_term_string"}],"inLanguage":"fr-FR"},{"@type":"Organization","@id":"https:\/\/peoplesphere.be\/fr\/#organization","name":"Peoplesphere Company srl","url":"https:\/\/peoplesphere.be\/fr\/","logo":{"@type":"ImageObject","inLanguage":"fr-FR","@id":"https:\/\/peoplesphere.be\/fr\/#\/schema\/logo\/image\/","url":"https:\/\/peoplesphere.be\/fr\/wp-content\/uploads\/2023\/07\/peoplesphere-lgo-new-generik.jpg","contentUrl":"https:\/\/peoplesphere.be\/fr\/wp-content\/uploads\/2023\/07\/peoplesphere-lgo-new-generik.jpg","width":1031,"height":1479,"caption":"Peoplesphere Company srl"},"image":{"@id":"https:\/\/peoplesphere.be\/fr\/#\/schema\/logo\/image\/"},"sameAs":["https:\/\/www.facebook.com\/peoplesphere","https:\/\/twitter.com\/PeoplesphereMag","https:\/\/www.linkedin.com\/company\/7587361?trk","http:\/\/youtube.com\/peoplesphere"]},{"@type":"Person","@id":"https:\/\/peoplesphere.be\/fr\/#\/schema\/person\/7976225ff17988604334abb7b3536a7e","name":"Jean-Paul Erhard","image":{"@type":"ImageObject","inLanguage":"fr-FR","@id":"https:\/\/peoplesphere.be\/fr\/#\/schema\/person\/image\/","url":"https:\/\/secure.gravatar.com\/avatar\/f941e681460179738071629a51574930?s=96&d=mm&r=g","contentUrl":"https:\/\/secure.gravatar.com\/avatar\/f941e681460179738071629a51574930?s=96&d=mm&r=g","caption":"Jean-Paul Erhard"},"url":"https:\/\/peoplesphere.be\/fr\/author\/jpe\/"}]}},"_links":{"self":[{"href":"https:\/\/peoplesphere.be\/fr\/wp-json\/wp\/v2\/posts\/16708"}],"collection":[{"href":"https:\/\/peoplesphere.be\/fr\/wp-json\/wp\/v2\/posts"}],"about":[{"href":"https:\/\/peoplesphere.be\/fr\/wp-json\/wp\/v2\/types\/post"}],"author":[{"embeddable":true,"href":"https:\/\/peoplesphere.be\/fr\/wp-json\/wp\/v2\/users\/2"}],"replies":[{"embeddable":true,"href":"https:\/\/peoplesphere.be\/fr\/wp-json\/wp\/v2\/comments?post=16708"}],"version-history":[{"count":1,"href":"https:\/\/peoplesphere.be\/fr\/wp-json\/wp\/v2\/posts\/16708\/revisions"}],"predecessor-version":[{"id":16709,"href":"https:\/\/peoplesphere.be\/fr\/wp-json\/wp\/v2\/posts\/16708\/revisions\/16709"}],"wp:attachment":[{"href":"https:\/\/peoplesphere.be\/fr\/wp-json\/wp\/v2\/media?parent=16708"}],"wp:term":[{"taxonomy":"category","embeddable":true,"href":"https:\/\/peoplesphere.be\/fr\/wp-json\/wp\/v2\/categories?post=16708"},{"taxonomy":"post_tag","embeddable":true,"href":"https:\/\/peoplesphere.be\/fr\/wp-json\/wp\/v2\/tags?post=16708"}],"curies":[{"name":"wp","href":"https:\/\/api.w.org\/{rel}","templated":true}]}}