









{"id":16714,"date":"2024-09-14T17:17:00","date_gmt":"2024-09-14T15:17:00","guid":{"rendered":"https:\/\/peoplesphere.be\/fr\/?p=16714"},"modified":"2024-09-14T17:17:00","modified_gmt":"2024-09-14T15:17:00","slug":"derriere-la-manifestation-pour-audi-brussels-les-syndicats-revendiquent-pour-une-politique-industrielle-digne","status":"publish","type":"post","link":"https:\/\/peoplesphere.be\/fr\/derriere-la-manifestation-pour-audi-brussels-les-syndicats-revendiquent-pour-une-politique-industrielle-digne\/","title":{"rendered":"Derri\u00e8re la manifestation pour Audi Brussels, les syndicats revendiquent pour une politique industrielle digne."},"content":{"rendered":"<p>Le lundi 16 septembre 2024, la CSC annonce que des milliers de travailleurs de l\u2019industrie feront entendre leur voix \u00e0 Bruxelles. La raison: les plans de restructuration, voire la fermeture, d\u2019Audi Brussels. Selon le syndicat, il ne s\u2019agit malheureusement pas d\u2019un cas isol\u00e9.<!--more--><\/p>\n<p><em>\u00ab\u00a0L\u2019ann\u00e9e derni\u00e8re, une onde de choc s\u2019est abattue sur l\u2019industrie belge et de nombreuses entreprises sont tomb\u00e9es comme des dominos. Le nombre de restructurations et de faillites a battu des records. Des entreprises importantes dans notre r\u00e9seau industriel, comme Ontex, Onsemiconductor, Mc Three, Van Hool, Thal\u00e8s Alenis Space\u2026 jusqu\u2019\u00e0 Audi aujourd\u2019hui, ont disparu ou se sont retrouv\u00e9es en difficult\u00e9. Cela se traduit de plus en plus par des pertes \u00e9normes d\u2019emplois et des activit\u00e9s industrielles qui disparaissent et ne reviennent pas.<\/em><\/p>\n<p><em>Malgr\u00e9 l\u2019\u00e9tat lamentable de l\u2019industrie, nous ne pouvons pas nous en passer. Elle est le principal moteur de notre \u00e9conomie. De nombreux autres biens et services en d\u00e9coulent. De m\u00eame, elle est \u00e0 l\u2019origine d\u2019exportations, dont nous sommes extr\u00eamement d\u00e9pendants en tant que petit pays ET en tant qu\u2019\u00e9conomie ouverte. Car ces exportations, \u00e0 leur tour, fournissent les ressources n\u00e9cessaires pour investir dans notre soci\u00e9t\u00e9. Il ne faut pas non plus oublier que l\u2019industrie sera un levier important pour la transition vers une \u00e9conomie verte et durable.<\/em><\/p>\n<p><em>C\u2019est pourquoi l\u2019attention se porte aujourd\u2019hui sur l\u2019ensemble de l\u2019industrie. Les entreprises doivent \u00eatre bien encadr\u00e9es, tant par les autorit\u00e9s que par les partenaires sociaux. Les r\u00e9glementations doivent offrir de la s\u00e9curit\u00e9 juridique, les politiques doivent \u00eatre adapt\u00e9es \u00e0 toute cons\u00e9quence sociale n\u00e9gative et il doit y avoir une vision de la valeur ajout\u00e9e que notre industrie peut apporter dans une \u00e9conomie durable.<\/em><\/p>\n<p><em>En tant que syndicat, nous visons l\u2019emploi durable, tourn\u00e9 vers l\u2019avenir. Chacun doit pouvoir participer et, surtout : nous voulons avoir notre mot \u00e0 dire sur ce que cet ancrage durable signifie pour les travailleurs. Nous l\u00e2chons pas l\u2019affaire. Nous tendons la main aux employeurs ET aux autorit\u00e9s pour r\u00e9fl\u00e9chir ensemble \u00e0 ce que devrait \u00eatre l\u2019industrie du futur, en tenant compte des travailleurs d\u2019aujourd\u2019hui et de demain.\u00a0\u00bb<\/em><\/p>\n<p>ACV-CSC METEA veut travailler \u00e0 une concertation de qualit\u00e9 avec les employeurs, les autorit\u00e9s, les experts sur la politique industrielle, o\u00f9 10 priorit\u00e9s sont mises en avant:<\/p>\n<ol>\n<li>Une politique industrielle int\u00e9gr\u00e9e et durable. Il s\u2019agit d\u2019une question qui concerne les autorit\u00e9s, les syndicats et les entreprises et qui doit \u00eatre int\u00e9gr\u00e9e \u00e0 diff\u00e9rents niveaux (r\u00e9gional, f\u00e9d\u00e9ral et europ\u00e9en). Un accent important est mis sur la neutralit\u00e9 climatique.<\/li>\n<li>La participation des (organisations de) travailleurs. Le dialogue social comme atout: \u00e9viter un seul plan et organiser une concertation sociale permanente au niveau de l\u2019entreprise, du secteur et de la politique, afin que la justice sociale et l\u2019emploi soient ancr\u00e9s dans toutes les facettes de la politique industrielle. Cela permet \u00e9galement d\u2019augmenter le soutien.<\/li>\n<li>Investir dans une soci\u00e9t\u00e9 du savoir. Miser sur l\u2019apprentissage tout au long de la vie, la formation et le d\u00e9veloppement et l\u2019am\u00e9lioration des futures capacit\u00e9s. Cela garantit un emploi \u00e0 tous les travailleurs et contribue \u00e0 la comp\u00e9titivit\u00e9 de l\u2019entreprise.<\/li>\n<li>Une R&amp;D avec une grande valeur sociale. Investir davantage dans l\u2019innovation. C\u2019est l\u2019un des principaux moteurs de la politique industrielle. Adopter une approche large d\u2019innovation, li\u00e9e \u00e0 la transparence, \u00e0 la participation, \u00e0 la production industrielle locale et \u00e0 des emplois de qualit\u00e9.<\/li>\n<li>Un financement avec des conditions sociales. Utiliser la pertinence sociale et \u00e9conomique comme point de d\u00e9part pour attribuer des aides publiques aux entreprises. Cela va de pair avec la durabilit\u00e9, la transparence, l\u2019ancrage local et la participation. En outre, les ch\u00e8ques en blanc, les courses aux subventions entre pays et l\u2019assouplissement des r\u00e8gles en mati\u00e8re d\u2019aides d\u2019\u00c9tat ne sont pas souhaitables.<\/li>\n<li>Une concurrence (inter)nationale \u00e9quitable dans tous les domaines (social, \u00e9conomique, environnemental\u2026). Prendre des mesures pour cr\u00e9er des conditions de concurrence \u00e9quitables, tant \u00e0 l\u2019int\u00e9rieur qu\u2019\u00e0 l\u2019ext\u00e9rieur de l\u2019Europe. Cela inclut le respect de la cha\u00eene de valeur (Due Diligence) et l\u2019emploi local dans le cadre de la ratification des accords de libre-\u00e9change. Un financement et une coordination europ\u00e9ennes sont n\u00e9cessaires pour y parvenir.<\/li>\n<li>Une politique \u00e9nerg\u00e9tique tourn\u00e9e vers l\u2019avenir. Garantir l\u2019investissement dans un r\u00e9seau d\u2019infrastructures et un bouquet \u00e9nerg\u00e9tique qui entra\u00eenent une s\u00e9curit\u00e9 \u00e9nerg\u00e9tique abordable et durable.<\/li>\n<li>Un gouvernement offensif. Il cr\u00e9e des conditions pr\u00e9alables et un cadre r\u00e9glementaire pour investir dans des projets durables avec un soutien social. Un gouvernement qui utilise ses march\u00e9s publics pour encourager une industrie respectueuse du climat et locale.<\/li>\n<li>Une autonomie strat\u00e9gique. La capacit\u00e9 de maintenir et de contr\u00f4ler la cha\u00eene d\u2019approvisionnement, afin que les entreprises flamandes deviennent moins d\u00e9pendantes des autres. Due diligence (le devoir de vigilance) et les march\u00e9s publics jouent un r\u00f4le important \u00e0 cet \u00e9gard.<\/li>\n<li>L\u2019\u00e9conomie circulaire. L\u2019\u00e9laboration de cha\u00eenes de valeur circulaires et de plans de transition qui s\u2019engagent \u00e0 cr\u00e9er des emplois industriels durables.<\/li>\n<\/ol>\n<p>&nbsp;<\/p>\n<p><em>Source: CSC<\/em><\/p>\n","protected":false},"excerpt":{"rendered":"<p>Le lundi 16 septembre 2024, la CSC annonce que des milliers de travailleurs de l\u2019industrie feront entendre leur voix \u00e0 Bruxelles. La raison: les plans de restructuration, voire la fermeture, d\u2019Audi Brussels. Selon le syndicat, il ne s\u2019agit malheureusement pas [&hellip;]<\/p>\n","protected":false},"author":2,"featured_media":0,"comment_status":"closed","ping_status":"open","sticky":false,"template":"","format":"standard","meta":[],"categories":[65,10],"tags":[332,941,4132,110],"yoast_head":"<!-- This site is optimized with the Yoast SEO plugin v21.0 - https:\/\/yoast.com\/wordpress\/plugins\/seo\/ -->\n<title>Derri\u00e8re la manifestation pour Audi Brussels, les syndicats revendiquent pour une politique industrielle digne. - Peoplesphere<\/title>\n<meta name=\"robots\" content=\"index, follow, max-snippet:-1, max-image-preview:large, max-video-preview:-1\" \/>\n<link rel=\"canonical\" href=\"https:\/\/peoplesphere.be\/fr\/derriere-la-manifestation-pour-audi-brussels-les-syndicats-revendiquent-pour-une-politique-industrielle-digne\/\" \/>\n<meta property=\"og:locale\" content=\"fr_FR\" \/>\n<meta property=\"og:type\" content=\"article\" \/>\n<meta property=\"og:title\" content=\"Derri\u00e8re la manifestation pour Audi Brussels, les syndicats revendiquent pour une politique industrielle digne. - Peoplesphere\" \/>\n<meta property=\"og:description\" content=\"Le lundi 16 septembre 2024, la CSC annonce que des milliers de travailleurs de l\u2019industrie feront entendre leur voix \u00e0 Bruxelles. La raison: les plans de restructuration, voire la fermeture, d\u2019Audi Brussels. Selon le syndicat, il ne s\u2019agit malheureusement pas [&hellip;]\" \/>\n<meta property=\"og:url\" content=\"https:\/\/peoplesphere.be\/fr\/derriere-la-manifestation-pour-audi-brussels-les-syndicats-revendiquent-pour-une-politique-industrielle-digne\/\" \/>\n<meta property=\"og:site_name\" content=\"Peoplesphere\" \/>\n<meta property=\"article:publisher\" content=\"https:\/\/www.facebook.com\/peoplesphere\" \/>\n<meta property=\"article:published_time\" content=\"2024-09-14T15:17:00+00:00\" \/>\n<meta property=\"og:image\" content=\"http:\/\/www.peoplesphere.be\/fr\/wp-content\/uploads\/2016\/07\/facebook-default-posting-1200x628px.jpg\" \/>\n<meta name=\"author\" content=\"Jean-Paul Erhard\" \/>\n<meta name=\"twitter:card\" content=\"summary_large_image\" \/>\n<meta name=\"twitter:creator\" content=\"@PeoplesphereMag\" \/>\n<meta name=\"twitter:site\" content=\"@PeoplesphereMag\" \/>\n<meta name=\"twitter:label1\" content=\"\u00c9crit par\" \/>\n\t<meta name=\"twitter:data1\" content=\"Jean-Paul Erhard\" \/>\n\t<meta name=\"twitter:label2\" content=\"Dur\u00e9e de lecture estim\u00e9e\" \/>\n\t<meta name=\"twitter:data2\" content=\"5 minutes\" \/>\n<script type=\"application\/ld+json\" class=\"yoast-schema-graph\">{\"@context\":\"https:\/\/schema.org\",\"@graph\":[{\"@type\":\"Article\",\"@id\":\"https:\/\/peoplesphere.be\/fr\/derriere-la-manifestation-pour-audi-brussels-les-syndicats-revendiquent-pour-une-politique-industrielle-digne\/#article\",\"isPartOf\":{\"@id\":\"https:\/\/peoplesphere.be\/fr\/derriere-la-manifestation-pour-audi-brussels-les-syndicats-revendiquent-pour-une-politique-industrielle-digne\/\"},\"author\":{\"name\":\"Jean-Paul Erhard\",\"@id\":\"https:\/\/peoplesphere.be\/fr\/#\/schema\/person\/7976225ff17988604334abb7b3536a7e\"},\"headline\":\"Derri\u00e8re la manifestation pour Audi Brussels, les syndicats revendiquent pour une politique industrielle digne.\",\"datePublished\":\"2024-09-14T15:17:00+00:00\",\"dateModified\":\"2024-09-14T15:17:00+00:00\",\"mainEntityOfPage\":{\"@id\":\"https:\/\/peoplesphere.be\/fr\/derriere-la-manifestation-pour-audi-brussels-les-syndicats-revendiquent-pour-une-politique-industrielle-digne\/\"},\"wordCount\":920,\"publisher\":{\"@id\":\"https:\/\/peoplesphere.be\/fr\/#organization\"},\"keywords\":[\"concertation sociale\",\"manifestation\",\"politique industrielle\",\"syndicats\"],\"articleSection\":[\"Actualit\u00e9s\",\"Digital\"],\"inLanguage\":\"fr-FR\"},{\"@type\":\"WebPage\",\"@id\":\"https:\/\/peoplesphere.be\/fr\/derriere-la-manifestation-pour-audi-brussels-les-syndicats-revendiquent-pour-une-politique-industrielle-digne\/\",\"url\":\"https:\/\/peoplesphere.be\/fr\/derriere-la-manifestation-pour-audi-brussels-les-syndicats-revendiquent-pour-une-politique-industrielle-digne\/\",\"name\":\"Derri\u00e8re la manifestation pour Audi Brussels, les syndicats revendiquent pour une politique industrielle digne. - Peoplesphere\",\"isPartOf\":{\"@id\":\"https:\/\/peoplesphere.be\/fr\/#website\"},\"datePublished\":\"2024-09-14T15:17:00+00:00\",\"dateModified\":\"2024-09-14T15:17:00+00:00\",\"breadcrumb\":{\"@id\":\"https:\/\/peoplesphere.be\/fr\/derriere-la-manifestation-pour-audi-brussels-les-syndicats-revendiquent-pour-une-politique-industrielle-digne\/#breadcrumb\"},\"inLanguage\":\"fr-FR\",\"potentialAction\":[{\"@type\":\"ReadAction\",\"target\":[\"https:\/\/peoplesphere.be\/fr\/derriere-la-manifestation-pour-audi-brussels-les-syndicats-revendiquent-pour-une-politique-industrielle-digne\/\"]}]},{\"@type\":\"BreadcrumbList\",\"@id\":\"https:\/\/peoplesphere.be\/fr\/derriere-la-manifestation-pour-audi-brussels-les-syndicats-revendiquent-pour-une-politique-industrielle-digne\/#breadcrumb\",\"itemListElement\":[{\"@type\":\"ListItem\",\"position\":1,\"name\":\"Accueil\",\"item\":\"https:\/\/peoplesphere.be\/fr\/\"},{\"@type\":\"ListItem\",\"position\":2,\"name\":\"Derri\u00e8re la manifestation pour Audi Brussels, les syndicats revendiquent pour une politique industrielle digne.\"}]},{\"@type\":\"WebSite\",\"@id\":\"https:\/\/peoplesphere.be\/fr\/#website\",\"url\":\"https:\/\/peoplesphere.be\/fr\/\",\"name\":\"Peoplesphere\",\"description\":\"The People Managers Magazine\",\"publisher\":{\"@id\":\"https:\/\/peoplesphere.be\/fr\/#organization\"},\"potentialAction\":[{\"@type\":\"SearchAction\",\"target\":{\"@type\":\"EntryPoint\",\"urlTemplate\":\"https:\/\/peoplesphere.be\/fr\/?s={search_term_string}\"},\"query-input\":\"required name=search_term_string\"}],\"inLanguage\":\"fr-FR\"},{\"@type\":\"Organization\",\"@id\":\"https:\/\/peoplesphere.be\/fr\/#organization\",\"name\":\"Peoplesphere Company srl\",\"url\":\"https:\/\/peoplesphere.be\/fr\/\",\"logo\":{\"@type\":\"ImageObject\",\"inLanguage\":\"fr-FR\",\"@id\":\"https:\/\/peoplesphere.be\/fr\/#\/schema\/logo\/image\/\",\"url\":\"https:\/\/peoplesphere.be\/fr\/wp-content\/uploads\/2023\/07\/peoplesphere-lgo-new-generik.jpg\",\"contentUrl\":\"https:\/\/peoplesphere.be\/fr\/wp-content\/uploads\/2023\/07\/peoplesphere-lgo-new-generik.jpg\",\"width\":1031,\"height\":1479,\"caption\":\"Peoplesphere Company srl\"},\"image\":{\"@id\":\"https:\/\/peoplesphere.be\/fr\/#\/schema\/logo\/image\/\"},\"sameAs\":[\"https:\/\/www.facebook.com\/peoplesphere\",\"https:\/\/twitter.com\/PeoplesphereMag\",\"https:\/\/www.linkedin.com\/company\/7587361?trk\",\"http:\/\/youtube.com\/peoplesphere\"]},{\"@type\":\"Person\",\"@id\":\"https:\/\/peoplesphere.be\/fr\/#\/schema\/person\/7976225ff17988604334abb7b3536a7e\",\"name\":\"Jean-Paul Erhard\",\"image\":{\"@type\":\"ImageObject\",\"inLanguage\":\"fr-FR\",\"@id\":\"https:\/\/peoplesphere.be\/fr\/#\/schema\/person\/image\/\",\"url\":\"https:\/\/secure.gravatar.com\/avatar\/f941e681460179738071629a51574930?s=96&d=mm&r=g\",\"contentUrl\":\"https:\/\/secure.gravatar.com\/avatar\/f941e681460179738071629a51574930?s=96&d=mm&r=g\",\"caption\":\"Jean-Paul Erhard\"},\"url\":\"https:\/\/peoplesphere.be\/fr\/author\/jpe\/\"}]}<\/script>\n<!-- \/ Yoast SEO plugin. -->","yoast_head_json":{"title":"Derri\u00e8re la manifestation pour Audi Brussels, les syndicats revendiquent pour une politique industrielle digne. - Peoplesphere","robots":{"index":"index","follow":"follow","max-snippet":"max-snippet:-1","max-image-preview":"max-image-preview:large","max-video-preview":"max-video-preview:-1"},"canonical":"https:\/\/peoplesphere.be\/fr\/derriere-la-manifestation-pour-audi-brussels-les-syndicats-revendiquent-pour-une-politique-industrielle-digne\/","og_locale":"fr_FR","og_type":"article","og_title":"Derri\u00e8re la manifestation pour Audi Brussels, les syndicats revendiquent pour une politique industrielle digne. - Peoplesphere","og_description":"Le lundi 16 septembre 2024, la CSC annonce que des milliers de travailleurs de l\u2019industrie feront entendre leur voix \u00e0 Bruxelles. La raison: les plans de restructuration, voire la fermeture, d\u2019Audi Brussels. Selon le syndicat, il ne s\u2019agit malheureusement pas [&hellip;]","og_url":"https:\/\/peoplesphere.be\/fr\/derriere-la-manifestation-pour-audi-brussels-les-syndicats-revendiquent-pour-une-politique-industrielle-digne\/","og_site_name":"Peoplesphere","article_publisher":"https:\/\/www.facebook.com\/peoplesphere","article_published_time":"2024-09-14T15:17:00+00:00","og_image":[{"url":"http:\/\/www.peoplesphere.be\/fr\/wp-content\/uploads\/2016\/07\/facebook-default-posting-1200x628px.jpg"}],"author":"Jean-Paul Erhard","twitter_card":"summary_large_image","twitter_creator":"@PeoplesphereMag","twitter_site":"@PeoplesphereMag","twitter_misc":{"\u00c9crit par":"Jean-Paul Erhard","Dur\u00e9e de lecture estim\u00e9e":"5 minutes"},"schema":{"@context":"https:\/\/schema.org","@graph":[{"@type":"Article","@id":"https:\/\/peoplesphere.be\/fr\/derriere-la-manifestation-pour-audi-brussels-les-syndicats-revendiquent-pour-une-politique-industrielle-digne\/#article","isPartOf":{"@id":"https:\/\/peoplesphere.be\/fr\/derriere-la-manifestation-pour-audi-brussels-les-syndicats-revendiquent-pour-une-politique-industrielle-digne\/"},"author":{"name":"Jean-Paul Erhard","@id":"https:\/\/peoplesphere.be\/fr\/#\/schema\/person\/7976225ff17988604334abb7b3536a7e"},"headline":"Derri\u00e8re la manifestation pour Audi Brussels, les syndicats revendiquent pour une politique industrielle digne.","datePublished":"2024-09-14T15:17:00+00:00","dateModified":"2024-09-14T15:17:00+00:00","mainEntityOfPage":{"@id":"https:\/\/peoplesphere.be\/fr\/derriere-la-manifestation-pour-audi-brussels-les-syndicats-revendiquent-pour-une-politique-industrielle-digne\/"},"wordCount":920,"publisher":{"@id":"https:\/\/peoplesphere.be\/fr\/#organization"},"keywords":["concertation sociale","manifestation","politique industrielle","syndicats"],"articleSection":["Actualit\u00e9s","Digital"],"inLanguage":"fr-FR"},{"@type":"WebPage","@id":"https:\/\/peoplesphere.be\/fr\/derriere-la-manifestation-pour-audi-brussels-les-syndicats-revendiquent-pour-une-politique-industrielle-digne\/","url":"https:\/\/peoplesphere.be\/fr\/derriere-la-manifestation-pour-audi-brussels-les-syndicats-revendiquent-pour-une-politique-industrielle-digne\/","name":"Derri\u00e8re la manifestation pour Audi Brussels, les syndicats revendiquent pour une politique industrielle digne. - Peoplesphere","isPartOf":{"@id":"https:\/\/peoplesphere.be\/fr\/#website"},"datePublished":"2024-09-14T15:17:00+00:00","dateModified":"2024-09-14T15:17:00+00:00","breadcrumb":{"@id":"https:\/\/peoplesphere.be\/fr\/derriere-la-manifestation-pour-audi-brussels-les-syndicats-revendiquent-pour-une-politique-industrielle-digne\/#breadcrumb"},"inLanguage":"fr-FR","potentialAction":[{"@type":"ReadAction","target":["https:\/\/peoplesphere.be\/fr\/derriere-la-manifestation-pour-audi-brussels-les-syndicats-revendiquent-pour-une-politique-industrielle-digne\/"]}]},{"@type":"BreadcrumbList","@id":"https:\/\/peoplesphere.be\/fr\/derriere-la-manifestation-pour-audi-brussels-les-syndicats-revendiquent-pour-une-politique-industrielle-digne\/#breadcrumb","itemListElement":[{"@type":"ListItem","position":1,"name":"Accueil","item":"https:\/\/peoplesphere.be\/fr\/"},{"@type":"ListItem","position":2,"name":"Derri\u00e8re la manifestation pour Audi Brussels, les syndicats revendiquent pour une politique industrielle digne."}]},{"@type":"WebSite","@id":"https:\/\/peoplesphere.be\/fr\/#website","url":"https:\/\/peoplesphere.be\/fr\/","name":"Peoplesphere","description":"The People Managers Magazine","publisher":{"@id":"https:\/\/peoplesphere.be\/fr\/#organization"},"potentialAction":[{"@type":"SearchAction","target":{"@type":"EntryPoint","urlTemplate":"https:\/\/peoplesphere.be\/fr\/?s={search_term_string}"},"query-input":"required name=search_term_string"}],"inLanguage":"fr-FR"},{"@type":"Organization","@id":"https:\/\/peoplesphere.be\/fr\/#organization","name":"Peoplesphere Company srl","url":"https:\/\/peoplesphere.be\/fr\/","logo":{"@type":"ImageObject","inLanguage":"fr-FR","@id":"https:\/\/peoplesphere.be\/fr\/#\/schema\/logo\/image\/","url":"https:\/\/peoplesphere.be\/fr\/wp-content\/uploads\/2023\/07\/peoplesphere-lgo-new-generik.jpg","contentUrl":"https:\/\/peoplesphere.be\/fr\/wp-content\/uploads\/2023\/07\/peoplesphere-lgo-new-generik.jpg","width":1031,"height":1479,"caption":"Peoplesphere Company srl"},"image":{"@id":"https:\/\/peoplesphere.be\/fr\/#\/schema\/logo\/image\/"},"sameAs":["https:\/\/www.facebook.com\/peoplesphere","https:\/\/twitter.com\/PeoplesphereMag","https:\/\/www.linkedin.com\/company\/7587361?trk","http:\/\/youtube.com\/peoplesphere"]},{"@type":"Person","@id":"https:\/\/peoplesphere.be\/fr\/#\/schema\/person\/7976225ff17988604334abb7b3536a7e","name":"Jean-Paul Erhard","image":{"@type":"ImageObject","inLanguage":"fr-FR","@id":"https:\/\/peoplesphere.be\/fr\/#\/schema\/person\/image\/","url":"https:\/\/secure.gravatar.com\/avatar\/f941e681460179738071629a51574930?s=96&d=mm&r=g","contentUrl":"https:\/\/secure.gravatar.com\/avatar\/f941e681460179738071629a51574930?s=96&d=mm&r=g","caption":"Jean-Paul Erhard"},"url":"https:\/\/peoplesphere.be\/fr\/author\/jpe\/"}]}},"_links":{"self":[{"href":"https:\/\/peoplesphere.be\/fr\/wp-json\/wp\/v2\/posts\/16714"}],"collection":[{"href":"https:\/\/peoplesphere.be\/fr\/wp-json\/wp\/v2\/posts"}],"about":[{"href":"https:\/\/peoplesphere.be\/fr\/wp-json\/wp\/v2\/types\/post"}],"author":[{"embeddable":true,"href":"https:\/\/peoplesphere.be\/fr\/wp-json\/wp\/v2\/users\/2"}],"replies":[{"embeddable":true,"href":"https:\/\/peoplesphere.be\/fr\/wp-json\/wp\/v2\/comments?post=16714"}],"version-history":[{"count":1,"href":"https:\/\/peoplesphere.be\/fr\/wp-json\/wp\/v2\/posts\/16714\/revisions"}],"predecessor-version":[{"id":16715,"href":"https:\/\/peoplesphere.be\/fr\/wp-json\/wp\/v2\/posts\/16714\/revisions\/16715"}],"wp:attachment":[{"href":"https:\/\/peoplesphere.be\/fr\/wp-json\/wp\/v2\/media?parent=16714"}],"wp:term":[{"taxonomy":"category","embeddable":true,"href":"https:\/\/peoplesphere.be\/fr\/wp-json\/wp\/v2\/categories?post=16714"},{"taxonomy":"post_tag","embeddable":true,"href":"https:\/\/peoplesphere.be\/fr\/wp-json\/wp\/v2\/tags?post=16714"}],"curies":[{"name":"wp","href":"https:\/\/api.w.org\/{rel}","templated":true}]}}