









{"id":1675,"date":"2015-08-05T21:22:36","date_gmt":"2015-08-05T19:22:36","guid":{"rendered":"http:\/\/www.peoplesphere.be\/fr\/?p=1675"},"modified":"2015-08-05T21:22:36","modified_gmt":"2015-08-05T19:22:36","slug":"comment-subventionner-vos-projets-damelioration-des-conditions-de-travail","status":"publish","type":"post","link":"https:\/\/peoplesphere.be\/fr\/comment-subventionner-vos-projets-damelioration-des-conditions-de-travail\/","title":{"rendered":"Comment subventionner vos projets d&rsquo;am\u00e9lioration des conditions de travail?"},"content":{"rendered":"<p>Transfert de comp\u00e9tences oblige, Le \u00ab\u00a0Fonds de l\u2019Exp\u00e9rience Professionnelle\u00a0\u00bb est g\u00e9r\u00e9 par le\u00a0Forem depuis le 01 avril 2015 pour les entreprises situ\u00e9es en Wallonie. Le service public de l&#8217;emploi wallon est d\u00e9sormais en charge des demandes officielles de subvention en faveur des + de 45 ans.<!--more--><\/p>\n<p>Pour rappel, Le \u00ab\u00a0Fonds de l\u2019Exp\u00e9rience Professionnelle\u00a0\u00bb conseille les employeurs du secteur priv\u00e9 et soutient financi\u00e8rement leurs projets d\u2019am\u00e9lioration des conditions de travail des travailleurs de 45 ans et plus.<br \/>\nLes d\u00e9veloppeurs de projet du \u00ab Fonds de l\u2019Exp\u00e9rience Professionnelle \u00bb peuvent conseiller les employeurs du secteur priv\u00e9, gratuitement, sur le d\u00e9marrage d\u2019initiatives et les informer sur les subventions et les proc\u00e9dures.<\/p>\n<p><em><strong>Quels types d\u2019actions peuvent \u00eatre entreprises et combin\u00e9es dans une demande de subvention ?<\/strong><\/em><br \/>\n* Mesurer les facult\u00e9s de travail des travailleurs \u00e2g\u00e9s en utilisant un instrument de mesure (\u00e0 faire approuver ou en utilisant le questionnaire QFT d\u00e9j\u00e0 approuv\u00e9) qui traite des sujets suivants : \u00e9quilibre du travailleur, sant\u00e9, motivation au travail, s\u00e9curit\u00e9, aspects ergonomique, etc.<\/p>\n<p>* D\u00e9pister les facteurs de risque via une des m\u00e9thodes de diagnostic approuv\u00e9es (exemple : D\u00e9paris).<\/p>\n<p>* R\u00e9aliser des projets d\u2019am\u00e9lioration concrets , notamment :<br \/>\n&#8211; En all\u00e9geant physiquement le travail des travailleurs \u00e2g\u00e9s de 45 ans et plus au moyen d\u2019outils ou d\u2019\u00e9quipement<br \/>\n&#8211; En am\u00e9liorant les conditions de travail par le biais de la formation, par exemple utiliser de nouvelles machines plus ergonomiques; acqu\u00e9rir les comp\u00e9tences pour exercer une nouvelle fonction; r\u00e9duire la charge psychosociale; am\u00e9liorer les positions de travail&#8230;<\/p>\n<p>Une adresse de contact?\u00a0<a style=\"color: #954f72;\" href=\"mailto:fonds.experience@forem.be\"><span style=\"color: #5b9bd5;\">fonds.experience@forem.be<\/span><\/a><\/p>\n","protected":false},"excerpt":{"rendered":"<p>Transfert de comp\u00e9tences oblige, Le \u00ab\u00a0Fonds de l\u2019Exp\u00e9rience Professionnelle\u00a0\u00bb est g\u00e9r\u00e9 par le\u00a0Forem depuis le 01 avril 2015 pour les entreprises situ\u00e9es en Wallonie. Le service public de l&#8217;emploi wallon est d\u00e9sormais en charge des demandes officielles de subvention en [&hellip;]<\/p>\n","protected":false},"author":2,"featured_media":0,"comment_status":"closed","ping_status":"open","sticky":false,"template":"","format":"standard","meta":[],"categories":[65,10],"tags":[96,97,17,94,95],"yoast_head":"<!-- This site is optimized with the Yoast SEO plugin v21.0 - https:\/\/yoast.com\/wordpress\/plugins\/seo\/ -->\n<title>Comment subventionner vos projets d&#039;am\u00e9lioration des conditions de travail? - Peoplesphere<\/title>\n<meta name=\"robots\" content=\"index, follow, max-snippet:-1, max-image-preview:large, max-video-preview:-1\" \/>\n<link rel=\"canonical\" href=\"https:\/\/peoplesphere.be\/fr\/comment-subventionner-vos-projets-damelioration-des-conditions-de-travail\/\" \/>\n<meta property=\"og:locale\" content=\"fr_FR\" \/>\n<meta property=\"og:type\" content=\"article\" \/>\n<meta property=\"og:title\" content=\"Comment subventionner vos projets d&#039;am\u00e9lioration des conditions de travail? - Peoplesphere\" \/>\n<meta property=\"og:description\" content=\"Transfert de comp\u00e9tences oblige, Le \u00ab\u00a0Fonds de l\u2019Exp\u00e9rience Professionnelle\u00a0\u00bb est g\u00e9r\u00e9 par le\u00a0Forem depuis le 01 avril 2015 pour les entreprises situ\u00e9es en Wallonie. Le service public de l&#8217;emploi wallon est d\u00e9sormais en charge des demandes officielles de subvention en [&hellip;]\" \/>\n<meta property=\"og:url\" content=\"https:\/\/peoplesphere.be\/fr\/comment-subventionner-vos-projets-damelioration-des-conditions-de-travail\/\" \/>\n<meta property=\"og:site_name\" content=\"Peoplesphere\" \/>\n<meta property=\"article:publisher\" content=\"https:\/\/www.facebook.com\/peoplesphere\" \/>\n<meta property=\"article:published_time\" content=\"2015-08-05T19:22:36+00:00\" \/>\n<meta property=\"og:image\" content=\"http:\/\/www.peoplesphere.be\/fr\/wp-content\/uploads\/2016\/07\/facebook-default-posting-1200x628px.jpg\" \/>\n<meta name=\"author\" content=\"Jean-Paul Erhard\" \/>\n<meta name=\"twitter:card\" content=\"summary_large_image\" \/>\n<meta name=\"twitter:creator\" content=\"@PeoplesphereMag\" \/>\n<meta name=\"twitter:site\" content=\"@PeoplesphereMag\" \/>\n<meta name=\"twitter:label1\" content=\"\u00c9crit par\" \/>\n\t<meta name=\"twitter:data1\" content=\"Jean-Paul Erhard\" \/>\n\t<meta name=\"twitter:label2\" content=\"Dur\u00e9e de lecture estim\u00e9e\" \/>\n\t<meta name=\"twitter:data2\" content=\"1 minute\" \/>\n<script type=\"application\/ld+json\" class=\"yoast-schema-graph\">{\"@context\":\"https:\/\/schema.org\",\"@graph\":[{\"@type\":\"Article\",\"@id\":\"https:\/\/peoplesphere.be\/fr\/comment-subventionner-vos-projets-damelioration-des-conditions-de-travail\/#article\",\"isPartOf\":{\"@id\":\"https:\/\/peoplesphere.be\/fr\/comment-subventionner-vos-projets-damelioration-des-conditions-de-travail\/\"},\"author\":{\"name\":\"Jean-Paul Erhard\",\"@id\":\"https:\/\/peoplesphere.be\/fr\/#\/schema\/person\/7976225ff17988604334abb7b3536a7e\"},\"headline\":\"Comment subventionner vos projets d&rsquo;am\u00e9lioration des conditions de travail?\",\"datePublished\":\"2015-08-05T19:22:36+00:00\",\"dateModified\":\"2015-08-05T19:22:36+00:00\",\"mainEntityOfPage\":{\"@id\":\"https:\/\/peoplesphere.be\/fr\/comment-subventionner-vos-projets-damelioration-des-conditions-de-travail\/\"},\"wordCount\":288,\"publisher\":{\"@id\":\"https:\/\/peoplesphere.be\/fr\/#organization\"},\"keywords\":[\"bien-\u00eatre\",\"ergonomie\",\"Sant\u00e9\",\"senior\",\"subvention\"],\"articleSection\":[\"Actualit\u00e9s\",\"Digital\"],\"inLanguage\":\"fr-FR\"},{\"@type\":\"WebPage\",\"@id\":\"https:\/\/peoplesphere.be\/fr\/comment-subventionner-vos-projets-damelioration-des-conditions-de-travail\/\",\"url\":\"https:\/\/peoplesphere.be\/fr\/comment-subventionner-vos-projets-damelioration-des-conditions-de-travail\/\",\"name\":\"Comment subventionner vos projets d'am\u00e9lioration des conditions de travail? - Peoplesphere\",\"isPartOf\":{\"@id\":\"https:\/\/peoplesphere.be\/fr\/#website\"},\"datePublished\":\"2015-08-05T19:22:36+00:00\",\"dateModified\":\"2015-08-05T19:22:36+00:00\",\"breadcrumb\":{\"@id\":\"https:\/\/peoplesphere.be\/fr\/comment-subventionner-vos-projets-damelioration-des-conditions-de-travail\/#breadcrumb\"},\"inLanguage\":\"fr-FR\",\"potentialAction\":[{\"@type\":\"ReadAction\",\"target\":[\"https:\/\/peoplesphere.be\/fr\/comment-subventionner-vos-projets-damelioration-des-conditions-de-travail\/\"]}]},{\"@type\":\"BreadcrumbList\",\"@id\":\"https:\/\/peoplesphere.be\/fr\/comment-subventionner-vos-projets-damelioration-des-conditions-de-travail\/#breadcrumb\",\"itemListElement\":[{\"@type\":\"ListItem\",\"position\":1,\"name\":\"Accueil\",\"item\":\"https:\/\/peoplesphere.be\/fr\/\"},{\"@type\":\"ListItem\",\"position\":2,\"name\":\"Comment subventionner vos projets d&rsquo;am\u00e9lioration des conditions de travail?\"}]},{\"@type\":\"WebSite\",\"@id\":\"https:\/\/peoplesphere.be\/fr\/#website\",\"url\":\"https:\/\/peoplesphere.be\/fr\/\",\"name\":\"Peoplesphere\",\"description\":\"The People Managers Magazine\",\"publisher\":{\"@id\":\"https:\/\/peoplesphere.be\/fr\/#organization\"},\"potentialAction\":[{\"@type\":\"SearchAction\",\"target\":{\"@type\":\"EntryPoint\",\"urlTemplate\":\"https:\/\/peoplesphere.be\/fr\/?s={search_term_string}\"},\"query-input\":\"required name=search_term_string\"}],\"inLanguage\":\"fr-FR\"},{\"@type\":\"Organization\",\"@id\":\"https:\/\/peoplesphere.be\/fr\/#organization\",\"name\":\"Peoplesphere Company srl\",\"url\":\"https:\/\/peoplesphere.be\/fr\/\",\"logo\":{\"@type\":\"ImageObject\",\"inLanguage\":\"fr-FR\",\"@id\":\"https:\/\/peoplesphere.be\/fr\/#\/schema\/logo\/image\/\",\"url\":\"https:\/\/peoplesphere.be\/fr\/wp-content\/uploads\/2023\/07\/peoplesphere-lgo-new-generik.jpg\",\"contentUrl\":\"https:\/\/peoplesphere.be\/fr\/wp-content\/uploads\/2023\/07\/peoplesphere-lgo-new-generik.jpg\",\"width\":1031,\"height\":1479,\"caption\":\"Peoplesphere Company srl\"},\"image\":{\"@id\":\"https:\/\/peoplesphere.be\/fr\/#\/schema\/logo\/image\/\"},\"sameAs\":[\"https:\/\/www.facebook.com\/peoplesphere\",\"https:\/\/twitter.com\/PeoplesphereMag\",\"https:\/\/www.linkedin.com\/company\/7587361?trk\",\"http:\/\/youtube.com\/peoplesphere\"]},{\"@type\":\"Person\",\"@id\":\"https:\/\/peoplesphere.be\/fr\/#\/schema\/person\/7976225ff17988604334abb7b3536a7e\",\"name\":\"Jean-Paul Erhard\",\"image\":{\"@type\":\"ImageObject\",\"inLanguage\":\"fr-FR\",\"@id\":\"https:\/\/peoplesphere.be\/fr\/#\/schema\/person\/image\/\",\"url\":\"https:\/\/secure.gravatar.com\/avatar\/f941e681460179738071629a51574930?s=96&d=mm&r=g\",\"contentUrl\":\"https:\/\/secure.gravatar.com\/avatar\/f941e681460179738071629a51574930?s=96&d=mm&r=g\",\"caption\":\"Jean-Paul Erhard\"},\"url\":\"https:\/\/peoplesphere.be\/fr\/author\/jpe\/\"}]}<\/script>\n<!-- \/ Yoast SEO plugin. -->","yoast_head_json":{"title":"Comment subventionner vos projets d'am\u00e9lioration des conditions de travail? - Peoplesphere","robots":{"index":"index","follow":"follow","max-snippet":"max-snippet:-1","max-image-preview":"max-image-preview:large","max-video-preview":"max-video-preview:-1"},"canonical":"https:\/\/peoplesphere.be\/fr\/comment-subventionner-vos-projets-damelioration-des-conditions-de-travail\/","og_locale":"fr_FR","og_type":"article","og_title":"Comment subventionner vos projets d'am\u00e9lioration des conditions de travail? - Peoplesphere","og_description":"Transfert de comp\u00e9tences oblige, Le \u00ab\u00a0Fonds de l\u2019Exp\u00e9rience Professionnelle\u00a0\u00bb est g\u00e9r\u00e9 par le\u00a0Forem depuis le 01 avril 2015 pour les entreprises situ\u00e9es en Wallonie. Le service public de l&#8217;emploi wallon est d\u00e9sormais en charge des demandes officielles de subvention en [&hellip;]","og_url":"https:\/\/peoplesphere.be\/fr\/comment-subventionner-vos-projets-damelioration-des-conditions-de-travail\/","og_site_name":"Peoplesphere","article_publisher":"https:\/\/www.facebook.com\/peoplesphere","article_published_time":"2015-08-05T19:22:36+00:00","og_image":[{"url":"http:\/\/www.peoplesphere.be\/fr\/wp-content\/uploads\/2016\/07\/facebook-default-posting-1200x628px.jpg"}],"author":"Jean-Paul Erhard","twitter_card":"summary_large_image","twitter_creator":"@PeoplesphereMag","twitter_site":"@PeoplesphereMag","twitter_misc":{"\u00c9crit par":"Jean-Paul Erhard","Dur\u00e9e de lecture estim\u00e9e":"1 minute"},"schema":{"@context":"https:\/\/schema.org","@graph":[{"@type":"Article","@id":"https:\/\/peoplesphere.be\/fr\/comment-subventionner-vos-projets-damelioration-des-conditions-de-travail\/#article","isPartOf":{"@id":"https:\/\/peoplesphere.be\/fr\/comment-subventionner-vos-projets-damelioration-des-conditions-de-travail\/"},"author":{"name":"Jean-Paul Erhard","@id":"https:\/\/peoplesphere.be\/fr\/#\/schema\/person\/7976225ff17988604334abb7b3536a7e"},"headline":"Comment subventionner vos projets d&rsquo;am\u00e9lioration des conditions de travail?","datePublished":"2015-08-05T19:22:36+00:00","dateModified":"2015-08-05T19:22:36+00:00","mainEntityOfPage":{"@id":"https:\/\/peoplesphere.be\/fr\/comment-subventionner-vos-projets-damelioration-des-conditions-de-travail\/"},"wordCount":288,"publisher":{"@id":"https:\/\/peoplesphere.be\/fr\/#organization"},"keywords":["bien-\u00eatre","ergonomie","Sant\u00e9","senior","subvention"],"articleSection":["Actualit\u00e9s","Digital"],"inLanguage":"fr-FR"},{"@type":"WebPage","@id":"https:\/\/peoplesphere.be\/fr\/comment-subventionner-vos-projets-damelioration-des-conditions-de-travail\/","url":"https:\/\/peoplesphere.be\/fr\/comment-subventionner-vos-projets-damelioration-des-conditions-de-travail\/","name":"Comment subventionner vos projets d'am\u00e9lioration des conditions de travail? - Peoplesphere","isPartOf":{"@id":"https:\/\/peoplesphere.be\/fr\/#website"},"datePublished":"2015-08-05T19:22:36+00:00","dateModified":"2015-08-05T19:22:36+00:00","breadcrumb":{"@id":"https:\/\/peoplesphere.be\/fr\/comment-subventionner-vos-projets-damelioration-des-conditions-de-travail\/#breadcrumb"},"inLanguage":"fr-FR","potentialAction":[{"@type":"ReadAction","target":["https:\/\/peoplesphere.be\/fr\/comment-subventionner-vos-projets-damelioration-des-conditions-de-travail\/"]}]},{"@type":"BreadcrumbList","@id":"https:\/\/peoplesphere.be\/fr\/comment-subventionner-vos-projets-damelioration-des-conditions-de-travail\/#breadcrumb","itemListElement":[{"@type":"ListItem","position":1,"name":"Accueil","item":"https:\/\/peoplesphere.be\/fr\/"},{"@type":"ListItem","position":2,"name":"Comment subventionner vos projets d&rsquo;am\u00e9lioration des conditions de travail?"}]},{"@type":"WebSite","@id":"https:\/\/peoplesphere.be\/fr\/#website","url":"https:\/\/peoplesphere.be\/fr\/","name":"Peoplesphere","description":"The People Managers Magazine","publisher":{"@id":"https:\/\/peoplesphere.be\/fr\/#organization"},"potentialAction":[{"@type":"SearchAction","target":{"@type":"EntryPoint","urlTemplate":"https:\/\/peoplesphere.be\/fr\/?s={search_term_string}"},"query-input":"required name=search_term_string"}],"inLanguage":"fr-FR"},{"@type":"Organization","@id":"https:\/\/peoplesphere.be\/fr\/#organization","name":"Peoplesphere Company srl","url":"https:\/\/peoplesphere.be\/fr\/","logo":{"@type":"ImageObject","inLanguage":"fr-FR","@id":"https:\/\/peoplesphere.be\/fr\/#\/schema\/logo\/image\/","url":"https:\/\/peoplesphere.be\/fr\/wp-content\/uploads\/2023\/07\/peoplesphere-lgo-new-generik.jpg","contentUrl":"https:\/\/peoplesphere.be\/fr\/wp-content\/uploads\/2023\/07\/peoplesphere-lgo-new-generik.jpg","width":1031,"height":1479,"caption":"Peoplesphere Company srl"},"image":{"@id":"https:\/\/peoplesphere.be\/fr\/#\/schema\/logo\/image\/"},"sameAs":["https:\/\/www.facebook.com\/peoplesphere","https:\/\/twitter.com\/PeoplesphereMag","https:\/\/www.linkedin.com\/company\/7587361?trk","http:\/\/youtube.com\/peoplesphere"]},{"@type":"Person","@id":"https:\/\/peoplesphere.be\/fr\/#\/schema\/person\/7976225ff17988604334abb7b3536a7e","name":"Jean-Paul Erhard","image":{"@type":"ImageObject","inLanguage":"fr-FR","@id":"https:\/\/peoplesphere.be\/fr\/#\/schema\/person\/image\/","url":"https:\/\/secure.gravatar.com\/avatar\/f941e681460179738071629a51574930?s=96&d=mm&r=g","contentUrl":"https:\/\/secure.gravatar.com\/avatar\/f941e681460179738071629a51574930?s=96&d=mm&r=g","caption":"Jean-Paul Erhard"},"url":"https:\/\/peoplesphere.be\/fr\/author\/jpe\/"}]}},"_links":{"self":[{"href":"https:\/\/peoplesphere.be\/fr\/wp-json\/wp\/v2\/posts\/1675"}],"collection":[{"href":"https:\/\/peoplesphere.be\/fr\/wp-json\/wp\/v2\/posts"}],"about":[{"href":"https:\/\/peoplesphere.be\/fr\/wp-json\/wp\/v2\/types\/post"}],"author":[{"embeddable":true,"href":"https:\/\/peoplesphere.be\/fr\/wp-json\/wp\/v2\/users\/2"}],"replies":[{"embeddable":true,"href":"https:\/\/peoplesphere.be\/fr\/wp-json\/wp\/v2\/comments?post=1675"}],"version-history":[{"count":2,"href":"https:\/\/peoplesphere.be\/fr\/wp-json\/wp\/v2\/posts\/1675\/revisions"}],"predecessor-version":[{"id":1677,"href":"https:\/\/peoplesphere.be\/fr\/wp-json\/wp\/v2\/posts\/1675\/revisions\/1677"}],"wp:attachment":[{"href":"https:\/\/peoplesphere.be\/fr\/wp-json\/wp\/v2\/media?parent=1675"}],"wp:term":[{"taxonomy":"category","embeddable":true,"href":"https:\/\/peoplesphere.be\/fr\/wp-json\/wp\/v2\/categories?post=1675"},{"taxonomy":"post_tag","embeddable":true,"href":"https:\/\/peoplesphere.be\/fr\/wp-json\/wp\/v2\/tags?post=1675"}],"curies":[{"name":"wp","href":"https:\/\/api.w.org\/{rel}","templated":true}]}}