









{"id":16763,"date":"2024-09-25T14:14:45","date_gmt":"2024-09-25T12:14:45","guid":{"rendered":"https:\/\/peoplesphere.be\/fr\/?p=16763"},"modified":"2024-10-08T10:51:43","modified_gmt":"2024-10-08T08:51:43","slug":"colloque-de-ladp-liege-le-17-octobre-les-rh-a-lepreuve-des-generations","status":"publish","type":"post","link":"https:\/\/peoplesphere.be\/fr\/colloque-de-ladp-liege-le-17-octobre-les-rh-a-lepreuve-des-generations\/","title":{"rendered":"Colloque de l&rsquo;ADP Li\u00e8ge le 17 octobre &#8211; Les RH \u00e0 l\u2019\u00e9preuve des g\u00e9n\u00e9rations"},"content":{"rendered":"<p>Dans un monde du travail en constante \u00e9volution, chaque g\u00e9n\u00e9ration apporte son lot de d\u00e9fis et opportunit\u00e9s. Comment les professionnels RH et dirigeants d\u2019entreprise peuvent-ils g\u00e9rer au mieux ces dynamiques interg\u00e9n\u00e9rationnelles pour instaurer un environnement de travail harmonieux et productif ?<!--more--><\/p>\n<p>L\u2019ADP Li\u00e8ge a le plaisir de vous inviter \u00e0 son <a href=\"https:\/\/docs.google.com\/forms\/d\/e\/1FAIpQLSfBfu_lJR5x0EZr41UKJEBIEBz8wnKJ3hzCi3WMp6pyikOpkg\/viewform\">colloque du jeudi 17 octobre 2024<\/a> d\u00e8s 8h30 au L\u00e9giaPark, Bd Patience et Beaujonc 3 \u00e0 Li\u00e8ge (\u00e0 c\u00f4t\u00e9 du CHC Mont L\u00e9gia). En compagnie de professionnels des ressources humaines, de chercheurs et d\u2019experts de premier plan, nous explorerons les strat\u00e9gies que les entreprises peuvent adopter pour g\u00e9rer efficacement les diff\u00e9rences g\u00e9n\u00e9rationnelles. Nous analyserons comment elles peuvent favoriser la collaboration entre g\u00e9n\u00e9rations et tirer parti des comp\u00e9tences distinctives que chaque g\u00e9n\u00e9ration apporte.<\/p>\n<h3><strong><em>Au programme<\/em><\/strong><\/h3>\n<p><strong><em>08H30 :<\/em><\/strong> Petit-d\u00e9jeuner et accueil des participants<\/p>\n<p><strong><em>09H00 :<\/em><\/strong> Introduction par Brigitte Mestrez et Steeve Krupp, Pr\u00e9sidents de l\u2019ADP Li\u00e8ge.<\/p>\n<p>Pour en finir avec les approches g\u00e9n\u00e9rationnelles en GRH, par Jean Pralong, Professeur titulaire de la chaire <strong><em>\u00ab\u00a0Comp\u00e9tences, Employabilit\u00e9 &amp; D\u00e9cision RH\u00a0\u00bb<\/em> <\/strong>\u00e0 l\u2019EM Normandie.<\/p>\n<ul>\n<li>Pratiques de gestion g\u00e9n\u00e9rationnelles en entreprise avec :\n<ul>\n<li>Isabelle Perin, HR Manager \u00e0 Li\u00e8ge Airport,<\/li>\n<li>Simon Ruchenne, DRH aux Auberges de Jeunesse<\/li>\n<li>Pascal Dubussy, Responsable RH chez Bodarw\u00e9<\/li>\n<li>T\u00e9moignage par Olivier Beco, Project Leader chez Engie et \u00ab tourmondiste \u00bb<\/li>\n<\/ul>\n<\/li>\n<li>Table ronde sur l&rsquo;\u00e9quit\u00e9 salariale au travers des g\u00e9n\u00e9rations avec :\n<ul>\n<li>Alessandro Mazzocchetti, Group Chief Financial Officer chez Odoo<\/li>\n<li>Jean-Paul Lacomble, Avocat Associ\u00e9 chez Claeys et Engels<\/li>\n<li>Yoan Vanossel, Associate Client Partner chez Korn Ferry<\/li>\n<li>anim\u00e9e par Fr\u00e9d\u00e9ric Naedenoen, charg\u00e9 de cours en \u00ab Applied and digital HRM \u00bb \u2013 HEC\/ULi\u00e8ge et Chercheur au LENTIC<\/li>\n<\/ul>\n<\/li>\n<\/ul>\n<p><strong><em>12h30 :<\/em><\/strong> Lunch et networking<\/p>\n<p><strong><em>13h30 :<\/em><\/strong> Ateliers en trio-g\u00e9n\u00e9rationnels autour de cas, r\u00e9flexions et partages d\u2019exp\u00e9riences, anim\u00e9s par V\u00e9ronique Noiret, fondatrice d\u2019Axolot-Consulting, experte de la collaboration interg\u00e9n\u00e9rationnelle et de son int\u00e9gration avec la strat\u00e9gie de l\u2019entreprise.<\/p>\n<p>Prix ADP : apr\u00e8s pr\u00e9sentation de leurs travaux par les laur\u00e9ats, remise du 20e \u00ab\u00a0Prix ADP\u00a0\u00bb, qui r\u00e9compense les meilleurs m\u00e9moires et TFE en Ressources Humaines de l\u2019ann\u00e9e acad\u00e9mique 2023-2024 en Universit\u00e9s et Hautes Ecoles.<\/p>\n<p>Conclusion par Fran\u00e7ois Pichault, Professeur \u00e0 HEC\/ULi\u00e8ge et Directeur du LENTIC<\/p>\n<p><strong><em>16h30 :<\/em> <\/strong>Cocktail de cl\u00f4ture et networking<\/p>\n<p>&nbsp;<\/p>\n<h3><strong><em>En pratique<\/em><\/strong><\/h3>\n<p>Inscription en ligne sur Colloque 17\/10\/2024 \u2013 inscriptions pour le 14 octobre 2024 au plus tard. <a href=\"https:\/\/docs.google.com\/forms\/d\/e\/1FAIpQLSfBfu_lJR5x0EZr41UKJEBIEBz8wnKJ3hzCi3WMp6pyikOpkg\/viewform\">Lien vers l&rsquo;inscription<\/a><\/p>\n<p>Participation aux frais : 150\u20ac pour les non-membres -100\u20ac pour les membres de l\u2019ADP Li\u00e8ge et des associations partenaires, \u00e0 verser anticipativement sur le compte BE40 0689 3870 1763 de l&rsquo;ADP Li\u00e8ge avec mention \u00ab Colloque ADP 17\/10\/2024, NOM et Pr\u00e9nom \u00bb.<\/p>\n<p>&nbsp;<\/p>\n","protected":false},"excerpt":{"rendered":"<p>Dans un monde du travail en constante \u00e9volution, chaque g\u00e9n\u00e9ration apporte son lot de d\u00e9fis et opportunit\u00e9s. Comment les professionnels RH et dirigeants d\u2019entreprise peuvent-ils g\u00e9rer au mieux ces dynamiques interg\u00e9n\u00e9rationnelles pour instaurer un environnement de travail harmonieux et productif [&hellip;]<\/p>\n","protected":false},"author":2,"featured_media":0,"comment_status":"closed","ping_status":"open","sticky":false,"template":"","format":"standard","meta":[],"categories":[65,67,10,8],"tags":[274,116,158,646,461],"yoast_head":"<!-- This site is optimized with the Yoast SEO plugin v21.0 - https:\/\/yoast.com\/wordpress\/plugins\/seo\/ -->\n<title>Colloque de l&#039;ADP Li\u00e8ge le 17 octobre - Les RH \u00e0 l\u2019\u00e9preuve des g\u00e9n\u00e9rations - Peoplesphere<\/title>\n<meta name=\"robots\" content=\"index, follow, max-snippet:-1, max-image-preview:large, max-video-preview:-1\" \/>\n<link rel=\"canonical\" href=\"https:\/\/peoplesphere.be\/fr\/colloque-de-ladp-liege-le-17-octobre-les-rh-a-lepreuve-des-generations\/\" \/>\n<meta property=\"og:locale\" content=\"fr_FR\" \/>\n<meta property=\"og:type\" content=\"article\" \/>\n<meta property=\"og:title\" content=\"Colloque de l&#039;ADP Li\u00e8ge le 17 octobre - Les RH \u00e0 l\u2019\u00e9preuve des g\u00e9n\u00e9rations - Peoplesphere\" \/>\n<meta property=\"og:description\" content=\"Dans un monde du travail en constante \u00e9volution, chaque g\u00e9n\u00e9ration apporte son lot de d\u00e9fis et opportunit\u00e9s. Comment les professionnels RH et dirigeants d\u2019entreprise peuvent-ils g\u00e9rer au mieux ces dynamiques interg\u00e9n\u00e9rationnelles pour instaurer un environnement de travail harmonieux et productif [&hellip;]\" \/>\n<meta property=\"og:url\" content=\"https:\/\/peoplesphere.be\/fr\/colloque-de-ladp-liege-le-17-octobre-les-rh-a-lepreuve-des-generations\/\" \/>\n<meta property=\"og:site_name\" content=\"Peoplesphere\" \/>\n<meta property=\"article:publisher\" content=\"https:\/\/www.facebook.com\/peoplesphere\" \/>\n<meta property=\"article:published_time\" content=\"2024-09-25T12:14:45+00:00\" \/>\n<meta property=\"article:modified_time\" content=\"2024-10-08T08:51:43+00:00\" \/>\n<meta property=\"og:image\" content=\"http:\/\/www.peoplesphere.be\/fr\/wp-content\/uploads\/2016\/07\/facebook-default-posting-1200x628px.jpg\" \/>\n<meta name=\"author\" content=\"Jean-Paul Erhard\" \/>\n<meta name=\"twitter:card\" content=\"summary_large_image\" \/>\n<meta name=\"twitter:creator\" content=\"@PeoplesphereMag\" \/>\n<meta name=\"twitter:site\" content=\"@PeoplesphereMag\" \/>\n<meta name=\"twitter:label1\" content=\"\u00c9crit par\" \/>\n\t<meta name=\"twitter:data1\" content=\"Jean-Paul Erhard\" \/>\n\t<meta name=\"twitter:label2\" content=\"Dur\u00e9e de lecture estim\u00e9e\" \/>\n\t<meta name=\"twitter:data2\" content=\"3 minutes\" \/>\n<script type=\"application\/ld+json\" class=\"yoast-schema-graph\">{\"@context\":\"https:\/\/schema.org\",\"@graph\":[{\"@type\":\"Article\",\"@id\":\"https:\/\/peoplesphere.be\/fr\/colloque-de-ladp-liege-le-17-octobre-les-rh-a-lepreuve-des-generations\/#article\",\"isPartOf\":{\"@id\":\"https:\/\/peoplesphere.be\/fr\/colloque-de-ladp-liege-le-17-octobre-les-rh-a-lepreuve-des-generations\/\"},\"author\":{\"name\":\"Jean-Paul Erhard\",\"@id\":\"https:\/\/peoplesphere.be\/fr\/#\/schema\/person\/7976225ff17988604334abb7b3536a7e\"},\"headline\":\"Colloque de l&rsquo;ADP Li\u00e8ge le 17 octobre &#8211; Les RH \u00e0 l\u2019\u00e9preuve des g\u00e9n\u00e9rations\",\"datePublished\":\"2024-09-25T12:14:45+00:00\",\"dateModified\":\"2024-10-08T08:51:43+00:00\",\"mainEntityOfPage\":{\"@id\":\"https:\/\/peoplesphere.be\/fr\/colloque-de-ladp-liege-le-17-octobre-les-rh-a-lepreuve-des-generations\/\"},\"wordCount\":477,\"publisher\":{\"@id\":\"https:\/\/peoplesphere.be\/fr\/#organization\"},\"keywords\":[\"ADP Li\u00e8ge\",\"comp\u00e9tences\",\"employabilit\u00e9\",\"g\u00e9n\u00e9rations\",\"RH\"],\"articleSection\":[\"Actualit\u00e9s\",\"Calendrier\",\"Digital\",\"Events\"],\"inLanguage\":\"fr-FR\"},{\"@type\":\"WebPage\",\"@id\":\"https:\/\/peoplesphere.be\/fr\/colloque-de-ladp-liege-le-17-octobre-les-rh-a-lepreuve-des-generations\/\",\"url\":\"https:\/\/peoplesphere.be\/fr\/colloque-de-ladp-liege-le-17-octobre-les-rh-a-lepreuve-des-generations\/\",\"name\":\"Colloque de l'ADP Li\u00e8ge le 17 octobre - Les RH \u00e0 l\u2019\u00e9preuve des g\u00e9n\u00e9rations - Peoplesphere\",\"isPartOf\":{\"@id\":\"https:\/\/peoplesphere.be\/fr\/#website\"},\"datePublished\":\"2024-09-25T12:14:45+00:00\",\"dateModified\":\"2024-10-08T08:51:43+00:00\",\"breadcrumb\":{\"@id\":\"https:\/\/peoplesphere.be\/fr\/colloque-de-ladp-liege-le-17-octobre-les-rh-a-lepreuve-des-generations\/#breadcrumb\"},\"inLanguage\":\"fr-FR\",\"potentialAction\":[{\"@type\":\"ReadAction\",\"target\":[\"https:\/\/peoplesphere.be\/fr\/colloque-de-ladp-liege-le-17-octobre-les-rh-a-lepreuve-des-generations\/\"]}]},{\"@type\":\"BreadcrumbList\",\"@id\":\"https:\/\/peoplesphere.be\/fr\/colloque-de-ladp-liege-le-17-octobre-les-rh-a-lepreuve-des-generations\/#breadcrumb\",\"itemListElement\":[{\"@type\":\"ListItem\",\"position\":1,\"name\":\"Accueil\",\"item\":\"https:\/\/peoplesphere.be\/fr\/\"},{\"@type\":\"ListItem\",\"position\":2,\"name\":\"Colloque de l&rsquo;ADP Li\u00e8ge le 17 octobre &#8211; Les RH \u00e0 l\u2019\u00e9preuve des g\u00e9n\u00e9rations\"}]},{\"@type\":\"WebSite\",\"@id\":\"https:\/\/peoplesphere.be\/fr\/#website\",\"url\":\"https:\/\/peoplesphere.be\/fr\/\",\"name\":\"Peoplesphere\",\"description\":\"The People Managers Magazine\",\"publisher\":{\"@id\":\"https:\/\/peoplesphere.be\/fr\/#organization\"},\"potentialAction\":[{\"@type\":\"SearchAction\",\"target\":{\"@type\":\"EntryPoint\",\"urlTemplate\":\"https:\/\/peoplesphere.be\/fr\/?s={search_term_string}\"},\"query-input\":\"required name=search_term_string\"}],\"inLanguage\":\"fr-FR\"},{\"@type\":\"Organization\",\"@id\":\"https:\/\/peoplesphere.be\/fr\/#organization\",\"name\":\"Peoplesphere Company srl\",\"url\":\"https:\/\/peoplesphere.be\/fr\/\",\"logo\":{\"@type\":\"ImageObject\",\"inLanguage\":\"fr-FR\",\"@id\":\"https:\/\/peoplesphere.be\/fr\/#\/schema\/logo\/image\/\",\"url\":\"https:\/\/peoplesphere.be\/fr\/wp-content\/uploads\/2023\/07\/peoplesphere-lgo-new-generik.jpg\",\"contentUrl\":\"https:\/\/peoplesphere.be\/fr\/wp-content\/uploads\/2023\/07\/peoplesphere-lgo-new-generik.jpg\",\"width\":1031,\"height\":1479,\"caption\":\"Peoplesphere Company srl\"},\"image\":{\"@id\":\"https:\/\/peoplesphere.be\/fr\/#\/schema\/logo\/image\/\"},\"sameAs\":[\"https:\/\/www.facebook.com\/peoplesphere\",\"https:\/\/twitter.com\/PeoplesphereMag\",\"https:\/\/www.linkedin.com\/company\/7587361?trk\",\"http:\/\/youtube.com\/peoplesphere\"]},{\"@type\":\"Person\",\"@id\":\"https:\/\/peoplesphere.be\/fr\/#\/schema\/person\/7976225ff17988604334abb7b3536a7e\",\"name\":\"Jean-Paul Erhard\",\"image\":{\"@type\":\"ImageObject\",\"inLanguage\":\"fr-FR\",\"@id\":\"https:\/\/peoplesphere.be\/fr\/#\/schema\/person\/image\/\",\"url\":\"https:\/\/secure.gravatar.com\/avatar\/f941e681460179738071629a51574930?s=96&d=mm&r=g\",\"contentUrl\":\"https:\/\/secure.gravatar.com\/avatar\/f941e681460179738071629a51574930?s=96&d=mm&r=g\",\"caption\":\"Jean-Paul Erhard\"},\"url\":\"https:\/\/peoplesphere.be\/fr\/author\/jpe\/\"}]}<\/script>\n<!-- \/ Yoast SEO plugin. -->","yoast_head_json":{"title":"Colloque de l'ADP Li\u00e8ge le 17 octobre - Les RH \u00e0 l\u2019\u00e9preuve des g\u00e9n\u00e9rations - Peoplesphere","robots":{"index":"index","follow":"follow","max-snippet":"max-snippet:-1","max-image-preview":"max-image-preview:large","max-video-preview":"max-video-preview:-1"},"canonical":"https:\/\/peoplesphere.be\/fr\/colloque-de-ladp-liege-le-17-octobre-les-rh-a-lepreuve-des-generations\/","og_locale":"fr_FR","og_type":"article","og_title":"Colloque de l'ADP Li\u00e8ge le 17 octobre - Les RH \u00e0 l\u2019\u00e9preuve des g\u00e9n\u00e9rations - Peoplesphere","og_description":"Dans un monde du travail en constante \u00e9volution, chaque g\u00e9n\u00e9ration apporte son lot de d\u00e9fis et opportunit\u00e9s. Comment les professionnels RH et dirigeants d\u2019entreprise peuvent-ils g\u00e9rer au mieux ces dynamiques interg\u00e9n\u00e9rationnelles pour instaurer un environnement de travail harmonieux et productif [&hellip;]","og_url":"https:\/\/peoplesphere.be\/fr\/colloque-de-ladp-liege-le-17-octobre-les-rh-a-lepreuve-des-generations\/","og_site_name":"Peoplesphere","article_publisher":"https:\/\/www.facebook.com\/peoplesphere","article_published_time":"2024-09-25T12:14:45+00:00","article_modified_time":"2024-10-08T08:51:43+00:00","og_image":[{"url":"http:\/\/www.peoplesphere.be\/fr\/wp-content\/uploads\/2016\/07\/facebook-default-posting-1200x628px.jpg"}],"author":"Jean-Paul Erhard","twitter_card":"summary_large_image","twitter_creator":"@PeoplesphereMag","twitter_site":"@PeoplesphereMag","twitter_misc":{"\u00c9crit par":"Jean-Paul Erhard","Dur\u00e9e de lecture estim\u00e9e":"3 minutes"},"schema":{"@context":"https:\/\/schema.org","@graph":[{"@type":"Article","@id":"https:\/\/peoplesphere.be\/fr\/colloque-de-ladp-liege-le-17-octobre-les-rh-a-lepreuve-des-generations\/#article","isPartOf":{"@id":"https:\/\/peoplesphere.be\/fr\/colloque-de-ladp-liege-le-17-octobre-les-rh-a-lepreuve-des-generations\/"},"author":{"name":"Jean-Paul Erhard","@id":"https:\/\/peoplesphere.be\/fr\/#\/schema\/person\/7976225ff17988604334abb7b3536a7e"},"headline":"Colloque de l&rsquo;ADP Li\u00e8ge le 17 octobre &#8211; Les RH \u00e0 l\u2019\u00e9preuve des g\u00e9n\u00e9rations","datePublished":"2024-09-25T12:14:45+00:00","dateModified":"2024-10-08T08:51:43+00:00","mainEntityOfPage":{"@id":"https:\/\/peoplesphere.be\/fr\/colloque-de-ladp-liege-le-17-octobre-les-rh-a-lepreuve-des-generations\/"},"wordCount":477,"publisher":{"@id":"https:\/\/peoplesphere.be\/fr\/#organization"},"keywords":["ADP Li\u00e8ge","comp\u00e9tences","employabilit\u00e9","g\u00e9n\u00e9rations","RH"],"articleSection":["Actualit\u00e9s","Calendrier","Digital","Events"],"inLanguage":"fr-FR"},{"@type":"WebPage","@id":"https:\/\/peoplesphere.be\/fr\/colloque-de-ladp-liege-le-17-octobre-les-rh-a-lepreuve-des-generations\/","url":"https:\/\/peoplesphere.be\/fr\/colloque-de-ladp-liege-le-17-octobre-les-rh-a-lepreuve-des-generations\/","name":"Colloque de l'ADP Li\u00e8ge le 17 octobre - Les RH \u00e0 l\u2019\u00e9preuve des g\u00e9n\u00e9rations - Peoplesphere","isPartOf":{"@id":"https:\/\/peoplesphere.be\/fr\/#website"},"datePublished":"2024-09-25T12:14:45+00:00","dateModified":"2024-10-08T08:51:43+00:00","breadcrumb":{"@id":"https:\/\/peoplesphere.be\/fr\/colloque-de-ladp-liege-le-17-octobre-les-rh-a-lepreuve-des-generations\/#breadcrumb"},"inLanguage":"fr-FR","potentialAction":[{"@type":"ReadAction","target":["https:\/\/peoplesphere.be\/fr\/colloque-de-ladp-liege-le-17-octobre-les-rh-a-lepreuve-des-generations\/"]}]},{"@type":"BreadcrumbList","@id":"https:\/\/peoplesphere.be\/fr\/colloque-de-ladp-liege-le-17-octobre-les-rh-a-lepreuve-des-generations\/#breadcrumb","itemListElement":[{"@type":"ListItem","position":1,"name":"Accueil","item":"https:\/\/peoplesphere.be\/fr\/"},{"@type":"ListItem","position":2,"name":"Colloque de l&rsquo;ADP Li\u00e8ge le 17 octobre &#8211; Les RH \u00e0 l\u2019\u00e9preuve des g\u00e9n\u00e9rations"}]},{"@type":"WebSite","@id":"https:\/\/peoplesphere.be\/fr\/#website","url":"https:\/\/peoplesphere.be\/fr\/","name":"Peoplesphere","description":"The People Managers Magazine","publisher":{"@id":"https:\/\/peoplesphere.be\/fr\/#organization"},"potentialAction":[{"@type":"SearchAction","target":{"@type":"EntryPoint","urlTemplate":"https:\/\/peoplesphere.be\/fr\/?s={search_term_string}"},"query-input":"required name=search_term_string"}],"inLanguage":"fr-FR"},{"@type":"Organization","@id":"https:\/\/peoplesphere.be\/fr\/#organization","name":"Peoplesphere Company srl","url":"https:\/\/peoplesphere.be\/fr\/","logo":{"@type":"ImageObject","inLanguage":"fr-FR","@id":"https:\/\/peoplesphere.be\/fr\/#\/schema\/logo\/image\/","url":"https:\/\/peoplesphere.be\/fr\/wp-content\/uploads\/2023\/07\/peoplesphere-lgo-new-generik.jpg","contentUrl":"https:\/\/peoplesphere.be\/fr\/wp-content\/uploads\/2023\/07\/peoplesphere-lgo-new-generik.jpg","width":1031,"height":1479,"caption":"Peoplesphere Company srl"},"image":{"@id":"https:\/\/peoplesphere.be\/fr\/#\/schema\/logo\/image\/"},"sameAs":["https:\/\/www.facebook.com\/peoplesphere","https:\/\/twitter.com\/PeoplesphereMag","https:\/\/www.linkedin.com\/company\/7587361?trk","http:\/\/youtube.com\/peoplesphere"]},{"@type":"Person","@id":"https:\/\/peoplesphere.be\/fr\/#\/schema\/person\/7976225ff17988604334abb7b3536a7e","name":"Jean-Paul Erhard","image":{"@type":"ImageObject","inLanguage":"fr-FR","@id":"https:\/\/peoplesphere.be\/fr\/#\/schema\/person\/image\/","url":"https:\/\/secure.gravatar.com\/avatar\/f941e681460179738071629a51574930?s=96&d=mm&r=g","contentUrl":"https:\/\/secure.gravatar.com\/avatar\/f941e681460179738071629a51574930?s=96&d=mm&r=g","caption":"Jean-Paul Erhard"},"url":"https:\/\/peoplesphere.be\/fr\/author\/jpe\/"}]}},"_links":{"self":[{"href":"https:\/\/peoplesphere.be\/fr\/wp-json\/wp\/v2\/posts\/16763"}],"collection":[{"href":"https:\/\/peoplesphere.be\/fr\/wp-json\/wp\/v2\/posts"}],"about":[{"href":"https:\/\/peoplesphere.be\/fr\/wp-json\/wp\/v2\/types\/post"}],"author":[{"embeddable":true,"href":"https:\/\/peoplesphere.be\/fr\/wp-json\/wp\/v2\/users\/2"}],"replies":[{"embeddable":true,"href":"https:\/\/peoplesphere.be\/fr\/wp-json\/wp\/v2\/comments?post=16763"}],"version-history":[{"count":3,"href":"https:\/\/peoplesphere.be\/fr\/wp-json\/wp\/v2\/posts\/16763\/revisions"}],"predecessor-version":[{"id":16842,"href":"https:\/\/peoplesphere.be\/fr\/wp-json\/wp\/v2\/posts\/16763\/revisions\/16842"}],"wp:attachment":[{"href":"https:\/\/peoplesphere.be\/fr\/wp-json\/wp\/v2\/media?parent=16763"}],"wp:term":[{"taxonomy":"category","embeddable":true,"href":"https:\/\/peoplesphere.be\/fr\/wp-json\/wp\/v2\/categories?post=16763"},{"taxonomy":"post_tag","embeddable":true,"href":"https:\/\/peoplesphere.be\/fr\/wp-json\/wp\/v2\/tags?post=16763"}],"curies":[{"name":"wp","href":"https:\/\/api.w.org\/{rel}","templated":true}]}}