









{"id":1678,"date":"2015-08-06T08:33:55","date_gmt":"2015-08-06T06:33:55","guid":{"rendered":"http:\/\/www.peoplesphere.be\/fr\/?p=1678"},"modified":"2015-08-06T10:06:49","modified_gmt":"2015-08-06T08:06:49","slug":"6-aout-2015-les-belges-enfin-libres-sur-le-plan-fiscal","status":"publish","type":"post","link":"https:\/\/peoplesphere.be\/fr\/6-aout-2015-les-belges-enfin-libres-sur-le-plan-fiscal\/","title":{"rendered":"6 ao\u00fbt 2015 : les Belges enfin libres sur le plan fiscal"},"content":{"rendered":"<h1>Pour la cinqui\u00e8me ann\u00e9e cons\u00e9cutive, les travailleurs belges sont les derniers \u00e0 c\u00e9l\u00e9brer le jour de lib\u00e9ration fiscale. Selon l\u2019\u00e9tude annuelle, les travailleurs belges sont aujourd&rsquo;hui m\u00eame les derniers en Europe \u00e0 c\u00e9l\u00e9brer le jour de lib\u00e9ration fiscale. Le \u00ab\u00a0Tax shift\u00a0\u00bb pourrait nous permettre de transmettre cette position peu enviable \u00e0 la France l&rsquo;ann\u00e9e prochaine&#8230;<!--more--><\/h1>\n<p>Le \u00ab jour de lib\u00e9ration fiscale \u00bb correspond au jour du calendrier o\u00f9 un salari\u00e9 cesse th\u00e9oriquement de verser des imp\u00f4ts \u00e0 l&rsquo;\u00c9tat et commence \u00e0 disposer de ses revenus \u00e0 sa guise. Les r\u00e9sultats de ce calcul refl\u00e8tent la r\u00e9alit\u00e9 v\u00e9cue par les travailleurs dans l&rsquo;Union europ\u00e9enne et le co\u00fbt r\u00e9el de la main-d&rsquo;\u0153uvre dans chaque pays. Analys\u00e9es \u00e0 l&rsquo;aide d&rsquo;une m\u00e9thodologie uniforme pour l&rsquo;ensemble des pays, ces donn\u00e9es refl\u00e8tent la r\u00e9alit\u00e9 fiscale v\u00e9cue par les travailleurs \u00ab dans la vraie vie \u00bb. Cette \u00e9tude, r\u00e9alis\u00e9e par l&rsquo;Institut \u00e9conomique Molinari repose sur les chiffres de l\u2019OCDE et des organismes statistiques nationaux. Le calcul des charges sociales a \u00e9t\u00e9 effectu\u00e9 par EY.<\/p>\n<h2>Quels enseignements pour la Belgique ?<\/h2>\n<p>La Belgique demeure le pays o\u00f9 la fiscalit\u00e9 sur la main-d&rsquo;\u0153uvre est la plus \u00e9lev\u00e9e au sein de l&rsquo;Union europ\u00e9enne : un employeur y d\u00e9pense en effet 2,30 \u20ac pour que le salari\u00e9 moyen puisse percevoir 1 \u20ac apr\u00e8s imposition (HTVA sur le salaire net). Le \u00ab\u00a0taux d&rsquo;imposition r\u00e9el\u00a0\u00bb des salari\u00e9s belges (TVA comprise) s&rsquo;\u00e9l\u00e8ve d\u00e9sormais \u00e0 59,5 %, contre 45,2 % en moyenne dans l&rsquo;UE. Les auteurs de l&rsquo;\u00e9tude commentent le &lsquo;r\u00e9sultat&rsquo; belge comme suit : \u00ab\u00a0Le salari\u00e9 moyen belge \u2013 l\u2019un des plus productifs au monde \u2013 touche un salaire net qui le place au 8e rang des pays de l\u2019UE. La fiscalit\u00e9 belge en fait toutefois le plus cher \u00e0 embaucher. Si les employeurs quittent la Belgique, ce n\u2019est donc pas parce que les salari\u00e9s y sont trop chers mais parce que les taxes et charges sociales y sont les plus \u00e9lev\u00e9es d\u2019Europe. Il en va de m\u00eame pour le tax shift : en r\u00e9duisant les cotisations sociales des employeurs de 33 \u00e0 25 %, la coalition su\u00e9doise pourrait l\u2019ann\u00e9e prochaine passer le maillot jaune de la charge fiscale \u00e0 la France. Mais m\u00eame avec une r\u00e9duction de l\u2019imp\u00f4t sur les revenus permettant de relever le pouvoir d\u2019achat des travailleurs de 100 \u20ac par mois, la Belgique resterait probablement sur le podium.\u00a0\u00bb<\/p>\n<h2>Quelle \u00e9volution \u00e0 l&rsquo;\u00e9chelon europ\u00e9en ?<\/h2>\n<p>Consid\u00e9r\u00e9s comme une seule entit\u00e9 \u00e9conomique, les salari\u00e9s moyens de l&rsquo;Union europ\u00e9enne ont cette ann\u00e9e vu leur \u00ab\u00a0taux d&rsquo;imposition r\u00e9el\u00a0\u00bb moyen l\u00e9g\u00e8rement reculer, passant de 45,3 % \u00e0 45,2 %. Depuis 2010, ce chiffre a augment\u00e9 de 1,2 %, en majeure partie \u00e0 cause de l\u2019augmentation des taux de TVA dans 20 des 28 \u00c9tats membres. 44,6 % des charges sociales per\u00e7ues dans les pays de l&rsquo;UE \u2013 contributions des employeurs \u00e0 la s\u00e9curit\u00e9 sociale pay\u00e9es en plus des salaires bruts \u2013 restent largement invisibles aux yeux des salari\u00e9s.<br \/>\nLes politiques d\u2019imposition \u00e0 taux unique ont permis d\u2019en soulager certains sur le plan fiscal. Les travailleurs moyens sont cependant davantage tax\u00e9s dans les pays \u00e0 imposition \u00e0 taux unique (45,7 %) que dans les pays appliquant un syst\u00e8me plus \u00ab progressif \u00bb (45,0 %), un \u00e9cart qui persiste depuis 2010.<br \/>\nPlus de la moiti\u00e9 (56,2 %) des citoyens europ\u00e9ens ne font pas partie de la population active, et ce chiffre empire \u00e0 mesure que la population europ\u00e9enne vieillit : depuis 2010, la proportion d\u2019Europ\u00e9ens ne faisant pas partie de la population active a en effet progress\u00e9 de 1,9 %. La population active porte donc sur ses \u00e9paules un fardeau fiscal toujours plus lourd.<\/p>\n<p><em>A titre d&rsquo;information, pour l\u2019ann\u00e9e 2015, les jours de lib\u00e9ration fiscale \u00e9taient les suivants dans les diff\u00e9rents pays europ\u00e9ens (gentiment replac\u00e9s par ordre chronologique pour votre confort de lecture&#8230;). La disparit\u00e9 est impressionnante \u00e0 l&rsquo;heure de progresser en mati\u00e8re d&rsquo;harmonisation.<\/em><\/p>\n<p>Chypre : 31 MARS<br \/>\nMalte : 19 AVRIL<br \/>\nIrlande : 28 AVRIL<br \/>\nRoyaume-Uni : 9 MAI<br \/>\nBulgarie : 18 MAI<br \/>\nLuxembourg : 2 JUIN<br \/>\nEspagne &amp; Danemark : 7 JUIN<br \/>\nSlov\u00e9nie : 8 JUIN<br \/>\nLituanie : 10 JUIN<br \/>\nPortugal : 12 JUIN<br \/>\nEstonie : 13 JUIN<br \/>\nPologne : 14 JUIN<br \/>\nLettonie &amp; Pays-Bas &amp; Croatie : 18 JUIN<br \/>\nR\u00e9p. tch\u00e8que &amp; Slovaquie : 19 JUIN<br \/>\nSu\u00e8de : 21 JUIN<br \/>\nFinlande : 22 JUIN<br \/>\nRoumanie : 23 JUIN<br \/>\nItalie : 2 JUILLET<br \/>\nAllemagne : 10 JUILLET<br \/>\nGr\u00e8ce : 14 JUILLET<br \/>\nHongrie : 17 JUILLET<br \/>\nAutriche : 25 JUILLET<br \/>\nFrance : 29 JUILLET<br \/>\nBelgique : 6 AO\u00dbT<\/p>\n<p>Note de la r\u00e9daction : Vous souhaitez obtenir l&rsquo;\u00e9tude compl\u00e8te ? Contactez-nous via redaction@peoplesphere.be<\/p>\n<p>&nbsp;<\/p>\n","protected":false},"excerpt":{"rendered":"<p>Pour la cinqui\u00e8me ann\u00e9e cons\u00e9cutive, les travailleurs belges sont les derniers \u00e0 c\u00e9l\u00e9brer le jour de lib\u00e9ration fiscale. Selon l\u2019\u00e9tude annuelle, les travailleurs belges sont aujourd&rsquo;hui m\u00eame les derniers en Europe \u00e0 c\u00e9l\u00e9brer le jour de lib\u00e9ration fiscale. Le \u00ab\u00a0Tax [&hellip;]<\/p>\n","protected":false},"author":2,"featured_media":0,"comment_status":"closed","ping_status":"open","sticky":false,"template":"","format":"standard","meta":[],"categories":[65,10],"tags":[99,55,98,100],"yoast_head":"<!-- This site is optimized with the Yoast SEO plugin v21.0 - https:\/\/yoast.com\/wordpress\/plugins\/seo\/ -->\n<title>6 ao\u00fbt 2015 : les Belges enfin libres sur le plan fiscal - Peoplesphere<\/title>\n<meta name=\"robots\" content=\"index, follow, max-snippet:-1, max-image-preview:large, max-video-preview:-1\" \/>\n<link rel=\"canonical\" href=\"https:\/\/peoplesphere.be\/fr\/6-aout-2015-les-belges-enfin-libres-sur-le-plan-fiscal\/\" \/>\n<meta property=\"og:locale\" content=\"fr_FR\" \/>\n<meta property=\"og:type\" content=\"article\" \/>\n<meta property=\"og:title\" content=\"6 ao\u00fbt 2015 : les Belges enfin libres sur le plan fiscal - Peoplesphere\" \/>\n<meta property=\"og:description\" content=\"Pour la cinqui\u00e8me ann\u00e9e cons\u00e9cutive, les travailleurs belges sont les derniers \u00e0 c\u00e9l\u00e9brer le jour de lib\u00e9ration fiscale. Selon l\u2019\u00e9tude annuelle, les travailleurs belges sont aujourd&rsquo;hui m\u00eame les derniers en Europe \u00e0 c\u00e9l\u00e9brer le jour de lib\u00e9ration fiscale. Le \u00ab\u00a0Tax [&hellip;]\" \/>\n<meta property=\"og:url\" content=\"https:\/\/peoplesphere.be\/fr\/6-aout-2015-les-belges-enfin-libres-sur-le-plan-fiscal\/\" \/>\n<meta property=\"og:site_name\" content=\"Peoplesphere\" \/>\n<meta property=\"article:publisher\" content=\"https:\/\/www.facebook.com\/peoplesphere\" \/>\n<meta property=\"article:published_time\" content=\"2015-08-06T06:33:55+00:00\" \/>\n<meta property=\"article:modified_time\" content=\"2015-08-06T08:06:49+00:00\" \/>\n<meta property=\"og:image\" content=\"http:\/\/www.peoplesphere.be\/fr\/wp-content\/uploads\/2016\/07\/facebook-default-posting-1200x628px.jpg\" \/>\n<meta name=\"author\" content=\"Jean-Paul Erhard\" \/>\n<meta name=\"twitter:card\" content=\"summary_large_image\" \/>\n<meta name=\"twitter:creator\" content=\"@PeoplesphereMag\" \/>\n<meta name=\"twitter:site\" content=\"@PeoplesphereMag\" \/>\n<meta name=\"twitter:label1\" content=\"\u00c9crit par\" \/>\n\t<meta name=\"twitter:data1\" content=\"Jean-Paul Erhard\" \/>\n\t<meta name=\"twitter:label2\" content=\"Dur\u00e9e de lecture estim\u00e9e\" \/>\n\t<meta name=\"twitter:data2\" content=\"4 minutes\" \/>\n<script type=\"application\/ld+json\" class=\"yoast-schema-graph\">{\"@context\":\"https:\/\/schema.org\",\"@graph\":[{\"@type\":\"Article\",\"@id\":\"https:\/\/peoplesphere.be\/fr\/6-aout-2015-les-belges-enfin-libres-sur-le-plan-fiscal\/#article\",\"isPartOf\":{\"@id\":\"https:\/\/peoplesphere.be\/fr\/6-aout-2015-les-belges-enfin-libres-sur-le-plan-fiscal\/\"},\"author\":{\"name\":\"Jean-Paul Erhard\",\"@id\":\"https:\/\/peoplesphere.be\/fr\/#\/schema\/person\/7976225ff17988604334abb7b3536a7e\"},\"headline\":\"6 ao\u00fbt 2015 : les Belges enfin libres sur le plan fiscal\",\"datePublished\":\"2015-08-06T06:33:55+00:00\",\"dateModified\":\"2015-08-06T08:06:49+00:00\",\"mainEntityOfPage\":{\"@id\":\"https:\/\/peoplesphere.be\/fr\/6-aout-2015-les-belges-enfin-libres-sur-le-plan-fiscal\/\"},\"wordCount\":748,\"publisher\":{\"@id\":\"https:\/\/peoplesphere.be\/fr\/#organization\"},\"keywords\":[\"charges sociales\",\"co\u00fbt du travail\",\"fiscalit\u00e9\",\"tax shift\"],\"articleSection\":[\"Actualit\u00e9s\",\"Digital\"],\"inLanguage\":\"fr-FR\"},{\"@type\":\"WebPage\",\"@id\":\"https:\/\/peoplesphere.be\/fr\/6-aout-2015-les-belges-enfin-libres-sur-le-plan-fiscal\/\",\"url\":\"https:\/\/peoplesphere.be\/fr\/6-aout-2015-les-belges-enfin-libres-sur-le-plan-fiscal\/\",\"name\":\"6 ao\u00fbt 2015 : les Belges enfin libres sur le plan fiscal - Peoplesphere\",\"isPartOf\":{\"@id\":\"https:\/\/peoplesphere.be\/fr\/#website\"},\"datePublished\":\"2015-08-06T06:33:55+00:00\",\"dateModified\":\"2015-08-06T08:06:49+00:00\",\"breadcrumb\":{\"@id\":\"https:\/\/peoplesphere.be\/fr\/6-aout-2015-les-belges-enfin-libres-sur-le-plan-fiscal\/#breadcrumb\"},\"inLanguage\":\"fr-FR\",\"potentialAction\":[{\"@type\":\"ReadAction\",\"target\":[\"https:\/\/peoplesphere.be\/fr\/6-aout-2015-les-belges-enfin-libres-sur-le-plan-fiscal\/\"]}]},{\"@type\":\"BreadcrumbList\",\"@id\":\"https:\/\/peoplesphere.be\/fr\/6-aout-2015-les-belges-enfin-libres-sur-le-plan-fiscal\/#breadcrumb\",\"itemListElement\":[{\"@type\":\"ListItem\",\"position\":1,\"name\":\"Accueil\",\"item\":\"https:\/\/peoplesphere.be\/fr\/\"},{\"@type\":\"ListItem\",\"position\":2,\"name\":\"6 ao\u00fbt 2015 : les Belges enfin libres sur le plan fiscal\"}]},{\"@type\":\"WebSite\",\"@id\":\"https:\/\/peoplesphere.be\/fr\/#website\",\"url\":\"https:\/\/peoplesphere.be\/fr\/\",\"name\":\"Peoplesphere\",\"description\":\"The People Managers Magazine\",\"publisher\":{\"@id\":\"https:\/\/peoplesphere.be\/fr\/#organization\"},\"potentialAction\":[{\"@type\":\"SearchAction\",\"target\":{\"@type\":\"EntryPoint\",\"urlTemplate\":\"https:\/\/peoplesphere.be\/fr\/?s={search_term_string}\"},\"query-input\":\"required name=search_term_string\"}],\"inLanguage\":\"fr-FR\"},{\"@type\":\"Organization\",\"@id\":\"https:\/\/peoplesphere.be\/fr\/#organization\",\"name\":\"Peoplesphere Company srl\",\"url\":\"https:\/\/peoplesphere.be\/fr\/\",\"logo\":{\"@type\":\"ImageObject\",\"inLanguage\":\"fr-FR\",\"@id\":\"https:\/\/peoplesphere.be\/fr\/#\/schema\/logo\/image\/\",\"url\":\"https:\/\/peoplesphere.be\/fr\/wp-content\/uploads\/2023\/07\/peoplesphere-lgo-new-generik.jpg\",\"contentUrl\":\"https:\/\/peoplesphere.be\/fr\/wp-content\/uploads\/2023\/07\/peoplesphere-lgo-new-generik.jpg\",\"width\":1031,\"height\":1479,\"caption\":\"Peoplesphere Company srl\"},\"image\":{\"@id\":\"https:\/\/peoplesphere.be\/fr\/#\/schema\/logo\/image\/\"},\"sameAs\":[\"https:\/\/www.facebook.com\/peoplesphere\",\"https:\/\/twitter.com\/PeoplesphereMag\",\"https:\/\/www.linkedin.com\/company\/7587361?trk\",\"http:\/\/youtube.com\/peoplesphere\"]},{\"@type\":\"Person\",\"@id\":\"https:\/\/peoplesphere.be\/fr\/#\/schema\/person\/7976225ff17988604334abb7b3536a7e\",\"name\":\"Jean-Paul Erhard\",\"image\":{\"@type\":\"ImageObject\",\"inLanguage\":\"fr-FR\",\"@id\":\"https:\/\/peoplesphere.be\/fr\/#\/schema\/person\/image\/\",\"url\":\"https:\/\/secure.gravatar.com\/avatar\/f941e681460179738071629a51574930?s=96&d=mm&r=g\",\"contentUrl\":\"https:\/\/secure.gravatar.com\/avatar\/f941e681460179738071629a51574930?s=96&d=mm&r=g\",\"caption\":\"Jean-Paul Erhard\"},\"url\":\"https:\/\/peoplesphere.be\/fr\/author\/jpe\/\"}]}<\/script>\n<!-- \/ Yoast SEO plugin. -->","yoast_head_json":{"title":"6 ao\u00fbt 2015 : les Belges enfin libres sur le plan fiscal - Peoplesphere","robots":{"index":"index","follow":"follow","max-snippet":"max-snippet:-1","max-image-preview":"max-image-preview:large","max-video-preview":"max-video-preview:-1"},"canonical":"https:\/\/peoplesphere.be\/fr\/6-aout-2015-les-belges-enfin-libres-sur-le-plan-fiscal\/","og_locale":"fr_FR","og_type":"article","og_title":"6 ao\u00fbt 2015 : les Belges enfin libres sur le plan fiscal - Peoplesphere","og_description":"Pour la cinqui\u00e8me ann\u00e9e cons\u00e9cutive, les travailleurs belges sont les derniers \u00e0 c\u00e9l\u00e9brer le jour de lib\u00e9ration fiscale. Selon l\u2019\u00e9tude annuelle, les travailleurs belges sont aujourd&rsquo;hui m\u00eame les derniers en Europe \u00e0 c\u00e9l\u00e9brer le jour de lib\u00e9ration fiscale. Le \u00ab\u00a0Tax [&hellip;]","og_url":"https:\/\/peoplesphere.be\/fr\/6-aout-2015-les-belges-enfin-libres-sur-le-plan-fiscal\/","og_site_name":"Peoplesphere","article_publisher":"https:\/\/www.facebook.com\/peoplesphere","article_published_time":"2015-08-06T06:33:55+00:00","article_modified_time":"2015-08-06T08:06:49+00:00","og_image":[{"url":"http:\/\/www.peoplesphere.be\/fr\/wp-content\/uploads\/2016\/07\/facebook-default-posting-1200x628px.jpg"}],"author":"Jean-Paul Erhard","twitter_card":"summary_large_image","twitter_creator":"@PeoplesphereMag","twitter_site":"@PeoplesphereMag","twitter_misc":{"\u00c9crit par":"Jean-Paul Erhard","Dur\u00e9e de lecture estim\u00e9e":"4 minutes"},"schema":{"@context":"https:\/\/schema.org","@graph":[{"@type":"Article","@id":"https:\/\/peoplesphere.be\/fr\/6-aout-2015-les-belges-enfin-libres-sur-le-plan-fiscal\/#article","isPartOf":{"@id":"https:\/\/peoplesphere.be\/fr\/6-aout-2015-les-belges-enfin-libres-sur-le-plan-fiscal\/"},"author":{"name":"Jean-Paul Erhard","@id":"https:\/\/peoplesphere.be\/fr\/#\/schema\/person\/7976225ff17988604334abb7b3536a7e"},"headline":"6 ao\u00fbt 2015 : les Belges enfin libres sur le plan fiscal","datePublished":"2015-08-06T06:33:55+00:00","dateModified":"2015-08-06T08:06:49+00:00","mainEntityOfPage":{"@id":"https:\/\/peoplesphere.be\/fr\/6-aout-2015-les-belges-enfin-libres-sur-le-plan-fiscal\/"},"wordCount":748,"publisher":{"@id":"https:\/\/peoplesphere.be\/fr\/#organization"},"keywords":["charges sociales","co\u00fbt du travail","fiscalit\u00e9","tax shift"],"articleSection":["Actualit\u00e9s","Digital"],"inLanguage":"fr-FR"},{"@type":"WebPage","@id":"https:\/\/peoplesphere.be\/fr\/6-aout-2015-les-belges-enfin-libres-sur-le-plan-fiscal\/","url":"https:\/\/peoplesphere.be\/fr\/6-aout-2015-les-belges-enfin-libres-sur-le-plan-fiscal\/","name":"6 ao\u00fbt 2015 : les Belges enfin libres sur le plan fiscal - Peoplesphere","isPartOf":{"@id":"https:\/\/peoplesphere.be\/fr\/#website"},"datePublished":"2015-08-06T06:33:55+00:00","dateModified":"2015-08-06T08:06:49+00:00","breadcrumb":{"@id":"https:\/\/peoplesphere.be\/fr\/6-aout-2015-les-belges-enfin-libres-sur-le-plan-fiscal\/#breadcrumb"},"inLanguage":"fr-FR","potentialAction":[{"@type":"ReadAction","target":["https:\/\/peoplesphere.be\/fr\/6-aout-2015-les-belges-enfin-libres-sur-le-plan-fiscal\/"]}]},{"@type":"BreadcrumbList","@id":"https:\/\/peoplesphere.be\/fr\/6-aout-2015-les-belges-enfin-libres-sur-le-plan-fiscal\/#breadcrumb","itemListElement":[{"@type":"ListItem","position":1,"name":"Accueil","item":"https:\/\/peoplesphere.be\/fr\/"},{"@type":"ListItem","position":2,"name":"6 ao\u00fbt 2015 : les Belges enfin libres sur le plan fiscal"}]},{"@type":"WebSite","@id":"https:\/\/peoplesphere.be\/fr\/#website","url":"https:\/\/peoplesphere.be\/fr\/","name":"Peoplesphere","description":"The People Managers Magazine","publisher":{"@id":"https:\/\/peoplesphere.be\/fr\/#organization"},"potentialAction":[{"@type":"SearchAction","target":{"@type":"EntryPoint","urlTemplate":"https:\/\/peoplesphere.be\/fr\/?s={search_term_string}"},"query-input":"required name=search_term_string"}],"inLanguage":"fr-FR"},{"@type":"Organization","@id":"https:\/\/peoplesphere.be\/fr\/#organization","name":"Peoplesphere Company srl","url":"https:\/\/peoplesphere.be\/fr\/","logo":{"@type":"ImageObject","inLanguage":"fr-FR","@id":"https:\/\/peoplesphere.be\/fr\/#\/schema\/logo\/image\/","url":"https:\/\/peoplesphere.be\/fr\/wp-content\/uploads\/2023\/07\/peoplesphere-lgo-new-generik.jpg","contentUrl":"https:\/\/peoplesphere.be\/fr\/wp-content\/uploads\/2023\/07\/peoplesphere-lgo-new-generik.jpg","width":1031,"height":1479,"caption":"Peoplesphere Company srl"},"image":{"@id":"https:\/\/peoplesphere.be\/fr\/#\/schema\/logo\/image\/"},"sameAs":["https:\/\/www.facebook.com\/peoplesphere","https:\/\/twitter.com\/PeoplesphereMag","https:\/\/www.linkedin.com\/company\/7587361?trk","http:\/\/youtube.com\/peoplesphere"]},{"@type":"Person","@id":"https:\/\/peoplesphere.be\/fr\/#\/schema\/person\/7976225ff17988604334abb7b3536a7e","name":"Jean-Paul Erhard","image":{"@type":"ImageObject","inLanguage":"fr-FR","@id":"https:\/\/peoplesphere.be\/fr\/#\/schema\/person\/image\/","url":"https:\/\/secure.gravatar.com\/avatar\/f941e681460179738071629a51574930?s=96&d=mm&r=g","contentUrl":"https:\/\/secure.gravatar.com\/avatar\/f941e681460179738071629a51574930?s=96&d=mm&r=g","caption":"Jean-Paul Erhard"},"url":"https:\/\/peoplesphere.be\/fr\/author\/jpe\/"}]}},"_links":{"self":[{"href":"https:\/\/peoplesphere.be\/fr\/wp-json\/wp\/v2\/posts\/1678"}],"collection":[{"href":"https:\/\/peoplesphere.be\/fr\/wp-json\/wp\/v2\/posts"}],"about":[{"href":"https:\/\/peoplesphere.be\/fr\/wp-json\/wp\/v2\/types\/post"}],"author":[{"embeddable":true,"href":"https:\/\/peoplesphere.be\/fr\/wp-json\/wp\/v2\/users\/2"}],"replies":[{"embeddable":true,"href":"https:\/\/peoplesphere.be\/fr\/wp-json\/wp\/v2\/comments?post=1678"}],"version-history":[{"count":3,"href":"https:\/\/peoplesphere.be\/fr\/wp-json\/wp\/v2\/posts\/1678\/revisions"}],"predecessor-version":[{"id":1691,"href":"https:\/\/peoplesphere.be\/fr\/wp-json\/wp\/v2\/posts\/1678\/revisions\/1691"}],"wp:attachment":[{"href":"https:\/\/peoplesphere.be\/fr\/wp-json\/wp\/v2\/media?parent=1678"}],"wp:term":[{"taxonomy":"category","embeddable":true,"href":"https:\/\/peoplesphere.be\/fr\/wp-json\/wp\/v2\/categories?post=1678"},{"taxonomy":"post_tag","embeddable":true,"href":"https:\/\/peoplesphere.be\/fr\/wp-json\/wp\/v2\/tags?post=1678"}],"curies":[{"name":"wp","href":"https:\/\/api.w.org\/{rel}","templated":true}]}}