









{"id":16794,"date":"2024-10-01T16:31:41","date_gmt":"2024-10-01T14:31:41","guid":{"rendered":"https:\/\/peoplesphere.be\/fr\/?p=16794"},"modified":"2024-10-02T06:35:51","modified_gmt":"2024-10-02T04:35:51","slug":"la-croissance-de-lemploi-sest-completement-arretee-en-2024-cest-le-secteur-industriel-qui-a-souffert-depuis-le-debut-de-cette-annee","status":"publish","type":"post","link":"https:\/\/peoplesphere.be\/fr\/la-croissance-de-lemploi-sest-completement-arretee-en-2024-cest-le-secteur-industriel-qui-a-souffert-depuis-le-debut-de-cette-annee\/","title":{"rendered":"La croissance de l&#8217;emploi s&rsquo;est compl\u00e8tement arr\u00eat\u00e9e en 2024: c&rsquo;est le secteur industriel qui a souffert depuis le d\u00e9but de cette ann\u00e9e."},"content":{"rendered":"<p>En Belgique, l&#8217;emploi a connu un faux d\u00e9part en 2024. Les chiffres d\u00e9cevants d\u00e9j\u00e0 enregistr\u00e9s par l&rsquo;ONSS en 2023 se sont poursuivis au cours des six premiers mois de 2024. La croissance de l&#8217;emploi salari\u00e9 a \u00e9t\u00e9 nulle au deuxi\u00e8me trimestre. L&#8217;emploi dans l&rsquo;industrie a \u00e9t\u00e9 durement touch\u00e9 au cours du premier semestre. C&rsquo;est ce que r\u00e9v\u00e8lent les chiffres de l&rsquo;Office national de s\u00e9curit\u00e9 sociale pour le deuxi\u00e8me trimestre 2024.<!--more--><\/p>\n<p>L&rsquo;industrie a \u00e9t\u00e9 particuli\u00e8rement touch\u00e9e en d\u00e9but d&rsquo;ann\u00e9e. Le nombre d&#8217;emplois y a diminu\u00e9 de 1,7% et le volume de travail (en \u00e9quivalents temps plein) de 1,8% par rapport \u00e0 la m\u00eame p\u00e9riode un an plus t\u00f4t.<\/p>\n<p><em>\u00ab\u00a0La baisse a \u00e9t\u00e9 la plus forte dans le fabrication des v\u00e9hicules o\u00f9 12% des emplois ont \u00e9t\u00e9 perdus\u00a0\u00bb<\/em>, d\u00e9clare Jasper Hubeau, directeur g\u00e9n\u00e9ral du service financier et statistique de l&rsquo;ONSS.<em> \u00ab\u00a0Il faut y voir notamment l\u2019effet de la fermeture de Van Hool, un employeur important dans l\u2019assemblage automobile \u00ab\u00a0.<\/em><\/p>\n<p><em>\u00ab\u00a0L\u2019industrie automobile est une exception n\u00e9gative, mais la situation s&rsquo;est \u00e9galement d\u00e9t\u00e9rior\u00e9e dans les autres sous-secteurs de l&rsquo;industrie. L&rsquo;industrie du textile et de l&rsquo;habillement a perdu plus de 6% de ses emplois en un an et les industries du bois, du papier et de l&rsquo;imprimerie 5%\u00a0\u00bb.<\/em><\/p>\n<p>La croissance dans l&rsquo;industrie pharmaceutique s&rsquo;est poursuivie au d\u00e9but de l&rsquo;ann\u00e9e, mais de fa\u00e7on moins importante qu&rsquo;en 2023 : +1% pour les emplois et +0,8% pour le volume de travail. La fabrication de produits informatiques conna\u00eet \u00e9galement une croissance limit\u00e9e (1,1% en termes d&#8217;emplois et 1,4% en termes de volume de travail).<\/p>\n<p>Dans le secteur de la construction, le nombre d&#8217;emplois (-1,7%) et le nombre d&rsquo;\u00e9quivalents temps plein (-2,3%) ont diminu\u00e9, mais la baisse de ce dernier est en partie due \u00e0 une part plus importante du ch\u00f4mage pour cause d\u2019intemp\u00e9ries en 2024.<\/p>\n<h3><strong><em>Compensations dans le secteur des services<\/em><\/strong><\/h3>\n<p>Le secteur des services a continu\u00e9 \u00e0 cro\u00eetre, quoique modestement (+0,5%). La croissance concerne principalement les professions lib\u00e9rales et les activit\u00e9s scientifiques et techniques (+1,5%), les activit\u00e9s financi\u00e8res et les assurances (+0,5%) et les prestations de services non commerciales (+0,6%) qui comprennent notamment l&rsquo;enseignement et l&rsquo;administration publique. L&#8217;emploi dans l\u2019horeca stagne (+0,1%) et le secteur du commerce perd des emplois (-1%).<\/p>\n<p>&nbsp;<\/p>\n<p><em>Source: ONSS<\/em><\/p>\n","protected":false},"excerpt":{"rendered":"<p>En Belgique, l&#8217;emploi a connu un faux d\u00e9part en 2024. Les chiffres d\u00e9cevants d\u00e9j\u00e0 enregistr\u00e9s par l&rsquo;ONSS en 2023 se sont poursuivis au cours des six premiers mois de 2024. La croissance de l&#8217;emploi salari\u00e9 a \u00e9t\u00e9 nulle au deuxi\u00e8me [&hellip;]<\/p>\n","protected":false},"author":2,"featured_media":0,"comment_status":"closed","ping_status":"open","sticky":false,"template":"","format":"standard","meta":[],"categories":[65,10],"tags":[152,11,3796,3863],"yoast_head":"<!-- This site is optimized with the Yoast SEO plugin v21.0 - https:\/\/yoast.com\/wordpress\/plugins\/seo\/ -->\n<title>La croissance de l&#039;emploi s&#039;est compl\u00e8tement arr\u00eat\u00e9e en 2024: c&#039;est le secteur industriel qui a souffert depuis le d\u00e9but de cette ann\u00e9e. - Peoplesphere<\/title>\n<meta name=\"robots\" content=\"index, follow, max-snippet:-1, max-image-preview:large, max-video-preview:-1\" \/>\n<link rel=\"canonical\" href=\"https:\/\/peoplesphere.be\/fr\/la-croissance-de-lemploi-sest-completement-arretee-en-2024-cest-le-secteur-industriel-qui-a-souffert-depuis-le-debut-de-cette-annee\/\" \/>\n<meta property=\"og:locale\" content=\"fr_FR\" \/>\n<meta property=\"og:type\" content=\"article\" \/>\n<meta property=\"og:title\" content=\"La croissance de l&#039;emploi s&#039;est compl\u00e8tement arr\u00eat\u00e9e en 2024: c&#039;est le secteur industriel qui a souffert depuis le d\u00e9but de cette ann\u00e9e. - Peoplesphere\" \/>\n<meta property=\"og:description\" content=\"En Belgique, l&#8217;emploi a connu un faux d\u00e9part en 2024. Les chiffres d\u00e9cevants d\u00e9j\u00e0 enregistr\u00e9s par l&rsquo;ONSS en 2023 se sont poursuivis au cours des six premiers mois de 2024. La croissance de l&#8217;emploi salari\u00e9 a \u00e9t\u00e9 nulle au deuxi\u00e8me [&hellip;]\" \/>\n<meta property=\"og:url\" content=\"https:\/\/peoplesphere.be\/fr\/la-croissance-de-lemploi-sest-completement-arretee-en-2024-cest-le-secteur-industriel-qui-a-souffert-depuis-le-debut-de-cette-annee\/\" \/>\n<meta property=\"og:site_name\" content=\"Peoplesphere\" \/>\n<meta property=\"article:publisher\" content=\"https:\/\/www.facebook.com\/peoplesphere\" \/>\n<meta property=\"article:published_time\" content=\"2024-10-01T14:31:41+00:00\" \/>\n<meta property=\"article:modified_time\" content=\"2024-10-02T04:35:51+00:00\" \/>\n<meta property=\"og:image\" content=\"http:\/\/www.peoplesphere.be\/fr\/wp-content\/uploads\/2016\/07\/facebook-default-posting-1200x628px.jpg\" \/>\n<meta name=\"author\" content=\"Jean-Paul Erhard\" \/>\n<meta name=\"twitter:card\" content=\"summary_large_image\" \/>\n<meta name=\"twitter:creator\" content=\"@PeoplesphereMag\" \/>\n<meta name=\"twitter:site\" content=\"@PeoplesphereMag\" \/>\n<meta name=\"twitter:label1\" content=\"\u00c9crit par\" \/>\n\t<meta name=\"twitter:data1\" content=\"Jean-Paul Erhard\" \/>\n\t<meta name=\"twitter:label2\" content=\"Dur\u00e9e de lecture estim\u00e9e\" \/>\n\t<meta name=\"twitter:data2\" content=\"2 minutes\" \/>\n<script type=\"application\/ld+json\" class=\"yoast-schema-graph\">{\"@context\":\"https:\/\/schema.org\",\"@graph\":[{\"@type\":\"Article\",\"@id\":\"https:\/\/peoplesphere.be\/fr\/la-croissance-de-lemploi-sest-completement-arretee-en-2024-cest-le-secteur-industriel-qui-a-souffert-depuis-le-debut-de-cette-annee\/#article\",\"isPartOf\":{\"@id\":\"https:\/\/peoplesphere.be\/fr\/la-croissance-de-lemploi-sest-completement-arretee-en-2024-cest-le-secteur-industriel-qui-a-souffert-depuis-le-debut-de-cette-annee\/\"},\"author\":{\"name\":\"Jean-Paul Erhard\",\"@id\":\"https:\/\/peoplesphere.be\/fr\/#\/schema\/person\/7976225ff17988604334abb7b3536a7e\"},\"headline\":\"La croissance de l&#8217;emploi s&rsquo;est compl\u00e8tement arr\u00eat\u00e9e en 2024: c&rsquo;est le secteur industriel qui a souffert depuis le d\u00e9but de cette ann\u00e9e.\",\"datePublished\":\"2024-10-01T14:31:41+00:00\",\"dateModified\":\"2024-10-02T04:35:51+00:00\",\"mainEntityOfPage\":{\"@id\":\"https:\/\/peoplesphere.be\/fr\/la-croissance-de-lemploi-sest-completement-arretee-en-2024-cest-le-secteur-industriel-qui-a-souffert-depuis-le-debut-de-cette-annee\/\"},\"wordCount\":409,\"publisher\":{\"@id\":\"https:\/\/peoplesphere.be\/fr\/#organization\"},\"keywords\":[\"croissance\",\"emploi\",\"industrie\",\"services\"],\"articleSection\":[\"Actualit\u00e9s\",\"Digital\"],\"inLanguage\":\"fr-FR\"},{\"@type\":\"WebPage\",\"@id\":\"https:\/\/peoplesphere.be\/fr\/la-croissance-de-lemploi-sest-completement-arretee-en-2024-cest-le-secteur-industriel-qui-a-souffert-depuis-le-debut-de-cette-annee\/\",\"url\":\"https:\/\/peoplesphere.be\/fr\/la-croissance-de-lemploi-sest-completement-arretee-en-2024-cest-le-secteur-industriel-qui-a-souffert-depuis-le-debut-de-cette-annee\/\",\"name\":\"La croissance de l'emploi s'est compl\u00e8tement arr\u00eat\u00e9e en 2024: c'est le secteur industriel qui a souffert depuis le d\u00e9but de cette ann\u00e9e. - Peoplesphere\",\"isPartOf\":{\"@id\":\"https:\/\/peoplesphere.be\/fr\/#website\"},\"datePublished\":\"2024-10-01T14:31:41+00:00\",\"dateModified\":\"2024-10-02T04:35:51+00:00\",\"breadcrumb\":{\"@id\":\"https:\/\/peoplesphere.be\/fr\/la-croissance-de-lemploi-sest-completement-arretee-en-2024-cest-le-secteur-industriel-qui-a-souffert-depuis-le-debut-de-cette-annee\/#breadcrumb\"},\"inLanguage\":\"fr-FR\",\"potentialAction\":[{\"@type\":\"ReadAction\",\"target\":[\"https:\/\/peoplesphere.be\/fr\/la-croissance-de-lemploi-sest-completement-arretee-en-2024-cest-le-secteur-industriel-qui-a-souffert-depuis-le-debut-de-cette-annee\/\"]}]},{\"@type\":\"BreadcrumbList\",\"@id\":\"https:\/\/peoplesphere.be\/fr\/la-croissance-de-lemploi-sest-completement-arretee-en-2024-cest-le-secteur-industriel-qui-a-souffert-depuis-le-debut-de-cette-annee\/#breadcrumb\",\"itemListElement\":[{\"@type\":\"ListItem\",\"position\":1,\"name\":\"Accueil\",\"item\":\"https:\/\/peoplesphere.be\/fr\/\"},{\"@type\":\"ListItem\",\"position\":2,\"name\":\"La croissance de l&#8217;emploi s&rsquo;est compl\u00e8tement arr\u00eat\u00e9e en 2024: c&rsquo;est le secteur industriel qui a souffert depuis le d\u00e9but de cette ann\u00e9e.\"}]},{\"@type\":\"WebSite\",\"@id\":\"https:\/\/peoplesphere.be\/fr\/#website\",\"url\":\"https:\/\/peoplesphere.be\/fr\/\",\"name\":\"Peoplesphere\",\"description\":\"The People Managers Magazine\",\"publisher\":{\"@id\":\"https:\/\/peoplesphere.be\/fr\/#organization\"},\"potentialAction\":[{\"@type\":\"SearchAction\",\"target\":{\"@type\":\"EntryPoint\",\"urlTemplate\":\"https:\/\/peoplesphere.be\/fr\/?s={search_term_string}\"},\"query-input\":\"required name=search_term_string\"}],\"inLanguage\":\"fr-FR\"},{\"@type\":\"Organization\",\"@id\":\"https:\/\/peoplesphere.be\/fr\/#organization\",\"name\":\"Peoplesphere Company srl\",\"url\":\"https:\/\/peoplesphere.be\/fr\/\",\"logo\":{\"@type\":\"ImageObject\",\"inLanguage\":\"fr-FR\",\"@id\":\"https:\/\/peoplesphere.be\/fr\/#\/schema\/logo\/image\/\",\"url\":\"https:\/\/peoplesphere.be\/fr\/wp-content\/uploads\/2023\/07\/peoplesphere-lgo-new-generik.jpg\",\"contentUrl\":\"https:\/\/peoplesphere.be\/fr\/wp-content\/uploads\/2023\/07\/peoplesphere-lgo-new-generik.jpg\",\"width\":1031,\"height\":1479,\"caption\":\"Peoplesphere Company srl\"},\"image\":{\"@id\":\"https:\/\/peoplesphere.be\/fr\/#\/schema\/logo\/image\/\"},\"sameAs\":[\"https:\/\/www.facebook.com\/peoplesphere\",\"https:\/\/twitter.com\/PeoplesphereMag\",\"https:\/\/www.linkedin.com\/company\/7587361?trk\",\"http:\/\/youtube.com\/peoplesphere\"]},{\"@type\":\"Person\",\"@id\":\"https:\/\/peoplesphere.be\/fr\/#\/schema\/person\/7976225ff17988604334abb7b3536a7e\",\"name\":\"Jean-Paul Erhard\",\"image\":{\"@type\":\"ImageObject\",\"inLanguage\":\"fr-FR\",\"@id\":\"https:\/\/peoplesphere.be\/fr\/#\/schema\/person\/image\/\",\"url\":\"https:\/\/secure.gravatar.com\/avatar\/f941e681460179738071629a51574930?s=96&d=mm&r=g\",\"contentUrl\":\"https:\/\/secure.gravatar.com\/avatar\/f941e681460179738071629a51574930?s=96&d=mm&r=g\",\"caption\":\"Jean-Paul Erhard\"},\"url\":\"https:\/\/peoplesphere.be\/fr\/author\/jpe\/\"}]}<\/script>\n<!-- \/ Yoast SEO plugin. -->","yoast_head_json":{"title":"La croissance de l'emploi s'est compl\u00e8tement arr\u00eat\u00e9e en 2024: c'est le secteur industriel qui a souffert depuis le d\u00e9but de cette ann\u00e9e. - Peoplesphere","robots":{"index":"index","follow":"follow","max-snippet":"max-snippet:-1","max-image-preview":"max-image-preview:large","max-video-preview":"max-video-preview:-1"},"canonical":"https:\/\/peoplesphere.be\/fr\/la-croissance-de-lemploi-sest-completement-arretee-en-2024-cest-le-secteur-industriel-qui-a-souffert-depuis-le-debut-de-cette-annee\/","og_locale":"fr_FR","og_type":"article","og_title":"La croissance de l'emploi s'est compl\u00e8tement arr\u00eat\u00e9e en 2024: c'est le secteur industriel qui a souffert depuis le d\u00e9but de cette ann\u00e9e. - Peoplesphere","og_description":"En Belgique, l&#8217;emploi a connu un faux d\u00e9part en 2024. Les chiffres d\u00e9cevants d\u00e9j\u00e0 enregistr\u00e9s par l&rsquo;ONSS en 2023 se sont poursuivis au cours des six premiers mois de 2024. La croissance de l&#8217;emploi salari\u00e9 a \u00e9t\u00e9 nulle au deuxi\u00e8me [&hellip;]","og_url":"https:\/\/peoplesphere.be\/fr\/la-croissance-de-lemploi-sest-completement-arretee-en-2024-cest-le-secteur-industriel-qui-a-souffert-depuis-le-debut-de-cette-annee\/","og_site_name":"Peoplesphere","article_publisher":"https:\/\/www.facebook.com\/peoplesphere","article_published_time":"2024-10-01T14:31:41+00:00","article_modified_time":"2024-10-02T04:35:51+00:00","og_image":[{"url":"http:\/\/www.peoplesphere.be\/fr\/wp-content\/uploads\/2016\/07\/facebook-default-posting-1200x628px.jpg"}],"author":"Jean-Paul Erhard","twitter_card":"summary_large_image","twitter_creator":"@PeoplesphereMag","twitter_site":"@PeoplesphereMag","twitter_misc":{"\u00c9crit par":"Jean-Paul Erhard","Dur\u00e9e de lecture estim\u00e9e":"2 minutes"},"schema":{"@context":"https:\/\/schema.org","@graph":[{"@type":"Article","@id":"https:\/\/peoplesphere.be\/fr\/la-croissance-de-lemploi-sest-completement-arretee-en-2024-cest-le-secteur-industriel-qui-a-souffert-depuis-le-debut-de-cette-annee\/#article","isPartOf":{"@id":"https:\/\/peoplesphere.be\/fr\/la-croissance-de-lemploi-sest-completement-arretee-en-2024-cest-le-secteur-industriel-qui-a-souffert-depuis-le-debut-de-cette-annee\/"},"author":{"name":"Jean-Paul Erhard","@id":"https:\/\/peoplesphere.be\/fr\/#\/schema\/person\/7976225ff17988604334abb7b3536a7e"},"headline":"La croissance de l&#8217;emploi s&rsquo;est compl\u00e8tement arr\u00eat\u00e9e en 2024: c&rsquo;est le secteur industriel qui a souffert depuis le d\u00e9but de cette ann\u00e9e.","datePublished":"2024-10-01T14:31:41+00:00","dateModified":"2024-10-02T04:35:51+00:00","mainEntityOfPage":{"@id":"https:\/\/peoplesphere.be\/fr\/la-croissance-de-lemploi-sest-completement-arretee-en-2024-cest-le-secteur-industriel-qui-a-souffert-depuis-le-debut-de-cette-annee\/"},"wordCount":409,"publisher":{"@id":"https:\/\/peoplesphere.be\/fr\/#organization"},"keywords":["croissance","emploi","industrie","services"],"articleSection":["Actualit\u00e9s","Digital"],"inLanguage":"fr-FR"},{"@type":"WebPage","@id":"https:\/\/peoplesphere.be\/fr\/la-croissance-de-lemploi-sest-completement-arretee-en-2024-cest-le-secteur-industriel-qui-a-souffert-depuis-le-debut-de-cette-annee\/","url":"https:\/\/peoplesphere.be\/fr\/la-croissance-de-lemploi-sest-completement-arretee-en-2024-cest-le-secteur-industriel-qui-a-souffert-depuis-le-debut-de-cette-annee\/","name":"La croissance de l'emploi s'est compl\u00e8tement arr\u00eat\u00e9e en 2024: c'est le secteur industriel qui a souffert depuis le d\u00e9but de cette ann\u00e9e. - Peoplesphere","isPartOf":{"@id":"https:\/\/peoplesphere.be\/fr\/#website"},"datePublished":"2024-10-01T14:31:41+00:00","dateModified":"2024-10-02T04:35:51+00:00","breadcrumb":{"@id":"https:\/\/peoplesphere.be\/fr\/la-croissance-de-lemploi-sest-completement-arretee-en-2024-cest-le-secteur-industriel-qui-a-souffert-depuis-le-debut-de-cette-annee\/#breadcrumb"},"inLanguage":"fr-FR","potentialAction":[{"@type":"ReadAction","target":["https:\/\/peoplesphere.be\/fr\/la-croissance-de-lemploi-sest-completement-arretee-en-2024-cest-le-secteur-industriel-qui-a-souffert-depuis-le-debut-de-cette-annee\/"]}]},{"@type":"BreadcrumbList","@id":"https:\/\/peoplesphere.be\/fr\/la-croissance-de-lemploi-sest-completement-arretee-en-2024-cest-le-secteur-industriel-qui-a-souffert-depuis-le-debut-de-cette-annee\/#breadcrumb","itemListElement":[{"@type":"ListItem","position":1,"name":"Accueil","item":"https:\/\/peoplesphere.be\/fr\/"},{"@type":"ListItem","position":2,"name":"La croissance de l&#8217;emploi s&rsquo;est compl\u00e8tement arr\u00eat\u00e9e en 2024: c&rsquo;est le secteur industriel qui a souffert depuis le d\u00e9but de cette ann\u00e9e."}]},{"@type":"WebSite","@id":"https:\/\/peoplesphere.be\/fr\/#website","url":"https:\/\/peoplesphere.be\/fr\/","name":"Peoplesphere","description":"The People Managers Magazine","publisher":{"@id":"https:\/\/peoplesphere.be\/fr\/#organization"},"potentialAction":[{"@type":"SearchAction","target":{"@type":"EntryPoint","urlTemplate":"https:\/\/peoplesphere.be\/fr\/?s={search_term_string}"},"query-input":"required name=search_term_string"}],"inLanguage":"fr-FR"},{"@type":"Organization","@id":"https:\/\/peoplesphere.be\/fr\/#organization","name":"Peoplesphere Company srl","url":"https:\/\/peoplesphere.be\/fr\/","logo":{"@type":"ImageObject","inLanguage":"fr-FR","@id":"https:\/\/peoplesphere.be\/fr\/#\/schema\/logo\/image\/","url":"https:\/\/peoplesphere.be\/fr\/wp-content\/uploads\/2023\/07\/peoplesphere-lgo-new-generik.jpg","contentUrl":"https:\/\/peoplesphere.be\/fr\/wp-content\/uploads\/2023\/07\/peoplesphere-lgo-new-generik.jpg","width":1031,"height":1479,"caption":"Peoplesphere Company srl"},"image":{"@id":"https:\/\/peoplesphere.be\/fr\/#\/schema\/logo\/image\/"},"sameAs":["https:\/\/www.facebook.com\/peoplesphere","https:\/\/twitter.com\/PeoplesphereMag","https:\/\/www.linkedin.com\/company\/7587361?trk","http:\/\/youtube.com\/peoplesphere"]},{"@type":"Person","@id":"https:\/\/peoplesphere.be\/fr\/#\/schema\/person\/7976225ff17988604334abb7b3536a7e","name":"Jean-Paul Erhard","image":{"@type":"ImageObject","inLanguage":"fr-FR","@id":"https:\/\/peoplesphere.be\/fr\/#\/schema\/person\/image\/","url":"https:\/\/secure.gravatar.com\/avatar\/f941e681460179738071629a51574930?s=96&d=mm&r=g","contentUrl":"https:\/\/secure.gravatar.com\/avatar\/f941e681460179738071629a51574930?s=96&d=mm&r=g","caption":"Jean-Paul Erhard"},"url":"https:\/\/peoplesphere.be\/fr\/author\/jpe\/"}]}},"_links":{"self":[{"href":"https:\/\/peoplesphere.be\/fr\/wp-json\/wp\/v2\/posts\/16794"}],"collection":[{"href":"https:\/\/peoplesphere.be\/fr\/wp-json\/wp\/v2\/posts"}],"about":[{"href":"https:\/\/peoplesphere.be\/fr\/wp-json\/wp\/v2\/types\/post"}],"author":[{"embeddable":true,"href":"https:\/\/peoplesphere.be\/fr\/wp-json\/wp\/v2\/users\/2"}],"replies":[{"embeddable":true,"href":"https:\/\/peoplesphere.be\/fr\/wp-json\/wp\/v2\/comments?post=16794"}],"version-history":[{"count":1,"href":"https:\/\/peoplesphere.be\/fr\/wp-json\/wp\/v2\/posts\/16794\/revisions"}],"predecessor-version":[{"id":16795,"href":"https:\/\/peoplesphere.be\/fr\/wp-json\/wp\/v2\/posts\/16794\/revisions\/16795"}],"wp:attachment":[{"href":"https:\/\/peoplesphere.be\/fr\/wp-json\/wp\/v2\/media?parent=16794"}],"wp:term":[{"taxonomy":"category","embeddable":true,"href":"https:\/\/peoplesphere.be\/fr\/wp-json\/wp\/v2\/categories?post=16794"},{"taxonomy":"post_tag","embeddable":true,"href":"https:\/\/peoplesphere.be\/fr\/wp-json\/wp\/v2\/tags?post=16794"}],"curies":[{"name":"wp","href":"https:\/\/api.w.org\/{rel}","templated":true}]}}