









{"id":16804,"date":"2024-10-02T13:29:07","date_gmt":"2024-10-02T11:29:07","guid":{"rendered":"https:\/\/peoplesphere.be\/fr\/?p=16804"},"modified":"2024-10-02T13:29:07","modified_gmt":"2024-10-02T11:29:07","slug":"la-semaine-des-entreprises-va-t-elle-faciliter-les-recrutements-en-wallonie","status":"publish","type":"post","link":"https:\/\/peoplesphere.be\/fr\/la-semaine-des-entreprises-va-t-elle-faciliter-les-recrutements-en-wallonie\/","title":{"rendered":"La Semaine des Entreprises va-t-elle faciliter les recrutements en Wallonie?"},"content":{"rendered":"<p>Du 7 au 14 octobre 2024, le Forem, avec les Chambres de Commerce et d\u2019Industrie, organisent \u00ab\u00a0La Semaine des Entreprises\u00a0\u00bb partout en Wallonie pour aider les employeurs \u00e0 recruter plus facilement leurs nouveaux talents. Actuellement, pr\u00e8s de 700 entreprises ont d\u00e9j\u00e0 d\u00e9cid\u00e9 de participer aux diff\u00e9rentes activit\u00e9s durant la semaine.<!--more--><\/p>\n<p>Plus de 25 activit\u00e9s sont programm\u00e9es, visant \u00e0 faire d\u00e9couvrir aux entreprises les solutions sur mesure du Forem pour les aider dans leurs recrutements, les formules de formation pour leurs (futurs) travailleurs et les aides financi\u00e8res qui les accompagnent.<\/p>\n<p>Actuellement, en Wallonie, pr\u00e8s de 21.000 offres d\u2019emploi sont disponibles sur l\u2019app et le site du Forem, dont un tiers concerne des offres pour des m\u00e9tiers en p\u00e9nurie. Dans un contexte concurrentiel o\u00f9 les m\u00e9tiers en p\u00e9nurie sont nombreux (162 m\u00e9tiers en 2024), les entreprises peinent \u00e0 trouver des talents qualifi\u00e9s. Pour les aider \u00e0 recruter plus facilement, le Forem, AKT-CCI et de nombreux partenaires locaux se mobilisent pour mieux faire connaitre les solutions que le Forem peut apporter aux entreprises. Concr\u00e8tement, du 7 au 14 octobre 2024, plus de 25 activit\u00e9s sont programm\u00e9es, partout en Wallonie. Les conseillers iront \u00e9galement une nouvelle fois \u00e0 la rencontre des entrepreneurs wallons, avec pour objectif de d\u00e9marcher plus 1.000 entreprises durant la semaine.<\/p>\n<p>S\u00e9ances d\u2019information, conf\u00e9rences, webinaires, petits d\u00e9jeuners, lunchs, matin\u00e9es d\u2019infos ou encore jobdays, ces divers \u00e9v\u00e8nements seront l\u2019occasion pour les entreprises de rencontrer les conseillers entreprises Forem, d\u2019\u00eatre inform\u00e9es sur la nouvelle mouture du Plan Formation-Insertion (PFI) et sur les autres dispositifs d\u2019aides \u00e0 l\u2019emploi, d\u2019\u00e9changer et r\u00e9seauter avec d\u2019autres patrons sur des th\u00e9matiques communes.<\/p>\n<p><em>\u00ab\u00a0Gr\u00e2ce \u00e0 nos services aux entreprises, le Forem peut s\u00e9curiser les recrutements des entreprises. Sur les 8 premiers mois de l\u2019ann\u00e9e, 10.177 nouvelles entreprises ont fait appel aux 284 conseillers du Forem pour recruter. Ce rapprochement du Forem et du monde des entreprises a notamment permis de voir le nombre d\u2019offres d\u2019emploi g\u00e9r\u00e9es augmenter de 43 % par rapport \u00e0 la m\u00eame p\u00e9riode l\u2019ann\u00e9e derni\u00e8re\u00a0\u00bb <\/em>explique Raymonde YERNA, Administratrice g\u00e9n\u00e9rale du Forem.<\/p>\n<p><em>\u00ab\u00a0Pour l\u2019ensemble des CCI de Wallonie et avec son ancien-Pr\u00e9sident, Monsieur Barras, nous avons sign\u00e9 en son temps, une convention avec le Forem dont la \u00ab Semaine des Entreprises \u00bb est un exemple de collaboration mise en place entre les signataires. Depuis peu, les CCI wallonnes ont mu\u00e9 et s\u2019appellent AKT-CCI, dans le cadre d\u2019une alliance avec AKT (Ex-UWE). Cela ne change rien \u00e0 l\u2019accord, que du contraire ! Les deux signataires se sont aussi mutuellement renforc\u00e9s pour faire face au grand d\u00e9fi de l\u2019emploi et au profit des entreprises wallonnes\u00a0\u00bb<\/em> ajoute J\u00e9r\u00f4me VECCHIO, Pr\u00e9sident d\u2019AKT-CCI Hainaut.<\/p>\n","protected":false},"excerpt":{"rendered":"<p>Du 7 au 14 octobre 2024, le Forem, avec les Chambres de Commerce et d\u2019Industrie, organisent \u00ab\u00a0La Semaine des Entreprises\u00a0\u00bb partout en Wallonie pour aider les employeurs \u00e0 recruter plus facilement leurs nouveaux talents. Actuellement, pr\u00e8s de 700 entreprises ont [&hellip;]<\/p>\n","protected":false},"author":2,"featured_media":0,"comment_status":"closed","ping_status":"open","sticky":false,"template":"","format":"standard","meta":[],"categories":[65,10],"tags":[331,702,72],"yoast_head":"<!-- This site is optimized with the Yoast SEO plugin v21.0 - https:\/\/yoast.com\/wordpress\/plugins\/seo\/ -->\n<title>La Semaine des Entreprises va-t-elle faciliter les recrutements en Wallonie? - Peoplesphere<\/title>\n<meta name=\"robots\" content=\"index, follow, max-snippet:-1, max-image-preview:large, max-video-preview:-1\" \/>\n<link rel=\"canonical\" href=\"https:\/\/peoplesphere.be\/fr\/la-semaine-des-entreprises-va-t-elle-faciliter-les-recrutements-en-wallonie\/\" \/>\n<meta property=\"og:locale\" content=\"fr_FR\" \/>\n<meta property=\"og:type\" content=\"article\" \/>\n<meta property=\"og:title\" content=\"La Semaine des Entreprises va-t-elle faciliter les recrutements en Wallonie? - Peoplesphere\" \/>\n<meta property=\"og:description\" content=\"Du 7 au 14 octobre 2024, le Forem, avec les Chambres de Commerce et d\u2019Industrie, organisent \u00ab\u00a0La Semaine des Entreprises\u00a0\u00bb partout en Wallonie pour aider les employeurs \u00e0 recruter plus facilement leurs nouveaux talents. Actuellement, pr\u00e8s de 700 entreprises ont [&hellip;]\" \/>\n<meta property=\"og:url\" content=\"https:\/\/peoplesphere.be\/fr\/la-semaine-des-entreprises-va-t-elle-faciliter-les-recrutements-en-wallonie\/\" \/>\n<meta property=\"og:site_name\" content=\"Peoplesphere\" \/>\n<meta property=\"article:publisher\" content=\"https:\/\/www.facebook.com\/peoplesphere\" \/>\n<meta property=\"article:published_time\" content=\"2024-10-02T11:29:07+00:00\" \/>\n<meta property=\"og:image\" content=\"http:\/\/www.peoplesphere.be\/fr\/wp-content\/uploads\/2016\/07\/facebook-default-posting-1200x628px.jpg\" \/>\n<meta name=\"author\" content=\"Jean-Paul Erhard\" \/>\n<meta name=\"twitter:card\" content=\"summary_large_image\" \/>\n<meta name=\"twitter:creator\" content=\"@PeoplesphereMag\" \/>\n<meta name=\"twitter:site\" content=\"@PeoplesphereMag\" \/>\n<meta name=\"twitter:label1\" content=\"\u00c9crit par\" \/>\n\t<meta name=\"twitter:data1\" content=\"Jean-Paul Erhard\" \/>\n\t<meta name=\"twitter:label2\" content=\"Dur\u00e9e de lecture estim\u00e9e\" \/>\n\t<meta name=\"twitter:data2\" content=\"3 minutes\" \/>\n<script type=\"application\/ld+json\" class=\"yoast-schema-graph\">{\"@context\":\"https:\/\/schema.org\",\"@graph\":[{\"@type\":\"Article\",\"@id\":\"https:\/\/peoplesphere.be\/fr\/la-semaine-des-entreprises-va-t-elle-faciliter-les-recrutements-en-wallonie\/#article\",\"isPartOf\":{\"@id\":\"https:\/\/peoplesphere.be\/fr\/la-semaine-des-entreprises-va-t-elle-faciliter-les-recrutements-en-wallonie\/\"},\"author\":{\"name\":\"Jean-Paul Erhard\",\"@id\":\"https:\/\/peoplesphere.be\/fr\/#\/schema\/person\/7976225ff17988604334abb7b3536a7e\"},\"headline\":\"La Semaine des Entreprises va-t-elle faciliter les recrutements en Wallonie?\",\"datePublished\":\"2024-10-02T11:29:07+00:00\",\"dateModified\":\"2024-10-02T11:29:07+00:00\",\"mainEntityOfPage\":{\"@id\":\"https:\/\/peoplesphere.be\/fr\/la-semaine-des-entreprises-va-t-elle-faciliter-les-recrutements-en-wallonie\/\"},\"wordCount\":479,\"publisher\":{\"@id\":\"https:\/\/peoplesphere.be\/fr\/#organization\"},\"keywords\":[\"forem\",\"march\u00e9 de l'emploi\",\"recrutement\"],\"articleSection\":[\"Actualit\u00e9s\",\"Digital\"],\"inLanguage\":\"fr-FR\"},{\"@type\":\"WebPage\",\"@id\":\"https:\/\/peoplesphere.be\/fr\/la-semaine-des-entreprises-va-t-elle-faciliter-les-recrutements-en-wallonie\/\",\"url\":\"https:\/\/peoplesphere.be\/fr\/la-semaine-des-entreprises-va-t-elle-faciliter-les-recrutements-en-wallonie\/\",\"name\":\"La Semaine des Entreprises va-t-elle faciliter les recrutements en Wallonie? - Peoplesphere\",\"isPartOf\":{\"@id\":\"https:\/\/peoplesphere.be\/fr\/#website\"},\"datePublished\":\"2024-10-02T11:29:07+00:00\",\"dateModified\":\"2024-10-02T11:29:07+00:00\",\"breadcrumb\":{\"@id\":\"https:\/\/peoplesphere.be\/fr\/la-semaine-des-entreprises-va-t-elle-faciliter-les-recrutements-en-wallonie\/#breadcrumb\"},\"inLanguage\":\"fr-FR\",\"potentialAction\":[{\"@type\":\"ReadAction\",\"target\":[\"https:\/\/peoplesphere.be\/fr\/la-semaine-des-entreprises-va-t-elle-faciliter-les-recrutements-en-wallonie\/\"]}]},{\"@type\":\"BreadcrumbList\",\"@id\":\"https:\/\/peoplesphere.be\/fr\/la-semaine-des-entreprises-va-t-elle-faciliter-les-recrutements-en-wallonie\/#breadcrumb\",\"itemListElement\":[{\"@type\":\"ListItem\",\"position\":1,\"name\":\"Accueil\",\"item\":\"https:\/\/peoplesphere.be\/fr\/\"},{\"@type\":\"ListItem\",\"position\":2,\"name\":\"La Semaine des Entreprises va-t-elle faciliter les recrutements en Wallonie?\"}]},{\"@type\":\"WebSite\",\"@id\":\"https:\/\/peoplesphere.be\/fr\/#website\",\"url\":\"https:\/\/peoplesphere.be\/fr\/\",\"name\":\"Peoplesphere\",\"description\":\"The People Managers Magazine\",\"publisher\":{\"@id\":\"https:\/\/peoplesphere.be\/fr\/#organization\"},\"potentialAction\":[{\"@type\":\"SearchAction\",\"target\":{\"@type\":\"EntryPoint\",\"urlTemplate\":\"https:\/\/peoplesphere.be\/fr\/?s={search_term_string}\"},\"query-input\":\"required name=search_term_string\"}],\"inLanguage\":\"fr-FR\"},{\"@type\":\"Organization\",\"@id\":\"https:\/\/peoplesphere.be\/fr\/#organization\",\"name\":\"Peoplesphere Company srl\",\"url\":\"https:\/\/peoplesphere.be\/fr\/\",\"logo\":{\"@type\":\"ImageObject\",\"inLanguage\":\"fr-FR\",\"@id\":\"https:\/\/peoplesphere.be\/fr\/#\/schema\/logo\/image\/\",\"url\":\"https:\/\/peoplesphere.be\/fr\/wp-content\/uploads\/2023\/07\/peoplesphere-lgo-new-generik.jpg\",\"contentUrl\":\"https:\/\/peoplesphere.be\/fr\/wp-content\/uploads\/2023\/07\/peoplesphere-lgo-new-generik.jpg\",\"width\":1031,\"height\":1479,\"caption\":\"Peoplesphere Company srl\"},\"image\":{\"@id\":\"https:\/\/peoplesphere.be\/fr\/#\/schema\/logo\/image\/\"},\"sameAs\":[\"https:\/\/www.facebook.com\/peoplesphere\",\"https:\/\/twitter.com\/PeoplesphereMag\",\"https:\/\/www.linkedin.com\/company\/7587361?trk\",\"http:\/\/youtube.com\/peoplesphere\"]},{\"@type\":\"Person\",\"@id\":\"https:\/\/peoplesphere.be\/fr\/#\/schema\/person\/7976225ff17988604334abb7b3536a7e\",\"name\":\"Jean-Paul Erhard\",\"image\":{\"@type\":\"ImageObject\",\"inLanguage\":\"fr-FR\",\"@id\":\"https:\/\/peoplesphere.be\/fr\/#\/schema\/person\/image\/\",\"url\":\"https:\/\/secure.gravatar.com\/avatar\/f941e681460179738071629a51574930?s=96&d=mm&r=g\",\"contentUrl\":\"https:\/\/secure.gravatar.com\/avatar\/f941e681460179738071629a51574930?s=96&d=mm&r=g\",\"caption\":\"Jean-Paul Erhard\"},\"url\":\"https:\/\/peoplesphere.be\/fr\/author\/jpe\/\"}]}<\/script>\n<!-- \/ Yoast SEO plugin. -->","yoast_head_json":{"title":"La Semaine des Entreprises va-t-elle faciliter les recrutements en Wallonie? - Peoplesphere","robots":{"index":"index","follow":"follow","max-snippet":"max-snippet:-1","max-image-preview":"max-image-preview:large","max-video-preview":"max-video-preview:-1"},"canonical":"https:\/\/peoplesphere.be\/fr\/la-semaine-des-entreprises-va-t-elle-faciliter-les-recrutements-en-wallonie\/","og_locale":"fr_FR","og_type":"article","og_title":"La Semaine des Entreprises va-t-elle faciliter les recrutements en Wallonie? - Peoplesphere","og_description":"Du 7 au 14 octobre 2024, le Forem, avec les Chambres de Commerce et d\u2019Industrie, organisent \u00ab\u00a0La Semaine des Entreprises\u00a0\u00bb partout en Wallonie pour aider les employeurs \u00e0 recruter plus facilement leurs nouveaux talents. Actuellement, pr\u00e8s de 700 entreprises ont [&hellip;]","og_url":"https:\/\/peoplesphere.be\/fr\/la-semaine-des-entreprises-va-t-elle-faciliter-les-recrutements-en-wallonie\/","og_site_name":"Peoplesphere","article_publisher":"https:\/\/www.facebook.com\/peoplesphere","article_published_time":"2024-10-02T11:29:07+00:00","og_image":[{"url":"http:\/\/www.peoplesphere.be\/fr\/wp-content\/uploads\/2016\/07\/facebook-default-posting-1200x628px.jpg"}],"author":"Jean-Paul Erhard","twitter_card":"summary_large_image","twitter_creator":"@PeoplesphereMag","twitter_site":"@PeoplesphereMag","twitter_misc":{"\u00c9crit par":"Jean-Paul Erhard","Dur\u00e9e de lecture estim\u00e9e":"3 minutes"},"schema":{"@context":"https:\/\/schema.org","@graph":[{"@type":"Article","@id":"https:\/\/peoplesphere.be\/fr\/la-semaine-des-entreprises-va-t-elle-faciliter-les-recrutements-en-wallonie\/#article","isPartOf":{"@id":"https:\/\/peoplesphere.be\/fr\/la-semaine-des-entreprises-va-t-elle-faciliter-les-recrutements-en-wallonie\/"},"author":{"name":"Jean-Paul Erhard","@id":"https:\/\/peoplesphere.be\/fr\/#\/schema\/person\/7976225ff17988604334abb7b3536a7e"},"headline":"La Semaine des Entreprises va-t-elle faciliter les recrutements en Wallonie?","datePublished":"2024-10-02T11:29:07+00:00","dateModified":"2024-10-02T11:29:07+00:00","mainEntityOfPage":{"@id":"https:\/\/peoplesphere.be\/fr\/la-semaine-des-entreprises-va-t-elle-faciliter-les-recrutements-en-wallonie\/"},"wordCount":479,"publisher":{"@id":"https:\/\/peoplesphere.be\/fr\/#organization"},"keywords":["forem","march\u00e9 de l'emploi","recrutement"],"articleSection":["Actualit\u00e9s","Digital"],"inLanguage":"fr-FR"},{"@type":"WebPage","@id":"https:\/\/peoplesphere.be\/fr\/la-semaine-des-entreprises-va-t-elle-faciliter-les-recrutements-en-wallonie\/","url":"https:\/\/peoplesphere.be\/fr\/la-semaine-des-entreprises-va-t-elle-faciliter-les-recrutements-en-wallonie\/","name":"La Semaine des Entreprises va-t-elle faciliter les recrutements en Wallonie? - Peoplesphere","isPartOf":{"@id":"https:\/\/peoplesphere.be\/fr\/#website"},"datePublished":"2024-10-02T11:29:07+00:00","dateModified":"2024-10-02T11:29:07+00:00","breadcrumb":{"@id":"https:\/\/peoplesphere.be\/fr\/la-semaine-des-entreprises-va-t-elle-faciliter-les-recrutements-en-wallonie\/#breadcrumb"},"inLanguage":"fr-FR","potentialAction":[{"@type":"ReadAction","target":["https:\/\/peoplesphere.be\/fr\/la-semaine-des-entreprises-va-t-elle-faciliter-les-recrutements-en-wallonie\/"]}]},{"@type":"BreadcrumbList","@id":"https:\/\/peoplesphere.be\/fr\/la-semaine-des-entreprises-va-t-elle-faciliter-les-recrutements-en-wallonie\/#breadcrumb","itemListElement":[{"@type":"ListItem","position":1,"name":"Accueil","item":"https:\/\/peoplesphere.be\/fr\/"},{"@type":"ListItem","position":2,"name":"La Semaine des Entreprises va-t-elle faciliter les recrutements en Wallonie?"}]},{"@type":"WebSite","@id":"https:\/\/peoplesphere.be\/fr\/#website","url":"https:\/\/peoplesphere.be\/fr\/","name":"Peoplesphere","description":"The People Managers Magazine","publisher":{"@id":"https:\/\/peoplesphere.be\/fr\/#organization"},"potentialAction":[{"@type":"SearchAction","target":{"@type":"EntryPoint","urlTemplate":"https:\/\/peoplesphere.be\/fr\/?s={search_term_string}"},"query-input":"required name=search_term_string"}],"inLanguage":"fr-FR"},{"@type":"Organization","@id":"https:\/\/peoplesphere.be\/fr\/#organization","name":"Peoplesphere Company srl","url":"https:\/\/peoplesphere.be\/fr\/","logo":{"@type":"ImageObject","inLanguage":"fr-FR","@id":"https:\/\/peoplesphere.be\/fr\/#\/schema\/logo\/image\/","url":"https:\/\/peoplesphere.be\/fr\/wp-content\/uploads\/2023\/07\/peoplesphere-lgo-new-generik.jpg","contentUrl":"https:\/\/peoplesphere.be\/fr\/wp-content\/uploads\/2023\/07\/peoplesphere-lgo-new-generik.jpg","width":1031,"height":1479,"caption":"Peoplesphere Company srl"},"image":{"@id":"https:\/\/peoplesphere.be\/fr\/#\/schema\/logo\/image\/"},"sameAs":["https:\/\/www.facebook.com\/peoplesphere","https:\/\/twitter.com\/PeoplesphereMag","https:\/\/www.linkedin.com\/company\/7587361?trk","http:\/\/youtube.com\/peoplesphere"]},{"@type":"Person","@id":"https:\/\/peoplesphere.be\/fr\/#\/schema\/person\/7976225ff17988604334abb7b3536a7e","name":"Jean-Paul Erhard","image":{"@type":"ImageObject","inLanguage":"fr-FR","@id":"https:\/\/peoplesphere.be\/fr\/#\/schema\/person\/image\/","url":"https:\/\/secure.gravatar.com\/avatar\/f941e681460179738071629a51574930?s=96&d=mm&r=g","contentUrl":"https:\/\/secure.gravatar.com\/avatar\/f941e681460179738071629a51574930?s=96&d=mm&r=g","caption":"Jean-Paul Erhard"},"url":"https:\/\/peoplesphere.be\/fr\/author\/jpe\/"}]}},"_links":{"self":[{"href":"https:\/\/peoplesphere.be\/fr\/wp-json\/wp\/v2\/posts\/16804"}],"collection":[{"href":"https:\/\/peoplesphere.be\/fr\/wp-json\/wp\/v2\/posts"}],"about":[{"href":"https:\/\/peoplesphere.be\/fr\/wp-json\/wp\/v2\/types\/post"}],"author":[{"embeddable":true,"href":"https:\/\/peoplesphere.be\/fr\/wp-json\/wp\/v2\/users\/2"}],"replies":[{"embeddable":true,"href":"https:\/\/peoplesphere.be\/fr\/wp-json\/wp\/v2\/comments?post=16804"}],"version-history":[{"count":1,"href":"https:\/\/peoplesphere.be\/fr\/wp-json\/wp\/v2\/posts\/16804\/revisions"}],"predecessor-version":[{"id":16805,"href":"https:\/\/peoplesphere.be\/fr\/wp-json\/wp\/v2\/posts\/16804\/revisions\/16805"}],"wp:attachment":[{"href":"https:\/\/peoplesphere.be\/fr\/wp-json\/wp\/v2\/media?parent=16804"}],"wp:term":[{"taxonomy":"category","embeddable":true,"href":"https:\/\/peoplesphere.be\/fr\/wp-json\/wp\/v2\/categories?post=16804"},{"taxonomy":"post_tag","embeddable":true,"href":"https:\/\/peoplesphere.be\/fr\/wp-json\/wp\/v2\/tags?post=16804"}],"curies":[{"name":"wp","href":"https:\/\/api.w.org\/{rel}","templated":true}]}}