









{"id":16826,"date":"2024-10-07T09:39:36","date_gmt":"2024-10-07T07:39:36","guid":{"rendered":"https:\/\/peoplesphere.be\/fr\/?p=16826"},"modified":"2024-10-07T09:39:36","modified_gmt":"2024-10-07T07:39:36","slug":"le-nouveau-gouvernement-flamand-ne-veut-pas-du-federal-learning-account-lui-non-plus","status":"publish","type":"post","link":"https:\/\/peoplesphere.be\/fr\/le-nouveau-gouvernement-flamand-ne-veut-pas-du-federal-learning-account-lui-non-plus\/","title":{"rendered":"Le nouveau gouvernement flamand ne veut pas du Federal Learning Account, lui non plus&#8230;"},"content":{"rendered":"<p>Deux mois avant la date limite pour le premier enregistrement des entreprises dans le Federal Learning Account (FLA), le nouveau gouvernement flamand demande, dans son accord de gouvernement, au gouvernement f\u00e9d\u00e9ral de supprimer le FLA. Les employeurs demandent \u00e0 pr\u00e9sent un signal politique clair en faveur de sa suppression.<!--more--><\/p>\n<p>En raison de l\u2019imminence de l\u2019\u00e9ch\u00e9ance du 30 novembre, les entreprises demandent aux partis politiques qui font partie du gouvernement f\u00e9d\u00e9ral en affaires courantes ou qui n\u00e9gocient la formation du futur gouvernement d\u2019envoyer un signal clair.<\/p>\n<p>Les organisations d\u2019employeurs se r\u00e9jouissent de lire que les partis flamands de la future coalition Arizona pr\u00e9conisent la suppression du Federal Learning Account et reconnaissent que la loi y relative et l\u2019outil mis en place n\u2019incitent nullement \u00e0 miser au maximum sur l\u2019upskilling et le reskilling dans nos entreprises. Ce constat ressortait d\u00e9j\u00e0 des notes des n\u00e9gociateurs f\u00e9d\u00e9raux auxquelles nous avons eu acc\u00e8s.<\/p>\n<p>Le FLA est et demeure un v\u00e9hicule purement administratif extr\u00eamement lourd, dont le seul objectif est de contr\u00f4ler le respect des obligations de formation au sein des entreprises. Il emp\u00eache les entreprises de se focaliser sur l\u2019essentiel : des formations de qualit\u00e9, tant formelles qu\u2019informelles. Le FLA requiert un investissement excessif en temps, en \u00e9nergie et en argent, que les entreprises ne peuvent d\u00e8s lors pas consacrer au but ultime consistant \u00e0 garantir des formations de qualit\u00e9.<\/p>\n<p>Une majorit\u00e9 parlementaire est favorable \u00e0 la suppression du Federal Learning Account. Pour les organisations d\u2019employeurs, il est donc logique de le faire maintenant, avant que les entreprises ne gaspillent leur temps, leur argent et leur \u00e9nergie.<\/p>\n<p>&nbsp;<\/p>\n<p><em>Source: FEB<\/em><\/p>\n","protected":false},"excerpt":{"rendered":"<p>Deux mois avant la date limite pour le premier enregistrement des entreprises dans le Federal Learning Account (FLA), le nouveau gouvernement flamand demande, dans son accord de gouvernement, au gouvernement f\u00e9d\u00e9ral de supprimer le FLA. Les employeurs demandent \u00e0 pr\u00e9sent [&hellip;]<\/p>\n","protected":false},"author":2,"featured_media":0,"comment_status":"closed","ping_status":"open","sticky":false,"template":"","format":"standard","meta":[],"categories":[65,10],"tags":[3996,48,1066],"yoast_head":"<!-- This site is optimized with the Yoast SEO plugin v21.0 - https:\/\/yoast.com\/wordpress\/plugins\/seo\/ -->\n<title>Le nouveau gouvernement flamand ne veut pas du Federal Learning Account, lui non plus... - Peoplesphere<\/title>\n<meta name=\"robots\" content=\"index, follow, max-snippet:-1, max-image-preview:large, max-video-preview:-1\" \/>\n<link rel=\"canonical\" href=\"https:\/\/peoplesphere.be\/fr\/le-nouveau-gouvernement-flamand-ne-veut-pas-du-federal-learning-account-lui-non-plus\/\" \/>\n<meta property=\"og:locale\" content=\"fr_FR\" \/>\n<meta property=\"og:type\" content=\"article\" \/>\n<meta property=\"og:title\" content=\"Le nouveau gouvernement flamand ne veut pas du Federal Learning Account, lui non plus... - Peoplesphere\" \/>\n<meta property=\"og:description\" content=\"Deux mois avant la date limite pour le premier enregistrement des entreprises dans le Federal Learning Account (FLA), le nouveau gouvernement flamand demande, dans son accord de gouvernement, au gouvernement f\u00e9d\u00e9ral de supprimer le FLA. Les employeurs demandent \u00e0 pr\u00e9sent [&hellip;]\" \/>\n<meta property=\"og:url\" content=\"https:\/\/peoplesphere.be\/fr\/le-nouveau-gouvernement-flamand-ne-veut-pas-du-federal-learning-account-lui-non-plus\/\" \/>\n<meta property=\"og:site_name\" content=\"Peoplesphere\" \/>\n<meta property=\"article:publisher\" content=\"https:\/\/www.facebook.com\/peoplesphere\" \/>\n<meta property=\"article:published_time\" content=\"2024-10-07T07:39:36+00:00\" \/>\n<meta property=\"og:image\" content=\"http:\/\/www.peoplesphere.be\/fr\/wp-content\/uploads\/2016\/07\/facebook-default-posting-1200x628px.jpg\" \/>\n<meta name=\"author\" content=\"Jean-Paul Erhard\" \/>\n<meta name=\"twitter:card\" content=\"summary_large_image\" \/>\n<meta name=\"twitter:creator\" content=\"@PeoplesphereMag\" \/>\n<meta name=\"twitter:site\" content=\"@PeoplesphereMag\" \/>\n<meta name=\"twitter:label1\" content=\"\u00c9crit par\" \/>\n\t<meta name=\"twitter:data1\" content=\"Jean-Paul Erhard\" \/>\n\t<meta name=\"twitter:label2\" content=\"Dur\u00e9e de lecture estim\u00e9e\" \/>\n\t<meta name=\"twitter:data2\" content=\"2 minutes\" \/>\n<script type=\"application\/ld+json\" class=\"yoast-schema-graph\">{\"@context\":\"https:\/\/schema.org\",\"@graph\":[{\"@type\":\"Article\",\"@id\":\"https:\/\/peoplesphere.be\/fr\/le-nouveau-gouvernement-flamand-ne-veut-pas-du-federal-learning-account-lui-non-plus\/#article\",\"isPartOf\":{\"@id\":\"https:\/\/peoplesphere.be\/fr\/le-nouveau-gouvernement-flamand-ne-veut-pas-du-federal-learning-account-lui-non-plus\/\"},\"author\":{\"name\":\"Jean-Paul Erhard\",\"@id\":\"https:\/\/peoplesphere.be\/fr\/#\/schema\/person\/7976225ff17988604334abb7b3536a7e\"},\"headline\":\"Le nouveau gouvernement flamand ne veut pas du Federal Learning Account, lui non plus&#8230;\",\"datePublished\":\"2024-10-07T07:39:36+00:00\",\"dateModified\":\"2024-10-07T07:39:36+00:00\",\"mainEntityOfPage\":{\"@id\":\"https:\/\/peoplesphere.be\/fr\/le-nouveau-gouvernement-flamand-ne-veut-pas-du-federal-learning-account-lui-non-plus\/\"},\"wordCount\":302,\"publisher\":{\"@id\":\"https:\/\/peoplesphere.be\/fr\/#organization\"},\"keywords\":[\"Federal Learning Account\",\"Formation\",\"gouvernement flamand\"],\"articleSection\":[\"Actualit\u00e9s\",\"Digital\"],\"inLanguage\":\"fr-FR\"},{\"@type\":\"WebPage\",\"@id\":\"https:\/\/peoplesphere.be\/fr\/le-nouveau-gouvernement-flamand-ne-veut-pas-du-federal-learning-account-lui-non-plus\/\",\"url\":\"https:\/\/peoplesphere.be\/fr\/le-nouveau-gouvernement-flamand-ne-veut-pas-du-federal-learning-account-lui-non-plus\/\",\"name\":\"Le nouveau gouvernement flamand ne veut pas du Federal Learning Account, lui non plus... - Peoplesphere\",\"isPartOf\":{\"@id\":\"https:\/\/peoplesphere.be\/fr\/#website\"},\"datePublished\":\"2024-10-07T07:39:36+00:00\",\"dateModified\":\"2024-10-07T07:39:36+00:00\",\"breadcrumb\":{\"@id\":\"https:\/\/peoplesphere.be\/fr\/le-nouveau-gouvernement-flamand-ne-veut-pas-du-federal-learning-account-lui-non-plus\/#breadcrumb\"},\"inLanguage\":\"fr-FR\",\"potentialAction\":[{\"@type\":\"ReadAction\",\"target\":[\"https:\/\/peoplesphere.be\/fr\/le-nouveau-gouvernement-flamand-ne-veut-pas-du-federal-learning-account-lui-non-plus\/\"]}]},{\"@type\":\"BreadcrumbList\",\"@id\":\"https:\/\/peoplesphere.be\/fr\/le-nouveau-gouvernement-flamand-ne-veut-pas-du-federal-learning-account-lui-non-plus\/#breadcrumb\",\"itemListElement\":[{\"@type\":\"ListItem\",\"position\":1,\"name\":\"Accueil\",\"item\":\"https:\/\/peoplesphere.be\/fr\/\"},{\"@type\":\"ListItem\",\"position\":2,\"name\":\"Le nouveau gouvernement flamand ne veut pas du Federal Learning Account, lui non plus&#8230;\"}]},{\"@type\":\"WebSite\",\"@id\":\"https:\/\/peoplesphere.be\/fr\/#website\",\"url\":\"https:\/\/peoplesphere.be\/fr\/\",\"name\":\"Peoplesphere\",\"description\":\"The People Managers Magazine\",\"publisher\":{\"@id\":\"https:\/\/peoplesphere.be\/fr\/#organization\"},\"potentialAction\":[{\"@type\":\"SearchAction\",\"target\":{\"@type\":\"EntryPoint\",\"urlTemplate\":\"https:\/\/peoplesphere.be\/fr\/?s={search_term_string}\"},\"query-input\":\"required name=search_term_string\"}],\"inLanguage\":\"fr-FR\"},{\"@type\":\"Organization\",\"@id\":\"https:\/\/peoplesphere.be\/fr\/#organization\",\"name\":\"Peoplesphere Company srl\",\"url\":\"https:\/\/peoplesphere.be\/fr\/\",\"logo\":{\"@type\":\"ImageObject\",\"inLanguage\":\"fr-FR\",\"@id\":\"https:\/\/peoplesphere.be\/fr\/#\/schema\/logo\/image\/\",\"url\":\"https:\/\/peoplesphere.be\/fr\/wp-content\/uploads\/2023\/07\/peoplesphere-lgo-new-generik.jpg\",\"contentUrl\":\"https:\/\/peoplesphere.be\/fr\/wp-content\/uploads\/2023\/07\/peoplesphere-lgo-new-generik.jpg\",\"width\":1031,\"height\":1479,\"caption\":\"Peoplesphere Company srl\"},\"image\":{\"@id\":\"https:\/\/peoplesphere.be\/fr\/#\/schema\/logo\/image\/\"},\"sameAs\":[\"https:\/\/www.facebook.com\/peoplesphere\",\"https:\/\/twitter.com\/PeoplesphereMag\",\"https:\/\/www.linkedin.com\/company\/7587361?trk\",\"http:\/\/youtube.com\/peoplesphere\"]},{\"@type\":\"Person\",\"@id\":\"https:\/\/peoplesphere.be\/fr\/#\/schema\/person\/7976225ff17988604334abb7b3536a7e\",\"name\":\"Jean-Paul Erhard\",\"image\":{\"@type\":\"ImageObject\",\"inLanguage\":\"fr-FR\",\"@id\":\"https:\/\/peoplesphere.be\/fr\/#\/schema\/person\/image\/\",\"url\":\"https:\/\/secure.gravatar.com\/avatar\/f941e681460179738071629a51574930?s=96&d=mm&r=g\",\"contentUrl\":\"https:\/\/secure.gravatar.com\/avatar\/f941e681460179738071629a51574930?s=96&d=mm&r=g\",\"caption\":\"Jean-Paul Erhard\"},\"url\":\"https:\/\/peoplesphere.be\/fr\/author\/jpe\/\"}]}<\/script>\n<!-- \/ Yoast SEO plugin. -->","yoast_head_json":{"title":"Le nouveau gouvernement flamand ne veut pas du Federal Learning Account, lui non plus... - Peoplesphere","robots":{"index":"index","follow":"follow","max-snippet":"max-snippet:-1","max-image-preview":"max-image-preview:large","max-video-preview":"max-video-preview:-1"},"canonical":"https:\/\/peoplesphere.be\/fr\/le-nouveau-gouvernement-flamand-ne-veut-pas-du-federal-learning-account-lui-non-plus\/","og_locale":"fr_FR","og_type":"article","og_title":"Le nouveau gouvernement flamand ne veut pas du Federal Learning Account, lui non plus... - Peoplesphere","og_description":"Deux mois avant la date limite pour le premier enregistrement des entreprises dans le Federal Learning Account (FLA), le nouveau gouvernement flamand demande, dans son accord de gouvernement, au gouvernement f\u00e9d\u00e9ral de supprimer le FLA. Les employeurs demandent \u00e0 pr\u00e9sent [&hellip;]","og_url":"https:\/\/peoplesphere.be\/fr\/le-nouveau-gouvernement-flamand-ne-veut-pas-du-federal-learning-account-lui-non-plus\/","og_site_name":"Peoplesphere","article_publisher":"https:\/\/www.facebook.com\/peoplesphere","article_published_time":"2024-10-07T07:39:36+00:00","og_image":[{"url":"http:\/\/www.peoplesphere.be\/fr\/wp-content\/uploads\/2016\/07\/facebook-default-posting-1200x628px.jpg"}],"author":"Jean-Paul Erhard","twitter_card":"summary_large_image","twitter_creator":"@PeoplesphereMag","twitter_site":"@PeoplesphereMag","twitter_misc":{"\u00c9crit par":"Jean-Paul Erhard","Dur\u00e9e de lecture estim\u00e9e":"2 minutes"},"schema":{"@context":"https:\/\/schema.org","@graph":[{"@type":"Article","@id":"https:\/\/peoplesphere.be\/fr\/le-nouveau-gouvernement-flamand-ne-veut-pas-du-federal-learning-account-lui-non-plus\/#article","isPartOf":{"@id":"https:\/\/peoplesphere.be\/fr\/le-nouveau-gouvernement-flamand-ne-veut-pas-du-federal-learning-account-lui-non-plus\/"},"author":{"name":"Jean-Paul Erhard","@id":"https:\/\/peoplesphere.be\/fr\/#\/schema\/person\/7976225ff17988604334abb7b3536a7e"},"headline":"Le nouveau gouvernement flamand ne veut pas du Federal Learning Account, lui non plus&#8230;","datePublished":"2024-10-07T07:39:36+00:00","dateModified":"2024-10-07T07:39:36+00:00","mainEntityOfPage":{"@id":"https:\/\/peoplesphere.be\/fr\/le-nouveau-gouvernement-flamand-ne-veut-pas-du-federal-learning-account-lui-non-plus\/"},"wordCount":302,"publisher":{"@id":"https:\/\/peoplesphere.be\/fr\/#organization"},"keywords":["Federal Learning Account","Formation","gouvernement flamand"],"articleSection":["Actualit\u00e9s","Digital"],"inLanguage":"fr-FR"},{"@type":"WebPage","@id":"https:\/\/peoplesphere.be\/fr\/le-nouveau-gouvernement-flamand-ne-veut-pas-du-federal-learning-account-lui-non-plus\/","url":"https:\/\/peoplesphere.be\/fr\/le-nouveau-gouvernement-flamand-ne-veut-pas-du-federal-learning-account-lui-non-plus\/","name":"Le nouveau gouvernement flamand ne veut pas du Federal Learning Account, lui non plus... - Peoplesphere","isPartOf":{"@id":"https:\/\/peoplesphere.be\/fr\/#website"},"datePublished":"2024-10-07T07:39:36+00:00","dateModified":"2024-10-07T07:39:36+00:00","breadcrumb":{"@id":"https:\/\/peoplesphere.be\/fr\/le-nouveau-gouvernement-flamand-ne-veut-pas-du-federal-learning-account-lui-non-plus\/#breadcrumb"},"inLanguage":"fr-FR","potentialAction":[{"@type":"ReadAction","target":["https:\/\/peoplesphere.be\/fr\/le-nouveau-gouvernement-flamand-ne-veut-pas-du-federal-learning-account-lui-non-plus\/"]}]},{"@type":"BreadcrumbList","@id":"https:\/\/peoplesphere.be\/fr\/le-nouveau-gouvernement-flamand-ne-veut-pas-du-federal-learning-account-lui-non-plus\/#breadcrumb","itemListElement":[{"@type":"ListItem","position":1,"name":"Accueil","item":"https:\/\/peoplesphere.be\/fr\/"},{"@type":"ListItem","position":2,"name":"Le nouveau gouvernement flamand ne veut pas du Federal Learning Account, lui non plus&#8230;"}]},{"@type":"WebSite","@id":"https:\/\/peoplesphere.be\/fr\/#website","url":"https:\/\/peoplesphere.be\/fr\/","name":"Peoplesphere","description":"The People Managers Magazine","publisher":{"@id":"https:\/\/peoplesphere.be\/fr\/#organization"},"potentialAction":[{"@type":"SearchAction","target":{"@type":"EntryPoint","urlTemplate":"https:\/\/peoplesphere.be\/fr\/?s={search_term_string}"},"query-input":"required name=search_term_string"}],"inLanguage":"fr-FR"},{"@type":"Organization","@id":"https:\/\/peoplesphere.be\/fr\/#organization","name":"Peoplesphere Company srl","url":"https:\/\/peoplesphere.be\/fr\/","logo":{"@type":"ImageObject","inLanguage":"fr-FR","@id":"https:\/\/peoplesphere.be\/fr\/#\/schema\/logo\/image\/","url":"https:\/\/peoplesphere.be\/fr\/wp-content\/uploads\/2023\/07\/peoplesphere-lgo-new-generik.jpg","contentUrl":"https:\/\/peoplesphere.be\/fr\/wp-content\/uploads\/2023\/07\/peoplesphere-lgo-new-generik.jpg","width":1031,"height":1479,"caption":"Peoplesphere Company srl"},"image":{"@id":"https:\/\/peoplesphere.be\/fr\/#\/schema\/logo\/image\/"},"sameAs":["https:\/\/www.facebook.com\/peoplesphere","https:\/\/twitter.com\/PeoplesphereMag","https:\/\/www.linkedin.com\/company\/7587361?trk","http:\/\/youtube.com\/peoplesphere"]},{"@type":"Person","@id":"https:\/\/peoplesphere.be\/fr\/#\/schema\/person\/7976225ff17988604334abb7b3536a7e","name":"Jean-Paul Erhard","image":{"@type":"ImageObject","inLanguage":"fr-FR","@id":"https:\/\/peoplesphere.be\/fr\/#\/schema\/person\/image\/","url":"https:\/\/secure.gravatar.com\/avatar\/f941e681460179738071629a51574930?s=96&d=mm&r=g","contentUrl":"https:\/\/secure.gravatar.com\/avatar\/f941e681460179738071629a51574930?s=96&d=mm&r=g","caption":"Jean-Paul Erhard"},"url":"https:\/\/peoplesphere.be\/fr\/author\/jpe\/"}]}},"_links":{"self":[{"href":"https:\/\/peoplesphere.be\/fr\/wp-json\/wp\/v2\/posts\/16826"}],"collection":[{"href":"https:\/\/peoplesphere.be\/fr\/wp-json\/wp\/v2\/posts"}],"about":[{"href":"https:\/\/peoplesphere.be\/fr\/wp-json\/wp\/v2\/types\/post"}],"author":[{"embeddable":true,"href":"https:\/\/peoplesphere.be\/fr\/wp-json\/wp\/v2\/users\/2"}],"replies":[{"embeddable":true,"href":"https:\/\/peoplesphere.be\/fr\/wp-json\/wp\/v2\/comments?post=16826"}],"version-history":[{"count":1,"href":"https:\/\/peoplesphere.be\/fr\/wp-json\/wp\/v2\/posts\/16826\/revisions"}],"predecessor-version":[{"id":16827,"href":"https:\/\/peoplesphere.be\/fr\/wp-json\/wp\/v2\/posts\/16826\/revisions\/16827"}],"wp:attachment":[{"href":"https:\/\/peoplesphere.be\/fr\/wp-json\/wp\/v2\/media?parent=16826"}],"wp:term":[{"taxonomy":"category","embeddable":true,"href":"https:\/\/peoplesphere.be\/fr\/wp-json\/wp\/v2\/categories?post=16826"},{"taxonomy":"post_tag","embeddable":true,"href":"https:\/\/peoplesphere.be\/fr\/wp-json\/wp\/v2\/tags?post=16826"}],"curies":[{"name":"wp","href":"https:\/\/api.w.org\/{rel}","templated":true}]}}