









{"id":16828,"date":"2024-10-07T11:39:49","date_gmt":"2024-10-07T09:39:49","guid":{"rendered":"https:\/\/peoplesphere.be\/fr\/?p=16828"},"modified":"2024-10-07T11:39:49","modified_gmt":"2024-10-07T09:39:49","slug":"le-front-commun-des-secteurs-non-marchand-et-public-annonce-une-nouvelle-manifestation-nationale-le-7-novembre-prochain","status":"publish","type":"post","link":"https:\/\/peoplesphere.be\/fr\/le-front-commun-des-secteurs-non-marchand-et-public-annonce-une-nouvelle-manifestation-nationale-le-7-novembre-prochain\/","title":{"rendered":"Le front commun des secteurs non marchand et public annonce une nouvelle manifestation nationale le 7 novembre prochain."},"content":{"rendered":"<p>Les organisations syndicales repr\u00e9sentant les travailleuses et travailleurs des secteurs public et non marchand lancent un appel \u00e0 une manifestation nationale en front commun. Cette mobilisation de grande ampleur aura lieu le 7 novembre 2024 \u00e0 Bruxelles. Les organisations syndicales expliquent <em>\u00ab\u00a0qu&rsquo;elle vise \u00e0 interpeller les gouvernements qui vont se former ou qui viennent de se former. Les enjeux du secteur sont cruciaux pour la population, pour l\u2019attractivit\u00e9 du m\u00e9tier et pour la \u00ab tenabilit\u00e9 \u00bb des carri\u00e8res.\u00a0\u00bb<\/em><!--more--><\/p>\n<p><em>\u00ab\u00a0Depuis pr\u00e8s de 2 ans, nos organisations syndicales m\u00e8nent campagne sur 2 axes : le premier est &lsquo;A la recherche du coll\u00e8gue fant\u00f4me&rsquo;, sur la question de la p\u00e9nurie, des difficult\u00e9s de recrutement et leurs cons\u00e9quences en termes de d\u00e9t\u00e9rioration des conditions de travail et de la qualit\u00e9 du service rendu \u00e0 la population. Le second est &lsquo;Il est minuit moins une&rsquo; mettant en exergue l\u2019urgence de consid\u00e9rer les services Non Marchand et leur personnel comme un bien commun: les m\u00e9tiers du lien, du soin, du care ont besoin de temps et de financements.\u00a0\u00bb<\/em><\/p>\n<p>Apr\u00e8s les grandes manifestations de juin 2022, janvier et juin 2023, le message \u00e9tait clair : <em>\u00ab\u00a0les dizaines de milliers de manifestant-es qui travaillent dans les domaines de la sant\u00e9, de la protection sociale et de la culture veulent des emplois plus attractifs, de meilleures conditions de travail et de meilleurs salaires et, surtout, plus de coll\u00e8gues.\u00a0\u00bb<\/em><\/p>\n<p><em>\u00ab\u00a0Les attentes et les besoins sont d\u00e9cupl\u00e9s. Le personnel du Non Marchand et du secteur public attendait beaucoup de l\u2019apr\u00e8s-covid. On peut mesurer la hauteur de la d\u00e9ception de l\u2019ensemble du personnel de ces secteurs sur cette fin de l\u00e9gislature. Les difficult\u00e9s de recrutement g\u00e9n\u00e9ralis\u00e9es et l\u2019impact sur les conditions de travail rendent les m\u00e9tiers intenables \u00e0 court terme.<\/em><br \/>\n<em>Il est urgent de red\u00e9finir des politiques garantissant que la sant\u00e9 et le bien-\u00eatre de la population ne soient plus soumis \u00e0 des imp\u00e9ratifs \u00e9conomiques \u00e0 courte vue, mettant \u00e0 mal le c\u0153ur de la mission de services \u00e0 la population.\u00a0\u00bb<\/em><\/p>\n<h3><strong><em>Plan strat\u00e9gique : \u00ab Il est temps pour le Non Marchand \u2013 Du temps pour le Non Marchand \u00bb<\/em><\/strong><\/h3>\n<p>Le front commun poursuit : <em>\u00ab\u00a0Face \u00e0 ce contexte, notre priorit\u00e9 est la n\u00e9gociation d\u2019accords sociaux pour les travailleuses et travailleurs des secteurs du Non Marchand qui fassent droit \u00e0 une politique ambitieuse : les m\u00e9tiers doivent \u00eatre tenables et attractifs, tant sur le plan des conditions de travail que sur le plan des conditions de r\u00e9mun\u00e9ration. La question du temps est primordiale comme cl\u00e9 de vo\u00fbte de ces accords sociaux. Pour que les professions soient tenables et attractives, elles doivent permettre de pouvoir travailler \u00e0 temps plein sans \u00eatre us\u00e9 apr\u00e8s quelques ann\u00e9es de m\u00e9tier ; il faut trouver des politiques de fin de carri\u00e8re qui permettent des sorties en douceur plut\u00f4t que la rel\u00e9gation dans la maladie et l\u2019invalidit\u00e9 ; il faut construire un \u00e9quilibre entre vie priv\u00e9e et vie professionnelle qui permette un \u00e9panouissement dans chacune de ces sph\u00e8res.\u00a0\u00bb<\/em><\/p>\n<p>Plus globalement, les organisations syndicales mettent en avant la remise en cause des politiques d\u2019aust\u00e9rit\u00e9. <em>\u00ab\u00a0Il faut un Etat fort et r\u00e9gulateur, qui investit des financements structurels afin de renforcer les services publics et Non Marchands, pour les missions essentielles que ces institutions prodiguent aux citoyennes et citoyens, b\u00e9n\u00e9ficiaires actuels ou futurs de ces services. Il faut du temps pour faire ce que les coll\u00e8gues font de mieux : soigner, accompagner, \u00e9duquer, soutenir\u2026 la population ! Il nous faut des garanties fortes pour le maintien et le d\u00e9veloppement des services \u00e0 la population.\u00a0\u00bb<\/em><\/p>\n<p><em>\u00ab\u00a0C\u2019est pourquoi nous voulons d\u00e9marrer une campagne forte \u00e0 destination des interlocuteurs politiques pour les interpeller sur la n\u00e9cessit\u00e9 de proposer rapidement des solutions concr\u00e8tes, sous peine de voir la situation des travailleurs\u00b7euses du Non Marchand \u2013 et du secteur dans son ensemble \u2013 poursuivre sa d\u00e9gradation.\u00a0\u00bb<\/em><\/p>\n<p>La premi\u00e8re \u00e9tape de cette campagne est donc cette manifestation d\u2019ampleur. <em>\u00ab\u00a0Nous invitons toutes les travailleuses et tous les travailleurs \u00e0 nous rejoindre. Nous tendons la main aux repr\u00e9sentants des usagers de ces secteurs pour marcher ensemble : des conditions de travail de qualit\u00e9 pour un service de qualit\u00e9 ! Plus de coll\u00e8gues pour faire face \u00e0 tous les d\u00e9fis qui sont devant nous ! Nous tendons la main aux employeurs pour soutenir cette manifestation de masse et soutenir les investissements des autorit\u00e9s dans les institutions et les services concern\u00e9s.\u00a0\u00bb<\/em><\/p>\n","protected":false},"excerpt":{"rendered":"<p>Les organisations syndicales repr\u00e9sentant les travailleuses et travailleurs des secteurs public et non marchand lancent un appel \u00e0 une manifestation nationale en front commun. Cette mobilisation de grande ampleur aura lieu le 7 novembre 2024 \u00e0 Bruxelles. Les organisations syndicales [&hellip;]<\/p>\n","protected":false},"author":2,"featured_media":0,"comment_status":"closed","ping_status":"open","sticky":false,"template":"","format":"standard","meta":[],"categories":[65,10],"tags":[332,647,1887,941,268,267,110],"yoast_head":"<!-- This site is optimized with the Yoast SEO plugin v21.0 - https:\/\/yoast.com\/wordpress\/plugins\/seo\/ -->\n<title>Le front commun des secteurs non marchand et public annonce une nouvelle manifestation nationale le 7 novembre prochain. - Peoplesphere<\/title>\n<meta name=\"robots\" content=\"index, follow, max-snippet:-1, max-image-preview:large, max-video-preview:-1\" \/>\n<link rel=\"canonical\" href=\"https:\/\/peoplesphere.be\/fr\/le-front-commun-des-secteurs-non-marchand-et-public-annonce-une-nouvelle-manifestation-nationale-le-7-novembre-prochain\/\" \/>\n<meta property=\"og:locale\" content=\"fr_FR\" \/>\n<meta property=\"og:type\" content=\"article\" \/>\n<meta property=\"og:title\" content=\"Le front commun des secteurs non marchand et public annonce une nouvelle manifestation nationale le 7 novembre prochain. - Peoplesphere\" \/>\n<meta property=\"og:description\" content=\"Les organisations syndicales repr\u00e9sentant les travailleuses et travailleurs des secteurs public et non marchand lancent un appel \u00e0 une manifestation nationale en front commun. Cette mobilisation de grande ampleur aura lieu le 7 novembre 2024 \u00e0 Bruxelles. Les organisations syndicales [&hellip;]\" \/>\n<meta property=\"og:url\" content=\"https:\/\/peoplesphere.be\/fr\/le-front-commun-des-secteurs-non-marchand-et-public-annonce-une-nouvelle-manifestation-nationale-le-7-novembre-prochain\/\" \/>\n<meta property=\"og:site_name\" content=\"Peoplesphere\" \/>\n<meta property=\"article:publisher\" content=\"https:\/\/www.facebook.com\/peoplesphere\" \/>\n<meta property=\"article:published_time\" content=\"2024-10-07T09:39:49+00:00\" \/>\n<meta property=\"og:image\" content=\"http:\/\/www.peoplesphere.be\/fr\/wp-content\/uploads\/2016\/07\/facebook-default-posting-1200x628px.jpg\" \/>\n<meta name=\"author\" content=\"Jean-Paul Erhard\" \/>\n<meta name=\"twitter:card\" content=\"summary_large_image\" \/>\n<meta name=\"twitter:creator\" content=\"@PeoplesphereMag\" \/>\n<meta name=\"twitter:site\" content=\"@PeoplesphereMag\" \/>\n<meta name=\"twitter:label1\" content=\"\u00c9crit par\" \/>\n\t<meta name=\"twitter:data1\" content=\"Jean-Paul Erhard\" \/>\n\t<meta name=\"twitter:label2\" content=\"Dur\u00e9e de lecture estim\u00e9e\" \/>\n\t<meta name=\"twitter:data2\" content=\"4 minutes\" \/>\n<script type=\"application\/ld+json\" class=\"yoast-schema-graph\">{\"@context\":\"https:\/\/schema.org\",\"@graph\":[{\"@type\":\"Article\",\"@id\":\"https:\/\/peoplesphere.be\/fr\/le-front-commun-des-secteurs-non-marchand-et-public-annonce-une-nouvelle-manifestation-nationale-le-7-novembre-prochain\/#article\",\"isPartOf\":{\"@id\":\"https:\/\/peoplesphere.be\/fr\/le-front-commun-des-secteurs-non-marchand-et-public-annonce-une-nouvelle-manifestation-nationale-le-7-novembre-prochain\/\"},\"author\":{\"name\":\"Jean-Paul Erhard\",\"@id\":\"https:\/\/peoplesphere.be\/fr\/#\/schema\/person\/7976225ff17988604334abb7b3536a7e\"},\"headline\":\"Le front commun des secteurs non marchand et public annonce une nouvelle manifestation nationale le 7 novembre prochain.\",\"datePublished\":\"2024-10-07T09:39:49+00:00\",\"dateModified\":\"2024-10-07T09:39:49+00:00\",\"mainEntityOfPage\":{\"@id\":\"https:\/\/peoplesphere.be\/fr\/le-front-commun-des-secteurs-non-marchand-et-public-annonce-une-nouvelle-manifestation-nationale-le-7-novembre-prochain\/\"},\"wordCount\":767,\"publisher\":{\"@id\":\"https:\/\/peoplesphere.be\/fr\/#organization\"},\"keywords\":[\"concertation sociale\",\"\u00e9quilibre priv\u00e9\/professionnel\",\"front commun syndical\",\"manifestation\",\"secteur non-marchand\",\"secteur public\",\"syndicats\"],\"articleSection\":[\"Actualit\u00e9s\",\"Digital\"],\"inLanguage\":\"fr-FR\"},{\"@type\":\"WebPage\",\"@id\":\"https:\/\/peoplesphere.be\/fr\/le-front-commun-des-secteurs-non-marchand-et-public-annonce-une-nouvelle-manifestation-nationale-le-7-novembre-prochain\/\",\"url\":\"https:\/\/peoplesphere.be\/fr\/le-front-commun-des-secteurs-non-marchand-et-public-annonce-une-nouvelle-manifestation-nationale-le-7-novembre-prochain\/\",\"name\":\"Le front commun des secteurs non marchand et public annonce une nouvelle manifestation nationale le 7 novembre prochain. - Peoplesphere\",\"isPartOf\":{\"@id\":\"https:\/\/peoplesphere.be\/fr\/#website\"},\"datePublished\":\"2024-10-07T09:39:49+00:00\",\"dateModified\":\"2024-10-07T09:39:49+00:00\",\"breadcrumb\":{\"@id\":\"https:\/\/peoplesphere.be\/fr\/le-front-commun-des-secteurs-non-marchand-et-public-annonce-une-nouvelle-manifestation-nationale-le-7-novembre-prochain\/#breadcrumb\"},\"inLanguage\":\"fr-FR\",\"potentialAction\":[{\"@type\":\"ReadAction\",\"target\":[\"https:\/\/peoplesphere.be\/fr\/le-front-commun-des-secteurs-non-marchand-et-public-annonce-une-nouvelle-manifestation-nationale-le-7-novembre-prochain\/\"]}]},{\"@type\":\"BreadcrumbList\",\"@id\":\"https:\/\/peoplesphere.be\/fr\/le-front-commun-des-secteurs-non-marchand-et-public-annonce-une-nouvelle-manifestation-nationale-le-7-novembre-prochain\/#breadcrumb\",\"itemListElement\":[{\"@type\":\"ListItem\",\"position\":1,\"name\":\"Accueil\",\"item\":\"https:\/\/peoplesphere.be\/fr\/\"},{\"@type\":\"ListItem\",\"position\":2,\"name\":\"Le front commun des secteurs non marchand et public annonce une nouvelle manifestation nationale le 7 novembre prochain.\"}]},{\"@type\":\"WebSite\",\"@id\":\"https:\/\/peoplesphere.be\/fr\/#website\",\"url\":\"https:\/\/peoplesphere.be\/fr\/\",\"name\":\"Peoplesphere\",\"description\":\"The People Managers Magazine\",\"publisher\":{\"@id\":\"https:\/\/peoplesphere.be\/fr\/#organization\"},\"potentialAction\":[{\"@type\":\"SearchAction\",\"target\":{\"@type\":\"EntryPoint\",\"urlTemplate\":\"https:\/\/peoplesphere.be\/fr\/?s={search_term_string}\"},\"query-input\":\"required name=search_term_string\"}],\"inLanguage\":\"fr-FR\"},{\"@type\":\"Organization\",\"@id\":\"https:\/\/peoplesphere.be\/fr\/#organization\",\"name\":\"Peoplesphere Company srl\",\"url\":\"https:\/\/peoplesphere.be\/fr\/\",\"logo\":{\"@type\":\"ImageObject\",\"inLanguage\":\"fr-FR\",\"@id\":\"https:\/\/peoplesphere.be\/fr\/#\/schema\/logo\/image\/\",\"url\":\"https:\/\/peoplesphere.be\/fr\/wp-content\/uploads\/2023\/07\/peoplesphere-lgo-new-generik.jpg\",\"contentUrl\":\"https:\/\/peoplesphere.be\/fr\/wp-content\/uploads\/2023\/07\/peoplesphere-lgo-new-generik.jpg\",\"width\":1031,\"height\":1479,\"caption\":\"Peoplesphere Company srl\"},\"image\":{\"@id\":\"https:\/\/peoplesphere.be\/fr\/#\/schema\/logo\/image\/\"},\"sameAs\":[\"https:\/\/www.facebook.com\/peoplesphere\",\"https:\/\/twitter.com\/PeoplesphereMag\",\"https:\/\/www.linkedin.com\/company\/7587361?trk\",\"http:\/\/youtube.com\/peoplesphere\"]},{\"@type\":\"Person\",\"@id\":\"https:\/\/peoplesphere.be\/fr\/#\/schema\/person\/7976225ff17988604334abb7b3536a7e\",\"name\":\"Jean-Paul Erhard\",\"image\":{\"@type\":\"ImageObject\",\"inLanguage\":\"fr-FR\",\"@id\":\"https:\/\/peoplesphere.be\/fr\/#\/schema\/person\/image\/\",\"url\":\"https:\/\/secure.gravatar.com\/avatar\/f941e681460179738071629a51574930?s=96&d=mm&r=g\",\"contentUrl\":\"https:\/\/secure.gravatar.com\/avatar\/f941e681460179738071629a51574930?s=96&d=mm&r=g\",\"caption\":\"Jean-Paul Erhard\"},\"url\":\"https:\/\/peoplesphere.be\/fr\/author\/jpe\/\"}]}<\/script>\n<!-- \/ Yoast SEO plugin. -->","yoast_head_json":{"title":"Le front commun des secteurs non marchand et public annonce une nouvelle manifestation nationale le 7 novembre prochain. - Peoplesphere","robots":{"index":"index","follow":"follow","max-snippet":"max-snippet:-1","max-image-preview":"max-image-preview:large","max-video-preview":"max-video-preview:-1"},"canonical":"https:\/\/peoplesphere.be\/fr\/le-front-commun-des-secteurs-non-marchand-et-public-annonce-une-nouvelle-manifestation-nationale-le-7-novembre-prochain\/","og_locale":"fr_FR","og_type":"article","og_title":"Le front commun des secteurs non marchand et public annonce une nouvelle manifestation nationale le 7 novembre prochain. - Peoplesphere","og_description":"Les organisations syndicales repr\u00e9sentant les travailleuses et travailleurs des secteurs public et non marchand lancent un appel \u00e0 une manifestation nationale en front commun. Cette mobilisation de grande ampleur aura lieu le 7 novembre 2024 \u00e0 Bruxelles. Les organisations syndicales [&hellip;]","og_url":"https:\/\/peoplesphere.be\/fr\/le-front-commun-des-secteurs-non-marchand-et-public-annonce-une-nouvelle-manifestation-nationale-le-7-novembre-prochain\/","og_site_name":"Peoplesphere","article_publisher":"https:\/\/www.facebook.com\/peoplesphere","article_published_time":"2024-10-07T09:39:49+00:00","og_image":[{"url":"http:\/\/www.peoplesphere.be\/fr\/wp-content\/uploads\/2016\/07\/facebook-default-posting-1200x628px.jpg"}],"author":"Jean-Paul Erhard","twitter_card":"summary_large_image","twitter_creator":"@PeoplesphereMag","twitter_site":"@PeoplesphereMag","twitter_misc":{"\u00c9crit par":"Jean-Paul Erhard","Dur\u00e9e de lecture estim\u00e9e":"4 minutes"},"schema":{"@context":"https:\/\/schema.org","@graph":[{"@type":"Article","@id":"https:\/\/peoplesphere.be\/fr\/le-front-commun-des-secteurs-non-marchand-et-public-annonce-une-nouvelle-manifestation-nationale-le-7-novembre-prochain\/#article","isPartOf":{"@id":"https:\/\/peoplesphere.be\/fr\/le-front-commun-des-secteurs-non-marchand-et-public-annonce-une-nouvelle-manifestation-nationale-le-7-novembre-prochain\/"},"author":{"name":"Jean-Paul Erhard","@id":"https:\/\/peoplesphere.be\/fr\/#\/schema\/person\/7976225ff17988604334abb7b3536a7e"},"headline":"Le front commun des secteurs non marchand et public annonce une nouvelle manifestation nationale le 7 novembre prochain.","datePublished":"2024-10-07T09:39:49+00:00","dateModified":"2024-10-07T09:39:49+00:00","mainEntityOfPage":{"@id":"https:\/\/peoplesphere.be\/fr\/le-front-commun-des-secteurs-non-marchand-et-public-annonce-une-nouvelle-manifestation-nationale-le-7-novembre-prochain\/"},"wordCount":767,"publisher":{"@id":"https:\/\/peoplesphere.be\/fr\/#organization"},"keywords":["concertation sociale","\u00e9quilibre priv\u00e9\/professionnel","front commun syndical","manifestation","secteur non-marchand","secteur public","syndicats"],"articleSection":["Actualit\u00e9s","Digital"],"inLanguage":"fr-FR"},{"@type":"WebPage","@id":"https:\/\/peoplesphere.be\/fr\/le-front-commun-des-secteurs-non-marchand-et-public-annonce-une-nouvelle-manifestation-nationale-le-7-novembre-prochain\/","url":"https:\/\/peoplesphere.be\/fr\/le-front-commun-des-secteurs-non-marchand-et-public-annonce-une-nouvelle-manifestation-nationale-le-7-novembre-prochain\/","name":"Le front commun des secteurs non marchand et public annonce une nouvelle manifestation nationale le 7 novembre prochain. - Peoplesphere","isPartOf":{"@id":"https:\/\/peoplesphere.be\/fr\/#website"},"datePublished":"2024-10-07T09:39:49+00:00","dateModified":"2024-10-07T09:39:49+00:00","breadcrumb":{"@id":"https:\/\/peoplesphere.be\/fr\/le-front-commun-des-secteurs-non-marchand-et-public-annonce-une-nouvelle-manifestation-nationale-le-7-novembre-prochain\/#breadcrumb"},"inLanguage":"fr-FR","potentialAction":[{"@type":"ReadAction","target":["https:\/\/peoplesphere.be\/fr\/le-front-commun-des-secteurs-non-marchand-et-public-annonce-une-nouvelle-manifestation-nationale-le-7-novembre-prochain\/"]}]},{"@type":"BreadcrumbList","@id":"https:\/\/peoplesphere.be\/fr\/le-front-commun-des-secteurs-non-marchand-et-public-annonce-une-nouvelle-manifestation-nationale-le-7-novembre-prochain\/#breadcrumb","itemListElement":[{"@type":"ListItem","position":1,"name":"Accueil","item":"https:\/\/peoplesphere.be\/fr\/"},{"@type":"ListItem","position":2,"name":"Le front commun des secteurs non marchand et public annonce une nouvelle manifestation nationale le 7 novembre prochain."}]},{"@type":"WebSite","@id":"https:\/\/peoplesphere.be\/fr\/#website","url":"https:\/\/peoplesphere.be\/fr\/","name":"Peoplesphere","description":"The People Managers Magazine","publisher":{"@id":"https:\/\/peoplesphere.be\/fr\/#organization"},"potentialAction":[{"@type":"SearchAction","target":{"@type":"EntryPoint","urlTemplate":"https:\/\/peoplesphere.be\/fr\/?s={search_term_string}"},"query-input":"required name=search_term_string"}],"inLanguage":"fr-FR"},{"@type":"Organization","@id":"https:\/\/peoplesphere.be\/fr\/#organization","name":"Peoplesphere Company srl","url":"https:\/\/peoplesphere.be\/fr\/","logo":{"@type":"ImageObject","inLanguage":"fr-FR","@id":"https:\/\/peoplesphere.be\/fr\/#\/schema\/logo\/image\/","url":"https:\/\/peoplesphere.be\/fr\/wp-content\/uploads\/2023\/07\/peoplesphere-lgo-new-generik.jpg","contentUrl":"https:\/\/peoplesphere.be\/fr\/wp-content\/uploads\/2023\/07\/peoplesphere-lgo-new-generik.jpg","width":1031,"height":1479,"caption":"Peoplesphere Company srl"},"image":{"@id":"https:\/\/peoplesphere.be\/fr\/#\/schema\/logo\/image\/"},"sameAs":["https:\/\/www.facebook.com\/peoplesphere","https:\/\/twitter.com\/PeoplesphereMag","https:\/\/www.linkedin.com\/company\/7587361?trk","http:\/\/youtube.com\/peoplesphere"]},{"@type":"Person","@id":"https:\/\/peoplesphere.be\/fr\/#\/schema\/person\/7976225ff17988604334abb7b3536a7e","name":"Jean-Paul Erhard","image":{"@type":"ImageObject","inLanguage":"fr-FR","@id":"https:\/\/peoplesphere.be\/fr\/#\/schema\/person\/image\/","url":"https:\/\/secure.gravatar.com\/avatar\/f941e681460179738071629a51574930?s=96&d=mm&r=g","contentUrl":"https:\/\/secure.gravatar.com\/avatar\/f941e681460179738071629a51574930?s=96&d=mm&r=g","caption":"Jean-Paul Erhard"},"url":"https:\/\/peoplesphere.be\/fr\/author\/jpe\/"}]}},"_links":{"self":[{"href":"https:\/\/peoplesphere.be\/fr\/wp-json\/wp\/v2\/posts\/16828"}],"collection":[{"href":"https:\/\/peoplesphere.be\/fr\/wp-json\/wp\/v2\/posts"}],"about":[{"href":"https:\/\/peoplesphere.be\/fr\/wp-json\/wp\/v2\/types\/post"}],"author":[{"embeddable":true,"href":"https:\/\/peoplesphere.be\/fr\/wp-json\/wp\/v2\/users\/2"}],"replies":[{"embeddable":true,"href":"https:\/\/peoplesphere.be\/fr\/wp-json\/wp\/v2\/comments?post=16828"}],"version-history":[{"count":1,"href":"https:\/\/peoplesphere.be\/fr\/wp-json\/wp\/v2\/posts\/16828\/revisions"}],"predecessor-version":[{"id":16829,"href":"https:\/\/peoplesphere.be\/fr\/wp-json\/wp\/v2\/posts\/16828\/revisions\/16829"}],"wp:attachment":[{"href":"https:\/\/peoplesphere.be\/fr\/wp-json\/wp\/v2\/media?parent=16828"}],"wp:term":[{"taxonomy":"category","embeddable":true,"href":"https:\/\/peoplesphere.be\/fr\/wp-json\/wp\/v2\/categories?post=16828"},{"taxonomy":"post_tag","embeddable":true,"href":"https:\/\/peoplesphere.be\/fr\/wp-json\/wp\/v2\/tags?post=16828"}],"curies":[{"name":"wp","href":"https:\/\/api.w.org\/{rel}","templated":true}]}}