









{"id":16830,"date":"2024-10-07T13:14:46","date_gmt":"2024-10-07T11:14:46","guid":{"rendered":"https:\/\/peoplesphere.be\/fr\/?p=16830"},"modified":"2024-10-10T04:18:23","modified_gmt":"2024-10-10T02:18:23","slug":"conference-debats-le-13-novembre-a-lln-18h-impact-de-lintelligence-artificielle-sur-les-metiers-rh","status":"publish","type":"post","link":"https:\/\/peoplesphere.be\/fr\/conference-debats-le-13-novembre-a-lln-18h-impact-de-lintelligence-artificielle-sur-les-metiers-rh\/","title":{"rendered":"Conf\u00e9rence &#038; D\u00e9bats le 13 novembre \u00e0 LLN (18h) : Impact de l&rsquo;Intelligence Artificielle sur les m\u00e9tiers RH"},"content":{"rendered":"<p>Apr\u00e8s Luc Julia en mai dernier \u00e0 Li\u00e8ge, Digital Wallonia a le plaisir d\u2019accueillir le 13 novembre prochain \u00e0 18h, \u00e0 Louvain-la-Neuve \u00a0(Aula Magna), Emmanuelle Blons, conf\u00e9renci\u00e8re et auteure de &lsquo;<em>L\u2019IA au c\u0153ur de l\u2019entreprise : une alli\u00e9e pour votre strat\u00e9gie RH.<\/em>&lsquo; La conf\u00e9rence sera suivie d\u2019un moment de discussion. <a href=\"https:\/\/www.eventbrite.fr\/e\/billets-intelligence-artificielle-impact-sur-les-metiers-rh-1033772189447?\">L&rsquo;\u00e9v\u00e9nement est organis\u00e9 par le Digital Lab et l&rsquo;Agence du Num\u00e9rique dans le cadre du programme DigitalWallonia4.AI.<\/a> <!--more--><\/p>\n<h3><strong><em>Programme <\/em><\/strong><\/h3>\n<p><strong><em>18:00 &#8211; 18:30<\/em><\/strong> &#8211; Accueil<\/p>\n<p><strong><em>18:30 &#8211; 18:35<\/em><\/strong> &#8211; Introduction par Nicolas Neysen<br \/>\nHEC Li\u00e8ge Digital Transformation Lead &amp; Professeur adjoint.<\/p>\n<p><strong><em>18:35 &#8211; 19:20<\/em><\/strong> &#8211; Keynote par Emmanuelle Blons<\/p>\n<p><strong><em>19:20 &#8211; 20:00<\/em><\/strong> &#8211; Tables rondes<br \/>\nDiscussion de groupe sur des sous-th\u00e9matiques li\u00e9e \u00e0 l&rsquo;IA dans les ressources humaines mod\u00e9r\u00e9es par des expert\u00b7es du secteur (\u00e0 s\u00e9lectionner lors de l&rsquo;inscription) :<\/p>\n<ul>\n<li>Les processus de d\u00e9cision avec Jean-Paul Erhard (Peoplesphere)<\/li>\n<li>Le recrutement et l&rsquo;onboarding avec Nathalie Lambrechts (Ypto)<\/li>\n<li>Le d\u00e9veloppement des talents avec Lo\u00efc Vlassakoudis (Vivalia)<\/li>\n<li>La gestion des comp\u00e9tences avec Florienne Humblet (ELNEO)<\/li>\n<li>La transformation et le r\u00f4le du RH avec H\u00e9lo\u00efse Leloup (Agence du Num\u00e9rique)<\/li>\n<li>Opportunit\u00e9s et cas d&rsquo;usage avec Emmanuelle Blons<\/li>\n<li>Questions \u00e9thiques avec Ashwin Ittoo (HEC Li\u00e8ge-ULi\u00e8ge)<\/li>\n<li>Strat\u00e9gie RH &amp; Data avec Ga\u00eblle Helsmoortel (Micropole)<\/li>\n<li>Impact sur les emplois et m\u00e9tiers avec Giseline Rondeaux (LENTIC, HEC Li\u00e8ge-ULi\u00e8ge)<\/li>\n<\/ul>\n<p><strong><em>20:00 &#8211; 20:30<\/em><\/strong> &#8211; D\u00e9bat de cl\u00f4ture avec la keynote speaker et les experts locaux.<\/p>\n<p><strong><em>20:30 &#8211; 22:00<\/em><\/strong> &#8211; Networking &amp; walking dinner<\/p>\n<p>Une fois les esprits bien nourris, ce sera \u00e0 votre tour de l\u2019\u00eatre avec un walking dinner propos\u00e9 par le traiteur Duchateau qui vous permettra de prolonger la discussion avec l\u2019ensemble des participant\u00b7es en toute convivialit\u00e9.<\/p>\n<p>Et pour couronner le tout, vous aurez l\u2019occasion de repartir avec votre propre exemplaire de l\u2019ouvrage d\u00e9dicac\u00e9 d\u2019Emmanuelle Blons !<\/p>\n<p><a href=\"https:\/\/www.eventbrite.fr\/e\/billets-intelligence-artificielle-impact-sur-les-metiers-rh-1033772189447?\">Inscrivez-vous d\u00e8s aujourd\u2019hui<\/a> pour ne rien manquer de cette soir\u00e9e exclusive qui vous permettra d\u2019explorer la fa\u00e7on dont l\u2019intelligence artificielle red\u00e9finit les pratiques RH et d\u2019apprendre comment en tirer parti dans votre organisation.<\/p>\n<p>En tant qu&rsquo;utilisateur de la plateforme Peoplesphere et responsable RH en entreprise, utilisez le code promo \u00a0<b>Leadership2024 <\/b>lors de <a href=\"https:\/\/www.eventbrite.fr\/e\/billets-intelligence-artificielle-impact-sur-les-metiers-rh-1033772189447?\">votre inscription<\/a> et b\u00e9n\u00e9ficiez d&rsquo;un tarif sp\u00e9cial (25 euros au lieu de 42 euros).<\/p>\n","protected":false},"excerpt":{"rendered":"<p>Apr\u00e8s Luc Julia en mai dernier \u00e0 Li\u00e8ge, Digital Wallonia a le plaisir d\u2019accueillir le 13 novembre prochain \u00e0 18h, \u00e0 Louvain-la-Neuve \u00a0(Aula Magna), Emmanuelle Blons, conf\u00e9renci\u00e8re et auteure de &lsquo;L\u2019IA au c\u0153ur de l\u2019entreprise : une alli\u00e9e pour votre [&hellip;]<\/p>\n","protected":false},"author":2,"featured_media":16831,"comment_status":"closed","ping_status":"open","sticky":false,"template":"","format":"standard","meta":[],"categories":[65,67,10,8],"tags":[2422,743,1551,2623,1052],"yoast_head":"<!-- This site is optimized with the Yoast SEO plugin v21.0 - https:\/\/yoast.com\/wordpress\/plugins\/seo\/ -->\n<title>Conf\u00e9rence &amp; D\u00e9bats le 13 novembre \u00e0 LLN (18h) : Impact de l&#039;Intelligence Artificielle sur les m\u00e9tiers RH - Peoplesphere<\/title>\n<meta name=\"robots\" content=\"index, follow, max-snippet:-1, max-image-preview:large, max-video-preview:-1\" \/>\n<link rel=\"canonical\" href=\"https:\/\/peoplesphere.be\/fr\/conference-debats-le-13-novembre-a-lln-18h-impact-de-lintelligence-artificielle-sur-les-metiers-rh\/\" \/>\n<meta property=\"og:locale\" content=\"fr_FR\" \/>\n<meta property=\"og:type\" content=\"article\" \/>\n<meta property=\"og:title\" content=\"Conf\u00e9rence &amp; D\u00e9bats le 13 novembre \u00e0 LLN (18h) : Impact de l&#039;Intelligence Artificielle sur les m\u00e9tiers RH - Peoplesphere\" \/>\n<meta property=\"og:description\" content=\"Apr\u00e8s Luc Julia en mai dernier \u00e0 Li\u00e8ge, Digital Wallonia a le plaisir d\u2019accueillir le 13 novembre prochain \u00e0 18h, \u00e0 Louvain-la-Neuve \u00a0(Aula Magna), Emmanuelle Blons, conf\u00e9renci\u00e8re et auteure de &lsquo;L\u2019IA au c\u0153ur de l\u2019entreprise : une alli\u00e9e pour votre [&hellip;]\" \/>\n<meta property=\"og:url\" content=\"https:\/\/peoplesphere.be\/fr\/conference-debats-le-13-novembre-a-lln-18h-impact-de-lintelligence-artificielle-sur-les-metiers-rh\/\" \/>\n<meta property=\"og:site_name\" content=\"Peoplesphere\" \/>\n<meta property=\"article:publisher\" content=\"https:\/\/www.facebook.com\/peoplesphere\" \/>\n<meta property=\"article:published_time\" content=\"2024-10-07T11:14:46+00:00\" \/>\n<meta property=\"article:modified_time\" content=\"2024-10-10T02:18:23+00:00\" \/>\n<meta property=\"og:image\" content=\"https:\/\/peoplesphere.be\/fr\/wp-content\/uploads\/2024\/10\/20241007AIRHdigitalwallonia.jpg\" \/>\n\t<meta property=\"og:image:width\" content=\"940\" \/>\n\t<meta property=\"og:image:height\" content=\"470\" \/>\n\t<meta property=\"og:image:type\" content=\"image\/jpeg\" \/>\n<meta name=\"author\" content=\"Jean-Paul Erhard\" \/>\n<meta name=\"twitter:card\" content=\"summary_large_image\" \/>\n<meta name=\"twitter:creator\" content=\"@PeoplesphereMag\" \/>\n<meta name=\"twitter:site\" content=\"@PeoplesphereMag\" \/>\n<meta name=\"twitter:label1\" content=\"\u00c9crit par\" \/>\n\t<meta name=\"twitter:data1\" content=\"Jean-Paul Erhard\" \/>\n\t<meta name=\"twitter:label2\" content=\"Dur\u00e9e de lecture estim\u00e9e\" \/>\n\t<meta name=\"twitter:data2\" content=\"2 minutes\" \/>\n<script type=\"application\/ld+json\" class=\"yoast-schema-graph\">{\"@context\":\"https:\/\/schema.org\",\"@graph\":[{\"@type\":\"Article\",\"@id\":\"https:\/\/peoplesphere.be\/fr\/conference-debats-le-13-novembre-a-lln-18h-impact-de-lintelligence-artificielle-sur-les-metiers-rh\/#article\",\"isPartOf\":{\"@id\":\"https:\/\/peoplesphere.be\/fr\/conference-debats-le-13-novembre-a-lln-18h-impact-de-lintelligence-artificielle-sur-les-metiers-rh\/\"},\"author\":{\"name\":\"Jean-Paul Erhard\",\"@id\":\"https:\/\/peoplesphere.be\/fr\/#\/schema\/person\/7976225ff17988604334abb7b3536a7e\"},\"headline\":\"Conf\u00e9rence &#038; D\u00e9bats le 13 novembre \u00e0 LLN (18h) : Impact de l&rsquo;Intelligence Artificielle sur les m\u00e9tiers RH\",\"datePublished\":\"2024-10-07T11:14:46+00:00\",\"dateModified\":\"2024-10-10T02:18:23+00:00\",\"mainEntityOfPage\":{\"@id\":\"https:\/\/peoplesphere.be\/fr\/conference-debats-le-13-novembre-a-lln-18h-impact-de-lintelligence-artificielle-sur-les-metiers-rh\/\"},\"wordCount\":405,\"publisher\":{\"@id\":\"https:\/\/peoplesphere.be\/fr\/#organization\"},\"keywords\":[\"Digital Wallonia\",\"\u00e9thique\",\"IA\",\"Impact\",\"transformation num\u00e9rique\"],\"articleSection\":[\"Actualit\u00e9s\",\"Calendrier\",\"Digital\",\"Events\"],\"inLanguage\":\"fr-FR\"},{\"@type\":\"WebPage\",\"@id\":\"https:\/\/peoplesphere.be\/fr\/conference-debats-le-13-novembre-a-lln-18h-impact-de-lintelligence-artificielle-sur-les-metiers-rh\/\",\"url\":\"https:\/\/peoplesphere.be\/fr\/conference-debats-le-13-novembre-a-lln-18h-impact-de-lintelligence-artificielle-sur-les-metiers-rh\/\",\"name\":\"Conf\u00e9rence & D\u00e9bats le 13 novembre \u00e0 LLN (18h) : Impact de l'Intelligence Artificielle sur les m\u00e9tiers RH - Peoplesphere\",\"isPartOf\":{\"@id\":\"https:\/\/peoplesphere.be\/fr\/#website\"},\"datePublished\":\"2024-10-07T11:14:46+00:00\",\"dateModified\":\"2024-10-10T02:18:23+00:00\",\"breadcrumb\":{\"@id\":\"https:\/\/peoplesphere.be\/fr\/conference-debats-le-13-novembre-a-lln-18h-impact-de-lintelligence-artificielle-sur-les-metiers-rh\/#breadcrumb\"},\"inLanguage\":\"fr-FR\",\"potentialAction\":[{\"@type\":\"ReadAction\",\"target\":[\"https:\/\/peoplesphere.be\/fr\/conference-debats-le-13-novembre-a-lln-18h-impact-de-lintelligence-artificielle-sur-les-metiers-rh\/\"]}]},{\"@type\":\"BreadcrumbList\",\"@id\":\"https:\/\/peoplesphere.be\/fr\/conference-debats-le-13-novembre-a-lln-18h-impact-de-lintelligence-artificielle-sur-les-metiers-rh\/#breadcrumb\",\"itemListElement\":[{\"@type\":\"ListItem\",\"position\":1,\"name\":\"Accueil\",\"item\":\"https:\/\/peoplesphere.be\/fr\/\"},{\"@type\":\"ListItem\",\"position\":2,\"name\":\"Conf\u00e9rence &#038; D\u00e9bats le 13 novembre \u00e0 LLN (18h) : Impact de l&rsquo;Intelligence Artificielle sur les m\u00e9tiers RH\"}]},{\"@type\":\"WebSite\",\"@id\":\"https:\/\/peoplesphere.be\/fr\/#website\",\"url\":\"https:\/\/peoplesphere.be\/fr\/\",\"name\":\"Peoplesphere\",\"description\":\"The People Managers Magazine\",\"publisher\":{\"@id\":\"https:\/\/peoplesphere.be\/fr\/#organization\"},\"potentialAction\":[{\"@type\":\"SearchAction\",\"target\":{\"@type\":\"EntryPoint\",\"urlTemplate\":\"https:\/\/peoplesphere.be\/fr\/?s={search_term_string}\"},\"query-input\":\"required name=search_term_string\"}],\"inLanguage\":\"fr-FR\"},{\"@type\":\"Organization\",\"@id\":\"https:\/\/peoplesphere.be\/fr\/#organization\",\"name\":\"Peoplesphere Company srl\",\"url\":\"https:\/\/peoplesphere.be\/fr\/\",\"logo\":{\"@type\":\"ImageObject\",\"inLanguage\":\"fr-FR\",\"@id\":\"https:\/\/peoplesphere.be\/fr\/#\/schema\/logo\/image\/\",\"url\":\"https:\/\/peoplesphere.be\/fr\/wp-content\/uploads\/2023\/07\/peoplesphere-lgo-new-generik.jpg\",\"contentUrl\":\"https:\/\/peoplesphere.be\/fr\/wp-content\/uploads\/2023\/07\/peoplesphere-lgo-new-generik.jpg\",\"width\":1031,\"height\":1479,\"caption\":\"Peoplesphere Company srl\"},\"image\":{\"@id\":\"https:\/\/peoplesphere.be\/fr\/#\/schema\/logo\/image\/\"},\"sameAs\":[\"https:\/\/www.facebook.com\/peoplesphere\",\"https:\/\/twitter.com\/PeoplesphereMag\",\"https:\/\/www.linkedin.com\/company\/7587361?trk\",\"http:\/\/youtube.com\/peoplesphere\"]},{\"@type\":\"Person\",\"@id\":\"https:\/\/peoplesphere.be\/fr\/#\/schema\/person\/7976225ff17988604334abb7b3536a7e\",\"name\":\"Jean-Paul Erhard\",\"image\":{\"@type\":\"ImageObject\",\"inLanguage\":\"fr-FR\",\"@id\":\"https:\/\/peoplesphere.be\/fr\/#\/schema\/person\/image\/\",\"url\":\"https:\/\/secure.gravatar.com\/avatar\/f941e681460179738071629a51574930?s=96&d=mm&r=g\",\"contentUrl\":\"https:\/\/secure.gravatar.com\/avatar\/f941e681460179738071629a51574930?s=96&d=mm&r=g\",\"caption\":\"Jean-Paul Erhard\"},\"url\":\"https:\/\/peoplesphere.be\/fr\/author\/jpe\/\"}]}<\/script>\n<!-- \/ Yoast SEO plugin. -->","yoast_head_json":{"title":"Conf\u00e9rence & D\u00e9bats le 13 novembre \u00e0 LLN (18h) : Impact de l'Intelligence Artificielle sur les m\u00e9tiers RH - Peoplesphere","robots":{"index":"index","follow":"follow","max-snippet":"max-snippet:-1","max-image-preview":"max-image-preview:large","max-video-preview":"max-video-preview:-1"},"canonical":"https:\/\/peoplesphere.be\/fr\/conference-debats-le-13-novembre-a-lln-18h-impact-de-lintelligence-artificielle-sur-les-metiers-rh\/","og_locale":"fr_FR","og_type":"article","og_title":"Conf\u00e9rence & D\u00e9bats le 13 novembre \u00e0 LLN (18h) : Impact de l'Intelligence Artificielle sur les m\u00e9tiers RH - Peoplesphere","og_description":"Apr\u00e8s Luc Julia en mai dernier \u00e0 Li\u00e8ge, Digital Wallonia a le plaisir d\u2019accueillir le 13 novembre prochain \u00e0 18h, \u00e0 Louvain-la-Neuve \u00a0(Aula Magna), Emmanuelle Blons, conf\u00e9renci\u00e8re et auteure de &lsquo;L\u2019IA au c\u0153ur de l\u2019entreprise : une alli\u00e9e pour votre [&hellip;]","og_url":"https:\/\/peoplesphere.be\/fr\/conference-debats-le-13-novembre-a-lln-18h-impact-de-lintelligence-artificielle-sur-les-metiers-rh\/","og_site_name":"Peoplesphere","article_publisher":"https:\/\/www.facebook.com\/peoplesphere","article_published_time":"2024-10-07T11:14:46+00:00","article_modified_time":"2024-10-10T02:18:23+00:00","og_image":[{"width":940,"height":470,"url":"https:\/\/peoplesphere.be\/fr\/wp-content\/uploads\/2024\/10\/20241007AIRHdigitalwallonia.jpg","type":"image\/jpeg"}],"author":"Jean-Paul Erhard","twitter_card":"summary_large_image","twitter_creator":"@PeoplesphereMag","twitter_site":"@PeoplesphereMag","twitter_misc":{"\u00c9crit par":"Jean-Paul Erhard","Dur\u00e9e de lecture estim\u00e9e":"2 minutes"},"schema":{"@context":"https:\/\/schema.org","@graph":[{"@type":"Article","@id":"https:\/\/peoplesphere.be\/fr\/conference-debats-le-13-novembre-a-lln-18h-impact-de-lintelligence-artificielle-sur-les-metiers-rh\/#article","isPartOf":{"@id":"https:\/\/peoplesphere.be\/fr\/conference-debats-le-13-novembre-a-lln-18h-impact-de-lintelligence-artificielle-sur-les-metiers-rh\/"},"author":{"name":"Jean-Paul Erhard","@id":"https:\/\/peoplesphere.be\/fr\/#\/schema\/person\/7976225ff17988604334abb7b3536a7e"},"headline":"Conf\u00e9rence &#038; D\u00e9bats le 13 novembre \u00e0 LLN (18h) : Impact de l&rsquo;Intelligence Artificielle sur les m\u00e9tiers RH","datePublished":"2024-10-07T11:14:46+00:00","dateModified":"2024-10-10T02:18:23+00:00","mainEntityOfPage":{"@id":"https:\/\/peoplesphere.be\/fr\/conference-debats-le-13-novembre-a-lln-18h-impact-de-lintelligence-artificielle-sur-les-metiers-rh\/"},"wordCount":405,"publisher":{"@id":"https:\/\/peoplesphere.be\/fr\/#organization"},"keywords":["Digital Wallonia","\u00e9thique","IA","Impact","transformation num\u00e9rique"],"articleSection":["Actualit\u00e9s","Calendrier","Digital","Events"],"inLanguage":"fr-FR"},{"@type":"WebPage","@id":"https:\/\/peoplesphere.be\/fr\/conference-debats-le-13-novembre-a-lln-18h-impact-de-lintelligence-artificielle-sur-les-metiers-rh\/","url":"https:\/\/peoplesphere.be\/fr\/conference-debats-le-13-novembre-a-lln-18h-impact-de-lintelligence-artificielle-sur-les-metiers-rh\/","name":"Conf\u00e9rence & D\u00e9bats le 13 novembre \u00e0 LLN (18h) : Impact de l'Intelligence Artificielle sur les m\u00e9tiers RH - Peoplesphere","isPartOf":{"@id":"https:\/\/peoplesphere.be\/fr\/#website"},"datePublished":"2024-10-07T11:14:46+00:00","dateModified":"2024-10-10T02:18:23+00:00","breadcrumb":{"@id":"https:\/\/peoplesphere.be\/fr\/conference-debats-le-13-novembre-a-lln-18h-impact-de-lintelligence-artificielle-sur-les-metiers-rh\/#breadcrumb"},"inLanguage":"fr-FR","potentialAction":[{"@type":"ReadAction","target":["https:\/\/peoplesphere.be\/fr\/conference-debats-le-13-novembre-a-lln-18h-impact-de-lintelligence-artificielle-sur-les-metiers-rh\/"]}]},{"@type":"BreadcrumbList","@id":"https:\/\/peoplesphere.be\/fr\/conference-debats-le-13-novembre-a-lln-18h-impact-de-lintelligence-artificielle-sur-les-metiers-rh\/#breadcrumb","itemListElement":[{"@type":"ListItem","position":1,"name":"Accueil","item":"https:\/\/peoplesphere.be\/fr\/"},{"@type":"ListItem","position":2,"name":"Conf\u00e9rence &#038; D\u00e9bats le 13 novembre \u00e0 LLN (18h) : Impact de l&rsquo;Intelligence Artificielle sur les m\u00e9tiers RH"}]},{"@type":"WebSite","@id":"https:\/\/peoplesphere.be\/fr\/#website","url":"https:\/\/peoplesphere.be\/fr\/","name":"Peoplesphere","description":"The People Managers Magazine","publisher":{"@id":"https:\/\/peoplesphere.be\/fr\/#organization"},"potentialAction":[{"@type":"SearchAction","target":{"@type":"EntryPoint","urlTemplate":"https:\/\/peoplesphere.be\/fr\/?s={search_term_string}"},"query-input":"required name=search_term_string"}],"inLanguage":"fr-FR"},{"@type":"Organization","@id":"https:\/\/peoplesphere.be\/fr\/#organization","name":"Peoplesphere Company srl","url":"https:\/\/peoplesphere.be\/fr\/","logo":{"@type":"ImageObject","inLanguage":"fr-FR","@id":"https:\/\/peoplesphere.be\/fr\/#\/schema\/logo\/image\/","url":"https:\/\/peoplesphere.be\/fr\/wp-content\/uploads\/2023\/07\/peoplesphere-lgo-new-generik.jpg","contentUrl":"https:\/\/peoplesphere.be\/fr\/wp-content\/uploads\/2023\/07\/peoplesphere-lgo-new-generik.jpg","width":1031,"height":1479,"caption":"Peoplesphere Company srl"},"image":{"@id":"https:\/\/peoplesphere.be\/fr\/#\/schema\/logo\/image\/"},"sameAs":["https:\/\/www.facebook.com\/peoplesphere","https:\/\/twitter.com\/PeoplesphereMag","https:\/\/www.linkedin.com\/company\/7587361?trk","http:\/\/youtube.com\/peoplesphere"]},{"@type":"Person","@id":"https:\/\/peoplesphere.be\/fr\/#\/schema\/person\/7976225ff17988604334abb7b3536a7e","name":"Jean-Paul Erhard","image":{"@type":"ImageObject","inLanguage":"fr-FR","@id":"https:\/\/peoplesphere.be\/fr\/#\/schema\/person\/image\/","url":"https:\/\/secure.gravatar.com\/avatar\/f941e681460179738071629a51574930?s=96&d=mm&r=g","contentUrl":"https:\/\/secure.gravatar.com\/avatar\/f941e681460179738071629a51574930?s=96&d=mm&r=g","caption":"Jean-Paul Erhard"},"url":"https:\/\/peoplesphere.be\/fr\/author\/jpe\/"}]}},"_links":{"self":[{"href":"https:\/\/peoplesphere.be\/fr\/wp-json\/wp\/v2\/posts\/16830"}],"collection":[{"href":"https:\/\/peoplesphere.be\/fr\/wp-json\/wp\/v2\/posts"}],"about":[{"href":"https:\/\/peoplesphere.be\/fr\/wp-json\/wp\/v2\/types\/post"}],"author":[{"embeddable":true,"href":"https:\/\/peoplesphere.be\/fr\/wp-json\/wp\/v2\/users\/2"}],"replies":[{"embeddable":true,"href":"https:\/\/peoplesphere.be\/fr\/wp-json\/wp\/v2\/comments?post=16830"}],"version-history":[{"count":4,"href":"https:\/\/peoplesphere.be\/fr\/wp-json\/wp\/v2\/posts\/16830\/revisions"}],"predecessor-version":[{"id":16850,"href":"https:\/\/peoplesphere.be\/fr\/wp-json\/wp\/v2\/posts\/16830\/revisions\/16850"}],"wp:featuredmedia":[{"embeddable":true,"href":"https:\/\/peoplesphere.be\/fr\/wp-json\/wp\/v2\/media\/16831"}],"wp:attachment":[{"href":"https:\/\/peoplesphere.be\/fr\/wp-json\/wp\/v2\/media?parent=16830"}],"wp:term":[{"taxonomy":"category","embeddable":true,"href":"https:\/\/peoplesphere.be\/fr\/wp-json\/wp\/v2\/categories?post=16830"},{"taxonomy":"post_tag","embeddable":true,"href":"https:\/\/peoplesphere.be\/fr\/wp-json\/wp\/v2\/tags?post=16830"}],"curies":[{"name":"wp","href":"https:\/\/api.w.org\/{rel}","templated":true}]}}