









{"id":16833,"date":"2024-10-08T05:28:13","date_gmt":"2024-10-08T03:28:13","guid":{"rendered":"https:\/\/peoplesphere.be\/fr\/?p=16833"},"modified":"2024-10-08T05:28:13","modified_gmt":"2024-10-08T03:28:13","slug":"le-nombre-demplois-sans-doute-perdus-via-des-licenciements-collectifs-en-forte-hausse-sur-les-9-premiers-mois-de-lannee","status":"publish","type":"post","link":"https:\/\/peoplesphere.be\/fr\/le-nombre-demplois-sans-doute-perdus-via-des-licenciements-collectifs-en-forte-hausse-sur-les-9-premiers-mois-de-lannee\/","title":{"rendered":"Le nombre d&#8217;emplois sans doute perdus via des licenciements collectifs en forte hausse sur les 9 premiers mois de l&rsquo;ann\u00e9e."},"content":{"rendered":"<p>Au cours des neuf premiers mois de l\u2019ann\u00e9e, 8878 travailleurs ont \u00e9t\u00e9 concern\u00e9s par l\u2019annonce d\u2019un licenciement collectif, selon les derniers chiffres du Service public f\u00e9d\u00e9ral Emploi. Ils \u00e9taient 5.315 \u00e0 la m\u00eame p\u00e9riode l\u2019an dernier. Entre janvier et septembre 2024, 68 unit\u00e9s techniques d\u2019exploitation (UTE) ont d\u00e9but\u00e9 une proc\u00e9dure d\u2019information et de consultation.<!--more--><\/p>\n<p>Il s\u2019agit d\u2019un record depuis que l\u2019administration a commenc\u00e9 \u00e0 compiler des statistiques trimestrielles en 2011. Le pr\u00e9c\u00e9dent record avait \u00e9t\u00e9 \u00e9tabli il y a dix ans, lorsque 8651 licenciements collectifs avaient \u00e9t\u00e9 annonc\u00e9s entre janvier et septembre.<\/p>\n<p>Les chiffres sont directement impact\u00e9s par quelques &lsquo;dossiers&rsquo; majeurs qui figurent en premiere ligne en mati\u00e8re d&rsquo;actualit\u00e9 socio-\u00e9conomique.<\/p>\n<p>Plusieurs grandes entreprises ont annonc\u00e9 cette ann\u00e9e leur intention de proc\u00e9der \u00e0 des licenciements massifs, notamment le constructeur automobile Audi (2.920), le chocolatier Barry Callebaut (479) ou le fabricant de couches Ontex (489).<br \/>\nSur les 8878 travailleurs concern\u00e9s par une annonce d\u2019intention de proc\u00e9der \u00e0 un licenciement collectif entre janvier et septembre 2024, 3317 personnes \u00e9taient occup\u00e9es \u00e0 Bruxelles, 4887 en Flandre et 674 en Wallonie.<\/p>\n<p>Les proc\u00e9dures ne sont pas toutes termin\u00e9es et le nombre final de licenciements peut donc encore varier.<\/p>\n<p>Une entreprise attire toute l&rsquo;attention au premier trimestre 2024, le licenciement collectif annonc\u00e9 chez le constructeur d&rsquo;autobus Van Hool \u00e0 Lierre (secteur m\u00e9tallurgique, Anvers, en mars). Cette annonce repr\u00e9sente 44% du nombre des travailleurs concern\u00e9s par un licenciement collectif annonc\u00e9.<br \/>\nAvec un champ restreint de 16 \u00ab\u00a0dossiers\u00a0\u00bb, cette annonce a un impact sur toutes les statistiques (r\u00e9gion, province et secteur) en raison de sa taille. Avec la<br \/>\nfaillite qui se profile, ce dossier n&rsquo;aura plus de suite dans ces statistiques. Dans ce cas, aucun notification du licenciement collectif ne suivrait alors.<\/p>\n<p>Au deuxi\u00e8me trimestre, 30 entreprises ont annonc\u00e9 des licenciements collectifs, soit presque le double qu&rsquo;au premier trimestre. Alors qu&rsquo;au premier trimestre, 16 entreprises avaient annonc\u00e9 2551 licenciements, les 30 entreprises ont annonc\u00e9 ensemble un peu moins de 2000 licenciements. Ces<br \/>\nlicenciements concernent principalement le secteur textile (+\/- 650 licenciements suppl\u00e9mentaires), le secteur de la m\u00e9tallurgie (environ 400<br \/>\nlicenciements suppl\u00e9mentaires) et les secteurs de la p\u00e9trochimie, de la distribution et de l&rsquo;agroalimentaire (environ 150 \u00e0 200 licenciements<br \/>\nsuppl\u00e9mentaires chacun).<br \/>\nAu troisi\u00e8me trimestre de l\u2019ann\u00e9e un important licenciement collectif a \u00e9t\u00e9 annonc\u00e9. En effet, avec 2920 emplois concern\u00e9s, le licenciement collectif chez<br \/>\nAudi Brussels impacte de mani\u00e8re importante les chiffres du secteur de la transformation du m\u00e9tal et de la r\u00e9gion bruxelloise au mois de juillet.<\/p>\n<p>&nbsp;<\/p>\n<p><em>Source: RTBF &#8211; SPF Emploi<\/em><\/p>\n","protected":false},"excerpt":{"rendered":"<p>Au cours des neuf premiers mois de l\u2019ann\u00e9e, 8878 travailleurs ont \u00e9t\u00e9 concern\u00e9s par l\u2019annonce d\u2019un licenciement collectif, selon les derniers chiffres du Service public f\u00e9d\u00e9ral Emploi. Ils \u00e9taient 5.315 \u00e0 la m\u00eame p\u00e9riode l\u2019an dernier. Entre janvier et septembre [&hellip;]<\/p>\n","protected":false},"author":2,"featured_media":0,"comment_status":"closed","ping_status":"open","sticky":false,"template":"","format":"standard","meta":[],"categories":[65,10],"tags":[11,2190,2285,342],"yoast_head":"<!-- This site is optimized with the Yoast SEO plugin v21.0 - https:\/\/yoast.com\/wordpress\/plugins\/seo\/ -->\n<title>Le nombre d&#039;emplois sans doute perdus via des licenciements collectifs en forte hausse sur les 9 premiers mois de l&#039;ann\u00e9e. - Peoplesphere<\/title>\n<meta name=\"robots\" content=\"index, follow, max-snippet:-1, max-image-preview:large, max-video-preview:-1\" \/>\n<link rel=\"canonical\" href=\"https:\/\/peoplesphere.be\/fr\/le-nombre-demplois-sans-doute-perdus-via-des-licenciements-collectifs-en-forte-hausse-sur-les-9-premiers-mois-de-lannee\/\" \/>\n<meta property=\"og:locale\" content=\"fr_FR\" \/>\n<meta property=\"og:type\" content=\"article\" \/>\n<meta property=\"og:title\" content=\"Le nombre d&#039;emplois sans doute perdus via des licenciements collectifs en forte hausse sur les 9 premiers mois de l&#039;ann\u00e9e. - Peoplesphere\" \/>\n<meta property=\"og:description\" content=\"Au cours des neuf premiers mois de l\u2019ann\u00e9e, 8878 travailleurs ont \u00e9t\u00e9 concern\u00e9s par l\u2019annonce d\u2019un licenciement collectif, selon les derniers chiffres du Service public f\u00e9d\u00e9ral Emploi. Ils \u00e9taient 5.315 \u00e0 la m\u00eame p\u00e9riode l\u2019an dernier. Entre janvier et septembre [&hellip;]\" \/>\n<meta property=\"og:url\" content=\"https:\/\/peoplesphere.be\/fr\/le-nombre-demplois-sans-doute-perdus-via-des-licenciements-collectifs-en-forte-hausse-sur-les-9-premiers-mois-de-lannee\/\" \/>\n<meta property=\"og:site_name\" content=\"Peoplesphere\" \/>\n<meta property=\"article:publisher\" content=\"https:\/\/www.facebook.com\/peoplesphere\" \/>\n<meta property=\"article:published_time\" content=\"2024-10-08T03:28:13+00:00\" \/>\n<meta property=\"og:image\" content=\"http:\/\/www.peoplesphere.be\/fr\/wp-content\/uploads\/2016\/07\/facebook-default-posting-1200x628px.jpg\" \/>\n<meta name=\"author\" content=\"Jean-Paul Erhard\" \/>\n<meta name=\"twitter:card\" content=\"summary_large_image\" \/>\n<meta name=\"twitter:creator\" content=\"@PeoplesphereMag\" \/>\n<meta name=\"twitter:site\" content=\"@PeoplesphereMag\" \/>\n<meta name=\"twitter:label1\" content=\"\u00c9crit par\" \/>\n\t<meta name=\"twitter:data1\" content=\"Jean-Paul Erhard\" \/>\n\t<meta name=\"twitter:label2\" content=\"Dur\u00e9e de lecture estim\u00e9e\" \/>\n\t<meta name=\"twitter:data2\" content=\"3 minutes\" \/>\n<script type=\"application\/ld+json\" class=\"yoast-schema-graph\">{\"@context\":\"https:\/\/schema.org\",\"@graph\":[{\"@type\":\"Article\",\"@id\":\"https:\/\/peoplesphere.be\/fr\/le-nombre-demplois-sans-doute-perdus-via-des-licenciements-collectifs-en-forte-hausse-sur-les-9-premiers-mois-de-lannee\/#article\",\"isPartOf\":{\"@id\":\"https:\/\/peoplesphere.be\/fr\/le-nombre-demplois-sans-doute-perdus-via-des-licenciements-collectifs-en-forte-hausse-sur-les-9-premiers-mois-de-lannee\/\"},\"author\":{\"name\":\"Jean-Paul Erhard\",\"@id\":\"https:\/\/peoplesphere.be\/fr\/#\/schema\/person\/7976225ff17988604334abb7b3536a7e\"},\"headline\":\"Le nombre d&#8217;emplois sans doute perdus via des licenciements collectifs en forte hausse sur les 9 premiers mois de l&rsquo;ann\u00e9e.\",\"datePublished\":\"2024-10-08T03:28:13+00:00\",\"dateModified\":\"2024-10-08T03:28:13+00:00\",\"mainEntityOfPage\":{\"@id\":\"https:\/\/peoplesphere.be\/fr\/le-nombre-demplois-sans-doute-perdus-via-des-licenciements-collectifs-en-forte-hausse-sur-les-9-premiers-mois-de-lannee\/\"},\"wordCount\":449,\"publisher\":{\"@id\":\"https:\/\/peoplesphere.be\/fr\/#organization\"},\"keywords\":[\"emploi\",\"faillite\",\"licenciement collectif\",\"restructuration\"],\"articleSection\":[\"Actualit\u00e9s\",\"Digital\"],\"inLanguage\":\"fr-FR\"},{\"@type\":\"WebPage\",\"@id\":\"https:\/\/peoplesphere.be\/fr\/le-nombre-demplois-sans-doute-perdus-via-des-licenciements-collectifs-en-forte-hausse-sur-les-9-premiers-mois-de-lannee\/\",\"url\":\"https:\/\/peoplesphere.be\/fr\/le-nombre-demplois-sans-doute-perdus-via-des-licenciements-collectifs-en-forte-hausse-sur-les-9-premiers-mois-de-lannee\/\",\"name\":\"Le nombre d'emplois sans doute perdus via des licenciements collectifs en forte hausse sur les 9 premiers mois de l'ann\u00e9e. - Peoplesphere\",\"isPartOf\":{\"@id\":\"https:\/\/peoplesphere.be\/fr\/#website\"},\"datePublished\":\"2024-10-08T03:28:13+00:00\",\"dateModified\":\"2024-10-08T03:28:13+00:00\",\"breadcrumb\":{\"@id\":\"https:\/\/peoplesphere.be\/fr\/le-nombre-demplois-sans-doute-perdus-via-des-licenciements-collectifs-en-forte-hausse-sur-les-9-premiers-mois-de-lannee\/#breadcrumb\"},\"inLanguage\":\"fr-FR\",\"potentialAction\":[{\"@type\":\"ReadAction\",\"target\":[\"https:\/\/peoplesphere.be\/fr\/le-nombre-demplois-sans-doute-perdus-via-des-licenciements-collectifs-en-forte-hausse-sur-les-9-premiers-mois-de-lannee\/\"]}]},{\"@type\":\"BreadcrumbList\",\"@id\":\"https:\/\/peoplesphere.be\/fr\/le-nombre-demplois-sans-doute-perdus-via-des-licenciements-collectifs-en-forte-hausse-sur-les-9-premiers-mois-de-lannee\/#breadcrumb\",\"itemListElement\":[{\"@type\":\"ListItem\",\"position\":1,\"name\":\"Accueil\",\"item\":\"https:\/\/peoplesphere.be\/fr\/\"},{\"@type\":\"ListItem\",\"position\":2,\"name\":\"Le nombre d&#8217;emplois sans doute perdus via des licenciements collectifs en forte hausse sur les 9 premiers mois de l&rsquo;ann\u00e9e.\"}]},{\"@type\":\"WebSite\",\"@id\":\"https:\/\/peoplesphere.be\/fr\/#website\",\"url\":\"https:\/\/peoplesphere.be\/fr\/\",\"name\":\"Peoplesphere\",\"description\":\"The People Managers Magazine\",\"publisher\":{\"@id\":\"https:\/\/peoplesphere.be\/fr\/#organization\"},\"potentialAction\":[{\"@type\":\"SearchAction\",\"target\":{\"@type\":\"EntryPoint\",\"urlTemplate\":\"https:\/\/peoplesphere.be\/fr\/?s={search_term_string}\"},\"query-input\":\"required name=search_term_string\"}],\"inLanguage\":\"fr-FR\"},{\"@type\":\"Organization\",\"@id\":\"https:\/\/peoplesphere.be\/fr\/#organization\",\"name\":\"Peoplesphere Company srl\",\"url\":\"https:\/\/peoplesphere.be\/fr\/\",\"logo\":{\"@type\":\"ImageObject\",\"inLanguage\":\"fr-FR\",\"@id\":\"https:\/\/peoplesphere.be\/fr\/#\/schema\/logo\/image\/\",\"url\":\"https:\/\/peoplesphere.be\/fr\/wp-content\/uploads\/2023\/07\/peoplesphere-lgo-new-generik.jpg\",\"contentUrl\":\"https:\/\/peoplesphere.be\/fr\/wp-content\/uploads\/2023\/07\/peoplesphere-lgo-new-generik.jpg\",\"width\":1031,\"height\":1479,\"caption\":\"Peoplesphere Company srl\"},\"image\":{\"@id\":\"https:\/\/peoplesphere.be\/fr\/#\/schema\/logo\/image\/\"},\"sameAs\":[\"https:\/\/www.facebook.com\/peoplesphere\",\"https:\/\/twitter.com\/PeoplesphereMag\",\"https:\/\/www.linkedin.com\/company\/7587361?trk\",\"http:\/\/youtube.com\/peoplesphere\"]},{\"@type\":\"Person\",\"@id\":\"https:\/\/peoplesphere.be\/fr\/#\/schema\/person\/7976225ff17988604334abb7b3536a7e\",\"name\":\"Jean-Paul Erhard\",\"image\":{\"@type\":\"ImageObject\",\"inLanguage\":\"fr-FR\",\"@id\":\"https:\/\/peoplesphere.be\/fr\/#\/schema\/person\/image\/\",\"url\":\"https:\/\/secure.gravatar.com\/avatar\/f941e681460179738071629a51574930?s=96&d=mm&r=g\",\"contentUrl\":\"https:\/\/secure.gravatar.com\/avatar\/f941e681460179738071629a51574930?s=96&d=mm&r=g\",\"caption\":\"Jean-Paul Erhard\"},\"url\":\"https:\/\/peoplesphere.be\/fr\/author\/jpe\/\"}]}<\/script>\n<!-- \/ Yoast SEO plugin. -->","yoast_head_json":{"title":"Le nombre d'emplois sans doute perdus via des licenciements collectifs en forte hausse sur les 9 premiers mois de l'ann\u00e9e. - Peoplesphere","robots":{"index":"index","follow":"follow","max-snippet":"max-snippet:-1","max-image-preview":"max-image-preview:large","max-video-preview":"max-video-preview:-1"},"canonical":"https:\/\/peoplesphere.be\/fr\/le-nombre-demplois-sans-doute-perdus-via-des-licenciements-collectifs-en-forte-hausse-sur-les-9-premiers-mois-de-lannee\/","og_locale":"fr_FR","og_type":"article","og_title":"Le nombre d'emplois sans doute perdus via des licenciements collectifs en forte hausse sur les 9 premiers mois de l'ann\u00e9e. - Peoplesphere","og_description":"Au cours des neuf premiers mois de l\u2019ann\u00e9e, 8878 travailleurs ont \u00e9t\u00e9 concern\u00e9s par l\u2019annonce d\u2019un licenciement collectif, selon les derniers chiffres du Service public f\u00e9d\u00e9ral Emploi. Ils \u00e9taient 5.315 \u00e0 la m\u00eame p\u00e9riode l\u2019an dernier. Entre janvier et septembre [&hellip;]","og_url":"https:\/\/peoplesphere.be\/fr\/le-nombre-demplois-sans-doute-perdus-via-des-licenciements-collectifs-en-forte-hausse-sur-les-9-premiers-mois-de-lannee\/","og_site_name":"Peoplesphere","article_publisher":"https:\/\/www.facebook.com\/peoplesphere","article_published_time":"2024-10-08T03:28:13+00:00","og_image":[{"url":"http:\/\/www.peoplesphere.be\/fr\/wp-content\/uploads\/2016\/07\/facebook-default-posting-1200x628px.jpg"}],"author":"Jean-Paul Erhard","twitter_card":"summary_large_image","twitter_creator":"@PeoplesphereMag","twitter_site":"@PeoplesphereMag","twitter_misc":{"\u00c9crit par":"Jean-Paul Erhard","Dur\u00e9e de lecture estim\u00e9e":"3 minutes"},"schema":{"@context":"https:\/\/schema.org","@graph":[{"@type":"Article","@id":"https:\/\/peoplesphere.be\/fr\/le-nombre-demplois-sans-doute-perdus-via-des-licenciements-collectifs-en-forte-hausse-sur-les-9-premiers-mois-de-lannee\/#article","isPartOf":{"@id":"https:\/\/peoplesphere.be\/fr\/le-nombre-demplois-sans-doute-perdus-via-des-licenciements-collectifs-en-forte-hausse-sur-les-9-premiers-mois-de-lannee\/"},"author":{"name":"Jean-Paul Erhard","@id":"https:\/\/peoplesphere.be\/fr\/#\/schema\/person\/7976225ff17988604334abb7b3536a7e"},"headline":"Le nombre d&#8217;emplois sans doute perdus via des licenciements collectifs en forte hausse sur les 9 premiers mois de l&rsquo;ann\u00e9e.","datePublished":"2024-10-08T03:28:13+00:00","dateModified":"2024-10-08T03:28:13+00:00","mainEntityOfPage":{"@id":"https:\/\/peoplesphere.be\/fr\/le-nombre-demplois-sans-doute-perdus-via-des-licenciements-collectifs-en-forte-hausse-sur-les-9-premiers-mois-de-lannee\/"},"wordCount":449,"publisher":{"@id":"https:\/\/peoplesphere.be\/fr\/#organization"},"keywords":["emploi","faillite","licenciement collectif","restructuration"],"articleSection":["Actualit\u00e9s","Digital"],"inLanguage":"fr-FR"},{"@type":"WebPage","@id":"https:\/\/peoplesphere.be\/fr\/le-nombre-demplois-sans-doute-perdus-via-des-licenciements-collectifs-en-forte-hausse-sur-les-9-premiers-mois-de-lannee\/","url":"https:\/\/peoplesphere.be\/fr\/le-nombre-demplois-sans-doute-perdus-via-des-licenciements-collectifs-en-forte-hausse-sur-les-9-premiers-mois-de-lannee\/","name":"Le nombre d'emplois sans doute perdus via des licenciements collectifs en forte hausse sur les 9 premiers mois de l'ann\u00e9e. - Peoplesphere","isPartOf":{"@id":"https:\/\/peoplesphere.be\/fr\/#website"},"datePublished":"2024-10-08T03:28:13+00:00","dateModified":"2024-10-08T03:28:13+00:00","breadcrumb":{"@id":"https:\/\/peoplesphere.be\/fr\/le-nombre-demplois-sans-doute-perdus-via-des-licenciements-collectifs-en-forte-hausse-sur-les-9-premiers-mois-de-lannee\/#breadcrumb"},"inLanguage":"fr-FR","potentialAction":[{"@type":"ReadAction","target":["https:\/\/peoplesphere.be\/fr\/le-nombre-demplois-sans-doute-perdus-via-des-licenciements-collectifs-en-forte-hausse-sur-les-9-premiers-mois-de-lannee\/"]}]},{"@type":"BreadcrumbList","@id":"https:\/\/peoplesphere.be\/fr\/le-nombre-demplois-sans-doute-perdus-via-des-licenciements-collectifs-en-forte-hausse-sur-les-9-premiers-mois-de-lannee\/#breadcrumb","itemListElement":[{"@type":"ListItem","position":1,"name":"Accueil","item":"https:\/\/peoplesphere.be\/fr\/"},{"@type":"ListItem","position":2,"name":"Le nombre d&#8217;emplois sans doute perdus via des licenciements collectifs en forte hausse sur les 9 premiers mois de l&rsquo;ann\u00e9e."}]},{"@type":"WebSite","@id":"https:\/\/peoplesphere.be\/fr\/#website","url":"https:\/\/peoplesphere.be\/fr\/","name":"Peoplesphere","description":"The People Managers Magazine","publisher":{"@id":"https:\/\/peoplesphere.be\/fr\/#organization"},"potentialAction":[{"@type":"SearchAction","target":{"@type":"EntryPoint","urlTemplate":"https:\/\/peoplesphere.be\/fr\/?s={search_term_string}"},"query-input":"required name=search_term_string"}],"inLanguage":"fr-FR"},{"@type":"Organization","@id":"https:\/\/peoplesphere.be\/fr\/#organization","name":"Peoplesphere Company srl","url":"https:\/\/peoplesphere.be\/fr\/","logo":{"@type":"ImageObject","inLanguage":"fr-FR","@id":"https:\/\/peoplesphere.be\/fr\/#\/schema\/logo\/image\/","url":"https:\/\/peoplesphere.be\/fr\/wp-content\/uploads\/2023\/07\/peoplesphere-lgo-new-generik.jpg","contentUrl":"https:\/\/peoplesphere.be\/fr\/wp-content\/uploads\/2023\/07\/peoplesphere-lgo-new-generik.jpg","width":1031,"height":1479,"caption":"Peoplesphere Company srl"},"image":{"@id":"https:\/\/peoplesphere.be\/fr\/#\/schema\/logo\/image\/"},"sameAs":["https:\/\/www.facebook.com\/peoplesphere","https:\/\/twitter.com\/PeoplesphereMag","https:\/\/www.linkedin.com\/company\/7587361?trk","http:\/\/youtube.com\/peoplesphere"]},{"@type":"Person","@id":"https:\/\/peoplesphere.be\/fr\/#\/schema\/person\/7976225ff17988604334abb7b3536a7e","name":"Jean-Paul Erhard","image":{"@type":"ImageObject","inLanguage":"fr-FR","@id":"https:\/\/peoplesphere.be\/fr\/#\/schema\/person\/image\/","url":"https:\/\/secure.gravatar.com\/avatar\/f941e681460179738071629a51574930?s=96&d=mm&r=g","contentUrl":"https:\/\/secure.gravatar.com\/avatar\/f941e681460179738071629a51574930?s=96&d=mm&r=g","caption":"Jean-Paul Erhard"},"url":"https:\/\/peoplesphere.be\/fr\/author\/jpe\/"}]}},"_links":{"self":[{"href":"https:\/\/peoplesphere.be\/fr\/wp-json\/wp\/v2\/posts\/16833"}],"collection":[{"href":"https:\/\/peoplesphere.be\/fr\/wp-json\/wp\/v2\/posts"}],"about":[{"href":"https:\/\/peoplesphere.be\/fr\/wp-json\/wp\/v2\/types\/post"}],"author":[{"embeddable":true,"href":"https:\/\/peoplesphere.be\/fr\/wp-json\/wp\/v2\/users\/2"}],"replies":[{"embeddable":true,"href":"https:\/\/peoplesphere.be\/fr\/wp-json\/wp\/v2\/comments?post=16833"}],"version-history":[{"count":1,"href":"https:\/\/peoplesphere.be\/fr\/wp-json\/wp\/v2\/posts\/16833\/revisions"}],"predecessor-version":[{"id":16834,"href":"https:\/\/peoplesphere.be\/fr\/wp-json\/wp\/v2\/posts\/16833\/revisions\/16834"}],"wp:attachment":[{"href":"https:\/\/peoplesphere.be\/fr\/wp-json\/wp\/v2\/media?parent=16833"}],"wp:term":[{"taxonomy":"category","embeddable":true,"href":"https:\/\/peoplesphere.be\/fr\/wp-json\/wp\/v2\/categories?post=16833"},{"taxonomy":"post_tag","embeddable":true,"href":"https:\/\/peoplesphere.be\/fr\/wp-json\/wp\/v2\/tags?post=16833"}],"curies":[{"name":"wp","href":"https:\/\/api.w.org\/{rel}","templated":true}]}}