









{"id":16843,"date":"2024-10-09T17:39:04","date_gmt":"2024-10-09T15:39:04","guid":{"rendered":"https:\/\/peoplesphere.be\/fr\/?p=16843"},"modified":"2024-10-09T17:39:04","modified_gmt":"2024-10-09T15:39:04","slug":"trop-de-depenses-au-sein-dun-etat-obese-lemploi-public-represente-22-de-lemploi-total","status":"publish","type":"post","link":"https:\/\/peoplesphere.be\/fr\/trop-de-depenses-au-sein-dun-etat-obese-lemploi-public-represente-22-de-lemploi-total\/","title":{"rendered":"Trop de d\u00e9penses au sein d&rsquo;un Etat ob\u00e8se? L\u2019emploi public repr\u00e9sente 22% de l\u2019emploi total."},"content":{"rendered":"<p>En 2023, les diff\u00e9rents niveaux de pouvoir de notre pays ont d\u00e9pens\u00e9 ensemble un peu moins de 279 milliards d&rsquo;euros, ce qui repr\u00e9sente 55,5% du PIB (contre 49,4% dans l\u2019UE-27). La prochaine l\u00e9gislature verra nos gouvernements face au plus grand d\u00e9fi budg\u00e9taire depuis les ann\u00e9es 1980. Il faudra \u00e0 la fois \u00e9conomiser et r\u00e9former tant au niveau des d\u00e9penses que des recettes. Au niveau des recettes, il faudra surtout \u201cmieux taxer\u201d et \u201cmieux r\u00e9partir\u201d la charge fiscale sans accroitre notre pression fiscale globale. Au niveau des d\u00e9penses publiques, il faudra proc\u00e9der \u00e0 des \u201c\u00e9conomies intelligentes\u201d (rationaliser pour ne pas rationner).<!--more--><\/p>\n<p>En Belgique la d\u00e9pense publique totale par habitant est de 22.244 euros. C\u2019est 6.718 euros sup\u00e9rieure \u00e0 la moyenne UE-27. En particulier nous d\u00e9pensons 1.697 euros en plus par habitant que la France, 2.194 euros en plus par habitant que les Pays-Bas, 3.072 euros en plus par habitant que l\u2019Allemagne, et 5.092 euros en plus par habitant que l\u2019Italie.<\/p>\n<p>La moiti\u00e9 des d\u00e9penses publiques sont des d\u00e9penses sociales qui repr\u00e9sentent 11.815 euros par habitant. C\u2019est 480 euros en plus par habitant que la France, 1.282 euros en plus par habitant que l\u2019Allemagne, 2.462 euros en plus par habitant que l\u2019Italie, 3.703 euros en plus par habitant que les Pays-Bas, 4.564 euros en plus par habitant que l\u2019Espagne, et 5.065 euros en plus par habitant que le Portugal.<\/p>\n<h3><strong><em>Combien de fonctionnaires ?<\/em><\/strong><\/h3>\n<p>Nous comptabilisons les emplois publics en ETP compte tenu de l\u2019importance relative du travail \u00e0 temps partiel dans la fonction publique (et notamment dans l\u2019enseignement).<br \/>\nL\u2019emploi public se d\u00e9finit au sens large ou strict selon que l\u2019on int\u00e8gre ou non les soins de sant\u00e9 et l\u2019action sociale (qui sont fortement subsidi\u00e9s). Fin 2022, la Belgique comptait 962.831 emplois publics au sens strict en ETP, dont 50% au niveau des communaut\u00e9s et r\u00e9gions, 30% au niveau des administrations locales et 20% au niveau des administrations f\u00e9d\u00e9rales. L\u2019enseignement repr\u00e9sente 3 emplois publics sur 4 au niveau des r\u00e9gions et communaut\u00e9s.<br \/>\nEn 2022, on compte 419.844 ETP dans le secteur de la sant\u00e9 humaine et de l\u2019action sociale. En additionnant le secteur public au sens strict avec le secteur sant\u00e9 et action sociale, nous atteignons un effectif total de 1.382.675 ETP (emplois publics au sens large).<\/p>\n<h3><strong><em>Une croissance plus faible que celle des emplois priv\u00e9s<\/em><\/strong><\/h3>\n<p>Entre 2015 et 2023, le nombre d&#8217;emplois (ETP) dans le secteur priv\u00e9 a augment\u00e9 de 10%. Les effectifs chez les ind\u00e9pendants ont augment\u00e9 de 20%. Sur la m\u00eame p\u00e9riode, l\u2019emploi public au sens strict a augment\u00e9 de 5,4% contre une hausse de 8,6% de l\u2019emploi public au sens large. Le secteur de l\u2019enseignement a augment\u00e9 de 11%, celui de la sant\u00e9 et de l\u2019action sociale de 15% tandis que le reste de l\u2019administration publique a augment\u00e9 de 1%.<br \/>\nAu sein des entit\u00e9s f\u00e9d\u00e9r\u00e9es, les hausses sont respectivement de 21,7% en R\u00e9gion Bruxelloise, 9,1% en R\u00e9gion Wallonne, 8,8% en R\u00e9gion et Communaut\u00e9 Flamande, 5,3% en Communaut\u00e9 Fran\u00e7aise et 4,3% au niveau des villes et communes.<\/p>\n<h3><strong><em>Une densit\u00e9 des emplois publics comparable entre r\u00e9gions\u2026<\/em><\/strong><\/h3>\n<p>En 2022 on d\u00e9nombre 11,1 emplois publics au sens large pour 100 habitants en Wallonie contre 10,4 emplois publics pour 100 habitants en Flandre et 7,7 emplois publics pour 100 habitants \u00e0 Bruxelles. En revanche, au niveau des administrations locales, on observe une grande disparit\u00e9 r\u00e9gionale dans la densit\u00e9 des emplois publics avec 7,9 ETP pour 1000 habitants en Flandre contre 11,2 ETP en Wallonie et 13,8 ETP \u00e0 Bruxelles (soit presque le double de la densit\u00e9 administrative locale de la Flandre).<\/p>\n<p>Au niveau Belge, l\u2019emploi public au sens strict repr\u00e9sente 22% de l\u2019emploi total. L\u2019analyse par province de la part de l\u2019emploi public dans l\u2019emploi total r\u00e9v\u00e8le des diff\u00e9rences marqu\u00e9es. En Flandre, cette part de l\u2019emploi public est de 17,34% avec une dispersion faible de ce taux entre provinces flamandes. En Wallonie, la part de l\u2019emploi public est de 27% et varie fortement entre provinces : 18% dans le Brabant Wallon, 27,4% dans le Hainaut, 28,12% en province de Li\u00e8ge, 29,87% en province de Namur et 31,72% en province de Luxembourg.<\/p>\n<p>Les finances publiques belges sont exsangues, et nous allons devoir maitriser la hausse de nos d\u00e9penses publiques. Au niveau des effectifs, les secteurs de la sant\u00e9 et de l\u2019enseignement souffrent de p\u00e9nuries, et pr\u00e9sentent peu de marges d\u2019\u00e9conomies. A l\u2019inverse les pouvoirs locaux repr\u00e9sentent un tiers des emplois publics. Une restructuration et int\u00e9gration des administrations locales offrent des \u00e9conomies d\u2019\u00e9chelle potentielles int\u00e9ressantes.<\/p>\n<p>&nbsp;<\/p>\n<p><em>Source: Itinera<\/em><\/p>\n","protected":false},"excerpt":{"rendered":"<p>En 2023, les diff\u00e9rents niveaux de pouvoir de notre pays ont d\u00e9pens\u00e9 ensemble un peu moins de 279 milliards d&rsquo;euros, ce qui repr\u00e9sente 55,5% du PIB (contre 49,4% dans l\u2019UE-27). La prochaine l\u00e9gislature verra nos gouvernements face au plus grand [&hellip;]<\/p>\n","protected":false},"author":2,"featured_media":0,"comment_status":"closed","ping_status":"open","sticky":false,"template":"","format":"standard","meta":[],"categories":[65,10],"tags":[2946,4151,1635],"yoast_head":"<!-- This site is optimized with the Yoast SEO plugin v21.0 - https:\/\/yoast.com\/wordpress\/plugins\/seo\/ -->\n<title>Trop de d\u00e9penses au sein d&#039;un Etat ob\u00e8se? L\u2019emploi public repr\u00e9sente 22% de l\u2019emploi total. - Peoplesphere<\/title>\n<meta name=\"robots\" content=\"index, follow, max-snippet:-1, max-image-preview:large, max-video-preview:-1\" \/>\n<link rel=\"canonical\" href=\"https:\/\/peoplesphere.be\/fr\/trop-de-depenses-au-sein-dun-etat-obese-lemploi-public-represente-22-de-lemploi-total\/\" \/>\n<meta property=\"og:locale\" content=\"fr_FR\" \/>\n<meta property=\"og:type\" content=\"article\" \/>\n<meta property=\"og:title\" content=\"Trop de d\u00e9penses au sein d&#039;un Etat ob\u00e8se? L\u2019emploi public repr\u00e9sente 22% de l\u2019emploi total. - Peoplesphere\" \/>\n<meta property=\"og:description\" content=\"En 2023, les diff\u00e9rents niveaux de pouvoir de notre pays ont d\u00e9pens\u00e9 ensemble un peu moins de 279 milliards d&rsquo;euros, ce qui repr\u00e9sente 55,5% du PIB (contre 49,4% dans l\u2019UE-27). La prochaine l\u00e9gislature verra nos gouvernements face au plus grand [&hellip;]\" \/>\n<meta property=\"og:url\" content=\"https:\/\/peoplesphere.be\/fr\/trop-de-depenses-au-sein-dun-etat-obese-lemploi-public-represente-22-de-lemploi-total\/\" \/>\n<meta property=\"og:site_name\" content=\"Peoplesphere\" \/>\n<meta property=\"article:publisher\" content=\"https:\/\/www.facebook.com\/peoplesphere\" \/>\n<meta property=\"article:published_time\" content=\"2024-10-09T15:39:04+00:00\" \/>\n<meta property=\"og:image\" content=\"http:\/\/www.peoplesphere.be\/fr\/wp-content\/uploads\/2016\/07\/facebook-default-posting-1200x628px.jpg\" \/>\n<meta name=\"author\" content=\"Jean-Paul Erhard\" \/>\n<meta name=\"twitter:card\" content=\"summary_large_image\" \/>\n<meta name=\"twitter:creator\" content=\"@PeoplesphereMag\" \/>\n<meta name=\"twitter:site\" content=\"@PeoplesphereMag\" \/>\n<meta name=\"twitter:label1\" content=\"\u00c9crit par\" \/>\n\t<meta name=\"twitter:data1\" content=\"Jean-Paul Erhard\" \/>\n\t<meta name=\"twitter:label2\" content=\"Dur\u00e9e de lecture estim\u00e9e\" \/>\n\t<meta name=\"twitter:data2\" content=\"4 minutes\" \/>\n<script type=\"application\/ld+json\" class=\"yoast-schema-graph\">{\"@context\":\"https:\/\/schema.org\",\"@graph\":[{\"@type\":\"Article\",\"@id\":\"https:\/\/peoplesphere.be\/fr\/trop-de-depenses-au-sein-dun-etat-obese-lemploi-public-represente-22-de-lemploi-total\/#article\",\"isPartOf\":{\"@id\":\"https:\/\/peoplesphere.be\/fr\/trop-de-depenses-au-sein-dun-etat-obese-lemploi-public-represente-22-de-lemploi-total\/\"},\"author\":{\"name\":\"Jean-Paul Erhard\",\"@id\":\"https:\/\/peoplesphere.be\/fr\/#\/schema\/person\/7976225ff17988604334abb7b3536a7e\"},\"headline\":\"Trop de d\u00e9penses au sein d&rsquo;un Etat ob\u00e8se? L\u2019emploi public repr\u00e9sente 22% de l\u2019emploi total.\",\"datePublished\":\"2024-10-09T15:39:04+00:00\",\"dateModified\":\"2024-10-09T15:39:04+00:00\",\"mainEntityOfPage\":{\"@id\":\"https:\/\/peoplesphere.be\/fr\/trop-de-depenses-au-sein-dun-etat-obese-lemploi-public-represente-22-de-lemploi-total\/\"},\"wordCount\":778,\"publisher\":{\"@id\":\"https:\/\/peoplesphere.be\/fr\/#organization\"},\"keywords\":[\"d\u00e9penses publiques\",\"emploi public\",\"fonctionnaires\"],\"articleSection\":[\"Actualit\u00e9s\",\"Digital\"],\"inLanguage\":\"fr-FR\"},{\"@type\":\"WebPage\",\"@id\":\"https:\/\/peoplesphere.be\/fr\/trop-de-depenses-au-sein-dun-etat-obese-lemploi-public-represente-22-de-lemploi-total\/\",\"url\":\"https:\/\/peoplesphere.be\/fr\/trop-de-depenses-au-sein-dun-etat-obese-lemploi-public-represente-22-de-lemploi-total\/\",\"name\":\"Trop de d\u00e9penses au sein d'un Etat ob\u00e8se? L\u2019emploi public repr\u00e9sente 22% de l\u2019emploi total. - Peoplesphere\",\"isPartOf\":{\"@id\":\"https:\/\/peoplesphere.be\/fr\/#website\"},\"datePublished\":\"2024-10-09T15:39:04+00:00\",\"dateModified\":\"2024-10-09T15:39:04+00:00\",\"breadcrumb\":{\"@id\":\"https:\/\/peoplesphere.be\/fr\/trop-de-depenses-au-sein-dun-etat-obese-lemploi-public-represente-22-de-lemploi-total\/#breadcrumb\"},\"inLanguage\":\"fr-FR\",\"potentialAction\":[{\"@type\":\"ReadAction\",\"target\":[\"https:\/\/peoplesphere.be\/fr\/trop-de-depenses-au-sein-dun-etat-obese-lemploi-public-represente-22-de-lemploi-total\/\"]}]},{\"@type\":\"BreadcrumbList\",\"@id\":\"https:\/\/peoplesphere.be\/fr\/trop-de-depenses-au-sein-dun-etat-obese-lemploi-public-represente-22-de-lemploi-total\/#breadcrumb\",\"itemListElement\":[{\"@type\":\"ListItem\",\"position\":1,\"name\":\"Accueil\",\"item\":\"https:\/\/peoplesphere.be\/fr\/\"},{\"@type\":\"ListItem\",\"position\":2,\"name\":\"Trop de d\u00e9penses au sein d&rsquo;un Etat ob\u00e8se? L\u2019emploi public repr\u00e9sente 22% de l\u2019emploi total.\"}]},{\"@type\":\"WebSite\",\"@id\":\"https:\/\/peoplesphere.be\/fr\/#website\",\"url\":\"https:\/\/peoplesphere.be\/fr\/\",\"name\":\"Peoplesphere\",\"description\":\"The People Managers Magazine\",\"publisher\":{\"@id\":\"https:\/\/peoplesphere.be\/fr\/#organization\"},\"potentialAction\":[{\"@type\":\"SearchAction\",\"target\":{\"@type\":\"EntryPoint\",\"urlTemplate\":\"https:\/\/peoplesphere.be\/fr\/?s={search_term_string}\"},\"query-input\":\"required name=search_term_string\"}],\"inLanguage\":\"fr-FR\"},{\"@type\":\"Organization\",\"@id\":\"https:\/\/peoplesphere.be\/fr\/#organization\",\"name\":\"Peoplesphere Company srl\",\"url\":\"https:\/\/peoplesphere.be\/fr\/\",\"logo\":{\"@type\":\"ImageObject\",\"inLanguage\":\"fr-FR\",\"@id\":\"https:\/\/peoplesphere.be\/fr\/#\/schema\/logo\/image\/\",\"url\":\"https:\/\/peoplesphere.be\/fr\/wp-content\/uploads\/2023\/07\/peoplesphere-lgo-new-generik.jpg\",\"contentUrl\":\"https:\/\/peoplesphere.be\/fr\/wp-content\/uploads\/2023\/07\/peoplesphere-lgo-new-generik.jpg\",\"width\":1031,\"height\":1479,\"caption\":\"Peoplesphere Company srl\"},\"image\":{\"@id\":\"https:\/\/peoplesphere.be\/fr\/#\/schema\/logo\/image\/\"},\"sameAs\":[\"https:\/\/www.facebook.com\/peoplesphere\",\"https:\/\/twitter.com\/PeoplesphereMag\",\"https:\/\/www.linkedin.com\/company\/7587361?trk\",\"http:\/\/youtube.com\/peoplesphere\"]},{\"@type\":\"Person\",\"@id\":\"https:\/\/peoplesphere.be\/fr\/#\/schema\/person\/7976225ff17988604334abb7b3536a7e\",\"name\":\"Jean-Paul Erhard\",\"image\":{\"@type\":\"ImageObject\",\"inLanguage\":\"fr-FR\",\"@id\":\"https:\/\/peoplesphere.be\/fr\/#\/schema\/person\/image\/\",\"url\":\"https:\/\/secure.gravatar.com\/avatar\/f941e681460179738071629a51574930?s=96&d=mm&r=g\",\"contentUrl\":\"https:\/\/secure.gravatar.com\/avatar\/f941e681460179738071629a51574930?s=96&d=mm&r=g\",\"caption\":\"Jean-Paul Erhard\"},\"url\":\"https:\/\/peoplesphere.be\/fr\/author\/jpe\/\"}]}<\/script>\n<!-- \/ Yoast SEO plugin. -->","yoast_head_json":{"title":"Trop de d\u00e9penses au sein d'un Etat ob\u00e8se? L\u2019emploi public repr\u00e9sente 22% de l\u2019emploi total. - Peoplesphere","robots":{"index":"index","follow":"follow","max-snippet":"max-snippet:-1","max-image-preview":"max-image-preview:large","max-video-preview":"max-video-preview:-1"},"canonical":"https:\/\/peoplesphere.be\/fr\/trop-de-depenses-au-sein-dun-etat-obese-lemploi-public-represente-22-de-lemploi-total\/","og_locale":"fr_FR","og_type":"article","og_title":"Trop de d\u00e9penses au sein d'un Etat ob\u00e8se? L\u2019emploi public repr\u00e9sente 22% de l\u2019emploi total. - Peoplesphere","og_description":"En 2023, les diff\u00e9rents niveaux de pouvoir de notre pays ont d\u00e9pens\u00e9 ensemble un peu moins de 279 milliards d&rsquo;euros, ce qui repr\u00e9sente 55,5% du PIB (contre 49,4% dans l\u2019UE-27). La prochaine l\u00e9gislature verra nos gouvernements face au plus grand [&hellip;]","og_url":"https:\/\/peoplesphere.be\/fr\/trop-de-depenses-au-sein-dun-etat-obese-lemploi-public-represente-22-de-lemploi-total\/","og_site_name":"Peoplesphere","article_publisher":"https:\/\/www.facebook.com\/peoplesphere","article_published_time":"2024-10-09T15:39:04+00:00","og_image":[{"url":"http:\/\/www.peoplesphere.be\/fr\/wp-content\/uploads\/2016\/07\/facebook-default-posting-1200x628px.jpg"}],"author":"Jean-Paul Erhard","twitter_card":"summary_large_image","twitter_creator":"@PeoplesphereMag","twitter_site":"@PeoplesphereMag","twitter_misc":{"\u00c9crit par":"Jean-Paul Erhard","Dur\u00e9e de lecture estim\u00e9e":"4 minutes"},"schema":{"@context":"https:\/\/schema.org","@graph":[{"@type":"Article","@id":"https:\/\/peoplesphere.be\/fr\/trop-de-depenses-au-sein-dun-etat-obese-lemploi-public-represente-22-de-lemploi-total\/#article","isPartOf":{"@id":"https:\/\/peoplesphere.be\/fr\/trop-de-depenses-au-sein-dun-etat-obese-lemploi-public-represente-22-de-lemploi-total\/"},"author":{"name":"Jean-Paul Erhard","@id":"https:\/\/peoplesphere.be\/fr\/#\/schema\/person\/7976225ff17988604334abb7b3536a7e"},"headline":"Trop de d\u00e9penses au sein d&rsquo;un Etat ob\u00e8se? L\u2019emploi public repr\u00e9sente 22% de l\u2019emploi total.","datePublished":"2024-10-09T15:39:04+00:00","dateModified":"2024-10-09T15:39:04+00:00","mainEntityOfPage":{"@id":"https:\/\/peoplesphere.be\/fr\/trop-de-depenses-au-sein-dun-etat-obese-lemploi-public-represente-22-de-lemploi-total\/"},"wordCount":778,"publisher":{"@id":"https:\/\/peoplesphere.be\/fr\/#organization"},"keywords":["d\u00e9penses publiques","emploi public","fonctionnaires"],"articleSection":["Actualit\u00e9s","Digital"],"inLanguage":"fr-FR"},{"@type":"WebPage","@id":"https:\/\/peoplesphere.be\/fr\/trop-de-depenses-au-sein-dun-etat-obese-lemploi-public-represente-22-de-lemploi-total\/","url":"https:\/\/peoplesphere.be\/fr\/trop-de-depenses-au-sein-dun-etat-obese-lemploi-public-represente-22-de-lemploi-total\/","name":"Trop de d\u00e9penses au sein d'un Etat ob\u00e8se? L\u2019emploi public repr\u00e9sente 22% de l\u2019emploi total. - Peoplesphere","isPartOf":{"@id":"https:\/\/peoplesphere.be\/fr\/#website"},"datePublished":"2024-10-09T15:39:04+00:00","dateModified":"2024-10-09T15:39:04+00:00","breadcrumb":{"@id":"https:\/\/peoplesphere.be\/fr\/trop-de-depenses-au-sein-dun-etat-obese-lemploi-public-represente-22-de-lemploi-total\/#breadcrumb"},"inLanguage":"fr-FR","potentialAction":[{"@type":"ReadAction","target":["https:\/\/peoplesphere.be\/fr\/trop-de-depenses-au-sein-dun-etat-obese-lemploi-public-represente-22-de-lemploi-total\/"]}]},{"@type":"BreadcrumbList","@id":"https:\/\/peoplesphere.be\/fr\/trop-de-depenses-au-sein-dun-etat-obese-lemploi-public-represente-22-de-lemploi-total\/#breadcrumb","itemListElement":[{"@type":"ListItem","position":1,"name":"Accueil","item":"https:\/\/peoplesphere.be\/fr\/"},{"@type":"ListItem","position":2,"name":"Trop de d\u00e9penses au sein d&rsquo;un Etat ob\u00e8se? L\u2019emploi public repr\u00e9sente 22% de l\u2019emploi total."}]},{"@type":"WebSite","@id":"https:\/\/peoplesphere.be\/fr\/#website","url":"https:\/\/peoplesphere.be\/fr\/","name":"Peoplesphere","description":"The People Managers Magazine","publisher":{"@id":"https:\/\/peoplesphere.be\/fr\/#organization"},"potentialAction":[{"@type":"SearchAction","target":{"@type":"EntryPoint","urlTemplate":"https:\/\/peoplesphere.be\/fr\/?s={search_term_string}"},"query-input":"required name=search_term_string"}],"inLanguage":"fr-FR"},{"@type":"Organization","@id":"https:\/\/peoplesphere.be\/fr\/#organization","name":"Peoplesphere Company srl","url":"https:\/\/peoplesphere.be\/fr\/","logo":{"@type":"ImageObject","inLanguage":"fr-FR","@id":"https:\/\/peoplesphere.be\/fr\/#\/schema\/logo\/image\/","url":"https:\/\/peoplesphere.be\/fr\/wp-content\/uploads\/2023\/07\/peoplesphere-lgo-new-generik.jpg","contentUrl":"https:\/\/peoplesphere.be\/fr\/wp-content\/uploads\/2023\/07\/peoplesphere-lgo-new-generik.jpg","width":1031,"height":1479,"caption":"Peoplesphere Company srl"},"image":{"@id":"https:\/\/peoplesphere.be\/fr\/#\/schema\/logo\/image\/"},"sameAs":["https:\/\/www.facebook.com\/peoplesphere","https:\/\/twitter.com\/PeoplesphereMag","https:\/\/www.linkedin.com\/company\/7587361?trk","http:\/\/youtube.com\/peoplesphere"]},{"@type":"Person","@id":"https:\/\/peoplesphere.be\/fr\/#\/schema\/person\/7976225ff17988604334abb7b3536a7e","name":"Jean-Paul Erhard","image":{"@type":"ImageObject","inLanguage":"fr-FR","@id":"https:\/\/peoplesphere.be\/fr\/#\/schema\/person\/image\/","url":"https:\/\/secure.gravatar.com\/avatar\/f941e681460179738071629a51574930?s=96&d=mm&r=g","contentUrl":"https:\/\/secure.gravatar.com\/avatar\/f941e681460179738071629a51574930?s=96&d=mm&r=g","caption":"Jean-Paul Erhard"},"url":"https:\/\/peoplesphere.be\/fr\/author\/jpe\/"}]}},"_links":{"self":[{"href":"https:\/\/peoplesphere.be\/fr\/wp-json\/wp\/v2\/posts\/16843"}],"collection":[{"href":"https:\/\/peoplesphere.be\/fr\/wp-json\/wp\/v2\/posts"}],"about":[{"href":"https:\/\/peoplesphere.be\/fr\/wp-json\/wp\/v2\/types\/post"}],"author":[{"embeddable":true,"href":"https:\/\/peoplesphere.be\/fr\/wp-json\/wp\/v2\/users\/2"}],"replies":[{"embeddable":true,"href":"https:\/\/peoplesphere.be\/fr\/wp-json\/wp\/v2\/comments?post=16843"}],"version-history":[{"count":1,"href":"https:\/\/peoplesphere.be\/fr\/wp-json\/wp\/v2\/posts\/16843\/revisions"}],"predecessor-version":[{"id":16844,"href":"https:\/\/peoplesphere.be\/fr\/wp-json\/wp\/v2\/posts\/16843\/revisions\/16844"}],"wp:attachment":[{"href":"https:\/\/peoplesphere.be\/fr\/wp-json\/wp\/v2\/media?parent=16843"}],"wp:term":[{"taxonomy":"category","embeddable":true,"href":"https:\/\/peoplesphere.be\/fr\/wp-json\/wp\/v2\/categories?post=16843"},{"taxonomy":"post_tag","embeddable":true,"href":"https:\/\/peoplesphere.be\/fr\/wp-json\/wp\/v2\/tags?post=16843"}],"curies":[{"name":"wp","href":"https:\/\/api.w.org\/{rel}","templated":true}]}}