









{"id":16854,"date":"2024-10-11T09:31:31","date_gmt":"2024-10-11T07:31:31","guid":{"rendered":"https:\/\/peoplesphere.be\/fr\/?p=16854"},"modified":"2024-10-11T09:31:31","modified_gmt":"2024-10-11T07:31:31","slug":"que-veulent-les-travailleurs-dans-leur-plan-cafeteria-acheter-des-jours-de-conge-supplementaires","status":"publish","type":"post","link":"https:\/\/peoplesphere.be\/fr\/que-veulent-les-travailleurs-dans-leur-plan-cafeteria-acheter-des-jours-de-conge-supplementaires\/","title":{"rendered":"Que veulent les travailleurs dans leur plan caf\u00e9t\u00e9ria? Acheter des jours de cong\u00e9 suppl\u00e9mentaires&#8230;"},"content":{"rendered":"<p>Un travailleur sur cinq qui choisit des avantages extral\u00e9gaux dans le cadre d\u2019un plan de caf\u00e9t\u00e9ria cette ann\u00e9e ach\u00e8te des jours de cong\u00e9 suppl\u00e9mentaires. C\u2019est 80 % de plus que l\u2019ann\u00e9e derni\u00e8re. L\u2019avantage extral\u00e9gal le plus populaire reste l\u2019\u00e9pargne-pension, repr\u00e9sentant 29 % des choix. Autre fait marquant : de moins en moins de personnes optent pour une voiture dans le cadre de leur plan caf\u00e9t\u00e9ria, alors que les v\u00e9los restent aussi populaires que l\u2019ann\u00e9e derni\u00e8re. <!--more--><\/p>\n<p>Chaque ann\u00e9e, gr\u00e2ce \u00e0 un plan caf\u00e9t\u00e9ria mis en place par leur employeur, des milliers de Belges peuvent composer eux-m\u00eames une partie de leur propre r\u00e9mun\u00e9ration. Acerta Consult dresse chaque ann\u00e9e un r\u00e9capitulatif des choix les plus populaires. Qu\u2019a r\u00e9v\u00e9l\u00e9 l\u2019enqu\u00eate cette ann\u00e9e\u2009? Les travailleurs optent toujours le plus souvent pour un avantage financier. D\u2019une part via l\u2019\u00e9pargne-pension, qui repr\u00e9sente pr\u00e8s de 30% des choix, d\u2019autre part via les warrants (options sur actions). Un peu plus d\u2019une personne sur dix opte pour ce dernier avantage. Ce choix est plus populaire chez les travailleurs les plus \u00e2g\u00e9s (25%) que chez les plus jeunes.<\/p>\n<h3><strong><em>Deux fois plus de travailleurs choisissent des jours de cong\u00e9s suppl\u00e9mentaires<\/em><\/strong><\/h3>\n<p>Cette ann\u00e9e, de nombreux travailleurs ont opt\u00e9 pour un plus grand nombre de jours de cong\u00e9. Les jours de cong\u00e9 suppl\u00e9mentaires comme avantage extral\u00e9gal repr\u00e9sentent 19,4% de l\u2019ensemble des choix effectu\u00e9s dans le cadre d\u2019un plan caf\u00e9t\u00e9ria. C\u2019est presque le double par rapport \u00e0 2023. Les travailleurs les plus jeunes et les plus \u00e2g\u00e9s choisissent encore un peu plus souvent des jours de cong\u00e9 suppl\u00e9mentaires que le groupe des 35 \u00e0 55 ans.<\/p>\n<p>Catherine Langenaeken, experte chez Acerta Consult, explique : \u00ab\u00a0<em>Lorsque le travail hybride a fait son apparition pendant et apr\u00e8s la crise du coronavirus, le rachat de cong\u00e9s suppl\u00e9mentaires par le biais du plan caf\u00e9t\u00e9ria \u00e9tait moins populaire. Le besoin d\u2019\u00eatre \u00e0 la maison n\u2019\u00e9tait plus synonyme d\u2019incapacit\u00e9 \u00e0 travailler, du moins pour les emplois pour lesquels le t\u00e9l\u00e9travail est possible. Ce qui est commun \u00e0 tout le monde, c\u2019est le souhait d\u2019atteindre un \u00e9quilibre entre la vie professionnelle et la vie priv\u00e9e. Ce qui semble aujourd\u2019hui inciter les travailleurs \u00e0 opter pour des jours de cong\u00e9 suppl\u00e9mentaires. Pour que ce soit possible, l\u2019option doit bien entendu \u00eatre propos\u00e9e par les employeurs. Pour les entreprises, il peut \u00eatre int\u00e9ressant de proposer le rachat de jours de cong\u00e9 suppl\u00e9mentaires afin d\u2019am\u00e9liorer le bien-\u00eatre mental des travailleurs ou de profiter d\u2019une baisse de la charge de travail pour accorder des cong\u00e9s suppl\u00e9mentaires aux travailleurs.\u00a0\u00bb<\/em><\/p>\n<h3><strong><em>Bureau \u00e0 domicile et multim\u00e9dia l\u00e9g\u00e8rement moins populaires<\/em><\/strong><\/h3>\n<p>Autre r\u00e9percussion du t\u00e9l\u00e9travail sur les plans caf\u00e9t\u00e9ria ces derni\u00e8res ann\u00e9es : l\u2019essor des multim\u00e9dias. Cette ann\u00e9e, un peu moins de travailleurs ont opt\u00e9 pour un ordinateur (portable), un GSM ou un \u00e9cran externe. Ces avantages extral\u00e9gaux restent n\u00e9anmoins assez populaires, repr\u00e9sentant pr\u00e8s d\u2019un quart (23,53%) des choix.<\/p>\n<p>Les choix de mobilit\u00e9 dans le cadre du plan caf\u00e9t\u00e9ria reculent aussi l\u00e9g\u00e8rement. Le choix de la voiture se fait rare, le choix du v\u00e9lo n\u2019\u00e9volue pas tellement.<\/p>\n<p>Catherine Langenaeken poursuit : \u00ab\u00a0<em>En tant que travailleur, vous n\u2019avez \u00e9videmment pas besoin d\u2019un nouvel ordinateur, d\u2019un nouveau GSM ou d\u2019un nouvel ordinateur portable chaque ann\u00e9e. Idem pour le v\u00e9lo. Pour le v\u00e9lo, nous savons qu\u2019un leasing v\u00e9lo, par exemple, n\u2019est pas n\u00e9cessairement organis\u00e9 dans le cadre d\u2019un plan caf\u00e9t\u00e9ria. La popularit\u00e9 r\u00e9elle du v\u00e9lo pour les d\u00e9placements domicile-lieu de travail est donc en fait plus importante que ne le laisse supposer le plan caf\u00e9t\u00e9ria. Par ailleurs, en ce qui concerne la voiture, il convient de noter que la plus forte pr\u00e9sence de voitures \u00e9lectriques n\u2019incite apparemment pas les travailleurs \u00e0 allouer davantage de budget \u00e0 une voiture.\u00a0\u00bb<\/em><\/p>\n<h3><strong><em>D\u2019o\u00f9 vient le budget\u2009?<\/em><\/strong><\/h3>\n<p>Gr\u00e2ce au plan caf\u00e9t\u00e9ria, les travailleurs peuvent adapter eux-m\u00eames leur package salarial \u00e0 ce dont ils ont le plus besoin \u00e0 ce moment-l\u00e0. Mais d\u2019o\u00f9 vient le budget que les travailleurs peuvent d\u00e9penser en fonction de leurs pr\u00e9f\u00e9rences et besoins individuels dans le cadre du plan caf\u00e9t\u00e9ria\u2009? Il existe plusieurs \u00e9l\u00e9ments salariaux que vous pouvez mettre \u00e0 disposition pour l\u2019\u00e9change. Le bonus est le plus souvent \u00e9chang\u00e9, suivi de la prime de fin d\u2019ann\u00e9e et du salaire brut. Nous constatons que les cong\u00e9s de fin de carri\u00e8re et d\u2019anciennet\u00e9 extral\u00e9gaux, et les budgets consacr\u00e9s au t\u00e9l\u00e9travail sont \u00e9galement \u00e9chang\u00e9s dans le \u00ab\u2009pot caf\u00e9t\u00e9ria\u2009\u00bb, m\u00eame si cela reste un ph\u00e9nom\u00e8ne rare.<br \/>\nDans tous les cas, c\u2019est l\u2019employeur qui d\u00e9cide de proposer ou non le syst\u00e8me et de s\u00e9lectionner les options. Les travailleurs peuvent d\u00e9cider si et comment ils adh\u00e8rent au syst\u00e8me.<\/p>\n<p>&nbsp;<\/p>\n<p><em>Source: les chiffres se basent sur les donn\u00e9es de l\u2019outil \u00ab\u2009Benefit Motivation Plan\u2009\u00bb d\u2019Acerta, dans lequel plus de 11.000 travailleurs peuvent enregistrer leur choix dans le plan caf\u00e9t\u00e9ria de leur employeur.<\/em><\/p>\n","protected":false},"excerpt":{"rendered":"<p>Un travailleur sur cinq qui choisit des avantages extral\u00e9gaux dans le cadre d\u2019un plan de caf\u00e9t\u00e9ria cette ann\u00e9e ach\u00e8te des jours de cong\u00e9 suppl\u00e9mentaires. C\u2019est 80 % de plus que l\u2019ann\u00e9e derni\u00e8re. L\u2019avantage extral\u00e9gal le plus populaire reste l\u2019\u00e9pargne-pension, repr\u00e9sentant [&hellip;]<\/p>\n","protected":false},"author":2,"featured_media":0,"comment_status":"closed","ping_status":"open","sticky":false,"template":"","format":"standard","meta":[],"categories":[65,10],"tags":[562,96,273,358],"yoast_head":"<!-- This site is optimized with the Yoast SEO plugin v21.0 - https:\/\/yoast.com\/wordpress\/plugins\/seo\/ -->\n<title>Que veulent les travailleurs dans leur plan caf\u00e9t\u00e9ria? Acheter des jours de cong\u00e9 suppl\u00e9mentaires... - Peoplesphere<\/title>\n<meta name=\"robots\" content=\"index, follow, max-snippet:-1, max-image-preview:large, max-video-preview:-1\" \/>\n<link rel=\"canonical\" href=\"https:\/\/peoplesphere.be\/fr\/que-veulent-les-travailleurs-dans-leur-plan-cafeteria-acheter-des-jours-de-conge-supplementaires\/\" \/>\n<meta property=\"og:locale\" content=\"fr_FR\" \/>\n<meta property=\"og:type\" content=\"article\" \/>\n<meta property=\"og:title\" content=\"Que veulent les travailleurs dans leur plan caf\u00e9t\u00e9ria? Acheter des jours de cong\u00e9 suppl\u00e9mentaires... - Peoplesphere\" \/>\n<meta property=\"og:description\" content=\"Un travailleur sur cinq qui choisit des avantages extral\u00e9gaux dans le cadre d\u2019un plan de caf\u00e9t\u00e9ria cette ann\u00e9e ach\u00e8te des jours de cong\u00e9 suppl\u00e9mentaires. C\u2019est 80 % de plus que l\u2019ann\u00e9e derni\u00e8re. L\u2019avantage extral\u00e9gal le plus populaire reste l\u2019\u00e9pargne-pension, repr\u00e9sentant [&hellip;]\" \/>\n<meta property=\"og:url\" content=\"https:\/\/peoplesphere.be\/fr\/que-veulent-les-travailleurs-dans-leur-plan-cafeteria-acheter-des-jours-de-conge-supplementaires\/\" \/>\n<meta property=\"og:site_name\" content=\"Peoplesphere\" \/>\n<meta property=\"article:publisher\" content=\"https:\/\/www.facebook.com\/peoplesphere\" \/>\n<meta property=\"article:published_time\" content=\"2024-10-11T07:31:31+00:00\" \/>\n<meta property=\"og:image\" content=\"http:\/\/www.peoplesphere.be\/fr\/wp-content\/uploads\/2016\/07\/facebook-default-posting-1200x628px.jpg\" \/>\n<meta name=\"author\" content=\"Jean-Paul Erhard\" \/>\n<meta name=\"twitter:card\" content=\"summary_large_image\" \/>\n<meta name=\"twitter:creator\" content=\"@PeoplesphereMag\" \/>\n<meta name=\"twitter:site\" content=\"@PeoplesphereMag\" \/>\n<meta name=\"twitter:label1\" content=\"\u00c9crit par\" \/>\n\t<meta name=\"twitter:data1\" content=\"Jean-Paul Erhard\" \/>\n\t<meta name=\"twitter:label2\" content=\"Dur\u00e9e de lecture estim\u00e9e\" \/>\n\t<meta name=\"twitter:data2\" content=\"4 minutes\" \/>\n<script type=\"application\/ld+json\" class=\"yoast-schema-graph\">{\"@context\":\"https:\/\/schema.org\",\"@graph\":[{\"@type\":\"Article\",\"@id\":\"https:\/\/peoplesphere.be\/fr\/que-veulent-les-travailleurs-dans-leur-plan-cafeteria-acheter-des-jours-de-conge-supplementaires\/#article\",\"isPartOf\":{\"@id\":\"https:\/\/peoplesphere.be\/fr\/que-veulent-les-travailleurs-dans-leur-plan-cafeteria-acheter-des-jours-de-conge-supplementaires\/\"},\"author\":{\"name\":\"Jean-Paul Erhard\",\"@id\":\"https:\/\/peoplesphere.be\/fr\/#\/schema\/person\/7976225ff17988604334abb7b3536a7e\"},\"headline\":\"Que veulent les travailleurs dans leur plan caf\u00e9t\u00e9ria? Acheter des jours de cong\u00e9 suppl\u00e9mentaires&#8230;\",\"datePublished\":\"2024-10-11T07:31:31+00:00\",\"dateModified\":\"2024-10-11T07:31:31+00:00\",\"mainEntityOfPage\":{\"@id\":\"https:\/\/peoplesphere.be\/fr\/que-veulent-les-travailleurs-dans-leur-plan-cafeteria-acheter-des-jours-de-conge-supplementaires\/\"},\"wordCount\":936,\"publisher\":{\"@id\":\"https:\/\/peoplesphere.be\/fr\/#organization\"},\"keywords\":[\"avantages extra-l\u00e9gaux\",\"bien-\u00eatre\",\"plan caf\u00e9t\u00e9ria\",\"r\u00e9mun\u00e9rations alternatives\"],\"articleSection\":[\"Actualit\u00e9s\",\"Digital\"],\"inLanguage\":\"fr-FR\"},{\"@type\":\"WebPage\",\"@id\":\"https:\/\/peoplesphere.be\/fr\/que-veulent-les-travailleurs-dans-leur-plan-cafeteria-acheter-des-jours-de-conge-supplementaires\/\",\"url\":\"https:\/\/peoplesphere.be\/fr\/que-veulent-les-travailleurs-dans-leur-plan-cafeteria-acheter-des-jours-de-conge-supplementaires\/\",\"name\":\"Que veulent les travailleurs dans leur plan caf\u00e9t\u00e9ria? Acheter des jours de cong\u00e9 suppl\u00e9mentaires... - Peoplesphere\",\"isPartOf\":{\"@id\":\"https:\/\/peoplesphere.be\/fr\/#website\"},\"datePublished\":\"2024-10-11T07:31:31+00:00\",\"dateModified\":\"2024-10-11T07:31:31+00:00\",\"breadcrumb\":{\"@id\":\"https:\/\/peoplesphere.be\/fr\/que-veulent-les-travailleurs-dans-leur-plan-cafeteria-acheter-des-jours-de-conge-supplementaires\/#breadcrumb\"},\"inLanguage\":\"fr-FR\",\"potentialAction\":[{\"@type\":\"ReadAction\",\"target\":[\"https:\/\/peoplesphere.be\/fr\/que-veulent-les-travailleurs-dans-leur-plan-cafeteria-acheter-des-jours-de-conge-supplementaires\/\"]}]},{\"@type\":\"BreadcrumbList\",\"@id\":\"https:\/\/peoplesphere.be\/fr\/que-veulent-les-travailleurs-dans-leur-plan-cafeteria-acheter-des-jours-de-conge-supplementaires\/#breadcrumb\",\"itemListElement\":[{\"@type\":\"ListItem\",\"position\":1,\"name\":\"Accueil\",\"item\":\"https:\/\/peoplesphere.be\/fr\/\"},{\"@type\":\"ListItem\",\"position\":2,\"name\":\"Que veulent les travailleurs dans leur plan caf\u00e9t\u00e9ria? Acheter des jours de cong\u00e9 suppl\u00e9mentaires&#8230;\"}]},{\"@type\":\"WebSite\",\"@id\":\"https:\/\/peoplesphere.be\/fr\/#website\",\"url\":\"https:\/\/peoplesphere.be\/fr\/\",\"name\":\"Peoplesphere\",\"description\":\"The People Managers Magazine\",\"publisher\":{\"@id\":\"https:\/\/peoplesphere.be\/fr\/#organization\"},\"potentialAction\":[{\"@type\":\"SearchAction\",\"target\":{\"@type\":\"EntryPoint\",\"urlTemplate\":\"https:\/\/peoplesphere.be\/fr\/?s={search_term_string}\"},\"query-input\":\"required name=search_term_string\"}],\"inLanguage\":\"fr-FR\"},{\"@type\":\"Organization\",\"@id\":\"https:\/\/peoplesphere.be\/fr\/#organization\",\"name\":\"Peoplesphere Company srl\",\"url\":\"https:\/\/peoplesphere.be\/fr\/\",\"logo\":{\"@type\":\"ImageObject\",\"inLanguage\":\"fr-FR\",\"@id\":\"https:\/\/peoplesphere.be\/fr\/#\/schema\/logo\/image\/\",\"url\":\"https:\/\/peoplesphere.be\/fr\/wp-content\/uploads\/2023\/07\/peoplesphere-lgo-new-generik.jpg\",\"contentUrl\":\"https:\/\/peoplesphere.be\/fr\/wp-content\/uploads\/2023\/07\/peoplesphere-lgo-new-generik.jpg\",\"width\":1031,\"height\":1479,\"caption\":\"Peoplesphere Company srl\"},\"image\":{\"@id\":\"https:\/\/peoplesphere.be\/fr\/#\/schema\/logo\/image\/\"},\"sameAs\":[\"https:\/\/www.facebook.com\/peoplesphere\",\"https:\/\/twitter.com\/PeoplesphereMag\",\"https:\/\/www.linkedin.com\/company\/7587361?trk\",\"http:\/\/youtube.com\/peoplesphere\"]},{\"@type\":\"Person\",\"@id\":\"https:\/\/peoplesphere.be\/fr\/#\/schema\/person\/7976225ff17988604334abb7b3536a7e\",\"name\":\"Jean-Paul Erhard\",\"image\":{\"@type\":\"ImageObject\",\"inLanguage\":\"fr-FR\",\"@id\":\"https:\/\/peoplesphere.be\/fr\/#\/schema\/person\/image\/\",\"url\":\"https:\/\/secure.gravatar.com\/avatar\/f941e681460179738071629a51574930?s=96&d=mm&r=g\",\"contentUrl\":\"https:\/\/secure.gravatar.com\/avatar\/f941e681460179738071629a51574930?s=96&d=mm&r=g\",\"caption\":\"Jean-Paul Erhard\"},\"url\":\"https:\/\/peoplesphere.be\/fr\/author\/jpe\/\"}]}<\/script>\n<!-- \/ Yoast SEO plugin. -->","yoast_head_json":{"title":"Que veulent les travailleurs dans leur plan caf\u00e9t\u00e9ria? Acheter des jours de cong\u00e9 suppl\u00e9mentaires... - Peoplesphere","robots":{"index":"index","follow":"follow","max-snippet":"max-snippet:-1","max-image-preview":"max-image-preview:large","max-video-preview":"max-video-preview:-1"},"canonical":"https:\/\/peoplesphere.be\/fr\/que-veulent-les-travailleurs-dans-leur-plan-cafeteria-acheter-des-jours-de-conge-supplementaires\/","og_locale":"fr_FR","og_type":"article","og_title":"Que veulent les travailleurs dans leur plan caf\u00e9t\u00e9ria? Acheter des jours de cong\u00e9 suppl\u00e9mentaires... - Peoplesphere","og_description":"Un travailleur sur cinq qui choisit des avantages extral\u00e9gaux dans le cadre d\u2019un plan de caf\u00e9t\u00e9ria cette ann\u00e9e ach\u00e8te des jours de cong\u00e9 suppl\u00e9mentaires. C\u2019est 80 % de plus que l\u2019ann\u00e9e derni\u00e8re. L\u2019avantage extral\u00e9gal le plus populaire reste l\u2019\u00e9pargne-pension, repr\u00e9sentant [&hellip;]","og_url":"https:\/\/peoplesphere.be\/fr\/que-veulent-les-travailleurs-dans-leur-plan-cafeteria-acheter-des-jours-de-conge-supplementaires\/","og_site_name":"Peoplesphere","article_publisher":"https:\/\/www.facebook.com\/peoplesphere","article_published_time":"2024-10-11T07:31:31+00:00","og_image":[{"url":"http:\/\/www.peoplesphere.be\/fr\/wp-content\/uploads\/2016\/07\/facebook-default-posting-1200x628px.jpg"}],"author":"Jean-Paul Erhard","twitter_card":"summary_large_image","twitter_creator":"@PeoplesphereMag","twitter_site":"@PeoplesphereMag","twitter_misc":{"\u00c9crit par":"Jean-Paul Erhard","Dur\u00e9e de lecture estim\u00e9e":"4 minutes"},"schema":{"@context":"https:\/\/schema.org","@graph":[{"@type":"Article","@id":"https:\/\/peoplesphere.be\/fr\/que-veulent-les-travailleurs-dans-leur-plan-cafeteria-acheter-des-jours-de-conge-supplementaires\/#article","isPartOf":{"@id":"https:\/\/peoplesphere.be\/fr\/que-veulent-les-travailleurs-dans-leur-plan-cafeteria-acheter-des-jours-de-conge-supplementaires\/"},"author":{"name":"Jean-Paul Erhard","@id":"https:\/\/peoplesphere.be\/fr\/#\/schema\/person\/7976225ff17988604334abb7b3536a7e"},"headline":"Que veulent les travailleurs dans leur plan caf\u00e9t\u00e9ria? Acheter des jours de cong\u00e9 suppl\u00e9mentaires&#8230;","datePublished":"2024-10-11T07:31:31+00:00","dateModified":"2024-10-11T07:31:31+00:00","mainEntityOfPage":{"@id":"https:\/\/peoplesphere.be\/fr\/que-veulent-les-travailleurs-dans-leur-plan-cafeteria-acheter-des-jours-de-conge-supplementaires\/"},"wordCount":936,"publisher":{"@id":"https:\/\/peoplesphere.be\/fr\/#organization"},"keywords":["avantages extra-l\u00e9gaux","bien-\u00eatre","plan caf\u00e9t\u00e9ria","r\u00e9mun\u00e9rations alternatives"],"articleSection":["Actualit\u00e9s","Digital"],"inLanguage":"fr-FR"},{"@type":"WebPage","@id":"https:\/\/peoplesphere.be\/fr\/que-veulent-les-travailleurs-dans-leur-plan-cafeteria-acheter-des-jours-de-conge-supplementaires\/","url":"https:\/\/peoplesphere.be\/fr\/que-veulent-les-travailleurs-dans-leur-plan-cafeteria-acheter-des-jours-de-conge-supplementaires\/","name":"Que veulent les travailleurs dans leur plan caf\u00e9t\u00e9ria? Acheter des jours de cong\u00e9 suppl\u00e9mentaires... - Peoplesphere","isPartOf":{"@id":"https:\/\/peoplesphere.be\/fr\/#website"},"datePublished":"2024-10-11T07:31:31+00:00","dateModified":"2024-10-11T07:31:31+00:00","breadcrumb":{"@id":"https:\/\/peoplesphere.be\/fr\/que-veulent-les-travailleurs-dans-leur-plan-cafeteria-acheter-des-jours-de-conge-supplementaires\/#breadcrumb"},"inLanguage":"fr-FR","potentialAction":[{"@type":"ReadAction","target":["https:\/\/peoplesphere.be\/fr\/que-veulent-les-travailleurs-dans-leur-plan-cafeteria-acheter-des-jours-de-conge-supplementaires\/"]}]},{"@type":"BreadcrumbList","@id":"https:\/\/peoplesphere.be\/fr\/que-veulent-les-travailleurs-dans-leur-plan-cafeteria-acheter-des-jours-de-conge-supplementaires\/#breadcrumb","itemListElement":[{"@type":"ListItem","position":1,"name":"Accueil","item":"https:\/\/peoplesphere.be\/fr\/"},{"@type":"ListItem","position":2,"name":"Que veulent les travailleurs dans leur plan caf\u00e9t\u00e9ria? Acheter des jours de cong\u00e9 suppl\u00e9mentaires&#8230;"}]},{"@type":"WebSite","@id":"https:\/\/peoplesphere.be\/fr\/#website","url":"https:\/\/peoplesphere.be\/fr\/","name":"Peoplesphere","description":"The People Managers Magazine","publisher":{"@id":"https:\/\/peoplesphere.be\/fr\/#organization"},"potentialAction":[{"@type":"SearchAction","target":{"@type":"EntryPoint","urlTemplate":"https:\/\/peoplesphere.be\/fr\/?s={search_term_string}"},"query-input":"required name=search_term_string"}],"inLanguage":"fr-FR"},{"@type":"Organization","@id":"https:\/\/peoplesphere.be\/fr\/#organization","name":"Peoplesphere Company srl","url":"https:\/\/peoplesphere.be\/fr\/","logo":{"@type":"ImageObject","inLanguage":"fr-FR","@id":"https:\/\/peoplesphere.be\/fr\/#\/schema\/logo\/image\/","url":"https:\/\/peoplesphere.be\/fr\/wp-content\/uploads\/2023\/07\/peoplesphere-lgo-new-generik.jpg","contentUrl":"https:\/\/peoplesphere.be\/fr\/wp-content\/uploads\/2023\/07\/peoplesphere-lgo-new-generik.jpg","width":1031,"height":1479,"caption":"Peoplesphere Company srl"},"image":{"@id":"https:\/\/peoplesphere.be\/fr\/#\/schema\/logo\/image\/"},"sameAs":["https:\/\/www.facebook.com\/peoplesphere","https:\/\/twitter.com\/PeoplesphereMag","https:\/\/www.linkedin.com\/company\/7587361?trk","http:\/\/youtube.com\/peoplesphere"]},{"@type":"Person","@id":"https:\/\/peoplesphere.be\/fr\/#\/schema\/person\/7976225ff17988604334abb7b3536a7e","name":"Jean-Paul Erhard","image":{"@type":"ImageObject","inLanguage":"fr-FR","@id":"https:\/\/peoplesphere.be\/fr\/#\/schema\/person\/image\/","url":"https:\/\/secure.gravatar.com\/avatar\/f941e681460179738071629a51574930?s=96&d=mm&r=g","contentUrl":"https:\/\/secure.gravatar.com\/avatar\/f941e681460179738071629a51574930?s=96&d=mm&r=g","caption":"Jean-Paul Erhard"},"url":"https:\/\/peoplesphere.be\/fr\/author\/jpe\/"}]}},"_links":{"self":[{"href":"https:\/\/peoplesphere.be\/fr\/wp-json\/wp\/v2\/posts\/16854"}],"collection":[{"href":"https:\/\/peoplesphere.be\/fr\/wp-json\/wp\/v2\/posts"}],"about":[{"href":"https:\/\/peoplesphere.be\/fr\/wp-json\/wp\/v2\/types\/post"}],"author":[{"embeddable":true,"href":"https:\/\/peoplesphere.be\/fr\/wp-json\/wp\/v2\/users\/2"}],"replies":[{"embeddable":true,"href":"https:\/\/peoplesphere.be\/fr\/wp-json\/wp\/v2\/comments?post=16854"}],"version-history":[{"count":1,"href":"https:\/\/peoplesphere.be\/fr\/wp-json\/wp\/v2\/posts\/16854\/revisions"}],"predecessor-version":[{"id":16855,"href":"https:\/\/peoplesphere.be\/fr\/wp-json\/wp\/v2\/posts\/16854\/revisions\/16855"}],"wp:attachment":[{"href":"https:\/\/peoplesphere.be\/fr\/wp-json\/wp\/v2\/media?parent=16854"}],"wp:term":[{"taxonomy":"category","embeddable":true,"href":"https:\/\/peoplesphere.be\/fr\/wp-json\/wp\/v2\/categories?post=16854"},{"taxonomy":"post_tag","embeddable":true,"href":"https:\/\/peoplesphere.be\/fr\/wp-json\/wp\/v2\/tags?post=16854"}],"curies":[{"name":"wp","href":"https:\/\/api.w.org\/{rel}","templated":true}]}}