









{"id":16866,"date":"2024-10-15T08:43:29","date_gmt":"2024-10-15T06:43:29","guid":{"rendered":"https:\/\/peoplesphere.be\/fr\/?p=16866"},"modified":"2024-10-15T08:43:29","modified_gmt":"2024-10-15T06:43:29","slug":"echange-salaire-ou-bonus-contre-jours-de-vacances-les-jeunes-travailleurs-choisissent-leur-employeur-sur-base-de-la-remuneration-flexible-entre-autres","status":"publish","type":"post","link":"https:\/\/peoplesphere.be\/fr\/echange-salaire-ou-bonus-contre-jours-de-vacances-les-jeunes-travailleurs-choisissent-leur-employeur-sur-base-de-la-remuneration-flexible-entre-autres\/","title":{"rendered":"Echange salaire ou bonus contre jours de vacances&#8230; Les jeunes travailleurs choisissent leur employeur sur base de la r\u00e9mun\u00e9ration flexible (entre autres)."},"content":{"rendered":"<p>Pour les trois quarts des travailleurs \u00e2g\u00e9s de 18 \u00e0 34 ans, la possibilit\u00e9 de b\u00e9n\u00e9ficier d\u2019une r\u00e9mun\u00e9ration flexible a jou\u00e9 un r\u00f4le dans le choix de leur employeur actuel. Avec un plan de r\u00e9mun\u00e9ration flexible ou un plan caf\u00e9t\u00e9ria, les travailleurs peuvent en partie composer eux-m\u00eames leur package salarial. Ce crit\u00e8re constitue d\u00e8s lors un facteur essentiel pour attirer, mais aussi pour garder les talents, notamment chez les jeunes.<!--more--><\/p>\n<h3><strong><em>\u00c9changer une prime, un bonus ou une partie du salaire contre des jours de vacances ou un smartphone<\/em><\/strong><\/h3>\n<p>Avec un plan de r\u00e9mun\u00e9ration flexible ou un plan caf\u00e9t\u00e9ria, la prime de fin d\u2019ann\u00e9e, le bonus ou une partie du salaire brut peuvent \u00eatre \u00e9chang\u00e9s contre des avantages extra-l\u00e9gaux. Comme des jours de vacances suppl\u00e9mentaires, un smartphone, le remboursement de la contribution propre pour une assurance hospitalisation, des cotisations de pension ou un abonnement Internet pour la maison. Le travailleur peut ainsi choisir parmi une offre mise \u00e0 disposition par l\u2019employeur.<\/p>\n<p>Le budget mobilit\u00e9 l\u00e9gal est \u00e9galement une forme de r\u00e9mun\u00e9ration flexible, mais des conditions strictes y sont toutefois associ\u00e9es. Seuls les travailleurs qui ont (droit \u00e0) une voiture de soci\u00e9t\u00e9 peuvent choisir d\u2019\u00e9changer cette voiture contre un budget mobilit\u00e9 avec lequel ils peuvent choisir librement parmi diff\u00e9rentes options de mobilit\u00e9 durable.<\/p>\n<p>Un travailleur peut ainsi composer un package salarial sur mesure en fonction de ses besoins personnels, de son stade de vie ou de sa situation familiale. Le tout sans modifier le co\u00fbt salarial pour l\u2019employeur.<\/p>\n<h3><strong><em>La r\u00e9mun\u00e9ration flexible exerce une influence sur le choix d\u2019employeur, surtout chez les jeunes et dans les PME \u200b<\/em><\/strong><\/h3>\n<p>La moiti\u00e9 des travailleurs belges (50%) indiquent que la possibilit\u00e9 de b\u00e9n\u00e9ficier d\u2019une r\u00e9mun\u00e9ration flexible a jou\u00e9 un r\u00f4le dans le choix de leur employeur actuel. Pour les plus jeunes g\u00e9n\u00e9rations du march\u00e9 du travail, ce facteur a \u00e9t\u00e9 un crit\u00e8re d\u00e9terminant pour presque trois quarts d\u2019entre eux (69%). \u00c0 peine 20% des personnes \u00e2g\u00e9es de plus de 55 ans disent que la possibilit\u00e9 de b\u00e9n\u00e9ficier d\u2019un plan caf\u00e9t\u00e9ria ou d\u2019un budget mobilit\u00e9 a jou\u00e9 un r\u00f4le dans le choix de leur employeur actuel. \u200b<\/p>\n<p>L\u2019impact de la possibilit\u00e9 de b\u00e9n\u00e9ficier d\u2019une r\u00e9mun\u00e9ration flexible sur le recrutement d\u2019un nouveau talent semble \u00eatre encore plus important chez les PME que dans les grandes entreprises. 63% des travailleurs des petites PME (5 \u00e0 49 travailleurs) indiquent que la r\u00e9mun\u00e9ration flexible a jou\u00e9 un r\u00f4le dans le choix de l\u2019entreprise. Pour les PME plus grandes (50 \u00e0 249 travailleurs) et les grandes entreprises (250 travailleurs ou plus), ce pourcentage s\u2019\u00e9l\u00e8ve respectivement \u00e0 50 et 38%.<\/p>\n<h3><strong><em>La flexibilit\u00e9 n\u2019est plus un luxe, mais un standard incontournable<\/em><\/strong><\/h3>\n<p>La r\u00e9mun\u00e9ration flexible joue non seulement un r\u00f4le dans le choix d\u2019un employeur, mais repr\u00e9sente \u00e9galement une raison importante de rester. Pour trois travailleurs sur quatre (72%) qui travaillent dans une entreprise proposant la r\u00e9mun\u00e9ration flexible, il s\u2019agit d\u2019une raison pour rester dans l\u2019entreprise. L\u2019impact est une nouvelle fois le plus important chez les jeunes. 81% des jeunes de 18 \u00e0 34 ans estiment que la r\u00e9mun\u00e9ration flexible est une raison de rester chez leur employeur actuel, alors que 55% des travailleurs sont de cet avis pour les plus de 55 ans.<\/p>\n<p>Kevin Potie, expert en r\u00e9mun\u00e9ration flexible chez Attentia : \u00ab\u00a0<em>Ces chiffres montrent clairement que la r\u00e9mun\u00e9ration flexible fait partie int\u00e9grante d\u2019une politique RH moderne. Pour les g\u00e9n\u00e9rations de travailleurs les plus jeunes, la flexibilit\u00e9 dans leur package salarial n\u2019est plus un luxe, mais un standard incontournable. La g\u00e9n\u00e9ration qui attache moins d\u2019importance \u00e0 la flexibilit\u00e9 dispara\u00eetra du march\u00e9 du travail dans les prochaines ann\u00e9es et sera enti\u00e8rement remplac\u00e9e par des travailleurs qui trouvent qu\u2019il s\u2019agit d\u2019un crit\u00e8re essentiel. La r\u00e9mun\u00e9ration flexible offre donc aux entreprises, qu\u2019elles soient petites ou grandes, un avantage concurrentiel consid\u00e9rable dans un march\u00e9 du travail tendu.\u00a0\u00bb<\/em><\/p>\n<h3><strong><em>Am\u00e9lioration du sentiment de valorisation, de motivation et d\u2019autonomie gr\u00e2ce au plan de r\u00e9mun\u00e9ration flexible<\/em><\/strong><\/h3>\n<p>Dans l\u2019enqu\u00eate d\u2019Attentia, 77% des travailleurs qui b\u00e9n\u00e9ficient d\u2019une r\u00e9mun\u00e9ration flexible sont plut\u00f4t (49%) ou totalement d\u2019accord (28%) avec l\u2019affirmation suivante : \u00ab Gr\u00e2ce \u00e0 la r\u00e9mun\u00e9ration flexible, je me sens plus valoris\u00e9(e) par mon employeur \u00bb. 75% se sentent plus motiv\u00e9s et 74% estiment qu\u2019ils ont plus d\u2019autonomie et de contr\u00f4le gr\u00e2ce \u00e0 la r\u00e9mun\u00e9ration flexible.<\/p>\n<p>Cette tendance est la plus marqu\u00e9e chez les jeunes g\u00e9n\u00e9rations au travail : 84% des travailleurs \u00e2g\u00e9s de 18 \u00e0 34 ans et 82% des personnes \u00e2g\u00e9es de 35 \u00e0 44 ans indiquent se sentir plus valoris\u00e9s par leur employeur gr\u00e2ce \u00e0 la r\u00e9mun\u00e9ration flexible, contre 71% des 45 \u00e0 55 ans et 51% des personnes de plus de 55 ans.<\/p>\n<p>De plus, 84% des personnes de 18 \u00e0 34 ans et 82% de celles de 35 \u00e0 44 ans se sentent plus motiv\u00e9es gr\u00e2ce \u00e0 la r\u00e9mun\u00e9ration flexible. Dans les cat\u00e9gories d\u2019\u00e2ge de 45 \u00e0 55 ans et de plus de 55 ans, ces pourcentages sont respectivement \u00ab\u00a0\u00e0 peine\u00a0\u00bb de 57 et 53%. Le sentiment d\u2019autonomie et de contr\u00f4le gr\u00e2ce \u00e0 la r\u00e9mun\u00e9ration flexible diminue aussi progressivement en fonction de l\u2019\u00e2ge : de 81% pour les 18 \u00e0 34 ans et 76% pour les 35 \u00e0 44 ans \u00e0 67% pour les 45 \u00e0 55 ans et 54% pour les plus de 55 ans.<\/p>\n<p>Kevin Potie : \u00ab\u00a0<em>La r\u00e9mun\u00e9ration flexible est non seulement un instrument financier, mais aussi un puissant facteur de motivation qui contribue directement au bien-\u00eatre des travailleurs. Dans le d\u00e9bat sur le bien-\u00eatre au travail, l\u2019attention est souvent tourn\u00e9e vers le bien-\u00eatre mental. En effet, une politique RH et bien-\u00eatre solide et holistique prend \u00e9galement en compte la r\u00e9mun\u00e9ration. Car les collaborateurs qui se sentent valoris\u00e9s sur le plan personnel et financier contribuent \u00e0 l\u2019atteinte des objectifs de l\u2019entreprise et \u00e0 la r\u00e9alisation d\u2019une croissance.\u00a0\u00bb<\/em><\/p>\n<p>&nbsp;<\/p>\n<p><em>Source: les chiffres de cette \u00e9tude proviennent d\u2019une enqu\u00eate en ligne r\u00e9alis\u00e9e par le bureau d\u2019\u00e9tudes de march\u00e9 Profacts \u00e0 la demande d\u2019Attentia. L\u2019enqu\u00eate a eu lieu en juillet 2024. L\u2019\u00e9chantillon comprend 1002 travailleurs, employ\u00e9s ou ouvriers, dans le secteur priv\u00e9 en Belgique, dans des entreprises de 5 travailleurs ou plus. L\u2019\u00e9chantillon est repr\u00e9sentatif en termes de sexe, d\u2019\u00e2ge, de r\u00e9gion, de statut et de secteur.<\/em><\/p>\n","protected":false},"excerpt":{"rendered":"<p>Pour les trois quarts des travailleurs \u00e2g\u00e9s de 18 \u00e0 34 ans, la possibilit\u00e9 de b\u00e9n\u00e9ficier d\u2019une r\u00e9mun\u00e9ration flexible a jou\u00e9 un r\u00f4le dans le choix de leur employeur actuel. Avec un plan de r\u00e9mun\u00e9ration flexible ou un plan caf\u00e9t\u00e9ria, [&hellip;]<\/p>\n","protected":false},"author":2,"featured_media":16867,"comment_status":"closed","ping_status":"open","sticky":false,"template":"","format":"standard","meta":[],"categories":[65,10],"tags":[96,231,210,273,2258,33],"yoast_head":"<!-- This site is optimized with the Yoast SEO plugin v21.0 - https:\/\/yoast.com\/wordpress\/plugins\/seo\/ -->\n<title>Echange salaire ou bonus contre jours de vacances... Les jeunes travailleurs choisissent leur employeur sur base de la r\u00e9mun\u00e9ration flexible (entre autres). - Peoplesphere<\/title>\n<meta name=\"robots\" content=\"index, follow, max-snippet:-1, max-image-preview:large, max-video-preview:-1\" \/>\n<link rel=\"canonical\" href=\"https:\/\/peoplesphere.be\/fr\/echange-salaire-ou-bonus-contre-jours-de-vacances-les-jeunes-travailleurs-choisissent-leur-employeur-sur-base-de-la-remuneration-flexible-entre-autres\/\" \/>\n<meta property=\"og:locale\" content=\"fr_FR\" \/>\n<meta property=\"og:type\" content=\"article\" \/>\n<meta property=\"og:title\" content=\"Echange salaire ou bonus contre jours de vacances... Les jeunes travailleurs choisissent leur employeur sur base de la r\u00e9mun\u00e9ration flexible (entre autres). - Peoplesphere\" \/>\n<meta property=\"og:description\" content=\"Pour les trois quarts des travailleurs \u00e2g\u00e9s de 18 \u00e0 34 ans, la possibilit\u00e9 de b\u00e9n\u00e9ficier d\u2019une r\u00e9mun\u00e9ration flexible a jou\u00e9 un r\u00f4le dans le choix de leur employeur actuel. Avec un plan de r\u00e9mun\u00e9ration flexible ou un plan caf\u00e9t\u00e9ria, [&hellip;]\" \/>\n<meta property=\"og:url\" content=\"https:\/\/peoplesphere.be\/fr\/echange-salaire-ou-bonus-contre-jours-de-vacances-les-jeunes-travailleurs-choisissent-leur-employeur-sur-base-de-la-remuneration-flexible-entre-autres\/\" \/>\n<meta property=\"og:site_name\" content=\"Peoplesphere\" \/>\n<meta property=\"article:publisher\" content=\"https:\/\/www.facebook.com\/peoplesphere\" \/>\n<meta property=\"article:published_time\" content=\"2024-10-15T06:43:29+00:00\" \/>\n<meta property=\"og:image\" content=\"https:\/\/peoplesphere.be\/fr\/wp-content\/uploads\/2024\/10\/20241015remunerflexible.jpg\" \/>\n\t<meta property=\"og:image:width\" content=\"1112\" \/>\n\t<meta property=\"og:image:height\" content=\"669\" \/>\n\t<meta property=\"og:image:type\" content=\"image\/jpeg\" \/>\n<meta name=\"author\" content=\"Jean-Paul Erhard\" \/>\n<meta name=\"twitter:card\" content=\"summary_large_image\" \/>\n<meta name=\"twitter:creator\" content=\"@PeoplesphereMag\" \/>\n<meta name=\"twitter:site\" content=\"@PeoplesphereMag\" \/>\n<meta name=\"twitter:label1\" content=\"\u00c9crit par\" \/>\n\t<meta name=\"twitter:data1\" content=\"Jean-Paul Erhard\" \/>\n\t<meta name=\"twitter:label2\" content=\"Dur\u00e9e de lecture estim\u00e9e\" \/>\n\t<meta name=\"twitter:data2\" content=\"6 minutes\" \/>\n<script type=\"application\/ld+json\" class=\"yoast-schema-graph\">{\"@context\":\"https:\/\/schema.org\",\"@graph\":[{\"@type\":\"Article\",\"@id\":\"https:\/\/peoplesphere.be\/fr\/echange-salaire-ou-bonus-contre-jours-de-vacances-les-jeunes-travailleurs-choisissent-leur-employeur-sur-base-de-la-remuneration-flexible-entre-autres\/#article\",\"isPartOf\":{\"@id\":\"https:\/\/peoplesphere.be\/fr\/echange-salaire-ou-bonus-contre-jours-de-vacances-les-jeunes-travailleurs-choisissent-leur-employeur-sur-base-de-la-remuneration-flexible-entre-autres\/\"},\"author\":{\"name\":\"Jean-Paul Erhard\",\"@id\":\"https:\/\/peoplesphere.be\/fr\/#\/schema\/person\/7976225ff17988604334abb7b3536a7e\"},\"headline\":\"Echange salaire ou bonus contre jours de vacances&#8230; Les jeunes travailleurs choisissent leur employeur sur base de la r\u00e9mun\u00e9ration flexible (entre autres).\",\"datePublished\":\"2024-10-15T06:43:29+00:00\",\"dateModified\":\"2024-10-15T06:43:29+00:00\",\"mainEntityOfPage\":{\"@id\":\"https:\/\/peoplesphere.be\/fr\/echange-salaire-ou-bonus-contre-jours-de-vacances-les-jeunes-travailleurs-choisissent-leur-employeur-sur-base-de-la-remuneration-flexible-entre-autres\/\"},\"wordCount\":1127,\"publisher\":{\"@id\":\"https:\/\/peoplesphere.be\/fr\/#organization\"},\"keywords\":[\"bien-\u00eatre\",\"bonus\",\"employer branding\",\"plan caf\u00e9t\u00e9ria\",\"r\u00e9mun\u00e9ration flexible\",\"salaire\"],\"articleSection\":[\"Actualit\u00e9s\",\"Digital\"],\"inLanguage\":\"fr-FR\"},{\"@type\":\"WebPage\",\"@id\":\"https:\/\/peoplesphere.be\/fr\/echange-salaire-ou-bonus-contre-jours-de-vacances-les-jeunes-travailleurs-choisissent-leur-employeur-sur-base-de-la-remuneration-flexible-entre-autres\/\",\"url\":\"https:\/\/peoplesphere.be\/fr\/echange-salaire-ou-bonus-contre-jours-de-vacances-les-jeunes-travailleurs-choisissent-leur-employeur-sur-base-de-la-remuneration-flexible-entre-autres\/\",\"name\":\"Echange salaire ou bonus contre jours de vacances... Les jeunes travailleurs choisissent leur employeur sur base de la r\u00e9mun\u00e9ration flexible (entre autres). - Peoplesphere\",\"isPartOf\":{\"@id\":\"https:\/\/peoplesphere.be\/fr\/#website\"},\"datePublished\":\"2024-10-15T06:43:29+00:00\",\"dateModified\":\"2024-10-15T06:43:29+00:00\",\"breadcrumb\":{\"@id\":\"https:\/\/peoplesphere.be\/fr\/echange-salaire-ou-bonus-contre-jours-de-vacances-les-jeunes-travailleurs-choisissent-leur-employeur-sur-base-de-la-remuneration-flexible-entre-autres\/#breadcrumb\"},\"inLanguage\":\"fr-FR\",\"potentialAction\":[{\"@type\":\"ReadAction\",\"target\":[\"https:\/\/peoplesphere.be\/fr\/echange-salaire-ou-bonus-contre-jours-de-vacances-les-jeunes-travailleurs-choisissent-leur-employeur-sur-base-de-la-remuneration-flexible-entre-autres\/\"]}]},{\"@type\":\"BreadcrumbList\",\"@id\":\"https:\/\/peoplesphere.be\/fr\/echange-salaire-ou-bonus-contre-jours-de-vacances-les-jeunes-travailleurs-choisissent-leur-employeur-sur-base-de-la-remuneration-flexible-entre-autres\/#breadcrumb\",\"itemListElement\":[{\"@type\":\"ListItem\",\"position\":1,\"name\":\"Accueil\",\"item\":\"https:\/\/peoplesphere.be\/fr\/\"},{\"@type\":\"ListItem\",\"position\":2,\"name\":\"Echange salaire ou bonus contre jours de vacances&#8230; Les jeunes travailleurs choisissent leur employeur sur base de la r\u00e9mun\u00e9ration flexible (entre autres).\"}]},{\"@type\":\"WebSite\",\"@id\":\"https:\/\/peoplesphere.be\/fr\/#website\",\"url\":\"https:\/\/peoplesphere.be\/fr\/\",\"name\":\"Peoplesphere\",\"description\":\"The People Managers Magazine\",\"publisher\":{\"@id\":\"https:\/\/peoplesphere.be\/fr\/#organization\"},\"potentialAction\":[{\"@type\":\"SearchAction\",\"target\":{\"@type\":\"EntryPoint\",\"urlTemplate\":\"https:\/\/peoplesphere.be\/fr\/?s={search_term_string}\"},\"query-input\":\"required name=search_term_string\"}],\"inLanguage\":\"fr-FR\"},{\"@type\":\"Organization\",\"@id\":\"https:\/\/peoplesphere.be\/fr\/#organization\",\"name\":\"Peoplesphere Company srl\",\"url\":\"https:\/\/peoplesphere.be\/fr\/\",\"logo\":{\"@type\":\"ImageObject\",\"inLanguage\":\"fr-FR\",\"@id\":\"https:\/\/peoplesphere.be\/fr\/#\/schema\/logo\/image\/\",\"url\":\"https:\/\/peoplesphere.be\/fr\/wp-content\/uploads\/2023\/07\/peoplesphere-lgo-new-generik.jpg\",\"contentUrl\":\"https:\/\/peoplesphere.be\/fr\/wp-content\/uploads\/2023\/07\/peoplesphere-lgo-new-generik.jpg\",\"width\":1031,\"height\":1479,\"caption\":\"Peoplesphere Company srl\"},\"image\":{\"@id\":\"https:\/\/peoplesphere.be\/fr\/#\/schema\/logo\/image\/\"},\"sameAs\":[\"https:\/\/www.facebook.com\/peoplesphere\",\"https:\/\/twitter.com\/PeoplesphereMag\",\"https:\/\/www.linkedin.com\/company\/7587361?trk\",\"http:\/\/youtube.com\/peoplesphere\"]},{\"@type\":\"Person\",\"@id\":\"https:\/\/peoplesphere.be\/fr\/#\/schema\/person\/7976225ff17988604334abb7b3536a7e\",\"name\":\"Jean-Paul Erhard\",\"image\":{\"@type\":\"ImageObject\",\"inLanguage\":\"fr-FR\",\"@id\":\"https:\/\/peoplesphere.be\/fr\/#\/schema\/person\/image\/\",\"url\":\"https:\/\/secure.gravatar.com\/avatar\/f941e681460179738071629a51574930?s=96&d=mm&r=g\",\"contentUrl\":\"https:\/\/secure.gravatar.com\/avatar\/f941e681460179738071629a51574930?s=96&d=mm&r=g\",\"caption\":\"Jean-Paul Erhard\"},\"url\":\"https:\/\/peoplesphere.be\/fr\/author\/jpe\/\"}]}<\/script>\n<!-- \/ Yoast SEO plugin. -->","yoast_head_json":{"title":"Echange salaire ou bonus contre jours de vacances... Les jeunes travailleurs choisissent leur employeur sur base de la r\u00e9mun\u00e9ration flexible (entre autres). - Peoplesphere","robots":{"index":"index","follow":"follow","max-snippet":"max-snippet:-1","max-image-preview":"max-image-preview:large","max-video-preview":"max-video-preview:-1"},"canonical":"https:\/\/peoplesphere.be\/fr\/echange-salaire-ou-bonus-contre-jours-de-vacances-les-jeunes-travailleurs-choisissent-leur-employeur-sur-base-de-la-remuneration-flexible-entre-autres\/","og_locale":"fr_FR","og_type":"article","og_title":"Echange salaire ou bonus contre jours de vacances... Les jeunes travailleurs choisissent leur employeur sur base de la r\u00e9mun\u00e9ration flexible (entre autres). - Peoplesphere","og_description":"Pour les trois quarts des travailleurs \u00e2g\u00e9s de 18 \u00e0 34 ans, la possibilit\u00e9 de b\u00e9n\u00e9ficier d\u2019une r\u00e9mun\u00e9ration flexible a jou\u00e9 un r\u00f4le dans le choix de leur employeur actuel. Avec un plan de r\u00e9mun\u00e9ration flexible ou un plan caf\u00e9t\u00e9ria, [&hellip;]","og_url":"https:\/\/peoplesphere.be\/fr\/echange-salaire-ou-bonus-contre-jours-de-vacances-les-jeunes-travailleurs-choisissent-leur-employeur-sur-base-de-la-remuneration-flexible-entre-autres\/","og_site_name":"Peoplesphere","article_publisher":"https:\/\/www.facebook.com\/peoplesphere","article_published_time":"2024-10-15T06:43:29+00:00","og_image":[{"width":1112,"height":669,"url":"https:\/\/peoplesphere.be\/fr\/wp-content\/uploads\/2024\/10\/20241015remunerflexible.jpg","type":"image\/jpeg"}],"author":"Jean-Paul Erhard","twitter_card":"summary_large_image","twitter_creator":"@PeoplesphereMag","twitter_site":"@PeoplesphereMag","twitter_misc":{"\u00c9crit par":"Jean-Paul Erhard","Dur\u00e9e de lecture estim\u00e9e":"6 minutes"},"schema":{"@context":"https:\/\/schema.org","@graph":[{"@type":"Article","@id":"https:\/\/peoplesphere.be\/fr\/echange-salaire-ou-bonus-contre-jours-de-vacances-les-jeunes-travailleurs-choisissent-leur-employeur-sur-base-de-la-remuneration-flexible-entre-autres\/#article","isPartOf":{"@id":"https:\/\/peoplesphere.be\/fr\/echange-salaire-ou-bonus-contre-jours-de-vacances-les-jeunes-travailleurs-choisissent-leur-employeur-sur-base-de-la-remuneration-flexible-entre-autres\/"},"author":{"name":"Jean-Paul Erhard","@id":"https:\/\/peoplesphere.be\/fr\/#\/schema\/person\/7976225ff17988604334abb7b3536a7e"},"headline":"Echange salaire ou bonus contre jours de vacances&#8230; Les jeunes travailleurs choisissent leur employeur sur base de la r\u00e9mun\u00e9ration flexible (entre autres).","datePublished":"2024-10-15T06:43:29+00:00","dateModified":"2024-10-15T06:43:29+00:00","mainEntityOfPage":{"@id":"https:\/\/peoplesphere.be\/fr\/echange-salaire-ou-bonus-contre-jours-de-vacances-les-jeunes-travailleurs-choisissent-leur-employeur-sur-base-de-la-remuneration-flexible-entre-autres\/"},"wordCount":1127,"publisher":{"@id":"https:\/\/peoplesphere.be\/fr\/#organization"},"keywords":["bien-\u00eatre","bonus","employer branding","plan caf\u00e9t\u00e9ria","r\u00e9mun\u00e9ration flexible","salaire"],"articleSection":["Actualit\u00e9s","Digital"],"inLanguage":"fr-FR"},{"@type":"WebPage","@id":"https:\/\/peoplesphere.be\/fr\/echange-salaire-ou-bonus-contre-jours-de-vacances-les-jeunes-travailleurs-choisissent-leur-employeur-sur-base-de-la-remuneration-flexible-entre-autres\/","url":"https:\/\/peoplesphere.be\/fr\/echange-salaire-ou-bonus-contre-jours-de-vacances-les-jeunes-travailleurs-choisissent-leur-employeur-sur-base-de-la-remuneration-flexible-entre-autres\/","name":"Echange salaire ou bonus contre jours de vacances... Les jeunes travailleurs choisissent leur employeur sur base de la r\u00e9mun\u00e9ration flexible (entre autres). - Peoplesphere","isPartOf":{"@id":"https:\/\/peoplesphere.be\/fr\/#website"},"datePublished":"2024-10-15T06:43:29+00:00","dateModified":"2024-10-15T06:43:29+00:00","breadcrumb":{"@id":"https:\/\/peoplesphere.be\/fr\/echange-salaire-ou-bonus-contre-jours-de-vacances-les-jeunes-travailleurs-choisissent-leur-employeur-sur-base-de-la-remuneration-flexible-entre-autres\/#breadcrumb"},"inLanguage":"fr-FR","potentialAction":[{"@type":"ReadAction","target":["https:\/\/peoplesphere.be\/fr\/echange-salaire-ou-bonus-contre-jours-de-vacances-les-jeunes-travailleurs-choisissent-leur-employeur-sur-base-de-la-remuneration-flexible-entre-autres\/"]}]},{"@type":"BreadcrumbList","@id":"https:\/\/peoplesphere.be\/fr\/echange-salaire-ou-bonus-contre-jours-de-vacances-les-jeunes-travailleurs-choisissent-leur-employeur-sur-base-de-la-remuneration-flexible-entre-autres\/#breadcrumb","itemListElement":[{"@type":"ListItem","position":1,"name":"Accueil","item":"https:\/\/peoplesphere.be\/fr\/"},{"@type":"ListItem","position":2,"name":"Echange salaire ou bonus contre jours de vacances&#8230; Les jeunes travailleurs choisissent leur employeur sur base de la r\u00e9mun\u00e9ration flexible (entre autres)."}]},{"@type":"WebSite","@id":"https:\/\/peoplesphere.be\/fr\/#website","url":"https:\/\/peoplesphere.be\/fr\/","name":"Peoplesphere","description":"The People Managers Magazine","publisher":{"@id":"https:\/\/peoplesphere.be\/fr\/#organization"},"potentialAction":[{"@type":"SearchAction","target":{"@type":"EntryPoint","urlTemplate":"https:\/\/peoplesphere.be\/fr\/?s={search_term_string}"},"query-input":"required name=search_term_string"}],"inLanguage":"fr-FR"},{"@type":"Organization","@id":"https:\/\/peoplesphere.be\/fr\/#organization","name":"Peoplesphere Company srl","url":"https:\/\/peoplesphere.be\/fr\/","logo":{"@type":"ImageObject","inLanguage":"fr-FR","@id":"https:\/\/peoplesphere.be\/fr\/#\/schema\/logo\/image\/","url":"https:\/\/peoplesphere.be\/fr\/wp-content\/uploads\/2023\/07\/peoplesphere-lgo-new-generik.jpg","contentUrl":"https:\/\/peoplesphere.be\/fr\/wp-content\/uploads\/2023\/07\/peoplesphere-lgo-new-generik.jpg","width":1031,"height":1479,"caption":"Peoplesphere Company srl"},"image":{"@id":"https:\/\/peoplesphere.be\/fr\/#\/schema\/logo\/image\/"},"sameAs":["https:\/\/www.facebook.com\/peoplesphere","https:\/\/twitter.com\/PeoplesphereMag","https:\/\/www.linkedin.com\/company\/7587361?trk","http:\/\/youtube.com\/peoplesphere"]},{"@type":"Person","@id":"https:\/\/peoplesphere.be\/fr\/#\/schema\/person\/7976225ff17988604334abb7b3536a7e","name":"Jean-Paul Erhard","image":{"@type":"ImageObject","inLanguage":"fr-FR","@id":"https:\/\/peoplesphere.be\/fr\/#\/schema\/person\/image\/","url":"https:\/\/secure.gravatar.com\/avatar\/f941e681460179738071629a51574930?s=96&d=mm&r=g","contentUrl":"https:\/\/secure.gravatar.com\/avatar\/f941e681460179738071629a51574930?s=96&d=mm&r=g","caption":"Jean-Paul Erhard"},"url":"https:\/\/peoplesphere.be\/fr\/author\/jpe\/"}]}},"_links":{"self":[{"href":"https:\/\/peoplesphere.be\/fr\/wp-json\/wp\/v2\/posts\/16866"}],"collection":[{"href":"https:\/\/peoplesphere.be\/fr\/wp-json\/wp\/v2\/posts"}],"about":[{"href":"https:\/\/peoplesphere.be\/fr\/wp-json\/wp\/v2\/types\/post"}],"author":[{"embeddable":true,"href":"https:\/\/peoplesphere.be\/fr\/wp-json\/wp\/v2\/users\/2"}],"replies":[{"embeddable":true,"href":"https:\/\/peoplesphere.be\/fr\/wp-json\/wp\/v2\/comments?post=16866"}],"version-history":[{"count":1,"href":"https:\/\/peoplesphere.be\/fr\/wp-json\/wp\/v2\/posts\/16866\/revisions"}],"predecessor-version":[{"id":16868,"href":"https:\/\/peoplesphere.be\/fr\/wp-json\/wp\/v2\/posts\/16866\/revisions\/16868"}],"wp:featuredmedia":[{"embeddable":true,"href":"https:\/\/peoplesphere.be\/fr\/wp-json\/wp\/v2\/media\/16867"}],"wp:attachment":[{"href":"https:\/\/peoplesphere.be\/fr\/wp-json\/wp\/v2\/media?parent=16866"}],"wp:term":[{"taxonomy":"category","embeddable":true,"href":"https:\/\/peoplesphere.be\/fr\/wp-json\/wp\/v2\/categories?post=16866"},{"taxonomy":"post_tag","embeddable":true,"href":"https:\/\/peoplesphere.be\/fr\/wp-json\/wp\/v2\/tags?post=16866"}],"curies":[{"name":"wp","href":"https:\/\/api.w.org\/{rel}","templated":true}]}}