









{"id":16940,"date":"2024-10-30T22:31:13","date_gmt":"2024-10-30T20:31:13","guid":{"rendered":"https:\/\/peoplesphere.be\/fr\/?p=16940"},"modified":"2024-10-30T22:31:13","modified_gmt":"2024-10-30T20:31:13","slug":"editorial-societe-de-la-performance-societe-de-lepuisement-et-des-addictions-lentreprise-responsable-ou-pas","status":"publish","type":"post","link":"https:\/\/peoplesphere.be\/fr\/editorial-societe-de-la-performance-societe-de-lepuisement-et-des-addictions-lentreprise-responsable-ou-pas\/","title":{"rendered":"\u00c9ditorial \u2013 Soci\u00e9t\u00e9 de la performance, soci\u00e9t\u00e9 de l\u2019\u00e9puisement et des addictions. L\u2019entreprise responsable ou pas?"},"content":{"rendered":"<p>L\u2019id\u00e9e est install\u00e9e et soutenue par les institutions lorsque l\u2019Organisation des Nations Unies, via son rapport sp\u00e9cial sur les droits de l\u2019Homme et l\u2019extr\u00eame pauvret\u00e9, avance que notre soci\u00e9t\u00e9 \u00ab\u00a0obs\u00e9d\u00e9e\u00a0\u00bb par la croissance m\u00e8ne \u00e0 une \u00e9conomie du burn-out et de la pauvret\u00e9 et subit d\u00e8s lors une situation dramatique en mati\u00e8re de sant\u00e9 mentale.<br \/>\nL\u2019\u00e9conomie \u2013 et par extension la r\u00e9alit\u00e9 quotidienne de nos entreprises &#8211; coupable de la plupart de nos maux\u2026 C\u2019est difficile \u00e0 entendre lorsque, comme nous, on croit aux valeurs positives de r\u00e9alisation de soi, aux liens sociaux que le travail permet de cr\u00e9er et d\u2019entretenir, \u00e0 la contribution \u00e9vidente des entreprises \u00e0 l\u2019am\u00e9lioration de notre qualit\u00e9 de vie\u2026 Sujet d\u00e9licat, n\u2019est-il pas? On y va.<!--more--><\/p>\n<p>Nous ne contestons pas les d\u00e9rives possibles de nos mod\u00e8les \u00e9conomiques dont la finalit\u00e9 est bel et bien la performance. Nous ne pouvons pas davantage nier qu\u2019il y a une belle (petite) brochette de dirigeants a minima toxiques et au pire dangereux. Et nous ne voulons pas r\u00e9sumer la question des addictions \u00e0 l\u2019accumulation des failles, personnelles et professionnelles, avec lesquelles chaque individu doit composer. L\u2019alcool, les drogues, la surconsommation m\u00e9dicale sont des r\u00e9alit\u00e9s y compris dans l\u2019entreprise. Prenons quelques instants pour d\u00e9coder et agir.<\/p>\n<h3><strong><em>Obsession de la croissance ou instinct de survie ?<\/em><\/strong><\/h3>\n<p>La question centrale semble donc \u00eatre celle de la performance \u00e0 tout prix. Et de la pression que celle-ci exerce sur les travailleurs, \u00e0 commencer par les plus vuln\u00e9rables d\u2019entre eux. Sommes-nous pris dans un engrenage dont nous aurions perdu la ma\u00eetrise?<br \/>\nTous les managers ne sont pas pr\u00e9par\u00e9s \u00e0 g\u00e9rer la relation des travailleurs \u00e0 la performance. Or, celle-ci est directement li\u00e9e \u00e0 la qualit\u00e9 de leur management. Celui-ci agit tant\u00f4t comme un bouclier protecteur, tant\u00f4t comme un catalyseur qui permet de la traduire en termes compr\u00e9hensibles et mobilisateurs. Lorsqu\u2019il ne filtre pas la pression \u00e0 la performance, celle-ci peut en effet atteindre les \u00e9quipes avec une brutalit\u00e9 choquante.<\/p>\n<p>Ceci \u00e9tant dit, nous devons nous entendre sur la motivation qu\u2019il y a derri\u00e8re cette qu\u00eate de performance. Dans de tr\u00e8s nombreux cas \u2013 et notamment ceux qui concernent les organisations de taille petite et moyenne ainsi que dans les secteurs associatifs -, ce n\u2019est pas une question de croissance mais tout simplement de survie!<\/p>\n<p>Soyons concrets ! Dans des secteurs tels que l\u2019horeca et la construction &#8211; structurellement en crise et reconnus pour occuper un ratio important de collaborateurs souffrant d\u2019addictions s\u00e9rieuses aux drogues les plus dures -, l\u2019inefficience et la mauvaise gestion sont rapidement sanctionn\u00e9es par l\u2019arr\u00eat pur et simple des activit\u00e9s. Renoncer \u00e0 la performance ? Il n\u2019en est tout simplement pas question. L\u2019entreprise se nourrit de la performance. Plus clair encore : sans elle, c\u2019est la mort.<\/p>\n<h3><strong><em>L\u2019entreprise responsable des troubles et addictions de ses collaborateurs?<\/em><\/strong><\/h3>\n<p>Le rapporteur sp\u00e9cial de l&rsquo;ONU sur les droits de l&rsquo;Homme et l&rsquo;extr\u00eame pauvret\u00e9, le Belge Olivier De Schutter, mentionne \u00e0 juste titre \u2018\u2019qu\u2019il est cependant possible de sortir de ces engrenages, \u00e0 condition d&rsquo;accorder une plus grande place au bien-\u00eatre qu&rsquo;\u00e0 la qu\u00eate sans fin de croissance \u00e9conomique. Nous devons aller au-del\u00e0 d&rsquo;un simple soutien m\u00e9dical \u00e0 ceux qui font face \u00e0 la d\u00e9pression, \u00e0 l&rsquo;anxi\u00e9t\u00e9 et refuser de ne traiter que les sympt\u00f4mes.\u2019\u2019<\/p>\n<p>Nos entreprises ne s\u2019exon\u00e8rent pas du r\u00f4le consistant \u00e0 (re-)prendre en mains l\u2019am\u00e9lioration et le financement du bien-\u00eatre des travailleurs et de leurs proches. Mieux encore, la plupart de nos organisations s\u2019en emparent avec une belle sinc\u00e9rit\u00e9 et des moyens consid\u00e9rables.<\/p>\n<p>Est-ce pour autant une reconnaissance de culpabilit\u00e9 alors que toutes les \u00e9tudes et que la simple \u00e9coute de nos coll\u00e8gues nous d\u00e9montrent que la sph\u00e8re priv\u00e9e est toujours d\u00e9cisive dans le ressenti de la charge psycho-sociale? Non, l\u2019entreprise n\u2019est pas toujours la cause profonde. Elle ne l\u2019est m\u00eame que rarement. Et, malgr\u00e9 tout, nous la voyons chaque jour davantage s\u2019investir en mati\u00e8re de sant\u00e9 mentale et de dispositifs de soutien multiples au b\u00e9n\u00e9fice de ses travailleurs.<\/p>\n<h3><strong><em>L\u2019accomplissement et le plaisir dans la performance et dans l\u2019effort<\/em><\/strong><\/h3>\n<p>Nos bureaux et nos entrep\u00f4ts ne sont ni des salles de torture, ni des ar\u00e8nes sportives. Et la qu\u00eate de performance n\u2019est pas le domaine r\u00e9serv\u00e9 des sportifs d\u2019exception. La performance dans l\u2019entreprise, c\u2019est autre chose. C\u2019est un moteur universel, qui s\u2019applique d\u2019ailleurs \u00e0 un nombre infini de domaines d\u2019activit\u00e9s. C\u2019est pourquoi elle est fondatrice pour la plupart des projets collectifs.<\/p>\n<p>La vision positive du People Management que nous partageons repose, entre autres, sur la cr\u00e9ation d\u2019opportunit\u00e9s pour que chacune et chacun puisse se r\u00e9aliser, dans un environnement apais\u00e9 et ambitieux. Et pour mettre en \u0153uvre cette vision, nous n\u2019avons jamais rencontr\u00e9 de super-h\u00e9ro.\u00efne.s, capables de r\u00e9aliser des miracles. Nous n\u2019avons crois\u00e9 que des \u00e9quipes qui d\u00e9cident de se r\u00e9unir et d\u2019inverser le cours des \u00e9v\u00e9nements lorsque c\u2019est n\u00e9cessaire et que le bien-\u00eatre de l\u2019ensemble prend le pas sur les int\u00e9r\u00eats particuliers. C\u2019est pr\u00e9cis\u00e9ment \u00e0 ce moment-l\u00e0 que la notion de performance (et d\u2019effort) est tellement pertinente et n\u00e9cessaire.<\/p>\n<p>Restons donc ambitieux et lucides en m\u00eame temps. Nous \u00e9changeons chaque jour quant aux moyens d\u2019offrir des exp\u00e9riences uniques \u00e0 nos collaborateurs. Et pendant ce temps, tout autour de nous, nous croisons aussi des coll\u00e8gues devenus d\u00e9pendants des anxiolytiques, des anti-d\u00e9presseurs, de l\u2019alcool, de coca\u00efne et de tellement d\u2019autres d\u00e9rivatifs.<br \/>\nLe ph\u00e9nom\u00e8ne tend \u00e0 se banaliser. Nous ne fermons pas les yeux. Devons-nous y pr\u00eater plus d\u2019attention qu\u2019aujourd\u2019hui ? Sans aucun doute. Devons-nous en outre renoncer au mod\u00e8le de performance \u00e9conomique qui nous permettra de venir en aide \u00e0 celles et ceux qui en ont besoin? Certainement pas.<\/p>\n<p>Jean-Paul Erhard<\/p>\n","protected":false},"excerpt":{"rendered":"<p>L\u2019id\u00e9e est install\u00e9e et soutenue par les institutions lorsque l\u2019Organisation des Nations Unies, via son rapport sp\u00e9cial sur les droits de l\u2019Homme et l\u2019extr\u00eame pauvret\u00e9, avance que notre soci\u00e9t\u00e9 \u00ab\u00a0obs\u00e9d\u00e9e\u00a0\u00bb par la croissance m\u00e8ne \u00e0 une \u00e9conomie du burn-out et [&hellip;]<\/p>\n","protected":false},"author":2,"featured_media":16941,"comment_status":"closed","ping_status":"open","sticky":false,"template":"","format":"standard","meta":[],"categories":[65,62,10,2],"tags":[4175,315,183,109,42,1283],"yoast_head":"<!-- This site is optimized with the Yoast SEO plugin v21.0 - https:\/\/yoast.com\/wordpress\/plugins\/seo\/ -->\n<title>\u00c9ditorial \u2013 Soci\u00e9t\u00e9 de la performance, soci\u00e9t\u00e9 de l\u2019\u00e9puisement et des addictions. L\u2019entreprise responsable ou pas? - Peoplesphere<\/title>\n<meta name=\"robots\" content=\"index, follow, max-snippet:-1, max-image-preview:large, max-video-preview:-1\" \/>\n<link rel=\"canonical\" href=\"https:\/\/peoplesphere.be\/fr\/editorial-societe-de-la-performance-societe-de-lepuisement-et-des-addictions-lentreprise-responsable-ou-pas\/\" \/>\n<meta property=\"og:locale\" content=\"fr_FR\" \/>\n<meta property=\"og:type\" content=\"article\" \/>\n<meta property=\"og:title\" content=\"\u00c9ditorial \u2013 Soci\u00e9t\u00e9 de la performance, soci\u00e9t\u00e9 de l\u2019\u00e9puisement et des addictions. L\u2019entreprise responsable ou pas? - Peoplesphere\" \/>\n<meta property=\"og:description\" content=\"L\u2019id\u00e9e est install\u00e9e et soutenue par les institutions lorsque l\u2019Organisation des Nations Unies, via son rapport sp\u00e9cial sur les droits de l\u2019Homme et l\u2019extr\u00eame pauvret\u00e9, avance que notre soci\u00e9t\u00e9 \u00ab\u00a0obs\u00e9d\u00e9e\u00a0\u00bb par la croissance m\u00e8ne \u00e0 une \u00e9conomie du burn-out et [&hellip;]\" \/>\n<meta property=\"og:url\" content=\"https:\/\/peoplesphere.be\/fr\/editorial-societe-de-la-performance-societe-de-lepuisement-et-des-addictions-lentreprise-responsable-ou-pas\/\" \/>\n<meta property=\"og:site_name\" content=\"Peoplesphere\" \/>\n<meta property=\"article:publisher\" content=\"https:\/\/www.facebook.com\/peoplesphere\" \/>\n<meta property=\"article:published_time\" content=\"2024-10-30T20:31:13+00:00\" \/>\n<meta property=\"og:image\" content=\"https:\/\/peoplesphere.be\/fr\/wp-content\/uploads\/2024\/10\/20241031workersaddictionspano.jpg\" \/>\n\t<meta property=\"og:image:width\" content=\"1400\" \/>\n\t<meta property=\"og:image:height\" content=\"766\" \/>\n\t<meta property=\"og:image:type\" content=\"image\/jpeg\" \/>\n<meta name=\"author\" content=\"Jean-Paul Erhard\" \/>\n<meta name=\"twitter:card\" content=\"summary_large_image\" \/>\n<meta name=\"twitter:creator\" content=\"@PeoplesphereMag\" \/>\n<meta name=\"twitter:site\" content=\"@PeoplesphereMag\" \/>\n<meta name=\"twitter:label1\" content=\"\u00c9crit par\" \/>\n\t<meta name=\"twitter:data1\" content=\"Jean-Paul Erhard\" \/>\n\t<meta name=\"twitter:label2\" content=\"Dur\u00e9e de lecture estim\u00e9e\" \/>\n\t<meta name=\"twitter:data2\" content=\"5 minutes\" \/>\n<script type=\"application\/ld+json\" class=\"yoast-schema-graph\">{\"@context\":\"https:\/\/schema.org\",\"@graph\":[{\"@type\":\"Article\",\"@id\":\"https:\/\/peoplesphere.be\/fr\/editorial-societe-de-la-performance-societe-de-lepuisement-et-des-addictions-lentreprise-responsable-ou-pas\/#article\",\"isPartOf\":{\"@id\":\"https:\/\/peoplesphere.be\/fr\/editorial-societe-de-la-performance-societe-de-lepuisement-et-des-addictions-lentreprise-responsable-ou-pas\/\"},\"author\":{\"name\":\"Jean-Paul Erhard\",\"@id\":\"https:\/\/peoplesphere.be\/fr\/#\/schema\/person\/7976225ff17988604334abb7b3536a7e\"},\"headline\":\"\u00c9ditorial \u2013 Soci\u00e9t\u00e9 de la performance, soci\u00e9t\u00e9 de l\u2019\u00e9puisement et des addictions. L\u2019entreprise responsable ou pas?\",\"datePublished\":\"2024-10-30T20:31:13+00:00\",\"dateModified\":\"2024-10-30T20:31:13+00:00\",\"mainEntityOfPage\":{\"@id\":\"https:\/\/peoplesphere.be\/fr\/editorial-societe-de-la-performance-societe-de-lepuisement-et-des-addictions-lentreprise-responsable-ou-pas\/\"},\"wordCount\":1067,\"publisher\":{\"@id\":\"https:\/\/peoplesphere.be\/fr\/#organization\"},\"keywords\":[\"addictions\",\"\u00e9puisement\",\"management\",\"performance\",\"Pr\u00e9vention\",\"responsabilit\u00e9\"],\"articleSection\":[\"Actualit\u00e9s\",\"Articles\",\"Digital\",\"Magazine\"],\"inLanguage\":\"fr-FR\"},{\"@type\":\"WebPage\",\"@id\":\"https:\/\/peoplesphere.be\/fr\/editorial-societe-de-la-performance-societe-de-lepuisement-et-des-addictions-lentreprise-responsable-ou-pas\/\",\"url\":\"https:\/\/peoplesphere.be\/fr\/editorial-societe-de-la-performance-societe-de-lepuisement-et-des-addictions-lentreprise-responsable-ou-pas\/\",\"name\":\"\u00c9ditorial \u2013 Soci\u00e9t\u00e9 de la performance, soci\u00e9t\u00e9 de l\u2019\u00e9puisement et des addictions. L\u2019entreprise responsable ou pas? - Peoplesphere\",\"isPartOf\":{\"@id\":\"https:\/\/peoplesphere.be\/fr\/#website\"},\"datePublished\":\"2024-10-30T20:31:13+00:00\",\"dateModified\":\"2024-10-30T20:31:13+00:00\",\"breadcrumb\":{\"@id\":\"https:\/\/peoplesphere.be\/fr\/editorial-societe-de-la-performance-societe-de-lepuisement-et-des-addictions-lentreprise-responsable-ou-pas\/#breadcrumb\"},\"inLanguage\":\"fr-FR\",\"potentialAction\":[{\"@type\":\"ReadAction\",\"target\":[\"https:\/\/peoplesphere.be\/fr\/editorial-societe-de-la-performance-societe-de-lepuisement-et-des-addictions-lentreprise-responsable-ou-pas\/\"]}]},{\"@type\":\"BreadcrumbList\",\"@id\":\"https:\/\/peoplesphere.be\/fr\/editorial-societe-de-la-performance-societe-de-lepuisement-et-des-addictions-lentreprise-responsable-ou-pas\/#breadcrumb\",\"itemListElement\":[{\"@type\":\"ListItem\",\"position\":1,\"name\":\"Accueil\",\"item\":\"https:\/\/peoplesphere.be\/fr\/\"},{\"@type\":\"ListItem\",\"position\":2,\"name\":\"\u00c9ditorial \u2013 Soci\u00e9t\u00e9 de la performance, soci\u00e9t\u00e9 de l\u2019\u00e9puisement et des addictions. L\u2019entreprise responsable ou pas?\"}]},{\"@type\":\"WebSite\",\"@id\":\"https:\/\/peoplesphere.be\/fr\/#website\",\"url\":\"https:\/\/peoplesphere.be\/fr\/\",\"name\":\"Peoplesphere\",\"description\":\"The People Managers Magazine\",\"publisher\":{\"@id\":\"https:\/\/peoplesphere.be\/fr\/#organization\"},\"potentialAction\":[{\"@type\":\"SearchAction\",\"target\":{\"@type\":\"EntryPoint\",\"urlTemplate\":\"https:\/\/peoplesphere.be\/fr\/?s={search_term_string}\"},\"query-input\":\"required name=search_term_string\"}],\"inLanguage\":\"fr-FR\"},{\"@type\":\"Organization\",\"@id\":\"https:\/\/peoplesphere.be\/fr\/#organization\",\"name\":\"Peoplesphere Company srl\",\"url\":\"https:\/\/peoplesphere.be\/fr\/\",\"logo\":{\"@type\":\"ImageObject\",\"inLanguage\":\"fr-FR\",\"@id\":\"https:\/\/peoplesphere.be\/fr\/#\/schema\/logo\/image\/\",\"url\":\"https:\/\/peoplesphere.be\/fr\/wp-content\/uploads\/2023\/07\/peoplesphere-lgo-new-generik.jpg\",\"contentUrl\":\"https:\/\/peoplesphere.be\/fr\/wp-content\/uploads\/2023\/07\/peoplesphere-lgo-new-generik.jpg\",\"width\":1031,\"height\":1479,\"caption\":\"Peoplesphere Company srl\"},\"image\":{\"@id\":\"https:\/\/peoplesphere.be\/fr\/#\/schema\/logo\/image\/\"},\"sameAs\":[\"https:\/\/www.facebook.com\/peoplesphere\",\"https:\/\/twitter.com\/PeoplesphereMag\",\"https:\/\/www.linkedin.com\/company\/7587361?trk\",\"http:\/\/youtube.com\/peoplesphere\"]},{\"@type\":\"Person\",\"@id\":\"https:\/\/peoplesphere.be\/fr\/#\/schema\/person\/7976225ff17988604334abb7b3536a7e\",\"name\":\"Jean-Paul Erhard\",\"image\":{\"@type\":\"ImageObject\",\"inLanguage\":\"fr-FR\",\"@id\":\"https:\/\/peoplesphere.be\/fr\/#\/schema\/person\/image\/\",\"url\":\"https:\/\/secure.gravatar.com\/avatar\/f941e681460179738071629a51574930?s=96&d=mm&r=g\",\"contentUrl\":\"https:\/\/secure.gravatar.com\/avatar\/f941e681460179738071629a51574930?s=96&d=mm&r=g\",\"caption\":\"Jean-Paul Erhard\"},\"url\":\"https:\/\/peoplesphere.be\/fr\/author\/jpe\/\"}]}<\/script>\n<!-- \/ Yoast SEO plugin. -->","yoast_head_json":{"title":"\u00c9ditorial \u2013 Soci\u00e9t\u00e9 de la performance, soci\u00e9t\u00e9 de l\u2019\u00e9puisement et des addictions. L\u2019entreprise responsable ou pas? - Peoplesphere","robots":{"index":"index","follow":"follow","max-snippet":"max-snippet:-1","max-image-preview":"max-image-preview:large","max-video-preview":"max-video-preview:-1"},"canonical":"https:\/\/peoplesphere.be\/fr\/editorial-societe-de-la-performance-societe-de-lepuisement-et-des-addictions-lentreprise-responsable-ou-pas\/","og_locale":"fr_FR","og_type":"article","og_title":"\u00c9ditorial \u2013 Soci\u00e9t\u00e9 de la performance, soci\u00e9t\u00e9 de l\u2019\u00e9puisement et des addictions. L\u2019entreprise responsable ou pas? - Peoplesphere","og_description":"L\u2019id\u00e9e est install\u00e9e et soutenue par les institutions lorsque l\u2019Organisation des Nations Unies, via son rapport sp\u00e9cial sur les droits de l\u2019Homme et l\u2019extr\u00eame pauvret\u00e9, avance que notre soci\u00e9t\u00e9 \u00ab\u00a0obs\u00e9d\u00e9e\u00a0\u00bb par la croissance m\u00e8ne \u00e0 une \u00e9conomie du burn-out et [&hellip;]","og_url":"https:\/\/peoplesphere.be\/fr\/editorial-societe-de-la-performance-societe-de-lepuisement-et-des-addictions-lentreprise-responsable-ou-pas\/","og_site_name":"Peoplesphere","article_publisher":"https:\/\/www.facebook.com\/peoplesphere","article_published_time":"2024-10-30T20:31:13+00:00","og_image":[{"width":1400,"height":766,"url":"https:\/\/peoplesphere.be\/fr\/wp-content\/uploads\/2024\/10\/20241031workersaddictionspano.jpg","type":"image\/jpeg"}],"author":"Jean-Paul Erhard","twitter_card":"summary_large_image","twitter_creator":"@PeoplesphereMag","twitter_site":"@PeoplesphereMag","twitter_misc":{"\u00c9crit par":"Jean-Paul Erhard","Dur\u00e9e de lecture estim\u00e9e":"5 minutes"},"schema":{"@context":"https:\/\/schema.org","@graph":[{"@type":"Article","@id":"https:\/\/peoplesphere.be\/fr\/editorial-societe-de-la-performance-societe-de-lepuisement-et-des-addictions-lentreprise-responsable-ou-pas\/#article","isPartOf":{"@id":"https:\/\/peoplesphere.be\/fr\/editorial-societe-de-la-performance-societe-de-lepuisement-et-des-addictions-lentreprise-responsable-ou-pas\/"},"author":{"name":"Jean-Paul Erhard","@id":"https:\/\/peoplesphere.be\/fr\/#\/schema\/person\/7976225ff17988604334abb7b3536a7e"},"headline":"\u00c9ditorial \u2013 Soci\u00e9t\u00e9 de la performance, soci\u00e9t\u00e9 de l\u2019\u00e9puisement et des addictions. L\u2019entreprise responsable ou pas?","datePublished":"2024-10-30T20:31:13+00:00","dateModified":"2024-10-30T20:31:13+00:00","mainEntityOfPage":{"@id":"https:\/\/peoplesphere.be\/fr\/editorial-societe-de-la-performance-societe-de-lepuisement-et-des-addictions-lentreprise-responsable-ou-pas\/"},"wordCount":1067,"publisher":{"@id":"https:\/\/peoplesphere.be\/fr\/#organization"},"keywords":["addictions","\u00e9puisement","management","performance","Pr\u00e9vention","responsabilit\u00e9"],"articleSection":["Actualit\u00e9s","Articles","Digital","Magazine"],"inLanguage":"fr-FR"},{"@type":"WebPage","@id":"https:\/\/peoplesphere.be\/fr\/editorial-societe-de-la-performance-societe-de-lepuisement-et-des-addictions-lentreprise-responsable-ou-pas\/","url":"https:\/\/peoplesphere.be\/fr\/editorial-societe-de-la-performance-societe-de-lepuisement-et-des-addictions-lentreprise-responsable-ou-pas\/","name":"\u00c9ditorial \u2013 Soci\u00e9t\u00e9 de la performance, soci\u00e9t\u00e9 de l\u2019\u00e9puisement et des addictions. L\u2019entreprise responsable ou pas? - Peoplesphere","isPartOf":{"@id":"https:\/\/peoplesphere.be\/fr\/#website"},"datePublished":"2024-10-30T20:31:13+00:00","dateModified":"2024-10-30T20:31:13+00:00","breadcrumb":{"@id":"https:\/\/peoplesphere.be\/fr\/editorial-societe-de-la-performance-societe-de-lepuisement-et-des-addictions-lentreprise-responsable-ou-pas\/#breadcrumb"},"inLanguage":"fr-FR","potentialAction":[{"@type":"ReadAction","target":["https:\/\/peoplesphere.be\/fr\/editorial-societe-de-la-performance-societe-de-lepuisement-et-des-addictions-lentreprise-responsable-ou-pas\/"]}]},{"@type":"BreadcrumbList","@id":"https:\/\/peoplesphere.be\/fr\/editorial-societe-de-la-performance-societe-de-lepuisement-et-des-addictions-lentreprise-responsable-ou-pas\/#breadcrumb","itemListElement":[{"@type":"ListItem","position":1,"name":"Accueil","item":"https:\/\/peoplesphere.be\/fr\/"},{"@type":"ListItem","position":2,"name":"\u00c9ditorial \u2013 Soci\u00e9t\u00e9 de la performance, soci\u00e9t\u00e9 de l\u2019\u00e9puisement et des addictions. L\u2019entreprise responsable ou pas?"}]},{"@type":"WebSite","@id":"https:\/\/peoplesphere.be\/fr\/#website","url":"https:\/\/peoplesphere.be\/fr\/","name":"Peoplesphere","description":"The People Managers Magazine","publisher":{"@id":"https:\/\/peoplesphere.be\/fr\/#organization"},"potentialAction":[{"@type":"SearchAction","target":{"@type":"EntryPoint","urlTemplate":"https:\/\/peoplesphere.be\/fr\/?s={search_term_string}"},"query-input":"required name=search_term_string"}],"inLanguage":"fr-FR"},{"@type":"Organization","@id":"https:\/\/peoplesphere.be\/fr\/#organization","name":"Peoplesphere Company srl","url":"https:\/\/peoplesphere.be\/fr\/","logo":{"@type":"ImageObject","inLanguage":"fr-FR","@id":"https:\/\/peoplesphere.be\/fr\/#\/schema\/logo\/image\/","url":"https:\/\/peoplesphere.be\/fr\/wp-content\/uploads\/2023\/07\/peoplesphere-lgo-new-generik.jpg","contentUrl":"https:\/\/peoplesphere.be\/fr\/wp-content\/uploads\/2023\/07\/peoplesphere-lgo-new-generik.jpg","width":1031,"height":1479,"caption":"Peoplesphere Company srl"},"image":{"@id":"https:\/\/peoplesphere.be\/fr\/#\/schema\/logo\/image\/"},"sameAs":["https:\/\/www.facebook.com\/peoplesphere","https:\/\/twitter.com\/PeoplesphereMag","https:\/\/www.linkedin.com\/company\/7587361?trk","http:\/\/youtube.com\/peoplesphere"]},{"@type":"Person","@id":"https:\/\/peoplesphere.be\/fr\/#\/schema\/person\/7976225ff17988604334abb7b3536a7e","name":"Jean-Paul Erhard","image":{"@type":"ImageObject","inLanguage":"fr-FR","@id":"https:\/\/peoplesphere.be\/fr\/#\/schema\/person\/image\/","url":"https:\/\/secure.gravatar.com\/avatar\/f941e681460179738071629a51574930?s=96&d=mm&r=g","contentUrl":"https:\/\/secure.gravatar.com\/avatar\/f941e681460179738071629a51574930?s=96&d=mm&r=g","caption":"Jean-Paul Erhard"},"url":"https:\/\/peoplesphere.be\/fr\/author\/jpe\/"}]}},"_links":{"self":[{"href":"https:\/\/peoplesphere.be\/fr\/wp-json\/wp\/v2\/posts\/16940"}],"collection":[{"href":"https:\/\/peoplesphere.be\/fr\/wp-json\/wp\/v2\/posts"}],"about":[{"href":"https:\/\/peoplesphere.be\/fr\/wp-json\/wp\/v2\/types\/post"}],"author":[{"embeddable":true,"href":"https:\/\/peoplesphere.be\/fr\/wp-json\/wp\/v2\/users\/2"}],"replies":[{"embeddable":true,"href":"https:\/\/peoplesphere.be\/fr\/wp-json\/wp\/v2\/comments?post=16940"}],"version-history":[{"count":1,"href":"https:\/\/peoplesphere.be\/fr\/wp-json\/wp\/v2\/posts\/16940\/revisions"}],"predecessor-version":[{"id":16942,"href":"https:\/\/peoplesphere.be\/fr\/wp-json\/wp\/v2\/posts\/16940\/revisions\/16942"}],"wp:featuredmedia":[{"embeddable":true,"href":"https:\/\/peoplesphere.be\/fr\/wp-json\/wp\/v2\/media\/16941"}],"wp:attachment":[{"href":"https:\/\/peoplesphere.be\/fr\/wp-json\/wp\/v2\/media?parent=16940"}],"wp:term":[{"taxonomy":"category","embeddable":true,"href":"https:\/\/peoplesphere.be\/fr\/wp-json\/wp\/v2\/categories?post=16940"},{"taxonomy":"post_tag","embeddable":true,"href":"https:\/\/peoplesphere.be\/fr\/wp-json\/wp\/v2\/tags?post=16940"}],"curies":[{"name":"wp","href":"https:\/\/api.w.org\/{rel}","templated":true}]}}