









{"id":16943,"date":"2024-11-02T07:55:00","date_gmt":"2024-11-02T05:55:00","guid":{"rendered":"https:\/\/peoplesphere.be\/fr\/?p=16943"},"modified":"2024-11-04T08:10:38","modified_gmt":"2024-11-04T06:10:38","slug":"les-troubles-musculo-squelettiques-mts-un-probleme-grandissant-pour-les-soins-de-sante-et-pour-leconomie-aujourdhui","status":"publish","type":"post","link":"https:\/\/peoplesphere.be\/fr\/les-troubles-musculo-squelettiques-mts-un-probleme-grandissant-pour-les-soins-de-sante-et-pour-leconomie-aujourdhui\/","title":{"rendered":"Les troubles musculo-squelettiques (TMS), un probl\u00e8me grandissant pour les soins de sant\u00e9 et pour l&rsquo;\u00e9conomie aujourd&rsquo;hui."},"content":{"rendered":"<p>Les troubles musculo-squelettiques (TMS) apparaissent lorsque vous sollicitez les m\u00eames parties du corps de fa\u00e7on prolong\u00e9e. Souvent, ils se manifestent par des douleurs au niveau du dos, des poignets ou de la nuque. Entre 2013 et 2018, la pr\u00e9valence de ces troubles a consid\u00e9rablement augment\u00e9, ce qui a eu un impact direct sur les entreprises et leurs collaborateurs.<!--more--><\/p>\n<h3><strong><em>Pr\u00e9valence et impact<\/em><\/strong><\/h3>\n<p>En 2018, pas moins de 2,5 millions de Belges ont souffert d\u2019au moins un trouble musculo-squelettique. Les formes les plus courantes sont l\u2019arthrose et la lombalgie, cette derni\u00e8re \u00e9tant celle qui contribue le plus \u00e0 la charge de morbidit\u00e9. En plus d\u2019entraver la mobilit\u00e9 et le bien-\u00eatre des collaborateurs, ces troubles entra\u00eenent aussi un absent\u00e9isme important et une forte r\u00e9duction de la productivit\u00e9.<\/p>\n<h3><strong><em>Co\u00fbt \u00e9conomique<\/em><\/strong><\/h3>\n<p>Le co\u00fbt \u00e9conomique des TMS est consid\u00e9rable. Les d\u00e9penses m\u00e9dicales et l\u2019absent\u00e9isme engendr\u00e9s par ces troubles repr\u00e9sentent un co\u00fbt de 5 milliards d\u2019euros par an en moyenne. La lombalgie est le trouble le plus on\u00e9reux, d\u2019o\u00f9 l\u2019importance de prendre des mesures pr\u00e9ventives. L\u2019impact financier pour les entrepreneurs ne se limite pas aux co\u00fbts directs, mais comprend aussi des co\u00fbts indirects comme une diminution de la productivit\u00e9 et une pression du travail accrue pour les autres collaborateurs.<\/p>\n<h3><strong><em>Nouvelle l\u00e9gislation en mati\u00e8re d\u2019ergonomie<\/em><\/strong><\/h3>\n<p>Il existe un lien clairement \u00e9tabli entre les TMS et le travail physiquement contraignant. Le 25 mai 2024, les autorit\u00e9s belges ont publi\u00e9 une nouvelle l\u00e9gislation en mati\u00e8re d\u2019ergonomie. Le but de cette l\u00e9gislation est de vous inciter, en tant qu\u2019employeur, \u00e0 lutter pr\u00e9ventivement contre les TMS au travail et, de mani\u00e8re g\u00e9n\u00e9rale, \u00e0 investir davantage dans l\u2019ergonomie au travail. En adaptant l\u2019environnement de travail aux besoins physiques des travailleurs, vous favorisez aussi la reprise du travail et la r\u00e9int\u00e9gration des collaborateurs malades.<\/p>\n<p>Si vous montrez que vous attachez de l\u2019importance \u00e0 un lieu de travail sain pour vos collaborateurs, vous am\u00e9liorez en outre l\u2019attractivit\u00e9 des postes physiquement contraignants sur un march\u00e9 du travail tendu.<\/p>\n<h3><strong><em>Que faire en tant qu\u2019employeur ?<\/em><\/strong><\/h3>\n<p>Un plan par \u00e9tapes bien \u00e9labor\u00e9 vous permettra d\u2019am\u00e9liorer l\u2019ergonomie de mani\u00e8re structur\u00e9e pour vos collaborateurs. Voici d\u00e9j\u00e0 quelques mesures \u00e0 adopter :<\/p>\n<ul>\n<li>Achat, conception et am\u00e9nagement des postes de travail : pr\u00e9venez l\u2019apparition de douleurs en pr\u00e9voyant des \u00e9quipements de travail de qualit\u00e9 d\u00e8s la phase de conception et d\u2019am\u00e9nagement des postes de travail. Vous pouvez le faire en int\u00e9grant des crit\u00e8res ergonomiques dans votre politique d\u2019achat.<\/li>\n<li>Faites r\u00e9aliser une analyse des risques ergonomie pour d\u00e9celer les probl\u00e8mes ergonomiques et d\u00e9finir les priorit\u00e9s.<\/li>\n<li>Sur la base de cette analyse des risques, prenez des mesures afin d\u2019am\u00e9liorer les conditions de vie au travail. Celles-ci font partie de votre plan d\u2019action annuel et de votre plan global de pr\u00e9vention. Ensemble, toutes ces mesures vous permettent d\u2019aboutir \u00e0 une politique en mati\u00e8re d\u2019ergonomie qui soit efficace et suscite l\u2019adh\u00e9sion.<\/li>\n<li>Derni\u00e8re \u00e9tape : formez vos collaborateurs \u00e0 l\u2019utilisation des outils et \u00e9quipements de travail et sensibilisez-les aux risques ergonomiques.<\/li>\n<li>Enfin et surtout : n\u2019oubliez pas que la cl\u00e9 du succ\u00e8s pour les actions en mati\u00e8re d\u2019ergonomie, entre autres, r\u00e9side essentiellement dans la culture d\u2019entreprise. Une \u00e9tude que nous avons men\u00e9e en collaboration avec l\u2019UGent montre en effet que les entreprises ayant une culture ax\u00e9e davantage sur l\u2019implication et l\u2019entraide atteignent de meilleurs r\u00e9sultats.<\/li>\n<\/ul>\n<h3><strong><em>Mieux vaut pr\u00e9venir que gu\u00e9rir<\/em><\/strong><\/h3>\n<p>Les troubles musculo-squelettiques constituent un probl\u00e8me consid\u00e9rable tant pour la sant\u00e9 des collaborateurs que pour la stabilit\u00e9 \u00e9conomique des entreprises. En investissant dans des mesures pr\u00e9ventives et en favorisant un environnement de travail sain, vous pouvez r\u00e9duire l\u2019impact de ces troubles en tant qu\u2019employeur ou conseiller en pr\u00e9vention. L\u2019analyse des risques ergonomie vous servira de fil conducteur \u00e0 cet effet. Elle aboutira non seulement \u00e0 un environnement de travail plus sain et plus productif, mais aussi \u00e0 une baisse des co\u00fbts \u00e0 long terme.<\/p>\n<p>&nbsp;<\/p>\n<p><em>Source: Liantis<\/em><\/p>\n","protected":false},"excerpt":{"rendered":"<p>Les troubles musculo-squelettiques (TMS) apparaissent lorsque vous sollicitez les m\u00eames parties du corps de fa\u00e7on prolong\u00e9e. Souvent, ils se manifestent par des douleurs au niveau du dos, des poignets ou de la nuque. Entre 2013 et 2018, la pr\u00e9valence de [&hellip;]<\/p>\n","protected":false},"author":2,"featured_media":16944,"comment_status":"closed","ping_status":"open","sticky":false,"template":"","format":"standard","meta":[],"categories":[65,10],"tags":[97,3006,42,17,4176],"yoast_head":"<!-- This site is optimized with the Yoast SEO plugin v21.0 - https:\/\/yoast.com\/wordpress\/plugins\/seo\/ -->\n<title>Les troubles musculo-squelettiques (TMS), un probl\u00e8me grandissant pour les soins de sant\u00e9 et pour l&#039;\u00e9conomie aujourd&#039;hui. - Peoplesphere<\/title>\n<meta name=\"robots\" content=\"index, follow, max-snippet:-1, max-image-preview:large, max-video-preview:-1\" \/>\n<link rel=\"canonical\" href=\"https:\/\/peoplesphere.be\/fr\/les-troubles-musculo-squelettiques-mts-un-probleme-grandissant-pour-les-soins-de-sante-et-pour-leconomie-aujourdhui\/\" \/>\n<meta property=\"og:locale\" content=\"fr_FR\" \/>\n<meta property=\"og:type\" content=\"article\" \/>\n<meta property=\"og:title\" content=\"Les troubles musculo-squelettiques (TMS), un probl\u00e8me grandissant pour les soins de sant\u00e9 et pour l&#039;\u00e9conomie aujourd&#039;hui. - Peoplesphere\" \/>\n<meta property=\"og:description\" content=\"Les troubles musculo-squelettiques (TMS) apparaissent lorsque vous sollicitez les m\u00eames parties du corps de fa\u00e7on prolong\u00e9e. Souvent, ils se manifestent par des douleurs au niveau du dos, des poignets ou de la nuque. Entre 2013 et 2018, la pr\u00e9valence de [&hellip;]\" \/>\n<meta property=\"og:url\" content=\"https:\/\/peoplesphere.be\/fr\/les-troubles-musculo-squelettiques-mts-un-probleme-grandissant-pour-les-soins-de-sante-et-pour-leconomie-aujourdhui\/\" \/>\n<meta property=\"og:site_name\" content=\"Peoplesphere\" \/>\n<meta property=\"article:publisher\" content=\"https:\/\/www.facebook.com\/peoplesphere\" \/>\n<meta property=\"article:published_time\" content=\"2024-11-02T05:55:00+00:00\" \/>\n<meta property=\"article:modified_time\" content=\"2024-11-04T06:10:38+00:00\" \/>\n<meta property=\"og:image\" content=\"https:\/\/peoplesphere.be\/fr\/wp-content\/uploads\/2024\/11\/22041102tmsliantis.jpg\" \/>\n\t<meta property=\"og:image:width\" content=\"788\" \/>\n\t<meta property=\"og:image:height\" content=\"440\" \/>\n\t<meta property=\"og:image:type\" content=\"image\/jpeg\" \/>\n<meta name=\"author\" content=\"Jean-Paul Erhard\" \/>\n<meta name=\"twitter:card\" content=\"summary_large_image\" \/>\n<meta name=\"twitter:creator\" content=\"@PeoplesphereMag\" \/>\n<meta name=\"twitter:site\" content=\"@PeoplesphereMag\" \/>\n<meta name=\"twitter:label1\" content=\"\u00c9crit par\" \/>\n\t<meta name=\"twitter:data1\" content=\"Jean-Paul Erhard\" \/>\n\t<meta name=\"twitter:label2\" content=\"Dur\u00e9e de lecture estim\u00e9e\" \/>\n\t<meta name=\"twitter:data2\" content=\"4 minutes\" \/>\n<script type=\"application\/ld+json\" class=\"yoast-schema-graph\">{\"@context\":\"https:\/\/schema.org\",\"@graph\":[{\"@type\":\"Article\",\"@id\":\"https:\/\/peoplesphere.be\/fr\/les-troubles-musculo-squelettiques-mts-un-probleme-grandissant-pour-les-soins-de-sante-et-pour-leconomie-aujourdhui\/#article\",\"isPartOf\":{\"@id\":\"https:\/\/peoplesphere.be\/fr\/les-troubles-musculo-squelettiques-mts-un-probleme-grandissant-pour-les-soins-de-sante-et-pour-leconomie-aujourdhui\/\"},\"author\":{\"name\":\"Jean-Paul Erhard\",\"@id\":\"https:\/\/peoplesphere.be\/fr\/#\/schema\/person\/7976225ff17988604334abb7b3536a7e\"},\"headline\":\"Les troubles musculo-squelettiques (TMS), un probl\u00e8me grandissant pour les soins de sant\u00e9 et pour l&rsquo;\u00e9conomie aujourd&rsquo;hui.\",\"datePublished\":\"2024-11-02T05:55:00+00:00\",\"dateModified\":\"2024-11-04T06:10:38+00:00\",\"mainEntityOfPage\":{\"@id\":\"https:\/\/peoplesphere.be\/fr\/les-troubles-musculo-squelettiques-mts-un-probleme-grandissant-pour-les-soins-de-sante-et-pour-leconomie-aujourdhui\/\"},\"wordCount\":733,\"publisher\":{\"@id\":\"https:\/\/peoplesphere.be\/fr\/#organization\"},\"keywords\":[\"ergonomie\",\"impact \u00e9conomique\",\"Pr\u00e9vention\",\"Sant\u00e9\",\"TMS\"],\"articleSection\":[\"Actualit\u00e9s\",\"Digital\"],\"inLanguage\":\"fr-FR\"},{\"@type\":\"WebPage\",\"@id\":\"https:\/\/peoplesphere.be\/fr\/les-troubles-musculo-squelettiques-mts-un-probleme-grandissant-pour-les-soins-de-sante-et-pour-leconomie-aujourdhui\/\",\"url\":\"https:\/\/peoplesphere.be\/fr\/les-troubles-musculo-squelettiques-mts-un-probleme-grandissant-pour-les-soins-de-sante-et-pour-leconomie-aujourdhui\/\",\"name\":\"Les troubles musculo-squelettiques (TMS), un probl\u00e8me grandissant pour les soins de sant\u00e9 et pour l'\u00e9conomie aujourd'hui. - Peoplesphere\",\"isPartOf\":{\"@id\":\"https:\/\/peoplesphere.be\/fr\/#website\"},\"datePublished\":\"2024-11-02T05:55:00+00:00\",\"dateModified\":\"2024-11-04T06:10:38+00:00\",\"breadcrumb\":{\"@id\":\"https:\/\/peoplesphere.be\/fr\/les-troubles-musculo-squelettiques-mts-un-probleme-grandissant-pour-les-soins-de-sante-et-pour-leconomie-aujourdhui\/#breadcrumb\"},\"inLanguage\":\"fr-FR\",\"potentialAction\":[{\"@type\":\"ReadAction\",\"target\":[\"https:\/\/peoplesphere.be\/fr\/les-troubles-musculo-squelettiques-mts-un-probleme-grandissant-pour-les-soins-de-sante-et-pour-leconomie-aujourdhui\/\"]}]},{\"@type\":\"BreadcrumbList\",\"@id\":\"https:\/\/peoplesphere.be\/fr\/les-troubles-musculo-squelettiques-mts-un-probleme-grandissant-pour-les-soins-de-sante-et-pour-leconomie-aujourdhui\/#breadcrumb\",\"itemListElement\":[{\"@type\":\"ListItem\",\"position\":1,\"name\":\"Accueil\",\"item\":\"https:\/\/peoplesphere.be\/fr\/\"},{\"@type\":\"ListItem\",\"position\":2,\"name\":\"Les troubles musculo-squelettiques (TMS), un probl\u00e8me grandissant pour les soins de sant\u00e9 et pour l&rsquo;\u00e9conomie aujourd&rsquo;hui.\"}]},{\"@type\":\"WebSite\",\"@id\":\"https:\/\/peoplesphere.be\/fr\/#website\",\"url\":\"https:\/\/peoplesphere.be\/fr\/\",\"name\":\"Peoplesphere\",\"description\":\"The People Managers Magazine\",\"publisher\":{\"@id\":\"https:\/\/peoplesphere.be\/fr\/#organization\"},\"potentialAction\":[{\"@type\":\"SearchAction\",\"target\":{\"@type\":\"EntryPoint\",\"urlTemplate\":\"https:\/\/peoplesphere.be\/fr\/?s={search_term_string}\"},\"query-input\":\"required name=search_term_string\"}],\"inLanguage\":\"fr-FR\"},{\"@type\":\"Organization\",\"@id\":\"https:\/\/peoplesphere.be\/fr\/#organization\",\"name\":\"Peoplesphere Company srl\",\"url\":\"https:\/\/peoplesphere.be\/fr\/\",\"logo\":{\"@type\":\"ImageObject\",\"inLanguage\":\"fr-FR\",\"@id\":\"https:\/\/peoplesphere.be\/fr\/#\/schema\/logo\/image\/\",\"url\":\"https:\/\/peoplesphere.be\/fr\/wp-content\/uploads\/2023\/07\/peoplesphere-lgo-new-generik.jpg\",\"contentUrl\":\"https:\/\/peoplesphere.be\/fr\/wp-content\/uploads\/2023\/07\/peoplesphere-lgo-new-generik.jpg\",\"width\":1031,\"height\":1479,\"caption\":\"Peoplesphere Company srl\"},\"image\":{\"@id\":\"https:\/\/peoplesphere.be\/fr\/#\/schema\/logo\/image\/\"},\"sameAs\":[\"https:\/\/www.facebook.com\/peoplesphere\",\"https:\/\/twitter.com\/PeoplesphereMag\",\"https:\/\/www.linkedin.com\/company\/7587361?trk\",\"http:\/\/youtube.com\/peoplesphere\"]},{\"@type\":\"Person\",\"@id\":\"https:\/\/peoplesphere.be\/fr\/#\/schema\/person\/7976225ff17988604334abb7b3536a7e\",\"name\":\"Jean-Paul Erhard\",\"image\":{\"@type\":\"ImageObject\",\"inLanguage\":\"fr-FR\",\"@id\":\"https:\/\/peoplesphere.be\/fr\/#\/schema\/person\/image\/\",\"url\":\"https:\/\/secure.gravatar.com\/avatar\/f941e681460179738071629a51574930?s=96&d=mm&r=g\",\"contentUrl\":\"https:\/\/secure.gravatar.com\/avatar\/f941e681460179738071629a51574930?s=96&d=mm&r=g\",\"caption\":\"Jean-Paul Erhard\"},\"url\":\"https:\/\/peoplesphere.be\/fr\/author\/jpe\/\"}]}<\/script>\n<!-- \/ Yoast SEO plugin. -->","yoast_head_json":{"title":"Les troubles musculo-squelettiques (TMS), un probl\u00e8me grandissant pour les soins de sant\u00e9 et pour l'\u00e9conomie aujourd'hui. - Peoplesphere","robots":{"index":"index","follow":"follow","max-snippet":"max-snippet:-1","max-image-preview":"max-image-preview:large","max-video-preview":"max-video-preview:-1"},"canonical":"https:\/\/peoplesphere.be\/fr\/les-troubles-musculo-squelettiques-mts-un-probleme-grandissant-pour-les-soins-de-sante-et-pour-leconomie-aujourdhui\/","og_locale":"fr_FR","og_type":"article","og_title":"Les troubles musculo-squelettiques (TMS), un probl\u00e8me grandissant pour les soins de sant\u00e9 et pour l'\u00e9conomie aujourd'hui. - Peoplesphere","og_description":"Les troubles musculo-squelettiques (TMS) apparaissent lorsque vous sollicitez les m\u00eames parties du corps de fa\u00e7on prolong\u00e9e. Souvent, ils se manifestent par des douleurs au niveau du dos, des poignets ou de la nuque. Entre 2013 et 2018, la pr\u00e9valence de [&hellip;]","og_url":"https:\/\/peoplesphere.be\/fr\/les-troubles-musculo-squelettiques-mts-un-probleme-grandissant-pour-les-soins-de-sante-et-pour-leconomie-aujourdhui\/","og_site_name":"Peoplesphere","article_publisher":"https:\/\/www.facebook.com\/peoplesphere","article_published_time":"2024-11-02T05:55:00+00:00","article_modified_time":"2024-11-04T06:10:38+00:00","og_image":[{"width":788,"height":440,"url":"https:\/\/peoplesphere.be\/fr\/wp-content\/uploads\/2024\/11\/22041102tmsliantis.jpg","type":"image\/jpeg"}],"author":"Jean-Paul Erhard","twitter_card":"summary_large_image","twitter_creator":"@PeoplesphereMag","twitter_site":"@PeoplesphereMag","twitter_misc":{"\u00c9crit par":"Jean-Paul Erhard","Dur\u00e9e de lecture estim\u00e9e":"4 minutes"},"schema":{"@context":"https:\/\/schema.org","@graph":[{"@type":"Article","@id":"https:\/\/peoplesphere.be\/fr\/les-troubles-musculo-squelettiques-mts-un-probleme-grandissant-pour-les-soins-de-sante-et-pour-leconomie-aujourdhui\/#article","isPartOf":{"@id":"https:\/\/peoplesphere.be\/fr\/les-troubles-musculo-squelettiques-mts-un-probleme-grandissant-pour-les-soins-de-sante-et-pour-leconomie-aujourdhui\/"},"author":{"name":"Jean-Paul Erhard","@id":"https:\/\/peoplesphere.be\/fr\/#\/schema\/person\/7976225ff17988604334abb7b3536a7e"},"headline":"Les troubles musculo-squelettiques (TMS), un probl\u00e8me grandissant pour les soins de sant\u00e9 et pour l&rsquo;\u00e9conomie aujourd&rsquo;hui.","datePublished":"2024-11-02T05:55:00+00:00","dateModified":"2024-11-04T06:10:38+00:00","mainEntityOfPage":{"@id":"https:\/\/peoplesphere.be\/fr\/les-troubles-musculo-squelettiques-mts-un-probleme-grandissant-pour-les-soins-de-sante-et-pour-leconomie-aujourdhui\/"},"wordCount":733,"publisher":{"@id":"https:\/\/peoplesphere.be\/fr\/#organization"},"keywords":["ergonomie","impact \u00e9conomique","Pr\u00e9vention","Sant\u00e9","TMS"],"articleSection":["Actualit\u00e9s","Digital"],"inLanguage":"fr-FR"},{"@type":"WebPage","@id":"https:\/\/peoplesphere.be\/fr\/les-troubles-musculo-squelettiques-mts-un-probleme-grandissant-pour-les-soins-de-sante-et-pour-leconomie-aujourdhui\/","url":"https:\/\/peoplesphere.be\/fr\/les-troubles-musculo-squelettiques-mts-un-probleme-grandissant-pour-les-soins-de-sante-et-pour-leconomie-aujourdhui\/","name":"Les troubles musculo-squelettiques (TMS), un probl\u00e8me grandissant pour les soins de sant\u00e9 et pour l'\u00e9conomie aujourd'hui. - Peoplesphere","isPartOf":{"@id":"https:\/\/peoplesphere.be\/fr\/#website"},"datePublished":"2024-11-02T05:55:00+00:00","dateModified":"2024-11-04T06:10:38+00:00","breadcrumb":{"@id":"https:\/\/peoplesphere.be\/fr\/les-troubles-musculo-squelettiques-mts-un-probleme-grandissant-pour-les-soins-de-sante-et-pour-leconomie-aujourdhui\/#breadcrumb"},"inLanguage":"fr-FR","potentialAction":[{"@type":"ReadAction","target":["https:\/\/peoplesphere.be\/fr\/les-troubles-musculo-squelettiques-mts-un-probleme-grandissant-pour-les-soins-de-sante-et-pour-leconomie-aujourdhui\/"]}]},{"@type":"BreadcrumbList","@id":"https:\/\/peoplesphere.be\/fr\/les-troubles-musculo-squelettiques-mts-un-probleme-grandissant-pour-les-soins-de-sante-et-pour-leconomie-aujourdhui\/#breadcrumb","itemListElement":[{"@type":"ListItem","position":1,"name":"Accueil","item":"https:\/\/peoplesphere.be\/fr\/"},{"@type":"ListItem","position":2,"name":"Les troubles musculo-squelettiques (TMS), un probl\u00e8me grandissant pour les soins de sant\u00e9 et pour l&rsquo;\u00e9conomie aujourd&rsquo;hui."}]},{"@type":"WebSite","@id":"https:\/\/peoplesphere.be\/fr\/#website","url":"https:\/\/peoplesphere.be\/fr\/","name":"Peoplesphere","description":"The People Managers Magazine","publisher":{"@id":"https:\/\/peoplesphere.be\/fr\/#organization"},"potentialAction":[{"@type":"SearchAction","target":{"@type":"EntryPoint","urlTemplate":"https:\/\/peoplesphere.be\/fr\/?s={search_term_string}"},"query-input":"required name=search_term_string"}],"inLanguage":"fr-FR"},{"@type":"Organization","@id":"https:\/\/peoplesphere.be\/fr\/#organization","name":"Peoplesphere Company srl","url":"https:\/\/peoplesphere.be\/fr\/","logo":{"@type":"ImageObject","inLanguage":"fr-FR","@id":"https:\/\/peoplesphere.be\/fr\/#\/schema\/logo\/image\/","url":"https:\/\/peoplesphere.be\/fr\/wp-content\/uploads\/2023\/07\/peoplesphere-lgo-new-generik.jpg","contentUrl":"https:\/\/peoplesphere.be\/fr\/wp-content\/uploads\/2023\/07\/peoplesphere-lgo-new-generik.jpg","width":1031,"height":1479,"caption":"Peoplesphere Company srl"},"image":{"@id":"https:\/\/peoplesphere.be\/fr\/#\/schema\/logo\/image\/"},"sameAs":["https:\/\/www.facebook.com\/peoplesphere","https:\/\/twitter.com\/PeoplesphereMag","https:\/\/www.linkedin.com\/company\/7587361?trk","http:\/\/youtube.com\/peoplesphere"]},{"@type":"Person","@id":"https:\/\/peoplesphere.be\/fr\/#\/schema\/person\/7976225ff17988604334abb7b3536a7e","name":"Jean-Paul Erhard","image":{"@type":"ImageObject","inLanguage":"fr-FR","@id":"https:\/\/peoplesphere.be\/fr\/#\/schema\/person\/image\/","url":"https:\/\/secure.gravatar.com\/avatar\/f941e681460179738071629a51574930?s=96&d=mm&r=g","contentUrl":"https:\/\/secure.gravatar.com\/avatar\/f941e681460179738071629a51574930?s=96&d=mm&r=g","caption":"Jean-Paul Erhard"},"url":"https:\/\/peoplesphere.be\/fr\/author\/jpe\/"}]}},"_links":{"self":[{"href":"https:\/\/peoplesphere.be\/fr\/wp-json\/wp\/v2\/posts\/16943"}],"collection":[{"href":"https:\/\/peoplesphere.be\/fr\/wp-json\/wp\/v2\/posts"}],"about":[{"href":"https:\/\/peoplesphere.be\/fr\/wp-json\/wp\/v2\/types\/post"}],"author":[{"embeddable":true,"href":"https:\/\/peoplesphere.be\/fr\/wp-json\/wp\/v2\/users\/2"}],"replies":[{"embeddable":true,"href":"https:\/\/peoplesphere.be\/fr\/wp-json\/wp\/v2\/comments?post=16943"}],"version-history":[{"count":2,"href":"https:\/\/peoplesphere.be\/fr\/wp-json\/wp\/v2\/posts\/16943\/revisions"}],"predecessor-version":[{"id":16946,"href":"https:\/\/peoplesphere.be\/fr\/wp-json\/wp\/v2\/posts\/16943\/revisions\/16946"}],"wp:featuredmedia":[{"embeddable":true,"href":"https:\/\/peoplesphere.be\/fr\/wp-json\/wp\/v2\/media\/16944"}],"wp:attachment":[{"href":"https:\/\/peoplesphere.be\/fr\/wp-json\/wp\/v2\/media?parent=16943"}],"wp:term":[{"taxonomy":"category","embeddable":true,"href":"https:\/\/peoplesphere.be\/fr\/wp-json\/wp\/v2\/categories?post=16943"},{"taxonomy":"post_tag","embeddable":true,"href":"https:\/\/peoplesphere.be\/fr\/wp-json\/wp\/v2\/tags?post=16943"}],"curies":[{"name":"wp","href":"https:\/\/api.w.org\/{rel}","templated":true}]}}