









{"id":16966,"date":"2024-11-06T12:16:08","date_gmt":"2024-11-06T10:16:08","guid":{"rendered":"https:\/\/peoplesphere.be\/fr\/?p=16966"},"modified":"2024-11-06T12:16:08","modified_gmt":"2024-11-06T10:16:08","slug":"la-mobilite-douce-devient-plus-accessible-grace-au-leasing-de-velos-electriques-doccasion","status":"publish","type":"post","link":"https:\/\/peoplesphere.be\/fr\/la-mobilite-douce-devient-plus-accessible-grace-au-leasing-de-velos-electriques-doccasion\/","title":{"rendered":"La mobilit\u00e9 douce devient plus accessible gr\u00e2ce au leasing de v\u00e9los \u00e9lectriques d&rsquo;occasion."},"content":{"rendered":"<p>o2o Bicycle Leasing et Upway, sp\u00e9cialiste des v\u00e9los \u00e9lectriques reconditionn\u00e9s, lancent aujourd\u2019hui une nouvelle offre de leasing de v\u00e9los d\u2019occasion. Avec ce partenariat, o2o Bicycle Leasing devient le premier acteur \u00e0 proposer des leasings de v\u00e9los d&rsquo;occasion \u00e0 grandes \u00e9chelles, et offre ainsi une mobilit\u00e9 plus durable et plus accessible aux travailleurs belges.<!--more--><\/p>\n<p>Gr\u00e2ce \u00e0 la collaboration entre Upway et o2o Bicycle Leasing, leader belge du leasing de v\u00e9los, il est d\u00e9sormais possible de proposer des v\u00e9los \u00e9lectriques reconditionn\u00e9s comme alternative circulaire aux nouveaux mod\u00e8les. <em>\u00ab\u00a0Gr\u00e2ce \u00e0 cela, nous contribuons conjointement \u00e0 r\u00e9duire l&rsquo;utilisation de mati\u00e8res premi\u00e8res et les \u00e9missions de CO\u2082 qui y sont associ\u00e9es, tout en permettant \u00e0 un plus grand nombre de travailleurs d&rsquo;y avoir acc\u00e8s gr\u00e2ce \u00e0 un prix de leasing plus bas\u00a0\u00bb<\/em>, souligne Toussaint Wattinne, cofondateur et PDG d&rsquo;Upway.<\/p>\n<p>Les deux entreprises partagent la m\u00eame mission : rendre la mobilit\u00e9 \u00e9lectrique plus abordable, plus accessible et plus durable pour tous. <em>\u00ab\u00a0En donnant une seconde vie aux v\u00e9los \u00e9lectriques, nous prolongeons leur dur\u00e9e de vie et r\u00e9duisons les d\u00e9chets \u00e9lectroniques. Gr\u00e2ce \u00e0 ce partenariat avec o2o, nous pouvons d\u00e9sormais contribuer encore plus largement \u00e0 la r\u00e9alisation de cet objectif\u00a0\u00bb,<\/em> ajoute M. Wattinne.<\/p>\n<h3><strong><em>La durabilit\u00e9 et des prix abordables au c\u0153ur des pr\u00e9occupations<\/em><\/strong><\/h3>\n<p>Avec le lancement du leasing de v\u00e9los d\u2019occasion, o2o Bicycle Leasing r\u00e9affirme son engagement \u00e0 r\u00e9duire l\u2019impact environnemental de la mobilit\u00e9 douce. \u00ab\u00a0<em>Le v\u00e9lo est d\u00e9j\u00e0 l\u2019une des solutions de mobilit\u00e9 les plus respectueuses de l\u2019environnement. En proposant des v\u00e9los d\u2019occasion, nous prolongeons leur dur\u00e9e de vie et renfor\u00e7ons ainsi notre d\u00e9marche circulaire,\u00a0\u00bb<\/em>\u00a0d\u00e9clare Geert De Rycke, PDG d\u2019o2o Bicycle Leasing.<\/p>\n<p>En plus de son engagement \u00e9cologique, o2o Bicycle Leasing souhaite rendre le v\u00e9lo \u00e9lectrique plus abordable gr\u00e2ce \u00e0 ce partenariat. <em>\u00ab\u00a0Les v\u00e9los d\u2019occasion en leasing offrent un tarif plus avantageux, permettant ainsi de mobiliser une part plus r\u00e9duite de son salaire pour b\u00e9n\u00e9ficier d\u2019un v\u00e9lo \u00e9lectrique ou d\u2019un speedpedelec de qualit\u00e9. Si nous ambitionnons un monde o\u00f9 le v\u00e9lo s\u2019impose comme premier choix de d\u00e9placement, il est essentiel de rendre ces v\u00e9los de qualit\u00e9 \u00e0 la fois abordables et accessibles. Un v\u00e9lo parfaitement adapt\u00e9 aux besoins de son utilisateur est un v\u00e9lo qui s\u2019inscrit durablement dans son quotidien,\u00a0\u00bb<\/em> poursuit Geert De Rycke.<\/p>\n<h3><strong><em>La qualit\u00e9 assur\u00e9e\u00a0<\/em><\/strong><\/h3>\n<p>Upway acquiert des v\u00e9los \u00e9lectriques aupr\u00e8s de plus de 350 magasins sp\u00e9cialis\u00e9s en Belgique, ainsi qu\u2019aupr\u00e8s de fabricants, de soci\u00e9t\u00e9s de leasing et de particuliers souhaitant revendre leur v\u00e9lo. Ces v\u00e9los sont rigoureusement inspect\u00e9s et reconditionn\u00e9s par des m\u00e9caniciens qualifi\u00e9s. Ils sont ensuite propos\u00e9s avec une garantie d\u2019un an, offrant ainsi aux utilisateurs l\u2019assurance d\u2019une solution fiable et durable. Par ailleurs, avec un prix inf\u00e9rieur en moyenne de 40%, le v\u00e9lo \u00e9lectrique reconditionn\u00e9 rend la mobilit\u00e9 douce \u00e9lectrique plus accessible.<\/p>\n<p>Dans le cadre du lancement de son service de leasing de v\u00e9los d\u2019occasion, o2o Bicycle Leasing s\u2019associe \u00e0 Upway. Gr\u00e2ce \u00e0 ce partenariat, o2o b\u00e9n\u00e9ficie de l&rsquo;expertise d&rsquo;Upway, de sa large gamme de v\u00e9los \u00e9lectriques ainsi que de son service de qualit\u00e9. <em>\u00ab\u00a0Des m\u00e9caniciens professionnels assurent la qualit\u00e9, les v\u00e9los sont livr\u00e9s \u00e0 domicile et b\u00e9n\u00e9ficient d&rsquo;une garantie d&rsquo;un an,\u00a0\u00bb<\/em> pr\u00e9cise Geert De Rycke.<em> \u00ab\u00a0Ce service est essentiel pour nous, car nous souhaitons offrir \u00e0 nos cyclistes une solution de mobilit\u00e9 sereine\u201d.<\/em><\/p>\n","protected":false},"excerpt":{"rendered":"<p>o2o Bicycle Leasing et Upway, sp\u00e9cialiste des v\u00e9los \u00e9lectriques reconditionn\u00e9s, lancent aujourd\u2019hui une nouvelle offre de leasing de v\u00e9los d\u2019occasion. Avec ce partenariat, o2o Bicycle Leasing devient le premier acteur \u00e0 proposer des leasings de v\u00e9los d&rsquo;occasion \u00e0 grandes \u00e9chelles, [&hellip;]<\/p>\n","protected":false},"author":2,"featured_media":16967,"comment_status":"closed","ping_status":"open","sticky":false,"template":"","format":"standard","meta":[],"categories":[65,10],"tags":[2690,4179,2644,3562],"yoast_head":"<!-- This site is optimized with the Yoast SEO plugin v21.0 - https:\/\/yoast.com\/wordpress\/plugins\/seo\/ -->\n<title>La mobilit\u00e9 douce devient plus accessible gr\u00e2ce au leasing de v\u00e9los \u00e9lectriques d&#039;occasion. - Peoplesphere<\/title>\n<meta name=\"robots\" content=\"index, follow, max-snippet:-1, max-image-preview:large, max-video-preview:-1\" \/>\n<link rel=\"canonical\" href=\"https:\/\/peoplesphere.be\/fr\/la-mobilite-douce-devient-plus-accessible-grace-au-leasing-de-velos-electriques-doccasion\/\" \/>\n<meta property=\"og:locale\" content=\"fr_FR\" \/>\n<meta property=\"og:type\" content=\"article\" \/>\n<meta property=\"og:title\" content=\"La mobilit\u00e9 douce devient plus accessible gr\u00e2ce au leasing de v\u00e9los \u00e9lectriques d&#039;occasion. - Peoplesphere\" \/>\n<meta property=\"og:description\" content=\"o2o Bicycle Leasing et Upway, sp\u00e9cialiste des v\u00e9los \u00e9lectriques reconditionn\u00e9s, lancent aujourd\u2019hui une nouvelle offre de leasing de v\u00e9los d\u2019occasion. Avec ce partenariat, o2o Bicycle Leasing devient le premier acteur \u00e0 proposer des leasings de v\u00e9los d&rsquo;occasion \u00e0 grandes \u00e9chelles, [&hellip;]\" \/>\n<meta property=\"og:url\" content=\"https:\/\/peoplesphere.be\/fr\/la-mobilite-douce-devient-plus-accessible-grace-au-leasing-de-velos-electriques-doccasion\/\" \/>\n<meta property=\"og:site_name\" content=\"Peoplesphere\" \/>\n<meta property=\"article:publisher\" content=\"https:\/\/www.facebook.com\/peoplesphere\" \/>\n<meta property=\"article:published_time\" content=\"2024-11-06T10:16:08+00:00\" \/>\n<meta property=\"og:image\" content=\"https:\/\/peoplesphere.be\/fr\/wp-content\/uploads\/2024\/11\/20241106leasingbikes.jpg\" \/>\n\t<meta property=\"og:image:width\" content=\"1584\" \/>\n\t<meta property=\"og:image:height\" content=\"769\" \/>\n\t<meta property=\"og:image:type\" content=\"image\/jpeg\" \/>\n<meta name=\"author\" content=\"Jean-Paul Erhard\" \/>\n<meta name=\"twitter:card\" content=\"summary_large_image\" \/>\n<meta name=\"twitter:creator\" content=\"@PeoplesphereMag\" \/>\n<meta name=\"twitter:site\" content=\"@PeoplesphereMag\" \/>\n<meta name=\"twitter:label1\" content=\"\u00c9crit par\" \/>\n\t<meta name=\"twitter:data1\" content=\"Jean-Paul Erhard\" \/>\n\t<meta name=\"twitter:label2\" content=\"Dur\u00e9e de lecture estim\u00e9e\" \/>\n\t<meta name=\"twitter:data2\" content=\"3 minutes\" \/>\n<script type=\"application\/ld+json\" class=\"yoast-schema-graph\">{\"@context\":\"https:\/\/schema.org\",\"@graph\":[{\"@type\":\"Article\",\"@id\":\"https:\/\/peoplesphere.be\/fr\/la-mobilite-douce-devient-plus-accessible-grace-au-leasing-de-velos-electriques-doccasion\/#article\",\"isPartOf\":{\"@id\":\"https:\/\/peoplesphere.be\/fr\/la-mobilite-douce-devient-plus-accessible-grace-au-leasing-de-velos-electriques-doccasion\/\"},\"author\":{\"name\":\"Jean-Paul Erhard\",\"@id\":\"https:\/\/peoplesphere.be\/fr\/#\/schema\/person\/7976225ff17988604334abb7b3536a7e\"},\"headline\":\"La mobilit\u00e9 douce devient plus accessible gr\u00e2ce au leasing de v\u00e9los \u00e9lectriques d&rsquo;occasion.\",\"datePublished\":\"2024-11-06T10:16:08+00:00\",\"dateModified\":\"2024-11-06T10:16:08+00:00\",\"mainEntityOfPage\":{\"@id\":\"https:\/\/peoplesphere.be\/fr\/la-mobilite-douce-devient-plus-accessible-grace-au-leasing-de-velos-electriques-doccasion\/\"},\"wordCount\":636,\"publisher\":{\"@id\":\"https:\/\/peoplesphere.be\/fr\/#organization\"},\"keywords\":[\"durabilit\u00e9\",\"leasing\",\"mobilit\u00e9 douce\",\"v\u00e9lo d'entreprise\"],\"articleSection\":[\"Actualit\u00e9s\",\"Digital\"],\"inLanguage\":\"fr-FR\"},{\"@type\":\"WebPage\",\"@id\":\"https:\/\/peoplesphere.be\/fr\/la-mobilite-douce-devient-plus-accessible-grace-au-leasing-de-velos-electriques-doccasion\/\",\"url\":\"https:\/\/peoplesphere.be\/fr\/la-mobilite-douce-devient-plus-accessible-grace-au-leasing-de-velos-electriques-doccasion\/\",\"name\":\"La mobilit\u00e9 douce devient plus accessible gr\u00e2ce au leasing de v\u00e9los \u00e9lectriques d'occasion. - Peoplesphere\",\"isPartOf\":{\"@id\":\"https:\/\/peoplesphere.be\/fr\/#website\"},\"datePublished\":\"2024-11-06T10:16:08+00:00\",\"dateModified\":\"2024-11-06T10:16:08+00:00\",\"breadcrumb\":{\"@id\":\"https:\/\/peoplesphere.be\/fr\/la-mobilite-douce-devient-plus-accessible-grace-au-leasing-de-velos-electriques-doccasion\/#breadcrumb\"},\"inLanguage\":\"fr-FR\",\"potentialAction\":[{\"@type\":\"ReadAction\",\"target\":[\"https:\/\/peoplesphere.be\/fr\/la-mobilite-douce-devient-plus-accessible-grace-au-leasing-de-velos-electriques-doccasion\/\"]}]},{\"@type\":\"BreadcrumbList\",\"@id\":\"https:\/\/peoplesphere.be\/fr\/la-mobilite-douce-devient-plus-accessible-grace-au-leasing-de-velos-electriques-doccasion\/#breadcrumb\",\"itemListElement\":[{\"@type\":\"ListItem\",\"position\":1,\"name\":\"Accueil\",\"item\":\"https:\/\/peoplesphere.be\/fr\/\"},{\"@type\":\"ListItem\",\"position\":2,\"name\":\"La mobilit\u00e9 douce devient plus accessible gr\u00e2ce au leasing de v\u00e9los \u00e9lectriques d&rsquo;occasion.\"}]},{\"@type\":\"WebSite\",\"@id\":\"https:\/\/peoplesphere.be\/fr\/#website\",\"url\":\"https:\/\/peoplesphere.be\/fr\/\",\"name\":\"Peoplesphere\",\"description\":\"The People Managers Magazine\",\"publisher\":{\"@id\":\"https:\/\/peoplesphere.be\/fr\/#organization\"},\"potentialAction\":[{\"@type\":\"SearchAction\",\"target\":{\"@type\":\"EntryPoint\",\"urlTemplate\":\"https:\/\/peoplesphere.be\/fr\/?s={search_term_string}\"},\"query-input\":\"required name=search_term_string\"}],\"inLanguage\":\"fr-FR\"},{\"@type\":\"Organization\",\"@id\":\"https:\/\/peoplesphere.be\/fr\/#organization\",\"name\":\"Peoplesphere Company srl\",\"url\":\"https:\/\/peoplesphere.be\/fr\/\",\"logo\":{\"@type\":\"ImageObject\",\"inLanguage\":\"fr-FR\",\"@id\":\"https:\/\/peoplesphere.be\/fr\/#\/schema\/logo\/image\/\",\"url\":\"https:\/\/peoplesphere.be\/fr\/wp-content\/uploads\/2023\/07\/peoplesphere-lgo-new-generik.jpg\",\"contentUrl\":\"https:\/\/peoplesphere.be\/fr\/wp-content\/uploads\/2023\/07\/peoplesphere-lgo-new-generik.jpg\",\"width\":1031,\"height\":1479,\"caption\":\"Peoplesphere Company srl\"},\"image\":{\"@id\":\"https:\/\/peoplesphere.be\/fr\/#\/schema\/logo\/image\/\"},\"sameAs\":[\"https:\/\/www.facebook.com\/peoplesphere\",\"https:\/\/twitter.com\/PeoplesphereMag\",\"https:\/\/www.linkedin.com\/company\/7587361?trk\",\"http:\/\/youtube.com\/peoplesphere\"]},{\"@type\":\"Person\",\"@id\":\"https:\/\/peoplesphere.be\/fr\/#\/schema\/person\/7976225ff17988604334abb7b3536a7e\",\"name\":\"Jean-Paul Erhard\",\"image\":{\"@type\":\"ImageObject\",\"inLanguage\":\"fr-FR\",\"@id\":\"https:\/\/peoplesphere.be\/fr\/#\/schema\/person\/image\/\",\"url\":\"https:\/\/secure.gravatar.com\/avatar\/f941e681460179738071629a51574930?s=96&d=mm&r=g\",\"contentUrl\":\"https:\/\/secure.gravatar.com\/avatar\/f941e681460179738071629a51574930?s=96&d=mm&r=g\",\"caption\":\"Jean-Paul Erhard\"},\"url\":\"https:\/\/peoplesphere.be\/fr\/author\/jpe\/\"}]}<\/script>\n<!-- \/ Yoast SEO plugin. -->","yoast_head_json":{"title":"La mobilit\u00e9 douce devient plus accessible gr\u00e2ce au leasing de v\u00e9los \u00e9lectriques d'occasion. - Peoplesphere","robots":{"index":"index","follow":"follow","max-snippet":"max-snippet:-1","max-image-preview":"max-image-preview:large","max-video-preview":"max-video-preview:-1"},"canonical":"https:\/\/peoplesphere.be\/fr\/la-mobilite-douce-devient-plus-accessible-grace-au-leasing-de-velos-electriques-doccasion\/","og_locale":"fr_FR","og_type":"article","og_title":"La mobilit\u00e9 douce devient plus accessible gr\u00e2ce au leasing de v\u00e9los \u00e9lectriques d'occasion. - Peoplesphere","og_description":"o2o Bicycle Leasing et Upway, sp\u00e9cialiste des v\u00e9los \u00e9lectriques reconditionn\u00e9s, lancent aujourd\u2019hui une nouvelle offre de leasing de v\u00e9los d\u2019occasion. Avec ce partenariat, o2o Bicycle Leasing devient le premier acteur \u00e0 proposer des leasings de v\u00e9los d&rsquo;occasion \u00e0 grandes \u00e9chelles, [&hellip;]","og_url":"https:\/\/peoplesphere.be\/fr\/la-mobilite-douce-devient-plus-accessible-grace-au-leasing-de-velos-electriques-doccasion\/","og_site_name":"Peoplesphere","article_publisher":"https:\/\/www.facebook.com\/peoplesphere","article_published_time":"2024-11-06T10:16:08+00:00","og_image":[{"width":1584,"height":769,"url":"https:\/\/peoplesphere.be\/fr\/wp-content\/uploads\/2024\/11\/20241106leasingbikes.jpg","type":"image\/jpeg"}],"author":"Jean-Paul Erhard","twitter_card":"summary_large_image","twitter_creator":"@PeoplesphereMag","twitter_site":"@PeoplesphereMag","twitter_misc":{"\u00c9crit par":"Jean-Paul Erhard","Dur\u00e9e de lecture estim\u00e9e":"3 minutes"},"schema":{"@context":"https:\/\/schema.org","@graph":[{"@type":"Article","@id":"https:\/\/peoplesphere.be\/fr\/la-mobilite-douce-devient-plus-accessible-grace-au-leasing-de-velos-electriques-doccasion\/#article","isPartOf":{"@id":"https:\/\/peoplesphere.be\/fr\/la-mobilite-douce-devient-plus-accessible-grace-au-leasing-de-velos-electriques-doccasion\/"},"author":{"name":"Jean-Paul Erhard","@id":"https:\/\/peoplesphere.be\/fr\/#\/schema\/person\/7976225ff17988604334abb7b3536a7e"},"headline":"La mobilit\u00e9 douce devient plus accessible gr\u00e2ce au leasing de v\u00e9los \u00e9lectriques d&rsquo;occasion.","datePublished":"2024-11-06T10:16:08+00:00","dateModified":"2024-11-06T10:16:08+00:00","mainEntityOfPage":{"@id":"https:\/\/peoplesphere.be\/fr\/la-mobilite-douce-devient-plus-accessible-grace-au-leasing-de-velos-electriques-doccasion\/"},"wordCount":636,"publisher":{"@id":"https:\/\/peoplesphere.be\/fr\/#organization"},"keywords":["durabilit\u00e9","leasing","mobilit\u00e9 douce","v\u00e9lo d'entreprise"],"articleSection":["Actualit\u00e9s","Digital"],"inLanguage":"fr-FR"},{"@type":"WebPage","@id":"https:\/\/peoplesphere.be\/fr\/la-mobilite-douce-devient-plus-accessible-grace-au-leasing-de-velos-electriques-doccasion\/","url":"https:\/\/peoplesphere.be\/fr\/la-mobilite-douce-devient-plus-accessible-grace-au-leasing-de-velos-electriques-doccasion\/","name":"La mobilit\u00e9 douce devient plus accessible gr\u00e2ce au leasing de v\u00e9los \u00e9lectriques d'occasion. - Peoplesphere","isPartOf":{"@id":"https:\/\/peoplesphere.be\/fr\/#website"},"datePublished":"2024-11-06T10:16:08+00:00","dateModified":"2024-11-06T10:16:08+00:00","breadcrumb":{"@id":"https:\/\/peoplesphere.be\/fr\/la-mobilite-douce-devient-plus-accessible-grace-au-leasing-de-velos-electriques-doccasion\/#breadcrumb"},"inLanguage":"fr-FR","potentialAction":[{"@type":"ReadAction","target":["https:\/\/peoplesphere.be\/fr\/la-mobilite-douce-devient-plus-accessible-grace-au-leasing-de-velos-electriques-doccasion\/"]}]},{"@type":"BreadcrumbList","@id":"https:\/\/peoplesphere.be\/fr\/la-mobilite-douce-devient-plus-accessible-grace-au-leasing-de-velos-electriques-doccasion\/#breadcrumb","itemListElement":[{"@type":"ListItem","position":1,"name":"Accueil","item":"https:\/\/peoplesphere.be\/fr\/"},{"@type":"ListItem","position":2,"name":"La mobilit\u00e9 douce devient plus accessible gr\u00e2ce au leasing de v\u00e9los \u00e9lectriques d&rsquo;occasion."}]},{"@type":"WebSite","@id":"https:\/\/peoplesphere.be\/fr\/#website","url":"https:\/\/peoplesphere.be\/fr\/","name":"Peoplesphere","description":"The People Managers Magazine","publisher":{"@id":"https:\/\/peoplesphere.be\/fr\/#organization"},"potentialAction":[{"@type":"SearchAction","target":{"@type":"EntryPoint","urlTemplate":"https:\/\/peoplesphere.be\/fr\/?s={search_term_string}"},"query-input":"required name=search_term_string"}],"inLanguage":"fr-FR"},{"@type":"Organization","@id":"https:\/\/peoplesphere.be\/fr\/#organization","name":"Peoplesphere Company srl","url":"https:\/\/peoplesphere.be\/fr\/","logo":{"@type":"ImageObject","inLanguage":"fr-FR","@id":"https:\/\/peoplesphere.be\/fr\/#\/schema\/logo\/image\/","url":"https:\/\/peoplesphere.be\/fr\/wp-content\/uploads\/2023\/07\/peoplesphere-lgo-new-generik.jpg","contentUrl":"https:\/\/peoplesphere.be\/fr\/wp-content\/uploads\/2023\/07\/peoplesphere-lgo-new-generik.jpg","width":1031,"height":1479,"caption":"Peoplesphere Company srl"},"image":{"@id":"https:\/\/peoplesphere.be\/fr\/#\/schema\/logo\/image\/"},"sameAs":["https:\/\/www.facebook.com\/peoplesphere","https:\/\/twitter.com\/PeoplesphereMag","https:\/\/www.linkedin.com\/company\/7587361?trk","http:\/\/youtube.com\/peoplesphere"]},{"@type":"Person","@id":"https:\/\/peoplesphere.be\/fr\/#\/schema\/person\/7976225ff17988604334abb7b3536a7e","name":"Jean-Paul Erhard","image":{"@type":"ImageObject","inLanguage":"fr-FR","@id":"https:\/\/peoplesphere.be\/fr\/#\/schema\/person\/image\/","url":"https:\/\/secure.gravatar.com\/avatar\/f941e681460179738071629a51574930?s=96&d=mm&r=g","contentUrl":"https:\/\/secure.gravatar.com\/avatar\/f941e681460179738071629a51574930?s=96&d=mm&r=g","caption":"Jean-Paul Erhard"},"url":"https:\/\/peoplesphere.be\/fr\/author\/jpe\/"}]}},"_links":{"self":[{"href":"https:\/\/peoplesphere.be\/fr\/wp-json\/wp\/v2\/posts\/16966"}],"collection":[{"href":"https:\/\/peoplesphere.be\/fr\/wp-json\/wp\/v2\/posts"}],"about":[{"href":"https:\/\/peoplesphere.be\/fr\/wp-json\/wp\/v2\/types\/post"}],"author":[{"embeddable":true,"href":"https:\/\/peoplesphere.be\/fr\/wp-json\/wp\/v2\/users\/2"}],"replies":[{"embeddable":true,"href":"https:\/\/peoplesphere.be\/fr\/wp-json\/wp\/v2\/comments?post=16966"}],"version-history":[{"count":1,"href":"https:\/\/peoplesphere.be\/fr\/wp-json\/wp\/v2\/posts\/16966\/revisions"}],"predecessor-version":[{"id":16968,"href":"https:\/\/peoplesphere.be\/fr\/wp-json\/wp\/v2\/posts\/16966\/revisions\/16968"}],"wp:featuredmedia":[{"embeddable":true,"href":"https:\/\/peoplesphere.be\/fr\/wp-json\/wp\/v2\/media\/16967"}],"wp:attachment":[{"href":"https:\/\/peoplesphere.be\/fr\/wp-json\/wp\/v2\/media?parent=16966"}],"wp:term":[{"taxonomy":"category","embeddable":true,"href":"https:\/\/peoplesphere.be\/fr\/wp-json\/wp\/v2\/categories?post=16966"},{"taxonomy":"post_tag","embeddable":true,"href":"https:\/\/peoplesphere.be\/fr\/wp-json\/wp\/v2\/tags?post=16966"}],"curies":[{"name":"wp","href":"https:\/\/api.w.org\/{rel}","templated":true}]}}