









{"id":17006,"date":"2024-11-14T21:43:16","date_gmt":"2024-11-14T19:43:16","guid":{"rendered":"https:\/\/peoplesphere.be\/fr\/?p=17006"},"modified":"2024-11-14T21:43:16","modified_gmt":"2024-11-14T19:43:16","slug":"limmigration-vers-les-pays-de-la-zone-ocde-est-au-plus-haut-soutenue-principalement-par-un-besoin-enorme-de-main-doeuvre","status":"publish","type":"post","link":"https:\/\/peoplesphere.be\/fr\/limmigration-vers-les-pays-de-la-zone-ocde-est-au-plus-haut-soutenue-principalement-par-un-besoin-enorme-de-main-doeuvre\/","title":{"rendered":"L&rsquo;immigration vers les pays de la zone OCDE est au plus haut, soutenue principalement par un besoin \u00e9norme de main d&rsquo;oeuvre."},"content":{"rendered":"<p>L\u2019immigration permanente vers les pays de l\u2019OCDE a battu un nouveau record en 2023, avec 6.5 millions de personnes. Le nombre de migrants temporaires et de demandeurs d\u2019asile a aussi fortement augment\u00e9, selon un nouveau rapport de l\u2019OCDE.<!--more--><\/p>\n<p>D\u2019apr\u00e8s les Perspectives des migrations internationales 2024, l\u2019essentiel de la hausse de l\u2019immigration permanente en 2023 s\u2019explique par les migrations familiales (+18%). Les migrations pour raisons humanitaires ont elles aussi augment\u00e9 (+20%). L&rsquo;immigration permanente de travail dans les pays de l\u2019OCDE est rest\u00e9e \u00e9lev\u00e9e en 2023, avec un peu moins de 1.2 million de travailleurs admis, comme en 2022.<\/p>\n<p>Un tiers environ des pays de l\u2019OCDE ont enregistr\u00e9 des niveaux records d\u2019immigration en 2023, notamment le Canada, la France, le Japon, la Suisse et le Royaume-Uni. Un autre tiers a en revanche connu une baisse de l\u2019immigration permanente, notamment le Danemark, l\u2019Estonie, Isra\u00ebl, l\u2019Italie, la Lituanie et la Nouvelle-Z\u00e9lande.<\/p>\n<p><em>\u00ab\u00a0La demande soutenue de main-d\u2019\u0153uvre a constitu\u00e9 un des principaux moteurs des migrations ces deux derni\u00e8res ann\u00e9es\u00a0\u00bb<\/em>, a d\u00e9clar\u00e9 le Secr\u00e9taire g\u00e9n\u00e9ral de l\u2019OCDE Mathias Cormann. <em>\u00ab\u00a0De nombreux pays de l\u2019OCDE sont confront\u00e9s \u00e0 des p\u00e9nuries de main-d\u2019\u0153uvre et \u00e0 des changements d\u00e9mographiques imminents, et l\u2019augmentation du nombre de travailleurs immigr\u00e9s a contribu\u00e9 \u00e0 soutenir la croissance \u00e9conomique. D\u00e9velopper les programmes d\u2019immigration de travail et en faciliter l\u2019acc\u00e8s contribue \u00e0 rem\u00e9dier aux p\u00e9nuries de main-d\u2019\u0153uvre et est essentiel pour am\u00e9liorer la ma\u00eetrise globale des flux et g\u00e9rer les migrations irr\u00e9guli\u00e8res\u00a0\u00bb.<\/em><\/p>\n<p>L\u2019immigration temporaire de travail dans les pays de l\u2019OCDE a continu\u00e9 de cro\u00eetre en 2023. Les pays de l\u2019OCDE (Pologne non comprise) ont accord\u00e9 plus de 2.4 millions de permis et autorisations de travail, ce qui repr\u00e9sente une hausse de 16% par rapport \u00e0 2022 (et de 28% par rapport au niveau d\u2019avant la pand\u00e9mie de COVID-19).<\/p>\n<p>La hausse du taux d\u2019emploi des immigr\u00e9s observ\u00e9e apr\u00e8s la pand\u00e9mie s\u2019est poursuivie en 2023, l\u2019ensemble de la zone OCDE ayant enregistr\u00e9 \u00e0 la fois des niveaux d\u2019emploi historiquement \u00e9lev\u00e9s et des niveaux de ch\u00f4mage historiquement bas, s\u2019\u00e9tablissant respectivement \u00e0 71.8% et 7.3%. Dix pays de l\u2019OCDE, dont le Canada, le Royaume-Uni et les \u00c9tats-Unis, ainsi que l\u2019UE27 dans son ensemble, ont affich\u00e9 des taux d\u2019emploi des immigr\u00e9s in\u00e9dits.<\/p>\n<p>Le nombre de nouveaux demandeurs d\u2019asile dans les pays de l\u2019OCDE a battu un nouveau record en 2023, avec 2.7 millions de nouvelles demandes enregistr\u00e9es (+30%). Pour la premi\u00e8re fois, les \u00c9tats-Unis ont re\u00e7u plus de demandes d\u2019asile (plus d\u2019un million) que l\u2019ensemble des pays europ\u00e9ens de l\u2019OCDE r\u00e9unis. En 2023, les principaux pays d\u2019origine des demandeurs d\u2019asile dans l\u2019OCDE \u00e9taient le Venezuela (270.000), la Colombie (203.000), la Syrie (171.000) et l\u2019Afghanistan (150.000).<\/p>\n<p>Les pays de l\u2019OCDE ont octroy\u00e9 une protection internationale \u00e0 676 000 r\u00e9fugi\u00e9s en 2023 (+15%), soit le niveau le plus \u00e9lev\u00e9 depuis 2017. Ce chiffre comprend 160 000 nouveaux r\u00e9fugi\u00e9s r\u00e9install\u00e9s (+35%), soit le chiffre le plus \u00e9lev\u00e9 depuis 2016.<\/p>\n<p>Cette ann\u00e9e, les Perspectives consacrent un volet sp\u00e9cial \u00e0 l\u2019entrepreneuriat des immigr\u00e9s. Les immigr\u00e9s repr\u00e9sentent une part croissante du total des entrepreneurs dans les pays de l\u2019OCDE. En 2022, ils comptaient en effet pour 17% en moyenne des travailleurs ind\u00e9pendants de la zone OCDE, contre 11% enregistr\u00e9s en 2006.<\/p>\n<p>Cette progression s\u2019est traduite par un grand nombre d\u2019emplois cr\u00e9\u00e9s. On estime que pour dix immigr\u00e9s de plus parmi la population d\u2019\u00e2ge actif, il y a 2 emplois suppl\u00e9mentaires dans l\u2019\u00e9conomie gr\u00e2ce \u00e0 l\u2019entrepreneuriat, en moyenne dans 25 pays de l\u2019OCDE. L\u2019entrepreneuriat immigr\u00e9 a ainsi permis de cr\u00e9er pr\u00e8s de 4 millions d\u2019emplois entre 2011 et 2021.<\/p>\n<p>&nbsp;<\/p>\n<p><em>Source: OCDE<\/em><\/p>\n","protected":false},"excerpt":{"rendered":"<p>L\u2019immigration permanente vers les pays de l\u2019OCDE a battu un nouveau record en 2023, avec 6.5 millions de personnes. Le nombre de migrants temporaires et de demandeurs d\u2019asile a aussi fortement augment\u00e9, selon un nouveau rapport de l\u2019OCDE.<\/p>\n","protected":false},"author":2,"featured_media":0,"comment_status":"closed","ping_status":"open","sticky":false,"template":"","format":"standard","meta":[],"categories":[65,10],"tags":[1740,586,772,264],"yoast_head":"<!-- This site is optimized with the Yoast SEO plugin v21.0 - https:\/\/yoast.com\/wordpress\/plugins\/seo\/ -->\n<title>L&#039;immigration vers les pays de la zone OCDE est au plus haut, soutenue principalement par un besoin \u00e9norme de main d&#039;oeuvre. - Peoplesphere<\/title>\n<meta name=\"robots\" content=\"index, follow, max-snippet:-1, max-image-preview:large, max-video-preview:-1\" \/>\n<link rel=\"canonical\" href=\"https:\/\/peoplesphere.be\/fr\/limmigration-vers-les-pays-de-la-zone-ocde-est-au-plus-haut-soutenue-principalement-par-un-besoin-enorme-de-main-doeuvre\/\" \/>\n<meta property=\"og:locale\" content=\"fr_FR\" \/>\n<meta property=\"og:type\" content=\"article\" \/>\n<meta property=\"og:title\" content=\"L&#039;immigration vers les pays de la zone OCDE est au plus haut, soutenue principalement par un besoin \u00e9norme de main d&#039;oeuvre. - Peoplesphere\" \/>\n<meta property=\"og:description\" content=\"L\u2019immigration permanente vers les pays de l\u2019OCDE a battu un nouveau record en 2023, avec 6.5 millions de personnes. Le nombre de migrants temporaires et de demandeurs d\u2019asile a aussi fortement augment\u00e9, selon un nouveau rapport de l\u2019OCDE.\" \/>\n<meta property=\"og:url\" content=\"https:\/\/peoplesphere.be\/fr\/limmigration-vers-les-pays-de-la-zone-ocde-est-au-plus-haut-soutenue-principalement-par-un-besoin-enorme-de-main-doeuvre\/\" \/>\n<meta property=\"og:site_name\" content=\"Peoplesphere\" \/>\n<meta property=\"article:publisher\" content=\"https:\/\/www.facebook.com\/peoplesphere\" \/>\n<meta property=\"article:published_time\" content=\"2024-11-14T19:43:16+00:00\" \/>\n<meta property=\"og:image\" content=\"http:\/\/www.peoplesphere.be\/fr\/wp-content\/uploads\/2016\/07\/facebook-default-posting-1200x628px.jpg\" \/>\n<meta name=\"author\" content=\"Jean-Paul Erhard\" \/>\n<meta name=\"twitter:card\" content=\"summary_large_image\" \/>\n<meta name=\"twitter:creator\" content=\"@PeoplesphereMag\" \/>\n<meta name=\"twitter:site\" content=\"@PeoplesphereMag\" \/>\n<meta name=\"twitter:label1\" content=\"\u00c9crit par\" \/>\n\t<meta name=\"twitter:data1\" content=\"Jean-Paul Erhard\" \/>\n\t<meta name=\"twitter:label2\" content=\"Dur\u00e9e de lecture estim\u00e9e\" \/>\n\t<meta name=\"twitter:data2\" content=\"3 minutes\" \/>\n<script type=\"application\/ld+json\" class=\"yoast-schema-graph\">{\"@context\":\"https:\/\/schema.org\",\"@graph\":[{\"@type\":\"Article\",\"@id\":\"https:\/\/peoplesphere.be\/fr\/limmigration-vers-les-pays-de-la-zone-ocde-est-au-plus-haut-soutenue-principalement-par-un-besoin-enorme-de-main-doeuvre\/#article\",\"isPartOf\":{\"@id\":\"https:\/\/peoplesphere.be\/fr\/limmigration-vers-les-pays-de-la-zone-ocde-est-au-plus-haut-soutenue-principalement-par-un-besoin-enorme-de-main-doeuvre\/\"},\"author\":{\"name\":\"Jean-Paul Erhard\",\"@id\":\"https:\/\/peoplesphere.be\/fr\/#\/schema\/person\/7976225ff17988604334abb7b3536a7e\"},\"headline\":\"L&rsquo;immigration vers les pays de la zone OCDE est au plus haut, soutenue principalement par un besoin \u00e9norme de main d&rsquo;oeuvre.\",\"datePublished\":\"2024-11-14T19:43:16+00:00\",\"dateModified\":\"2024-11-14T19:43:16+00:00\",\"mainEntityOfPage\":{\"@id\":\"https:\/\/peoplesphere.be\/fr\/limmigration-vers-les-pays-de-la-zone-ocde-est-au-plus-haut-soutenue-principalement-par-un-besoin-enorme-de-main-doeuvre\/\"},\"wordCount\":667,\"publisher\":{\"@id\":\"https:\/\/peoplesphere.be\/fr\/#organization\"},\"keywords\":[\"immigration\",\"main d'oeuvre\",\"OCDE\",\"p\u00e9nuries\"],\"articleSection\":[\"Actualit\u00e9s\",\"Digital\"],\"inLanguage\":\"fr-FR\"},{\"@type\":\"WebPage\",\"@id\":\"https:\/\/peoplesphere.be\/fr\/limmigration-vers-les-pays-de-la-zone-ocde-est-au-plus-haut-soutenue-principalement-par-un-besoin-enorme-de-main-doeuvre\/\",\"url\":\"https:\/\/peoplesphere.be\/fr\/limmigration-vers-les-pays-de-la-zone-ocde-est-au-plus-haut-soutenue-principalement-par-un-besoin-enorme-de-main-doeuvre\/\",\"name\":\"L'immigration vers les pays de la zone OCDE est au plus haut, soutenue principalement par un besoin \u00e9norme de main d'oeuvre. - Peoplesphere\",\"isPartOf\":{\"@id\":\"https:\/\/peoplesphere.be\/fr\/#website\"},\"datePublished\":\"2024-11-14T19:43:16+00:00\",\"dateModified\":\"2024-11-14T19:43:16+00:00\",\"breadcrumb\":{\"@id\":\"https:\/\/peoplesphere.be\/fr\/limmigration-vers-les-pays-de-la-zone-ocde-est-au-plus-haut-soutenue-principalement-par-un-besoin-enorme-de-main-doeuvre\/#breadcrumb\"},\"inLanguage\":\"fr-FR\",\"potentialAction\":[{\"@type\":\"ReadAction\",\"target\":[\"https:\/\/peoplesphere.be\/fr\/limmigration-vers-les-pays-de-la-zone-ocde-est-au-plus-haut-soutenue-principalement-par-un-besoin-enorme-de-main-doeuvre\/\"]}]},{\"@type\":\"BreadcrumbList\",\"@id\":\"https:\/\/peoplesphere.be\/fr\/limmigration-vers-les-pays-de-la-zone-ocde-est-au-plus-haut-soutenue-principalement-par-un-besoin-enorme-de-main-doeuvre\/#breadcrumb\",\"itemListElement\":[{\"@type\":\"ListItem\",\"position\":1,\"name\":\"Accueil\",\"item\":\"https:\/\/peoplesphere.be\/fr\/\"},{\"@type\":\"ListItem\",\"position\":2,\"name\":\"L&rsquo;immigration vers les pays de la zone OCDE est au plus haut, soutenue principalement par un besoin \u00e9norme de main d&rsquo;oeuvre.\"}]},{\"@type\":\"WebSite\",\"@id\":\"https:\/\/peoplesphere.be\/fr\/#website\",\"url\":\"https:\/\/peoplesphere.be\/fr\/\",\"name\":\"Peoplesphere\",\"description\":\"The People Managers Magazine\",\"publisher\":{\"@id\":\"https:\/\/peoplesphere.be\/fr\/#organization\"},\"potentialAction\":[{\"@type\":\"SearchAction\",\"target\":{\"@type\":\"EntryPoint\",\"urlTemplate\":\"https:\/\/peoplesphere.be\/fr\/?s={search_term_string}\"},\"query-input\":\"required name=search_term_string\"}],\"inLanguage\":\"fr-FR\"},{\"@type\":\"Organization\",\"@id\":\"https:\/\/peoplesphere.be\/fr\/#organization\",\"name\":\"Peoplesphere Company srl\",\"url\":\"https:\/\/peoplesphere.be\/fr\/\",\"logo\":{\"@type\":\"ImageObject\",\"inLanguage\":\"fr-FR\",\"@id\":\"https:\/\/peoplesphere.be\/fr\/#\/schema\/logo\/image\/\",\"url\":\"https:\/\/peoplesphere.be\/fr\/wp-content\/uploads\/2023\/07\/peoplesphere-lgo-new-generik.jpg\",\"contentUrl\":\"https:\/\/peoplesphere.be\/fr\/wp-content\/uploads\/2023\/07\/peoplesphere-lgo-new-generik.jpg\",\"width\":1031,\"height\":1479,\"caption\":\"Peoplesphere Company srl\"},\"image\":{\"@id\":\"https:\/\/peoplesphere.be\/fr\/#\/schema\/logo\/image\/\"},\"sameAs\":[\"https:\/\/www.facebook.com\/peoplesphere\",\"https:\/\/twitter.com\/PeoplesphereMag\",\"https:\/\/www.linkedin.com\/company\/7587361?trk\",\"http:\/\/youtube.com\/peoplesphere\"]},{\"@type\":\"Person\",\"@id\":\"https:\/\/peoplesphere.be\/fr\/#\/schema\/person\/7976225ff17988604334abb7b3536a7e\",\"name\":\"Jean-Paul Erhard\",\"image\":{\"@type\":\"ImageObject\",\"inLanguage\":\"fr-FR\",\"@id\":\"https:\/\/peoplesphere.be\/fr\/#\/schema\/person\/image\/\",\"url\":\"https:\/\/secure.gravatar.com\/avatar\/f941e681460179738071629a51574930?s=96&d=mm&r=g\",\"contentUrl\":\"https:\/\/secure.gravatar.com\/avatar\/f941e681460179738071629a51574930?s=96&d=mm&r=g\",\"caption\":\"Jean-Paul Erhard\"},\"url\":\"https:\/\/peoplesphere.be\/fr\/author\/jpe\/\"}]}<\/script>\n<!-- \/ Yoast SEO plugin. -->","yoast_head_json":{"title":"L'immigration vers les pays de la zone OCDE est au plus haut, soutenue principalement par un besoin \u00e9norme de main d'oeuvre. - Peoplesphere","robots":{"index":"index","follow":"follow","max-snippet":"max-snippet:-1","max-image-preview":"max-image-preview:large","max-video-preview":"max-video-preview:-1"},"canonical":"https:\/\/peoplesphere.be\/fr\/limmigration-vers-les-pays-de-la-zone-ocde-est-au-plus-haut-soutenue-principalement-par-un-besoin-enorme-de-main-doeuvre\/","og_locale":"fr_FR","og_type":"article","og_title":"L'immigration vers les pays de la zone OCDE est au plus haut, soutenue principalement par un besoin \u00e9norme de main d'oeuvre. - Peoplesphere","og_description":"L\u2019immigration permanente vers les pays de l\u2019OCDE a battu un nouveau record en 2023, avec 6.5 millions de personnes. Le nombre de migrants temporaires et de demandeurs d\u2019asile a aussi fortement augment\u00e9, selon un nouveau rapport de l\u2019OCDE.","og_url":"https:\/\/peoplesphere.be\/fr\/limmigration-vers-les-pays-de-la-zone-ocde-est-au-plus-haut-soutenue-principalement-par-un-besoin-enorme-de-main-doeuvre\/","og_site_name":"Peoplesphere","article_publisher":"https:\/\/www.facebook.com\/peoplesphere","article_published_time":"2024-11-14T19:43:16+00:00","og_image":[{"url":"http:\/\/www.peoplesphere.be\/fr\/wp-content\/uploads\/2016\/07\/facebook-default-posting-1200x628px.jpg"}],"author":"Jean-Paul Erhard","twitter_card":"summary_large_image","twitter_creator":"@PeoplesphereMag","twitter_site":"@PeoplesphereMag","twitter_misc":{"\u00c9crit par":"Jean-Paul Erhard","Dur\u00e9e de lecture estim\u00e9e":"3 minutes"},"schema":{"@context":"https:\/\/schema.org","@graph":[{"@type":"Article","@id":"https:\/\/peoplesphere.be\/fr\/limmigration-vers-les-pays-de-la-zone-ocde-est-au-plus-haut-soutenue-principalement-par-un-besoin-enorme-de-main-doeuvre\/#article","isPartOf":{"@id":"https:\/\/peoplesphere.be\/fr\/limmigration-vers-les-pays-de-la-zone-ocde-est-au-plus-haut-soutenue-principalement-par-un-besoin-enorme-de-main-doeuvre\/"},"author":{"name":"Jean-Paul Erhard","@id":"https:\/\/peoplesphere.be\/fr\/#\/schema\/person\/7976225ff17988604334abb7b3536a7e"},"headline":"L&rsquo;immigration vers les pays de la zone OCDE est au plus haut, soutenue principalement par un besoin \u00e9norme de main d&rsquo;oeuvre.","datePublished":"2024-11-14T19:43:16+00:00","dateModified":"2024-11-14T19:43:16+00:00","mainEntityOfPage":{"@id":"https:\/\/peoplesphere.be\/fr\/limmigration-vers-les-pays-de-la-zone-ocde-est-au-plus-haut-soutenue-principalement-par-un-besoin-enorme-de-main-doeuvre\/"},"wordCount":667,"publisher":{"@id":"https:\/\/peoplesphere.be\/fr\/#organization"},"keywords":["immigration","main d'oeuvre","OCDE","p\u00e9nuries"],"articleSection":["Actualit\u00e9s","Digital"],"inLanguage":"fr-FR"},{"@type":"WebPage","@id":"https:\/\/peoplesphere.be\/fr\/limmigration-vers-les-pays-de-la-zone-ocde-est-au-plus-haut-soutenue-principalement-par-un-besoin-enorme-de-main-doeuvre\/","url":"https:\/\/peoplesphere.be\/fr\/limmigration-vers-les-pays-de-la-zone-ocde-est-au-plus-haut-soutenue-principalement-par-un-besoin-enorme-de-main-doeuvre\/","name":"L'immigration vers les pays de la zone OCDE est au plus haut, soutenue principalement par un besoin \u00e9norme de main d'oeuvre. - Peoplesphere","isPartOf":{"@id":"https:\/\/peoplesphere.be\/fr\/#website"},"datePublished":"2024-11-14T19:43:16+00:00","dateModified":"2024-11-14T19:43:16+00:00","breadcrumb":{"@id":"https:\/\/peoplesphere.be\/fr\/limmigration-vers-les-pays-de-la-zone-ocde-est-au-plus-haut-soutenue-principalement-par-un-besoin-enorme-de-main-doeuvre\/#breadcrumb"},"inLanguage":"fr-FR","potentialAction":[{"@type":"ReadAction","target":["https:\/\/peoplesphere.be\/fr\/limmigration-vers-les-pays-de-la-zone-ocde-est-au-plus-haut-soutenue-principalement-par-un-besoin-enorme-de-main-doeuvre\/"]}]},{"@type":"BreadcrumbList","@id":"https:\/\/peoplesphere.be\/fr\/limmigration-vers-les-pays-de-la-zone-ocde-est-au-plus-haut-soutenue-principalement-par-un-besoin-enorme-de-main-doeuvre\/#breadcrumb","itemListElement":[{"@type":"ListItem","position":1,"name":"Accueil","item":"https:\/\/peoplesphere.be\/fr\/"},{"@type":"ListItem","position":2,"name":"L&rsquo;immigration vers les pays de la zone OCDE est au plus haut, soutenue principalement par un besoin \u00e9norme de main d&rsquo;oeuvre."}]},{"@type":"WebSite","@id":"https:\/\/peoplesphere.be\/fr\/#website","url":"https:\/\/peoplesphere.be\/fr\/","name":"Peoplesphere","description":"The People Managers Magazine","publisher":{"@id":"https:\/\/peoplesphere.be\/fr\/#organization"},"potentialAction":[{"@type":"SearchAction","target":{"@type":"EntryPoint","urlTemplate":"https:\/\/peoplesphere.be\/fr\/?s={search_term_string}"},"query-input":"required name=search_term_string"}],"inLanguage":"fr-FR"},{"@type":"Organization","@id":"https:\/\/peoplesphere.be\/fr\/#organization","name":"Peoplesphere Company srl","url":"https:\/\/peoplesphere.be\/fr\/","logo":{"@type":"ImageObject","inLanguage":"fr-FR","@id":"https:\/\/peoplesphere.be\/fr\/#\/schema\/logo\/image\/","url":"https:\/\/peoplesphere.be\/fr\/wp-content\/uploads\/2023\/07\/peoplesphere-lgo-new-generik.jpg","contentUrl":"https:\/\/peoplesphere.be\/fr\/wp-content\/uploads\/2023\/07\/peoplesphere-lgo-new-generik.jpg","width":1031,"height":1479,"caption":"Peoplesphere Company srl"},"image":{"@id":"https:\/\/peoplesphere.be\/fr\/#\/schema\/logo\/image\/"},"sameAs":["https:\/\/www.facebook.com\/peoplesphere","https:\/\/twitter.com\/PeoplesphereMag","https:\/\/www.linkedin.com\/company\/7587361?trk","http:\/\/youtube.com\/peoplesphere"]},{"@type":"Person","@id":"https:\/\/peoplesphere.be\/fr\/#\/schema\/person\/7976225ff17988604334abb7b3536a7e","name":"Jean-Paul Erhard","image":{"@type":"ImageObject","inLanguage":"fr-FR","@id":"https:\/\/peoplesphere.be\/fr\/#\/schema\/person\/image\/","url":"https:\/\/secure.gravatar.com\/avatar\/f941e681460179738071629a51574930?s=96&d=mm&r=g","contentUrl":"https:\/\/secure.gravatar.com\/avatar\/f941e681460179738071629a51574930?s=96&d=mm&r=g","caption":"Jean-Paul Erhard"},"url":"https:\/\/peoplesphere.be\/fr\/author\/jpe\/"}]}},"_links":{"self":[{"href":"https:\/\/peoplesphere.be\/fr\/wp-json\/wp\/v2\/posts\/17006"}],"collection":[{"href":"https:\/\/peoplesphere.be\/fr\/wp-json\/wp\/v2\/posts"}],"about":[{"href":"https:\/\/peoplesphere.be\/fr\/wp-json\/wp\/v2\/types\/post"}],"author":[{"embeddable":true,"href":"https:\/\/peoplesphere.be\/fr\/wp-json\/wp\/v2\/users\/2"}],"replies":[{"embeddable":true,"href":"https:\/\/peoplesphere.be\/fr\/wp-json\/wp\/v2\/comments?post=17006"}],"version-history":[{"count":1,"href":"https:\/\/peoplesphere.be\/fr\/wp-json\/wp\/v2\/posts\/17006\/revisions"}],"predecessor-version":[{"id":17007,"href":"https:\/\/peoplesphere.be\/fr\/wp-json\/wp\/v2\/posts\/17006\/revisions\/17007"}],"wp:attachment":[{"href":"https:\/\/peoplesphere.be\/fr\/wp-json\/wp\/v2\/media?parent=17006"}],"wp:term":[{"taxonomy":"category","embeddable":true,"href":"https:\/\/peoplesphere.be\/fr\/wp-json\/wp\/v2\/categories?post=17006"},{"taxonomy":"post_tag","embeddable":true,"href":"https:\/\/peoplesphere.be\/fr\/wp-json\/wp\/v2\/tags?post=17006"}],"curies":[{"name":"wp","href":"https:\/\/api.w.org\/{rel}","templated":true}]}}