









{"id":17011,"date":"2024-11-19T05:46:54","date_gmt":"2024-11-19T03:46:54","guid":{"rendered":"https:\/\/peoplesphere.be\/fr\/?p=17011"},"modified":"2024-11-19T12:37:52","modified_gmt":"2024-11-19T10:37:52","slug":"petit-dejeuner-de-ladp-liege-le-6-decembre-prochain-2025-annee-de-changement-quels-impacts-pour-nos-entreprises-et-la-gestion-des-resources-humaines","status":"publish","type":"post","link":"https:\/\/peoplesphere.be\/fr\/petit-dejeuner-de-ladp-liege-le-6-decembre-prochain-2025-annee-de-changement-quels-impacts-pour-nos-entreprises-et-la-gestion-des-resources-humaines\/","title":{"rendered":"Petit d\u00e9jeuner de l&rsquo;ADP Li\u00e8ge le 6 d\u00e9cembre prochain: 2025, ann\u00e9e de changement? Quels impacts pour nos entreprises et la gestion des Ressources Humaines?"},"content":{"rendered":"<p>Le prochain \u00ab Petit D\u00e9jeuner Ressources Humaines \u00bb organis\u00e9 par l&rsquo;ADP Li\u00e8ge se tiendra \u00e0 Li\u00e8ge Airport (BIERSET), le vendredi 6 d\u00e9cembre 2024 de 8h30 \u00e0 10h00 et aura pour th\u00e8me: 2025, ann\u00e9e de changement? Quels impacts pour nos entreprises et la gestion des Resources Humaines?<!--more--><\/p>\n<p>Des changements l\u00e9gislatifs sont d\u00e9j\u00e0 pr\u00eats, et d\u2019autres font partie des d\u00e9clarations politiques et de l\u2019accord du nouveau gouvernement wallon. Professionnels RH et patrons d\u2019entreprises doivent se pr\u00e9parer \u00e0 de nouvelles \u00ab touches \u00bb et r\u00e9alit\u00e9s juridico-sociales.<\/p>\n<h3><strong><em>Intervenants<\/em><\/strong><\/h3>\n<p>Jean-Paul Lacomble, avocat &#8211; Associ\u00e9 chez Claeys &amp; Engels nous d\u00e9crira concr\u00e8tement les changements en cours et qui devront \u00eatre mis en place. Hugues Thibaut, Public Affairs chez SD Worx, nous pr\u00e9sentera en primeur les r\u00e9sultats de la r\u00e9cente enqu\u00eate men\u00e9e par SD Worx aupr\u00e8s des employeurs et des travailleurs sur les tendances et priorit\u00e9s RH pour 2025. En interaction avec Jean-Paul Lacomble, les impacts juridiques seront \u00e9galement abord\u00e9s.<\/p>\n<p>Rejoignez-nous pour d\u00e9couvrir, gr\u00e2ce \u00e0 nos orateurs, les r\u00e9ponses \u00e0 ces questions :<\/p>\n<ul>\n<li>Comment r\u00e9pondre de mani\u00e8re proactive aux changements et aux besoins des travailleurs en 2025, de mani\u00e8re juridiquement fiable ?<\/li>\n<li>Quels sont les changements annonc\u00e9s et d\u00e9j\u00e0 pr\u00eats \u00e0 \u00eatre mis en place?<\/li>\n<li>Comment s\u2019y pr\u00e9parer au mieux ? Avec quelles priorit\u00e9s ?<\/li>\n<\/ul>\n<p>Les traditionnelles \u00ab10 minutes d\u2019actualit\u00e9s socio-juridiques\u00bb seront int\u00e9gr\u00e9es \u00e0 la pr\u00e9sentation de Jean-Paul Lacomble, Avocat &#8211; Associ\u00e9 chez Claeys &amp; Engels.<\/p>\n<h3><strong><em>Lieu<\/em><\/strong><\/h3>\n<p>Dans le restaurant \u00ab L\u2019\u00c9CHAPP\u00c9E BOEUF \u00bb (Hall de d\u00e9part 2e \u00e9tage). Parking gratuit pour les 3 premi\u00e8res heures. Possibilit\u00e9 de se connecter \u00e0 distance pour ceux qui le souhaitent.<\/p>\n<h3><strong><em>Inscription<\/em><\/strong><\/h3>\n<p>Via le lien suivant:<span class=\"Apple-converted-space\">\u00a0<\/span><a href=\"https:\/\/docs.google.com\/forms\/d\/e\/1FAIpQLSdtfz1haDIgRIXXJfcwzz2sKlbFjLb9tJItlyc7ns53QgQqHg\/viewform\">ADP-Liege\/Inscription petit-d\u00e9jeuner<\/a><\/p>\n<h3><strong><em>Participation aux frais<\/em><\/strong><\/h3>\n<p>Gratuit pour les membres ADP, leurs invit\u00e9s et partenaires et les participants en ligne, 25,00\u20ac pour les non-membres en pr\u00e9sentiel.<br \/>\nLe montant est \u00e0 verser anticipativement sur le compte BE40 0689 3870 1763 de l&rsquo;ADP avec mention : \u00ab\u00a0Petit D\u00e9jeuner ADP 06.12.2024 NOM et Pr\u00e9nom\u00a0\u00bb. Toute inscription enregistr\u00e9e qui n\u2019est pas annul\u00e9e 24 heures avant sera factur\u00e9e 25\u20ac. Les inscriptions seront cl\u00f4tur\u00e9es le jeudi 5 d\u00e9cembre 2024 \u00e0 midi.<\/p>\n","protected":false},"excerpt":{"rendered":"<p>Le prochain \u00ab Petit D\u00e9jeuner Ressources Humaines \u00bb organis\u00e9 par l&rsquo;ADP Li\u00e8ge se tiendra \u00e0 Li\u00e8ge Airport (BIERSET), le vendredi 6 d\u00e9cembre 2024 de 8h30 \u00e0 10h00 et aura pour th\u00e8me: 2025, ann\u00e9e de changement? Quels impacts pour nos entreprises [&hellip;]<\/p>\n","protected":false},"author":2,"featured_media":0,"comment_status":"closed","ping_status":"open","sticky":false,"template":"","format":"standard","meta":[],"categories":[65,67,10,8],"tags":[274,215,3406,4192],"yoast_head":"<!-- This site is optimized with the Yoast SEO plugin v21.0 - https:\/\/yoast.com\/wordpress\/plugins\/seo\/ -->\n<title>Petit d\u00e9jeuner de l&#039;ADP Li\u00e8ge le 6 d\u00e9cembre prochain: 2025, ann\u00e9e de changement? Quels impacts pour nos entreprises et la gestion des Ressources Humaines? - Peoplesphere<\/title>\n<meta name=\"robots\" content=\"index, follow, max-snippet:-1, max-image-preview:large, max-video-preview:-1\" \/>\n<link rel=\"canonical\" href=\"https:\/\/peoplesphere.be\/fr\/petit-dejeuner-de-ladp-liege-le-6-decembre-prochain-2025-annee-de-changement-quels-impacts-pour-nos-entreprises-et-la-gestion-des-resources-humaines\/\" \/>\n<meta property=\"og:locale\" content=\"fr_FR\" \/>\n<meta property=\"og:type\" content=\"article\" \/>\n<meta property=\"og:title\" content=\"Petit d\u00e9jeuner de l&#039;ADP Li\u00e8ge le 6 d\u00e9cembre prochain: 2025, ann\u00e9e de changement? Quels impacts pour nos entreprises et la gestion des Ressources Humaines? - Peoplesphere\" \/>\n<meta property=\"og:description\" content=\"Le prochain \u00ab Petit D\u00e9jeuner Ressources Humaines \u00bb organis\u00e9 par l&rsquo;ADP Li\u00e8ge se tiendra \u00e0 Li\u00e8ge Airport (BIERSET), le vendredi 6 d\u00e9cembre 2024 de 8h30 \u00e0 10h00 et aura pour th\u00e8me: 2025, ann\u00e9e de changement? Quels impacts pour nos entreprises [&hellip;]\" \/>\n<meta property=\"og:url\" content=\"https:\/\/peoplesphere.be\/fr\/petit-dejeuner-de-ladp-liege-le-6-decembre-prochain-2025-annee-de-changement-quels-impacts-pour-nos-entreprises-et-la-gestion-des-resources-humaines\/\" \/>\n<meta property=\"og:site_name\" content=\"Peoplesphere\" \/>\n<meta property=\"article:publisher\" content=\"https:\/\/www.facebook.com\/peoplesphere\" \/>\n<meta property=\"article:published_time\" content=\"2024-11-19T03:46:54+00:00\" \/>\n<meta property=\"article:modified_time\" content=\"2024-11-19T10:37:52+00:00\" \/>\n<meta property=\"og:image\" content=\"http:\/\/www.peoplesphere.be\/fr\/wp-content\/uploads\/2016\/07\/facebook-default-posting-1200x628px.jpg\" \/>\n<meta name=\"author\" content=\"Jean-Paul Erhard\" \/>\n<meta name=\"twitter:card\" content=\"summary_large_image\" \/>\n<meta name=\"twitter:creator\" content=\"@PeoplesphereMag\" \/>\n<meta name=\"twitter:site\" content=\"@PeoplesphereMag\" \/>\n<meta name=\"twitter:label1\" content=\"\u00c9crit par\" \/>\n\t<meta name=\"twitter:data1\" content=\"Jean-Paul Erhard\" \/>\n\t<meta name=\"twitter:label2\" content=\"Dur\u00e9e de lecture estim\u00e9e\" \/>\n\t<meta name=\"twitter:data2\" content=\"2 minutes\" \/>\n<script type=\"application\/ld+json\" class=\"yoast-schema-graph\">{\"@context\":\"https:\/\/schema.org\",\"@graph\":[{\"@type\":\"Article\",\"@id\":\"https:\/\/peoplesphere.be\/fr\/petit-dejeuner-de-ladp-liege-le-6-decembre-prochain-2025-annee-de-changement-quels-impacts-pour-nos-entreprises-et-la-gestion-des-resources-humaines\/#article\",\"isPartOf\":{\"@id\":\"https:\/\/peoplesphere.be\/fr\/petit-dejeuner-de-ladp-liege-le-6-decembre-prochain-2025-annee-de-changement-quels-impacts-pour-nos-entreprises-et-la-gestion-des-resources-humaines\/\"},\"author\":{\"name\":\"Jean-Paul Erhard\",\"@id\":\"https:\/\/peoplesphere.be\/fr\/#\/schema\/person\/7976225ff17988604334abb7b3536a7e\"},\"headline\":\"Petit d\u00e9jeuner de l&rsquo;ADP Li\u00e8ge le 6 d\u00e9cembre prochain: 2025, ann\u00e9e de changement? Quels impacts pour nos entreprises et la gestion des Ressources Humaines?\",\"datePublished\":\"2024-11-19T03:46:54+00:00\",\"dateModified\":\"2024-11-19T10:37:52+00:00\",\"mainEntityOfPage\":{\"@id\":\"https:\/\/peoplesphere.be\/fr\/petit-dejeuner-de-ladp-liege-le-6-decembre-prochain-2025-annee-de-changement-quels-impacts-pour-nos-entreprises-et-la-gestion-des-resources-humaines\/\"},\"wordCount\":388,\"publisher\":{\"@id\":\"https:\/\/peoplesphere.be\/fr\/#organization\"},\"keywords\":[\"ADP Li\u00e8ge\",\"changement\",\"priorit\u00e9s RH\",\"socio-juridique\"],\"articleSection\":[\"Actualit\u00e9s\",\"Calendrier\",\"Digital\",\"Events\"],\"inLanguage\":\"fr-FR\"},{\"@type\":\"WebPage\",\"@id\":\"https:\/\/peoplesphere.be\/fr\/petit-dejeuner-de-ladp-liege-le-6-decembre-prochain-2025-annee-de-changement-quels-impacts-pour-nos-entreprises-et-la-gestion-des-resources-humaines\/\",\"url\":\"https:\/\/peoplesphere.be\/fr\/petit-dejeuner-de-ladp-liege-le-6-decembre-prochain-2025-annee-de-changement-quels-impacts-pour-nos-entreprises-et-la-gestion-des-resources-humaines\/\",\"name\":\"Petit d\u00e9jeuner de l'ADP Li\u00e8ge le 6 d\u00e9cembre prochain: 2025, ann\u00e9e de changement? Quels impacts pour nos entreprises et la gestion des Ressources Humaines? - Peoplesphere\",\"isPartOf\":{\"@id\":\"https:\/\/peoplesphere.be\/fr\/#website\"},\"datePublished\":\"2024-11-19T03:46:54+00:00\",\"dateModified\":\"2024-11-19T10:37:52+00:00\",\"breadcrumb\":{\"@id\":\"https:\/\/peoplesphere.be\/fr\/petit-dejeuner-de-ladp-liege-le-6-decembre-prochain-2025-annee-de-changement-quels-impacts-pour-nos-entreprises-et-la-gestion-des-resources-humaines\/#breadcrumb\"},\"inLanguage\":\"fr-FR\",\"potentialAction\":[{\"@type\":\"ReadAction\",\"target\":[\"https:\/\/peoplesphere.be\/fr\/petit-dejeuner-de-ladp-liege-le-6-decembre-prochain-2025-annee-de-changement-quels-impacts-pour-nos-entreprises-et-la-gestion-des-resources-humaines\/\"]}]},{\"@type\":\"BreadcrumbList\",\"@id\":\"https:\/\/peoplesphere.be\/fr\/petit-dejeuner-de-ladp-liege-le-6-decembre-prochain-2025-annee-de-changement-quels-impacts-pour-nos-entreprises-et-la-gestion-des-resources-humaines\/#breadcrumb\",\"itemListElement\":[{\"@type\":\"ListItem\",\"position\":1,\"name\":\"Accueil\",\"item\":\"https:\/\/peoplesphere.be\/fr\/\"},{\"@type\":\"ListItem\",\"position\":2,\"name\":\"Petit d\u00e9jeuner de l&rsquo;ADP Li\u00e8ge le 6 d\u00e9cembre prochain: 2025, ann\u00e9e de changement? Quels impacts pour nos entreprises et la gestion des Ressources Humaines?\"}]},{\"@type\":\"WebSite\",\"@id\":\"https:\/\/peoplesphere.be\/fr\/#website\",\"url\":\"https:\/\/peoplesphere.be\/fr\/\",\"name\":\"Peoplesphere\",\"description\":\"The People Managers Magazine\",\"publisher\":{\"@id\":\"https:\/\/peoplesphere.be\/fr\/#organization\"},\"potentialAction\":[{\"@type\":\"SearchAction\",\"target\":{\"@type\":\"EntryPoint\",\"urlTemplate\":\"https:\/\/peoplesphere.be\/fr\/?s={search_term_string}\"},\"query-input\":\"required name=search_term_string\"}],\"inLanguage\":\"fr-FR\"},{\"@type\":\"Organization\",\"@id\":\"https:\/\/peoplesphere.be\/fr\/#organization\",\"name\":\"Peoplesphere Company srl\",\"url\":\"https:\/\/peoplesphere.be\/fr\/\",\"logo\":{\"@type\":\"ImageObject\",\"inLanguage\":\"fr-FR\",\"@id\":\"https:\/\/peoplesphere.be\/fr\/#\/schema\/logo\/image\/\",\"url\":\"https:\/\/peoplesphere.be\/fr\/wp-content\/uploads\/2023\/07\/peoplesphere-lgo-new-generik.jpg\",\"contentUrl\":\"https:\/\/peoplesphere.be\/fr\/wp-content\/uploads\/2023\/07\/peoplesphere-lgo-new-generik.jpg\",\"width\":1031,\"height\":1479,\"caption\":\"Peoplesphere Company srl\"},\"image\":{\"@id\":\"https:\/\/peoplesphere.be\/fr\/#\/schema\/logo\/image\/\"},\"sameAs\":[\"https:\/\/www.facebook.com\/peoplesphere\",\"https:\/\/twitter.com\/PeoplesphereMag\",\"https:\/\/www.linkedin.com\/company\/7587361?trk\",\"http:\/\/youtube.com\/peoplesphere\"]},{\"@type\":\"Person\",\"@id\":\"https:\/\/peoplesphere.be\/fr\/#\/schema\/person\/7976225ff17988604334abb7b3536a7e\",\"name\":\"Jean-Paul Erhard\",\"image\":{\"@type\":\"ImageObject\",\"inLanguage\":\"fr-FR\",\"@id\":\"https:\/\/peoplesphere.be\/fr\/#\/schema\/person\/image\/\",\"url\":\"https:\/\/secure.gravatar.com\/avatar\/f941e681460179738071629a51574930?s=96&d=mm&r=g\",\"contentUrl\":\"https:\/\/secure.gravatar.com\/avatar\/f941e681460179738071629a51574930?s=96&d=mm&r=g\",\"caption\":\"Jean-Paul Erhard\"},\"url\":\"https:\/\/peoplesphere.be\/fr\/author\/jpe\/\"}]}<\/script>\n<!-- \/ Yoast SEO plugin. -->","yoast_head_json":{"title":"Petit d\u00e9jeuner de l'ADP Li\u00e8ge le 6 d\u00e9cembre prochain: 2025, ann\u00e9e de changement? Quels impacts pour nos entreprises et la gestion des Ressources Humaines? - Peoplesphere","robots":{"index":"index","follow":"follow","max-snippet":"max-snippet:-1","max-image-preview":"max-image-preview:large","max-video-preview":"max-video-preview:-1"},"canonical":"https:\/\/peoplesphere.be\/fr\/petit-dejeuner-de-ladp-liege-le-6-decembre-prochain-2025-annee-de-changement-quels-impacts-pour-nos-entreprises-et-la-gestion-des-resources-humaines\/","og_locale":"fr_FR","og_type":"article","og_title":"Petit d\u00e9jeuner de l'ADP Li\u00e8ge le 6 d\u00e9cembre prochain: 2025, ann\u00e9e de changement? Quels impacts pour nos entreprises et la gestion des Ressources Humaines? - Peoplesphere","og_description":"Le prochain \u00ab Petit D\u00e9jeuner Ressources Humaines \u00bb organis\u00e9 par l&rsquo;ADP Li\u00e8ge se tiendra \u00e0 Li\u00e8ge Airport (BIERSET), le vendredi 6 d\u00e9cembre 2024 de 8h30 \u00e0 10h00 et aura pour th\u00e8me: 2025, ann\u00e9e de changement? Quels impacts pour nos entreprises [&hellip;]","og_url":"https:\/\/peoplesphere.be\/fr\/petit-dejeuner-de-ladp-liege-le-6-decembre-prochain-2025-annee-de-changement-quels-impacts-pour-nos-entreprises-et-la-gestion-des-resources-humaines\/","og_site_name":"Peoplesphere","article_publisher":"https:\/\/www.facebook.com\/peoplesphere","article_published_time":"2024-11-19T03:46:54+00:00","article_modified_time":"2024-11-19T10:37:52+00:00","og_image":[{"url":"http:\/\/www.peoplesphere.be\/fr\/wp-content\/uploads\/2016\/07\/facebook-default-posting-1200x628px.jpg"}],"author":"Jean-Paul Erhard","twitter_card":"summary_large_image","twitter_creator":"@PeoplesphereMag","twitter_site":"@PeoplesphereMag","twitter_misc":{"\u00c9crit par":"Jean-Paul Erhard","Dur\u00e9e de lecture estim\u00e9e":"2 minutes"},"schema":{"@context":"https:\/\/schema.org","@graph":[{"@type":"Article","@id":"https:\/\/peoplesphere.be\/fr\/petit-dejeuner-de-ladp-liege-le-6-decembre-prochain-2025-annee-de-changement-quels-impacts-pour-nos-entreprises-et-la-gestion-des-resources-humaines\/#article","isPartOf":{"@id":"https:\/\/peoplesphere.be\/fr\/petit-dejeuner-de-ladp-liege-le-6-decembre-prochain-2025-annee-de-changement-quels-impacts-pour-nos-entreprises-et-la-gestion-des-resources-humaines\/"},"author":{"name":"Jean-Paul Erhard","@id":"https:\/\/peoplesphere.be\/fr\/#\/schema\/person\/7976225ff17988604334abb7b3536a7e"},"headline":"Petit d\u00e9jeuner de l&rsquo;ADP Li\u00e8ge le 6 d\u00e9cembre prochain: 2025, ann\u00e9e de changement? Quels impacts pour nos entreprises et la gestion des Ressources Humaines?","datePublished":"2024-11-19T03:46:54+00:00","dateModified":"2024-11-19T10:37:52+00:00","mainEntityOfPage":{"@id":"https:\/\/peoplesphere.be\/fr\/petit-dejeuner-de-ladp-liege-le-6-decembre-prochain-2025-annee-de-changement-quels-impacts-pour-nos-entreprises-et-la-gestion-des-resources-humaines\/"},"wordCount":388,"publisher":{"@id":"https:\/\/peoplesphere.be\/fr\/#organization"},"keywords":["ADP Li\u00e8ge","changement","priorit\u00e9s RH","socio-juridique"],"articleSection":["Actualit\u00e9s","Calendrier","Digital","Events"],"inLanguage":"fr-FR"},{"@type":"WebPage","@id":"https:\/\/peoplesphere.be\/fr\/petit-dejeuner-de-ladp-liege-le-6-decembre-prochain-2025-annee-de-changement-quels-impacts-pour-nos-entreprises-et-la-gestion-des-resources-humaines\/","url":"https:\/\/peoplesphere.be\/fr\/petit-dejeuner-de-ladp-liege-le-6-decembre-prochain-2025-annee-de-changement-quels-impacts-pour-nos-entreprises-et-la-gestion-des-resources-humaines\/","name":"Petit d\u00e9jeuner de l'ADP Li\u00e8ge le 6 d\u00e9cembre prochain: 2025, ann\u00e9e de changement? Quels impacts pour nos entreprises et la gestion des Ressources Humaines? - Peoplesphere","isPartOf":{"@id":"https:\/\/peoplesphere.be\/fr\/#website"},"datePublished":"2024-11-19T03:46:54+00:00","dateModified":"2024-11-19T10:37:52+00:00","breadcrumb":{"@id":"https:\/\/peoplesphere.be\/fr\/petit-dejeuner-de-ladp-liege-le-6-decembre-prochain-2025-annee-de-changement-quels-impacts-pour-nos-entreprises-et-la-gestion-des-resources-humaines\/#breadcrumb"},"inLanguage":"fr-FR","potentialAction":[{"@type":"ReadAction","target":["https:\/\/peoplesphere.be\/fr\/petit-dejeuner-de-ladp-liege-le-6-decembre-prochain-2025-annee-de-changement-quels-impacts-pour-nos-entreprises-et-la-gestion-des-resources-humaines\/"]}]},{"@type":"BreadcrumbList","@id":"https:\/\/peoplesphere.be\/fr\/petit-dejeuner-de-ladp-liege-le-6-decembre-prochain-2025-annee-de-changement-quels-impacts-pour-nos-entreprises-et-la-gestion-des-resources-humaines\/#breadcrumb","itemListElement":[{"@type":"ListItem","position":1,"name":"Accueil","item":"https:\/\/peoplesphere.be\/fr\/"},{"@type":"ListItem","position":2,"name":"Petit d\u00e9jeuner de l&rsquo;ADP Li\u00e8ge le 6 d\u00e9cembre prochain: 2025, ann\u00e9e de changement? Quels impacts pour nos entreprises et la gestion des Ressources Humaines?"}]},{"@type":"WebSite","@id":"https:\/\/peoplesphere.be\/fr\/#website","url":"https:\/\/peoplesphere.be\/fr\/","name":"Peoplesphere","description":"The People Managers Magazine","publisher":{"@id":"https:\/\/peoplesphere.be\/fr\/#organization"},"potentialAction":[{"@type":"SearchAction","target":{"@type":"EntryPoint","urlTemplate":"https:\/\/peoplesphere.be\/fr\/?s={search_term_string}"},"query-input":"required name=search_term_string"}],"inLanguage":"fr-FR"},{"@type":"Organization","@id":"https:\/\/peoplesphere.be\/fr\/#organization","name":"Peoplesphere Company srl","url":"https:\/\/peoplesphere.be\/fr\/","logo":{"@type":"ImageObject","inLanguage":"fr-FR","@id":"https:\/\/peoplesphere.be\/fr\/#\/schema\/logo\/image\/","url":"https:\/\/peoplesphere.be\/fr\/wp-content\/uploads\/2023\/07\/peoplesphere-lgo-new-generik.jpg","contentUrl":"https:\/\/peoplesphere.be\/fr\/wp-content\/uploads\/2023\/07\/peoplesphere-lgo-new-generik.jpg","width":1031,"height":1479,"caption":"Peoplesphere Company srl"},"image":{"@id":"https:\/\/peoplesphere.be\/fr\/#\/schema\/logo\/image\/"},"sameAs":["https:\/\/www.facebook.com\/peoplesphere","https:\/\/twitter.com\/PeoplesphereMag","https:\/\/www.linkedin.com\/company\/7587361?trk","http:\/\/youtube.com\/peoplesphere"]},{"@type":"Person","@id":"https:\/\/peoplesphere.be\/fr\/#\/schema\/person\/7976225ff17988604334abb7b3536a7e","name":"Jean-Paul Erhard","image":{"@type":"ImageObject","inLanguage":"fr-FR","@id":"https:\/\/peoplesphere.be\/fr\/#\/schema\/person\/image\/","url":"https:\/\/secure.gravatar.com\/avatar\/f941e681460179738071629a51574930?s=96&d=mm&r=g","contentUrl":"https:\/\/secure.gravatar.com\/avatar\/f941e681460179738071629a51574930?s=96&d=mm&r=g","caption":"Jean-Paul Erhard"},"url":"https:\/\/peoplesphere.be\/fr\/author\/jpe\/"}]}},"_links":{"self":[{"href":"https:\/\/peoplesphere.be\/fr\/wp-json\/wp\/v2\/posts\/17011"}],"collection":[{"href":"https:\/\/peoplesphere.be\/fr\/wp-json\/wp\/v2\/posts"}],"about":[{"href":"https:\/\/peoplesphere.be\/fr\/wp-json\/wp\/v2\/types\/post"}],"author":[{"embeddable":true,"href":"https:\/\/peoplesphere.be\/fr\/wp-json\/wp\/v2\/users\/2"}],"replies":[{"embeddable":true,"href":"https:\/\/peoplesphere.be\/fr\/wp-json\/wp\/v2\/comments?post=17011"}],"version-history":[{"count":3,"href":"https:\/\/peoplesphere.be\/fr\/wp-json\/wp\/v2\/posts\/17011\/revisions"}],"predecessor-version":[{"id":17017,"href":"https:\/\/peoplesphere.be\/fr\/wp-json\/wp\/v2\/posts\/17011\/revisions\/17017"}],"wp:attachment":[{"href":"https:\/\/peoplesphere.be\/fr\/wp-json\/wp\/v2\/media?parent=17011"}],"wp:term":[{"taxonomy":"category","embeddable":true,"href":"https:\/\/peoplesphere.be\/fr\/wp-json\/wp\/v2\/categories?post=17011"},{"taxonomy":"post_tag","embeddable":true,"href":"https:\/\/peoplesphere.be\/fr\/wp-json\/wp\/v2\/tags?post=17011"}],"curies":[{"name":"wp","href":"https:\/\/api.w.org\/{rel}","templated":true}]}}