









{"id":17032,"date":"2024-11-20T21:20:40","date_gmt":"2024-11-20T19:20:40","guid":{"rendered":"https:\/\/peoplesphere.be\/fr\/?p=17032"},"modified":"2024-11-20T21:20:40","modified_gmt":"2024-11-20T19:20:40","slug":"treizieme-enquete-sur-les-generations-carriere-maitrise-de-lia-et-sante-mentale-au-sommet-des-preoccupations-des-jeunes-travailleurs","status":"publish","type":"post","link":"https:\/\/peoplesphere.be\/fr\/treizieme-enquete-sur-les-generations-carriere-maitrise-de-lia-et-sante-mentale-au-sommet-des-preoccupations-des-jeunes-travailleurs\/","title":{"rendered":"Treizi\u00e8me enqu\u00eate sur les g\u00e9n\u00e9rations: carri\u00e8re, ma\u00eetrise de l&rsquo;IA et sant\u00e9 mentale au sommet des pr\u00e9occupations des jeunes travailleurs."},"content":{"rendered":"<p>L&rsquo;enqu\u00eate 2024 de Deloitte sur les Gen Z et les millennials r\u00e9v\u00e8le que l&rsquo;\u00e9volution de carri\u00e8re, le d\u00e9veloppement de l&rsquo;apprentissage dans les domaines o\u00f9 l&rsquo;IA g\u00e9n\u00e9rative (GenAI) prend de plus en plus de place, et le soutien \u00e0 la sant\u00e9 mentale sont devenus les principaux facteurs qui d\u00e9terminent les d\u00e9cisions \u00e0 propos du travail pour les Gen Z et les millennials en Belgique.<!--more--><\/p>\n<p>Ces g\u00e9n\u00e9rations recherchent des employeurs qui offrent de solides opportunit\u00e9s de d\u00e9veloppement de carri\u00e8re, un apprentissage continu et des ressources favorisant le bien-\u00eatre pour les maintenir engag\u00e9s et motiv\u00e9s. L&rsquo;une des principales conclusions de l&rsquo;enqu\u00eate est que si l\u2019IA g\u00e9n\u00e9rative devient un \u00e9l\u00e9ment essentiel dans le d\u00e9veloppement de carri\u00e8re, son utilisation r\u00e9guli\u00e8re reste moindre, avec seulement 27% des Gen Z et 34% des millennials qui l\u2019utilisent r\u00e9guli\u00e8rement au travail. On remarque notamment que moins de la moiti\u00e9 des jeunes travailleurs se sentent actuellement \u00e0 l&rsquo;aise de travailler avec l&rsquo;IA g\u00e9n\u00e9rative.<\/p>\n<p><strong><em>Principales conclusions de l&rsquo;enqu\u00eate :<\/em><\/strong><\/p>\n<ul>\n<li>Alors que 27% des membres des Gen Z d\u00e9clarent avoir une bonne compr\u00e9hension de l&rsquo;IA g\u00e9n\u00e9rative, seuls 18% des millennials affirment la m\u00eame chose. Cette faible familiarit\u00e9 se refl\u00e8te dans l&rsquo;utilisation limit\u00e9e de l&rsquo;IA g\u00e9n\u00e9rative, avec 50% des Gen Z et 47 % des millennials d\u00e9clarant ne l\u2019utiliser que rarement voire jamais au travail.<\/li>\n<li>Les utilisateurs fr\u00e9quents de l&rsquo;IA g\u00e9n\u00e9rative ont une attitude plus positive \u00e0 l&rsquo;\u00e9gard de cette derni\u00e8re. En effet, 69% (Gen Z) et 57% (millennials) des utilisateurs fr\u00e9quents pensent que l&rsquo;IA g\u00e9n\u00e9rative peut permettre de lib\u00e9rer du temps et am\u00e9liorer l&rsquo;\u00e9quilibre entre vie professionnelle et vie priv\u00e9e, contre 45% (Gen Z) et 19% (millennials) pour ceux qui ne l\u2019ont jamais utilis\u00e9e.<\/li>\n<li>75% des membres des Gen Z et 73% des millennials en Belgique d\u00e9clarent que leur emploi actuel leur donne du sens et 68% des membres des Gen Z et 59% des millennials sont satisfaits des possibilit\u00e9s d&rsquo;acqu\u00e9rir de nouvelles comp\u00e9tences et de b\u00e9n\u00e9ficier d&rsquo;un mentorat.<\/li>\n<li>44% des membres des Gen Z et 59% des millennials d\u00e9clarent se sentir stress\u00e9s ou anxieux, pointant comme principaux facteurs un manque de soutien de la part de la direction, des longues heures de travail et un manque de temps pour terminer les t\u00e2ches. Par ailleurs, une personne sur trois d\u00e9clare que son employeur ne prend pas sa sant\u00e9 mentale au s\u00e9rieux.<\/li>\n<\/ul>\n<h3><strong><em>Moins de la moiti\u00e9 des jeunes travailleurs se sent \u00e0 l&rsquo;aise de travailler avec l\u2019IA g\u00e9n\u00e9rative<\/em><\/strong><\/h3>\n<p>L&rsquo;enqu\u00eate montre que les Gen Z et les millennials en Belgique sont partag\u00e9s \u00e0 l&rsquo;\u00e9gard de l&rsquo;IA g\u00e9n\u00e9rative, oscillant entre l&rsquo;incertitude et la fascination. Alors que 27% des membres des Gen Z d\u00e9clarent avoir une bonne compr\u00e9hension de l\u2019IA g\u00e9n\u00e9rative, seuls 18% des millennials affirment la m\u00eame chose. Cette familiarit\u00e9 relativement faible se refl\u00e8te dans l&rsquo;utilisation limit\u00e9e de l&rsquo;IA g\u00e9n\u00e9rative puisque 50% des membres des Gen Z et 47% des millennials d\u00e9clarant qu&rsquo;ils ne l&rsquo;utilisent rarement voire jamais au travail. Il est int\u00e9ressant de noter que l&rsquo;enqu\u00eate montre que les utilisateurs fr\u00e9quents de l\u2019IA g\u00e9n\u00e9rative ont une attitude plus positive \u00e0 l&rsquo;\u00e9gard de cette technologie. En effet, 69% des membres des Gen Z et 57% des millennials qui utilisent fr\u00e9quemment l\u2019IA g\u00e9n\u00e9rative pensent qu&rsquo;elle leur permettra de gagner du temps et d&rsquo;am\u00e9liorer leur \u00e9quilibre entre vie professionnelle et vie priv\u00e9e, contre seulement 45% des membres des Gen Z et 19% des millennials qui ne l&rsquo;ont jamais utilis\u00e9e.<\/p>\n<p>Les employeurs ont commenc\u00e9 \u00e0 investir dans la formation \u00e0 l\u2019IA g\u00e9n\u00e9rative, la moiti\u00e9 des deux g\u00e9n\u00e9rations d\u00e9clarant avoir d\u00e9j\u00e0 suivi une formation ou pr\u00e9voyant de le faire au cours de l&rsquo;ann\u00e9e \u00e0 venir. Cependant, il subsiste un \u00e9cart entre les attentes et la r\u00e9alit\u00e9, car seulement 54% des Gen Z et 39% des millennials estiment que leurs employeurs les forment suffisamment aux capacit\u00e9s et avantages de l\u2019IA g\u00e9n\u00e9rative. De plus, seuls 49% des membres des Gen Z et 42% des millennials se sentent actuellement \u00e0 l&rsquo;aise de travailler avec les syst\u00e8mes et les outils de l\u2019IA g\u00e9n\u00e9rative, ce qui r\u00e9v\u00e8le un \u00e9cart \u00e9vident entre les attentes et la r\u00e9alit\u00e9 que les employeurs doivent combler pour int\u00e9grer pleinement leur personnel.<\/p>\n<p><em>\u00ab\u00a0Le d\u00e9fi pour les organisations est de s&rsquo;assurer que leur personnel est \u00e0 la fois \u00e9quip\u00e9 et \u00e0 l\u2019aise avec l&rsquo;utilisation des outils de l\u2019IA g\u00e9n\u00e9rative. Bien que la formation soit essentielle, les organisations doivent aller plus loin en favorisant des environnements qui renforcent la confiance dans l&rsquo;IA, en encourageant l&rsquo;exp\u00e9rimentation et en cultivant la fluidit\u00e9 de l&rsquo;IA. Cela permettra \u00e0 terme de lib\u00e9rer le potentiel entier de l\u2019IA g\u00e9n\u00e9rative au travail\u00a0\u00bb,<\/em> d\u00e9clare Nathalie Vandaele, Human Capital Leader chez Deloitte Belgique.<\/p>\n<h3><strong><em>Deux jeunes travailleurs sur trois trouvent du sens \u00e0 leur travail<\/em><\/strong><\/h3>\n<p>Une majorit\u00e9 significative de jeunes travailleurs en Belgique trouvent un sens dans leur r\u00f4le, avec 75% des Gen Z et 73% des millennials d\u00e9clarant que leur emploi actuel leur procure un sentiment d&rsquo;utilit\u00e9. Ce sentiment d&rsquo;utilit\u00e9 va de pair avec les possibilit\u00e9s d&rsquo;\u00e9volution de carri\u00e8re, qui restent au c\u0153ur de la satisfaction professionnelle pour les deux g\u00e9n\u00e9rations. En effet, 68% des membres des Gen Z et 59% des millennials se d\u00e9clarent satisfaits des possibilit\u00e9s qui leur sont offertes d&rsquo;apprendre, de d\u00e9velopper de nouvelles comp\u00e9tences et de b\u00e9n\u00e9ficier d&rsquo;un mentorat. Pour les Gen Z, l&rsquo;apprentissage continu est particuli\u00e8rement important dans le cadre de leur parcours professionnel, tandis que les millennials se concentrent davantage sur des parcours de carri\u00e8re structur\u00e9s qui offrent une croissance \u00e0 long terme claire. Compte tenu de l&rsquo;impact futur de la directive europ\u00e9enne sur la transparence des r\u00e9mun\u00e9rations et de la plus grande clart\u00e9 qu&rsquo;elle apportera aux demandeurs d&#8217;emploi, l&rsquo;importance d&rsquo;autres facteurs allant au-del\u00e0 de la r\u00e9mun\u00e9ration, tels que les objectifs et les opportunit\u00e9s de d\u00e9veloppement de carri\u00e8re et d&rsquo;apprentissage, ne fera que s&rsquo;accro\u00eetre.<\/p>\n<p><em>\u00ab\u00a0Les organisations qui r\u00e9pondent \u00e0 ces attentes favorisent non seulement la satisfaction et la loyaut\u00e9 des employ\u00e9s, mais aussi leur r\u00e9tention en cr\u00e9ant des environnements dans lesquels ils se sentent engag\u00e9s et motiv\u00e9s. En alignant le d\u00e9veloppement de carri\u00e8re sur les aspirations de ces jeunes g\u00e9n\u00e9rations, les entreprises peuvent former un personnel qualifi\u00e9 et motiv\u00e9 qui est pr\u00eat pour un succ\u00e8s \u00e0 long terme\u00a0\u00bb,<\/em> d\u00e9clare Nathalie Vandaele, Human Capital Leader chez Deloitte Belgique.<\/p>\n<h3><strong><em>Une personne interrog\u00e9e sur trois d\u00e9clare que son employeur ne prend pas sa sant\u00e9 mentale au s\u00e9rieux<\/em><\/strong><\/h3>\n<p>L&rsquo;enqu\u00eate r\u00e9v\u00e8le que les niveaux de stress parmi les jeunes g\u00e9n\u00e9rations restent \u00e9lev\u00e9s, avec 44% des Gen Z et 59% des millennials d\u00e9clarant se sentir anxieux ou stress\u00e9s la plupart du temps. Si des facteurs externes contribuent \u00e0 cette anxi\u00e9t\u00e9, le travail reste une source constante de stress, puisque pr\u00e8s d&rsquo;une personne sur trois des deux g\u00e9n\u00e9rations d\u00e9clare que son travail contribue directement \u00e0 son anxi\u00e9t\u00e9, en raison d&rsquo;un manque de soutien de la part de la direction, de longues heures de travail et d&rsquo;un manque de temps pour accomplir les t\u00e2ches.<\/p>\n<p>La direction joue un r\u00f4le crucial dans la r\u00e9solution de ces probl\u00e8mes, mais 34% des membres des Gen Z et 30% des millennials estiment que leur employeur ne prend pas leur sant\u00e9 mentale au s\u00e9rieux. En outre, 30% des membres des Gen Z et 32% des millennials ne se sentent pas \u00e0 l&rsquo;aise de parler de leur sant\u00e9 mentale au travail, et une proportion importante d&rsquo;entre eux pensent que leurs responsables sont mal \u00e9quip\u00e9s pour g\u00e9rer le stress ou l&rsquo;anxi\u00e9t\u00e9 des employ\u00e9s. Les cadres sup\u00e9rieurs ont \u00e9galement un r\u00f4le essentiel \u00e0 jouer dans la d\u00e9stigmatisation de la sant\u00e9 mentale, mais environ 30% des deux g\u00e9n\u00e9rations d\u00e9clarent que leurs dirigeants accordent rarement la priorit\u00e9 \u00e0 la sant\u00e9 mentale ou partagent leurs propres exp\u00e9riences, ce qui contribue \u00e0 un manque de dialogue ouvert sur le lieu de travail.<\/p>\n<h3><strong><em>La diversit\u00e9 et l&rsquo;inclusion comme premi\u00e8re raison de quitter un emploi<\/em><\/strong><\/h3>\n<p>L&rsquo;enqu\u00eate r\u00e9v\u00e8le que la diversit\u00e9, l&rsquo;\u00e9quit\u00e9 et l&rsquo;inclusion (DEI) ne sont plus de simples pr\u00e9f\u00e9rences mais des facteurs d\u00e9cisifs pour les employ\u00e9s des Gen Z en Belgique. Pour la premi\u00e8re fois, le manque de DEI est apparu comme la premi\u00e8re raison pour laquelle les jeunes travailleurs quittent leur emploi. Les r\u00e9pondants des Gen Z recherchent des employeurs qui favorisent activement des environnements inclusifs et fournissent des mod\u00e8les visibles auxquels ils peuvent s&rsquo;identifier. Les organisations qui ne r\u00e9pondent pas \u00e0 ces attentes risquent de perdre des talents, car pr\u00e8s de 50% des membres des Gen Z et 43 % des millennials ont d\u00e9j\u00e0 refus\u00e9 des offres d&#8217;emploi pour des raisons \u00e9thiques.<\/p>\n<p>Nathalie Vandaele, Human Capital Leader chez Deloitte Belgique, souligne les opportunit\u00e9s pour les employeurs : \u00ab\u00a0<em>Les Gen Z et les millennials d\u00e9cident de travailler pour des employeurs qui s&rsquo;alignent sur leurs valeurs personnelles et professionnelles. Les organisations qui donnent la priorit\u00e9 \u00e0 la sant\u00e9 mentale, \u00e0 la diversit\u00e9 et au d\u00e9veloppement de carri\u00e8re r\u00e9ussiront \u00e0 attirer et \u00e0 garder les jeunes talents. Elles devraient s&rsquo;attarder \u00e0 rendre le travail meilleur pour les humains et les humains meilleurs pour le travail, en favorisant la durabilit\u00e9 humaine dans le milieu professionnel.\u00a0\u00bb<\/em><\/p>\n","protected":false},"excerpt":{"rendered":"<p>L&rsquo;enqu\u00eate 2024 de Deloitte sur les Gen Z et les millennials r\u00e9v\u00e8le que l&rsquo;\u00e9volution de carri\u00e8re, le d\u00e9veloppement de l&rsquo;apprentissage dans les domaines o\u00f9 l&rsquo;IA g\u00e9n\u00e9rative (GenAI) prend de plus en plus de place, et le soutien \u00e0 la sant\u00e9 [&hellip;]<\/p>\n","protected":false},"author":2,"featured_media":0,"comment_status":"closed","ping_status":"open","sticky":false,"template":"","format":"standard","meta":[],"categories":[65,10],"tags":[3656,3960,922],"yoast_head":"<!-- This site is optimized with the Yoast SEO plugin v21.0 - https:\/\/yoast.com\/wordpress\/plugins\/seo\/ -->\n<title>Treizi\u00e8me enqu\u00eate sur les g\u00e9n\u00e9rations: carri\u00e8re, ma\u00eetrise de l&#039;IA et sant\u00e9 mentale au sommet des pr\u00e9occupations des jeunes travailleurs. - Peoplesphere<\/title>\n<meta name=\"robots\" content=\"index, follow, max-snippet:-1, max-image-preview:large, max-video-preview:-1\" \/>\n<link rel=\"canonical\" href=\"https:\/\/peoplesphere.be\/fr\/treizieme-enquete-sur-les-generations-carriere-maitrise-de-lia-et-sante-mentale-au-sommet-des-preoccupations-des-jeunes-travailleurs\/\" \/>\n<meta property=\"og:locale\" content=\"fr_FR\" \/>\n<meta property=\"og:type\" content=\"article\" \/>\n<meta property=\"og:title\" content=\"Treizi\u00e8me enqu\u00eate sur les g\u00e9n\u00e9rations: carri\u00e8re, ma\u00eetrise de l&#039;IA et sant\u00e9 mentale au sommet des pr\u00e9occupations des jeunes travailleurs. - Peoplesphere\" \/>\n<meta property=\"og:description\" content=\"L&rsquo;enqu\u00eate 2024 de Deloitte sur les Gen Z et les millennials r\u00e9v\u00e8le que l&rsquo;\u00e9volution de carri\u00e8re, le d\u00e9veloppement de l&rsquo;apprentissage dans les domaines o\u00f9 l&rsquo;IA g\u00e9n\u00e9rative (GenAI) prend de plus en plus de place, et le soutien \u00e0 la sant\u00e9 [&hellip;]\" \/>\n<meta property=\"og:url\" content=\"https:\/\/peoplesphere.be\/fr\/treizieme-enquete-sur-les-generations-carriere-maitrise-de-lia-et-sante-mentale-au-sommet-des-preoccupations-des-jeunes-travailleurs\/\" \/>\n<meta property=\"og:site_name\" content=\"Peoplesphere\" \/>\n<meta property=\"article:publisher\" content=\"https:\/\/www.facebook.com\/peoplesphere\" \/>\n<meta property=\"article:published_time\" content=\"2024-11-20T19:20:40+00:00\" \/>\n<meta property=\"og:image\" content=\"http:\/\/www.peoplesphere.be\/fr\/wp-content\/uploads\/2016\/07\/facebook-default-posting-1200x628px.jpg\" \/>\n<meta name=\"author\" content=\"Jean-Paul Erhard\" \/>\n<meta name=\"twitter:card\" content=\"summary_large_image\" \/>\n<meta name=\"twitter:creator\" content=\"@PeoplesphereMag\" \/>\n<meta name=\"twitter:site\" content=\"@PeoplesphereMag\" \/>\n<meta name=\"twitter:label1\" content=\"\u00c9crit par\" \/>\n\t<meta name=\"twitter:data1\" content=\"Jean-Paul Erhard\" \/>\n\t<meta name=\"twitter:label2\" content=\"Dur\u00e9e de lecture estim\u00e9e\" \/>\n\t<meta name=\"twitter:data2\" content=\"8 minutes\" \/>\n<script type=\"application\/ld+json\" class=\"yoast-schema-graph\">{\"@context\":\"https:\/\/schema.org\",\"@graph\":[{\"@type\":\"Article\",\"@id\":\"https:\/\/peoplesphere.be\/fr\/treizieme-enquete-sur-les-generations-carriere-maitrise-de-lia-et-sante-mentale-au-sommet-des-preoccupations-des-jeunes-travailleurs\/#article\",\"isPartOf\":{\"@id\":\"https:\/\/peoplesphere.be\/fr\/treizieme-enquete-sur-les-generations-carriere-maitrise-de-lia-et-sante-mentale-au-sommet-des-preoccupations-des-jeunes-travailleurs\/\"},\"author\":{\"name\":\"Jean-Paul Erhard\",\"@id\":\"https:\/\/peoplesphere.be\/fr\/#\/schema\/person\/7976225ff17988604334abb7b3536a7e\"},\"headline\":\"Treizi\u00e8me enqu\u00eate sur les g\u00e9n\u00e9rations: carri\u00e8re, ma\u00eetrise de l&rsquo;IA et sant\u00e9 mentale au sommet des pr\u00e9occupations des jeunes travailleurs.\",\"datePublished\":\"2024-11-20T19:20:40+00:00\",\"dateModified\":\"2024-11-20T19:20:40+00:00\",\"mainEntityOfPage\":{\"@id\":\"https:\/\/peoplesphere.be\/fr\/treizieme-enquete-sur-les-generations-carriere-maitrise-de-lia-et-sante-mentale-au-sommet-des-preoccupations-des-jeunes-travailleurs\/\"},\"wordCount\":1646,\"publisher\":{\"@id\":\"https:\/\/peoplesphere.be\/fr\/#organization\"},\"keywords\":[\"Gen Z\",\"IA g\u00e9n\u00e9rative\",\"millennials\"],\"articleSection\":[\"Actualit\u00e9s\",\"Digital\"],\"inLanguage\":\"fr-FR\"},{\"@type\":\"WebPage\",\"@id\":\"https:\/\/peoplesphere.be\/fr\/treizieme-enquete-sur-les-generations-carriere-maitrise-de-lia-et-sante-mentale-au-sommet-des-preoccupations-des-jeunes-travailleurs\/\",\"url\":\"https:\/\/peoplesphere.be\/fr\/treizieme-enquete-sur-les-generations-carriere-maitrise-de-lia-et-sante-mentale-au-sommet-des-preoccupations-des-jeunes-travailleurs\/\",\"name\":\"Treizi\u00e8me enqu\u00eate sur les g\u00e9n\u00e9rations: carri\u00e8re, ma\u00eetrise de l'IA et sant\u00e9 mentale au sommet des pr\u00e9occupations des jeunes travailleurs. - Peoplesphere\",\"isPartOf\":{\"@id\":\"https:\/\/peoplesphere.be\/fr\/#website\"},\"datePublished\":\"2024-11-20T19:20:40+00:00\",\"dateModified\":\"2024-11-20T19:20:40+00:00\",\"breadcrumb\":{\"@id\":\"https:\/\/peoplesphere.be\/fr\/treizieme-enquete-sur-les-generations-carriere-maitrise-de-lia-et-sante-mentale-au-sommet-des-preoccupations-des-jeunes-travailleurs\/#breadcrumb\"},\"inLanguage\":\"fr-FR\",\"potentialAction\":[{\"@type\":\"ReadAction\",\"target\":[\"https:\/\/peoplesphere.be\/fr\/treizieme-enquete-sur-les-generations-carriere-maitrise-de-lia-et-sante-mentale-au-sommet-des-preoccupations-des-jeunes-travailleurs\/\"]}]},{\"@type\":\"BreadcrumbList\",\"@id\":\"https:\/\/peoplesphere.be\/fr\/treizieme-enquete-sur-les-generations-carriere-maitrise-de-lia-et-sante-mentale-au-sommet-des-preoccupations-des-jeunes-travailleurs\/#breadcrumb\",\"itemListElement\":[{\"@type\":\"ListItem\",\"position\":1,\"name\":\"Accueil\",\"item\":\"https:\/\/peoplesphere.be\/fr\/\"},{\"@type\":\"ListItem\",\"position\":2,\"name\":\"Treizi\u00e8me enqu\u00eate sur les g\u00e9n\u00e9rations: carri\u00e8re, ma\u00eetrise de l&rsquo;IA et sant\u00e9 mentale au sommet des pr\u00e9occupations des jeunes travailleurs.\"}]},{\"@type\":\"WebSite\",\"@id\":\"https:\/\/peoplesphere.be\/fr\/#website\",\"url\":\"https:\/\/peoplesphere.be\/fr\/\",\"name\":\"Peoplesphere\",\"description\":\"The People Managers Magazine\",\"publisher\":{\"@id\":\"https:\/\/peoplesphere.be\/fr\/#organization\"},\"potentialAction\":[{\"@type\":\"SearchAction\",\"target\":{\"@type\":\"EntryPoint\",\"urlTemplate\":\"https:\/\/peoplesphere.be\/fr\/?s={search_term_string}\"},\"query-input\":\"required name=search_term_string\"}],\"inLanguage\":\"fr-FR\"},{\"@type\":\"Organization\",\"@id\":\"https:\/\/peoplesphere.be\/fr\/#organization\",\"name\":\"Peoplesphere Company srl\",\"url\":\"https:\/\/peoplesphere.be\/fr\/\",\"logo\":{\"@type\":\"ImageObject\",\"inLanguage\":\"fr-FR\",\"@id\":\"https:\/\/peoplesphere.be\/fr\/#\/schema\/logo\/image\/\",\"url\":\"https:\/\/peoplesphere.be\/fr\/wp-content\/uploads\/2023\/07\/peoplesphere-lgo-new-generik.jpg\",\"contentUrl\":\"https:\/\/peoplesphere.be\/fr\/wp-content\/uploads\/2023\/07\/peoplesphere-lgo-new-generik.jpg\",\"width\":1031,\"height\":1479,\"caption\":\"Peoplesphere Company srl\"},\"image\":{\"@id\":\"https:\/\/peoplesphere.be\/fr\/#\/schema\/logo\/image\/\"},\"sameAs\":[\"https:\/\/www.facebook.com\/peoplesphere\",\"https:\/\/twitter.com\/PeoplesphereMag\",\"https:\/\/www.linkedin.com\/company\/7587361?trk\",\"http:\/\/youtube.com\/peoplesphere\"]},{\"@type\":\"Person\",\"@id\":\"https:\/\/peoplesphere.be\/fr\/#\/schema\/person\/7976225ff17988604334abb7b3536a7e\",\"name\":\"Jean-Paul Erhard\",\"image\":{\"@type\":\"ImageObject\",\"inLanguage\":\"fr-FR\",\"@id\":\"https:\/\/peoplesphere.be\/fr\/#\/schema\/person\/image\/\",\"url\":\"https:\/\/secure.gravatar.com\/avatar\/f941e681460179738071629a51574930?s=96&d=mm&r=g\",\"contentUrl\":\"https:\/\/secure.gravatar.com\/avatar\/f941e681460179738071629a51574930?s=96&d=mm&r=g\",\"caption\":\"Jean-Paul Erhard\"},\"url\":\"https:\/\/peoplesphere.be\/fr\/author\/jpe\/\"}]}<\/script>\n<!-- \/ Yoast SEO plugin. -->","yoast_head_json":{"title":"Treizi\u00e8me enqu\u00eate sur les g\u00e9n\u00e9rations: carri\u00e8re, ma\u00eetrise de l'IA et sant\u00e9 mentale au sommet des pr\u00e9occupations des jeunes travailleurs. - Peoplesphere","robots":{"index":"index","follow":"follow","max-snippet":"max-snippet:-1","max-image-preview":"max-image-preview:large","max-video-preview":"max-video-preview:-1"},"canonical":"https:\/\/peoplesphere.be\/fr\/treizieme-enquete-sur-les-generations-carriere-maitrise-de-lia-et-sante-mentale-au-sommet-des-preoccupations-des-jeunes-travailleurs\/","og_locale":"fr_FR","og_type":"article","og_title":"Treizi\u00e8me enqu\u00eate sur les g\u00e9n\u00e9rations: carri\u00e8re, ma\u00eetrise de l'IA et sant\u00e9 mentale au sommet des pr\u00e9occupations des jeunes travailleurs. - Peoplesphere","og_description":"L&rsquo;enqu\u00eate 2024 de Deloitte sur les Gen Z et les millennials r\u00e9v\u00e8le que l&rsquo;\u00e9volution de carri\u00e8re, le d\u00e9veloppement de l&rsquo;apprentissage dans les domaines o\u00f9 l&rsquo;IA g\u00e9n\u00e9rative (GenAI) prend de plus en plus de place, et le soutien \u00e0 la sant\u00e9 [&hellip;]","og_url":"https:\/\/peoplesphere.be\/fr\/treizieme-enquete-sur-les-generations-carriere-maitrise-de-lia-et-sante-mentale-au-sommet-des-preoccupations-des-jeunes-travailleurs\/","og_site_name":"Peoplesphere","article_publisher":"https:\/\/www.facebook.com\/peoplesphere","article_published_time":"2024-11-20T19:20:40+00:00","og_image":[{"url":"http:\/\/www.peoplesphere.be\/fr\/wp-content\/uploads\/2016\/07\/facebook-default-posting-1200x628px.jpg"}],"author":"Jean-Paul Erhard","twitter_card":"summary_large_image","twitter_creator":"@PeoplesphereMag","twitter_site":"@PeoplesphereMag","twitter_misc":{"\u00c9crit par":"Jean-Paul Erhard","Dur\u00e9e de lecture estim\u00e9e":"8 minutes"},"schema":{"@context":"https:\/\/schema.org","@graph":[{"@type":"Article","@id":"https:\/\/peoplesphere.be\/fr\/treizieme-enquete-sur-les-generations-carriere-maitrise-de-lia-et-sante-mentale-au-sommet-des-preoccupations-des-jeunes-travailleurs\/#article","isPartOf":{"@id":"https:\/\/peoplesphere.be\/fr\/treizieme-enquete-sur-les-generations-carriere-maitrise-de-lia-et-sante-mentale-au-sommet-des-preoccupations-des-jeunes-travailleurs\/"},"author":{"name":"Jean-Paul Erhard","@id":"https:\/\/peoplesphere.be\/fr\/#\/schema\/person\/7976225ff17988604334abb7b3536a7e"},"headline":"Treizi\u00e8me enqu\u00eate sur les g\u00e9n\u00e9rations: carri\u00e8re, ma\u00eetrise de l&rsquo;IA et sant\u00e9 mentale au sommet des pr\u00e9occupations des jeunes travailleurs.","datePublished":"2024-11-20T19:20:40+00:00","dateModified":"2024-11-20T19:20:40+00:00","mainEntityOfPage":{"@id":"https:\/\/peoplesphere.be\/fr\/treizieme-enquete-sur-les-generations-carriere-maitrise-de-lia-et-sante-mentale-au-sommet-des-preoccupations-des-jeunes-travailleurs\/"},"wordCount":1646,"publisher":{"@id":"https:\/\/peoplesphere.be\/fr\/#organization"},"keywords":["Gen Z","IA g\u00e9n\u00e9rative","millennials"],"articleSection":["Actualit\u00e9s","Digital"],"inLanguage":"fr-FR"},{"@type":"WebPage","@id":"https:\/\/peoplesphere.be\/fr\/treizieme-enquete-sur-les-generations-carriere-maitrise-de-lia-et-sante-mentale-au-sommet-des-preoccupations-des-jeunes-travailleurs\/","url":"https:\/\/peoplesphere.be\/fr\/treizieme-enquete-sur-les-generations-carriere-maitrise-de-lia-et-sante-mentale-au-sommet-des-preoccupations-des-jeunes-travailleurs\/","name":"Treizi\u00e8me enqu\u00eate sur les g\u00e9n\u00e9rations: carri\u00e8re, ma\u00eetrise de l'IA et sant\u00e9 mentale au sommet des pr\u00e9occupations des jeunes travailleurs. - Peoplesphere","isPartOf":{"@id":"https:\/\/peoplesphere.be\/fr\/#website"},"datePublished":"2024-11-20T19:20:40+00:00","dateModified":"2024-11-20T19:20:40+00:00","breadcrumb":{"@id":"https:\/\/peoplesphere.be\/fr\/treizieme-enquete-sur-les-generations-carriere-maitrise-de-lia-et-sante-mentale-au-sommet-des-preoccupations-des-jeunes-travailleurs\/#breadcrumb"},"inLanguage":"fr-FR","potentialAction":[{"@type":"ReadAction","target":["https:\/\/peoplesphere.be\/fr\/treizieme-enquete-sur-les-generations-carriere-maitrise-de-lia-et-sante-mentale-au-sommet-des-preoccupations-des-jeunes-travailleurs\/"]}]},{"@type":"BreadcrumbList","@id":"https:\/\/peoplesphere.be\/fr\/treizieme-enquete-sur-les-generations-carriere-maitrise-de-lia-et-sante-mentale-au-sommet-des-preoccupations-des-jeunes-travailleurs\/#breadcrumb","itemListElement":[{"@type":"ListItem","position":1,"name":"Accueil","item":"https:\/\/peoplesphere.be\/fr\/"},{"@type":"ListItem","position":2,"name":"Treizi\u00e8me enqu\u00eate sur les g\u00e9n\u00e9rations: carri\u00e8re, ma\u00eetrise de l&rsquo;IA et sant\u00e9 mentale au sommet des pr\u00e9occupations des jeunes travailleurs."}]},{"@type":"WebSite","@id":"https:\/\/peoplesphere.be\/fr\/#website","url":"https:\/\/peoplesphere.be\/fr\/","name":"Peoplesphere","description":"The People Managers Magazine","publisher":{"@id":"https:\/\/peoplesphere.be\/fr\/#organization"},"potentialAction":[{"@type":"SearchAction","target":{"@type":"EntryPoint","urlTemplate":"https:\/\/peoplesphere.be\/fr\/?s={search_term_string}"},"query-input":"required name=search_term_string"}],"inLanguage":"fr-FR"},{"@type":"Organization","@id":"https:\/\/peoplesphere.be\/fr\/#organization","name":"Peoplesphere Company srl","url":"https:\/\/peoplesphere.be\/fr\/","logo":{"@type":"ImageObject","inLanguage":"fr-FR","@id":"https:\/\/peoplesphere.be\/fr\/#\/schema\/logo\/image\/","url":"https:\/\/peoplesphere.be\/fr\/wp-content\/uploads\/2023\/07\/peoplesphere-lgo-new-generik.jpg","contentUrl":"https:\/\/peoplesphere.be\/fr\/wp-content\/uploads\/2023\/07\/peoplesphere-lgo-new-generik.jpg","width":1031,"height":1479,"caption":"Peoplesphere Company srl"},"image":{"@id":"https:\/\/peoplesphere.be\/fr\/#\/schema\/logo\/image\/"},"sameAs":["https:\/\/www.facebook.com\/peoplesphere","https:\/\/twitter.com\/PeoplesphereMag","https:\/\/www.linkedin.com\/company\/7587361?trk","http:\/\/youtube.com\/peoplesphere"]},{"@type":"Person","@id":"https:\/\/peoplesphere.be\/fr\/#\/schema\/person\/7976225ff17988604334abb7b3536a7e","name":"Jean-Paul Erhard","image":{"@type":"ImageObject","inLanguage":"fr-FR","@id":"https:\/\/peoplesphere.be\/fr\/#\/schema\/person\/image\/","url":"https:\/\/secure.gravatar.com\/avatar\/f941e681460179738071629a51574930?s=96&d=mm&r=g","contentUrl":"https:\/\/secure.gravatar.com\/avatar\/f941e681460179738071629a51574930?s=96&d=mm&r=g","caption":"Jean-Paul Erhard"},"url":"https:\/\/peoplesphere.be\/fr\/author\/jpe\/"}]}},"_links":{"self":[{"href":"https:\/\/peoplesphere.be\/fr\/wp-json\/wp\/v2\/posts\/17032"}],"collection":[{"href":"https:\/\/peoplesphere.be\/fr\/wp-json\/wp\/v2\/posts"}],"about":[{"href":"https:\/\/peoplesphere.be\/fr\/wp-json\/wp\/v2\/types\/post"}],"author":[{"embeddable":true,"href":"https:\/\/peoplesphere.be\/fr\/wp-json\/wp\/v2\/users\/2"}],"replies":[{"embeddable":true,"href":"https:\/\/peoplesphere.be\/fr\/wp-json\/wp\/v2\/comments?post=17032"}],"version-history":[{"count":1,"href":"https:\/\/peoplesphere.be\/fr\/wp-json\/wp\/v2\/posts\/17032\/revisions"}],"predecessor-version":[{"id":17033,"href":"https:\/\/peoplesphere.be\/fr\/wp-json\/wp\/v2\/posts\/17032\/revisions\/17033"}],"wp:attachment":[{"href":"https:\/\/peoplesphere.be\/fr\/wp-json\/wp\/v2\/media?parent=17032"}],"wp:term":[{"taxonomy":"category","embeddable":true,"href":"https:\/\/peoplesphere.be\/fr\/wp-json\/wp\/v2\/categories?post=17032"},{"taxonomy":"post_tag","embeddable":true,"href":"https:\/\/peoplesphere.be\/fr\/wp-json\/wp\/v2\/tags?post=17032"}],"curies":[{"name":"wp","href":"https:\/\/api.w.org\/{rel}","templated":true}]}}