









{"id":17034,"date":"2024-11-20T22:26:44","date_gmt":"2024-11-20T20:26:44","guid":{"rendered":"https:\/\/peoplesphere.be\/fr\/?p=17034"},"modified":"2024-11-21T05:15:20","modified_gmt":"2024-11-21T03:15:20","slug":"editorial-cliquez-ici-et-rencontrez-des-employeurs-qui-respectent-vos-priorites-ou-quand-la-guerre-des-talents-vous-fait-dire-nimporte-quoi","status":"publish","type":"post","link":"https:\/\/peoplesphere.be\/fr\/editorial-cliquez-ici-et-rencontrez-des-employeurs-qui-respectent-vos-priorites-ou-quand-la-guerre-des-talents-vous-fait-dire-nimporte-quoi\/","title":{"rendered":"Editorial \u2013 \u00ab\u00a0Cliquez ici et rencontrez des employeurs qui respectent vos priorit\u00e9s!\u00a0\u00bb (ou quand la guerre des talents vous fait dire n\u2019importe quoi\u2026)"},"content":{"rendered":"<p>Voici la punchline ou plut\u00f4t la promesse annonc\u00e9e par un portail de recrutement pour cl\u00f4turer les spots de sa communication mass m\u00e9dia\u2026 Nous avons failli nous \u00e9trangler lorsque nous avons entendu ce message pour la premi\u00e8re fois. Puis, en r\u00e9fl\u00e9chissant, il a fallu r\u00e9aliser que malheureusement, il est possible que cela fonctionne! Pourtant, cette affirmation \u2013 <em>des employeurs qui respectent vos priorit\u00e9s!<\/em> &#8211; n\u2019est ni r\u00e9aliste, ni souhaitable. On n\u2019entame pas une relation de travail sur un engagement qui ne pourra pas \u00eatre tenu dans tous les cas. C\u2019est l\u2019occasion de rappeler que tous les arguments ne sont pas bons pour attirer les talents dans nos filets. Et d\u2019expliquer pourquoi celui-ci est si peu appropri\u00e9\u2026<!--more--><\/p>\n<p>M\u00eame si ce n\u2019est que de la communication publicitaire, diffus\u00e9e et oubli\u00e9e en un instant, et dont le seul objectif consiste \u00e0 capter l\u2019attention, nous ne pouvions pas laisser passer. Attirer les candidats au voyage et leur promettre la lune, sans y avoir jamais pos\u00e9 la moindre empreinte, c\u2019est pratiquer le jeu de la s\u00e9duction dans ce qu\u2019il a de plus d\u00e9testable et court-termiste.<\/p>\n<h3><strong><em>Sur un malentendu, \u00e7a ne peut pas marcher.<\/em><\/strong><\/h3>\n<p>Dans le climat de d\u00e9fiance actuel, sur un march\u00e9 qui flirte avec le plein emploi malgr\u00e9 le nombre affolant de personnes d\u00e9sormais inaptes \u00e0 travailler, peut-on encore se permettre de d\u00e9cevoir nos collaborateurs avec des promesses absurdes? Car malgr\u00e9 toute l\u2019importance de ce que nous appelons l\u2019Exp\u00e9rience Collaborateur, l\u2019employeur n\u2019a pas de contrainte \u00e0 prendre en compte vis-\u00e0-vis des \u2018priorit\u00e9s\u2019 de ses collaborateurs. Faire et laisser croire aux travailleurs qu\u2019ils peuvent imposer leurs priorit\u00e9s est pernicieux.<\/p>\n<p>Comprenons-nous bien : ce qui est sous-entendu ici, ce sont les besoins personnels, ceux qui appartiennent \u00e0 la sph\u00e8re priv\u00e9e, qui devraient \u00eatre respect\u00e9s.<br \/>\nL\u2019entreprise doit-elle tenter de les prendre en compte ? Absolument. Est-elle oblig\u00e9e de le faire ? Pas du tout. Les employeurs qui y parviennent sont-ils nombreux ? Vraiment pas. Ils subissent pour la plupart les imp\u00e9ratifs des travailleurs qui pensent pouvoir dicter le rythme de la collaboration, au prix d\u2019une relation qui se d\u00e9t\u00e9riore. Cela manque clairement de concertation\u2026<\/p>\n<h3><strong><em>Cons\u00e9quences ? Une loyaut\u00e9 faible, un engagement limit\u00e9\u2026<\/em><\/strong><\/h3>\n<p>Au final, la r\u00e9ponse aux attentes diverses et vari\u00e9es des unes et des autres n\u2019est jamais parfaite. Et le petit jeu qui s\u2019installe entre les talents et l\u2019organisation consiste \u00e0 tester les limites du syst\u00e8me. Vient t\u00f4t ou tard le moment du d\u00e9saccord, fond\u00e9 sur le sentiment profond que les engagements mutuels n\u2019ont pas \u00e9t\u00e9 respect\u00e9s. Constat d\u2019\u00e9chec.<\/p>\n<p>D\u00e8s la premi\u00e8re rupture d\u2019une confiance que nous savons fragile, quelles sont les options disponibles? La plus simple et la plus frontale, c\u2019est la fin de la collaboration marqu\u00e9e par le d\u00e9part du travailleur. C\u2019est un recrutement rat\u00e9. Pas d\u2019attachement ni de loyaut\u00e9 \u00e0 honorer. Pas de drame. Disons qu\u2019on s\u2019est mal compris et qu\u2019on n\u2019est pas fait pour vivre ensemble. On se quitte et on s\u2019oublie.<\/p>\n<p>Mais ce n\u2019est pas la seule forme de ratage en mati\u00e8re de recrutement : certains collaborateurs sont en d\u00e9saccord avec leur employeur mais restent n\u00e9anmoins dans les murs avec un niveau d\u2019engagement qui plonge dans les t\u00e9n\u00e8bres. C\u2019est une nouvelle histoire, inint\u00e9ressante et interminable, qui commence. D\u00e9courageante. P\u00e9nible. Toxique.<\/p>\n<h3><strong><em>C\u2019est le collectif qui prime, avant les priorit\u00e9s individuelles.<\/em><\/strong><\/h3>\n<p>Comment \u00e9viter ces issues regrettables? Ne rien laisser hasard d\u00e8s les premiers jours, voire m\u00eame bien avant encore, \u00e9quivaut \u00e0 garantir une clart\u00e9 absolue sur la \u2018hi\u00e9rarchie\u2019 des besoins et priorit\u00e9s aupr\u00e8s de chacun.e. En quelques mots tout simplement : <strong><em>le collectif avant tout, l\u2019individuel ensuite \u00e0 chaque fois que cela sera possible.<\/em><\/strong><\/p>\n<p>Dans un monde id\u00e9al, nous pourrions imaginer que les priorit\u00e9s de l\u2019un (le collectif) et les priorit\u00e9s des autres (les individus) vont co\u00efncider ou se r\u00e9pondre. Au fond, c\u2019est \u00e0 cela que sert l\u2019analyse du cultural fit entre le travailleur et l\u2019entreprise ainsi que l\u2019alignement sur les valeurs corporate au moment du recrutement. La r\u00e9alit\u00e9 du terrain nous contredit parfois, voire souvent.<br \/>\nNous devons aller plus loin. Le deal qui consiste \u00e0 privil\u00e9gier les besoins du collectif doit \u00eatre annonc\u00e9, puis \u00e9crit et confirm\u00e9 dans nos pratiques quotidiennes.<\/p>\n<p>La \u2018guerre des talents\u2019 que se livrent les acteurs du march\u00e9 du recrutement n\u2019aide personne. A force de multiplier les fausses promesses, nous posons toutes les fondations d\u2019une m\u00e9fiance durable entre les travailleurs et leurs employeurs. Comment renoncer aux arguments trompeurs et autres grosses ficelles utilis\u00e9es pour aguicher les meilleurs talents? Le meilleur rem\u00e8de reste l\u2019authenticit\u00e9\u2026 et le d\u00e9veloppement d\u2019une forme de p\u00e9dagogie pour que celles et ceux qui nous rejoignent apprennent \u00e0 nous aimer aussi pour nos (petits) d\u00e9fauts.<\/p>\n<p>Jean-Paul Erhard<\/p>\n","protected":false},"excerpt":{"rendered":"<p>Voici la punchline ou plut\u00f4t la promesse annonc\u00e9e par un portail de recrutement pour cl\u00f4turer les spots de sa communication mass m\u00e9dia\u2026 Nous avons failli nous \u00e9trangler lorsque nous avons entendu ce message pour la premi\u00e8re fois. Puis, en r\u00e9fl\u00e9chissant, [&hellip;]<\/p>\n","protected":false},"author":2,"featured_media":17035,"comment_status":"closed","ping_status":"open","sticky":false,"template":"","format":"standard","meta":[],"categories":[65,62,10,2],"tags":[757,208,166,218,4196,72],"yoast_head":"<!-- This site is optimized with the Yoast SEO plugin v21.0 - https:\/\/yoast.com\/wordpress\/plugins\/seo\/ -->\n<title>Editorial \u2013 &quot;Cliquez ici et rencontrez des employeurs qui respectent vos priorit\u00e9s!&quot; (ou quand la guerre des talents vous fait dire n\u2019importe quoi\u2026) - Peoplesphere<\/title>\n<meta name=\"robots\" content=\"index, follow, max-snippet:-1, max-image-preview:large, max-video-preview:-1\" \/>\n<link rel=\"canonical\" href=\"https:\/\/peoplesphere.be\/fr\/editorial-cliquez-ici-et-rencontrez-des-employeurs-qui-respectent-vos-priorites-ou-quand-la-guerre-des-talents-vous-fait-dire-nimporte-quoi\/\" \/>\n<meta property=\"og:locale\" content=\"fr_FR\" \/>\n<meta property=\"og:type\" content=\"article\" \/>\n<meta property=\"og:title\" content=\"Editorial \u2013 &quot;Cliquez ici et rencontrez des employeurs qui respectent vos priorit\u00e9s!&quot; (ou quand la guerre des talents vous fait dire n\u2019importe quoi\u2026) - Peoplesphere\" \/>\n<meta property=\"og:description\" content=\"Voici la punchline ou plut\u00f4t la promesse annonc\u00e9e par un portail de recrutement pour cl\u00f4turer les spots de sa communication mass m\u00e9dia\u2026 Nous avons failli nous \u00e9trangler lorsque nous avons entendu ce message pour la premi\u00e8re fois. Puis, en r\u00e9fl\u00e9chissant, [&hellip;]\" \/>\n<meta property=\"og:url\" content=\"https:\/\/peoplesphere.be\/fr\/editorial-cliquez-ici-et-rencontrez-des-employeurs-qui-respectent-vos-priorites-ou-quand-la-guerre-des-talents-vous-fait-dire-nimporte-quoi\/\" \/>\n<meta property=\"og:site_name\" content=\"Peoplesphere\" \/>\n<meta property=\"article:publisher\" content=\"https:\/\/www.facebook.com\/peoplesphere\" \/>\n<meta property=\"article:published_time\" content=\"2024-11-20T20:26:44+00:00\" \/>\n<meta property=\"article:modified_time\" content=\"2024-11-21T03:15:20+00:00\" \/>\n<meta property=\"og:image\" content=\"https:\/\/peoplesphere.be\/fr\/wp-content\/uploads\/2024\/11\/20241121oneclictoheaven.jpg\" \/>\n\t<meta property=\"og:image:width\" content=\"768\" \/>\n\t<meta property=\"og:image:height\" content=\"512\" \/>\n\t<meta property=\"og:image:type\" content=\"image\/jpeg\" \/>\n<meta name=\"author\" content=\"Jean-Paul Erhard\" \/>\n<meta name=\"twitter:card\" content=\"summary_large_image\" \/>\n<meta name=\"twitter:creator\" content=\"@PeoplesphereMag\" \/>\n<meta name=\"twitter:site\" content=\"@PeoplesphereMag\" \/>\n<meta name=\"twitter:label1\" content=\"\u00c9crit par\" \/>\n\t<meta name=\"twitter:data1\" content=\"Jean-Paul Erhard\" \/>\n\t<meta name=\"twitter:label2\" content=\"Dur\u00e9e de lecture estim\u00e9e\" \/>\n\t<meta name=\"twitter:data2\" content=\"4 minutes\" \/>\n<script type=\"application\/ld+json\" class=\"yoast-schema-graph\">{\"@context\":\"https:\/\/schema.org\",\"@graph\":[{\"@type\":\"Article\",\"@id\":\"https:\/\/peoplesphere.be\/fr\/editorial-cliquez-ici-et-rencontrez-des-employeurs-qui-respectent-vos-priorites-ou-quand-la-guerre-des-talents-vous-fait-dire-nimporte-quoi\/#article\",\"isPartOf\":{\"@id\":\"https:\/\/peoplesphere.be\/fr\/editorial-cliquez-ici-et-rencontrez-des-employeurs-qui-respectent-vos-priorites-ou-quand-la-guerre-des-talents-vous-fait-dire-nimporte-quoi\/\"},\"author\":{\"name\":\"Jean-Paul Erhard\",\"@id\":\"https:\/\/peoplesphere.be\/fr\/#\/schema\/person\/7976225ff17988604334abb7b3536a7e\"},\"headline\":\"Editorial \u2013 \u00ab\u00a0Cliquez ici et rencontrez des employeurs qui respectent vos priorit\u00e9s!\u00a0\u00bb (ou quand la guerre des talents vous fait dire n\u2019importe quoi\u2026)\",\"datePublished\":\"2024-11-20T20:26:44+00:00\",\"dateModified\":\"2024-11-21T03:15:20+00:00\",\"mainEntityOfPage\":{\"@id\":\"https:\/\/peoplesphere.be\/fr\/editorial-cliquez-ici-et-rencontrez-des-employeurs-qui-respectent-vos-priorites-ou-quand-la-guerre-des-talents-vous-fait-dire-nimporte-quoi\/\"},\"wordCount\":877,\"publisher\":{\"@id\":\"https:\/\/peoplesphere.be\/fr\/#organization\"},\"keywords\":[\"collectif\",\"engagement\",\"exp\u00e9rience collaborateur\",\"guerre des talents\",\"promesse\",\"recrutement\"],\"articleSection\":[\"Actualit\u00e9s\",\"Articles\",\"Digital\",\"Magazine\"],\"inLanguage\":\"fr-FR\"},{\"@type\":\"WebPage\",\"@id\":\"https:\/\/peoplesphere.be\/fr\/editorial-cliquez-ici-et-rencontrez-des-employeurs-qui-respectent-vos-priorites-ou-quand-la-guerre-des-talents-vous-fait-dire-nimporte-quoi\/\",\"url\":\"https:\/\/peoplesphere.be\/fr\/editorial-cliquez-ici-et-rencontrez-des-employeurs-qui-respectent-vos-priorites-ou-quand-la-guerre-des-talents-vous-fait-dire-nimporte-quoi\/\",\"name\":\"Editorial \u2013 \\\"Cliquez ici et rencontrez des employeurs qui respectent vos priorit\u00e9s!\\\" (ou quand la guerre des talents vous fait dire n\u2019importe quoi\u2026) - Peoplesphere\",\"isPartOf\":{\"@id\":\"https:\/\/peoplesphere.be\/fr\/#website\"},\"datePublished\":\"2024-11-20T20:26:44+00:00\",\"dateModified\":\"2024-11-21T03:15:20+00:00\",\"breadcrumb\":{\"@id\":\"https:\/\/peoplesphere.be\/fr\/editorial-cliquez-ici-et-rencontrez-des-employeurs-qui-respectent-vos-priorites-ou-quand-la-guerre-des-talents-vous-fait-dire-nimporte-quoi\/#breadcrumb\"},\"inLanguage\":\"fr-FR\",\"potentialAction\":[{\"@type\":\"ReadAction\",\"target\":[\"https:\/\/peoplesphere.be\/fr\/editorial-cliquez-ici-et-rencontrez-des-employeurs-qui-respectent-vos-priorites-ou-quand-la-guerre-des-talents-vous-fait-dire-nimporte-quoi\/\"]}]},{\"@type\":\"BreadcrumbList\",\"@id\":\"https:\/\/peoplesphere.be\/fr\/editorial-cliquez-ici-et-rencontrez-des-employeurs-qui-respectent-vos-priorites-ou-quand-la-guerre-des-talents-vous-fait-dire-nimporte-quoi\/#breadcrumb\",\"itemListElement\":[{\"@type\":\"ListItem\",\"position\":1,\"name\":\"Accueil\",\"item\":\"https:\/\/peoplesphere.be\/fr\/\"},{\"@type\":\"ListItem\",\"position\":2,\"name\":\"Editorial \u2013 \u00ab\u00a0Cliquez ici et rencontrez des employeurs qui respectent vos priorit\u00e9s!\u00a0\u00bb (ou quand la guerre des talents vous fait dire n\u2019importe quoi\u2026)\"}]},{\"@type\":\"WebSite\",\"@id\":\"https:\/\/peoplesphere.be\/fr\/#website\",\"url\":\"https:\/\/peoplesphere.be\/fr\/\",\"name\":\"Peoplesphere\",\"description\":\"The People Managers Magazine\",\"publisher\":{\"@id\":\"https:\/\/peoplesphere.be\/fr\/#organization\"},\"potentialAction\":[{\"@type\":\"SearchAction\",\"target\":{\"@type\":\"EntryPoint\",\"urlTemplate\":\"https:\/\/peoplesphere.be\/fr\/?s={search_term_string}\"},\"query-input\":\"required name=search_term_string\"}],\"inLanguage\":\"fr-FR\"},{\"@type\":\"Organization\",\"@id\":\"https:\/\/peoplesphere.be\/fr\/#organization\",\"name\":\"Peoplesphere Company srl\",\"url\":\"https:\/\/peoplesphere.be\/fr\/\",\"logo\":{\"@type\":\"ImageObject\",\"inLanguage\":\"fr-FR\",\"@id\":\"https:\/\/peoplesphere.be\/fr\/#\/schema\/logo\/image\/\",\"url\":\"https:\/\/peoplesphere.be\/fr\/wp-content\/uploads\/2023\/07\/peoplesphere-lgo-new-generik.jpg\",\"contentUrl\":\"https:\/\/peoplesphere.be\/fr\/wp-content\/uploads\/2023\/07\/peoplesphere-lgo-new-generik.jpg\",\"width\":1031,\"height\":1479,\"caption\":\"Peoplesphere Company srl\"},\"image\":{\"@id\":\"https:\/\/peoplesphere.be\/fr\/#\/schema\/logo\/image\/\"},\"sameAs\":[\"https:\/\/www.facebook.com\/peoplesphere\",\"https:\/\/twitter.com\/PeoplesphereMag\",\"https:\/\/www.linkedin.com\/company\/7587361?trk\",\"http:\/\/youtube.com\/peoplesphere\"]},{\"@type\":\"Person\",\"@id\":\"https:\/\/peoplesphere.be\/fr\/#\/schema\/person\/7976225ff17988604334abb7b3536a7e\",\"name\":\"Jean-Paul Erhard\",\"image\":{\"@type\":\"ImageObject\",\"inLanguage\":\"fr-FR\",\"@id\":\"https:\/\/peoplesphere.be\/fr\/#\/schema\/person\/image\/\",\"url\":\"https:\/\/secure.gravatar.com\/avatar\/f941e681460179738071629a51574930?s=96&d=mm&r=g\",\"contentUrl\":\"https:\/\/secure.gravatar.com\/avatar\/f941e681460179738071629a51574930?s=96&d=mm&r=g\",\"caption\":\"Jean-Paul Erhard\"},\"url\":\"https:\/\/peoplesphere.be\/fr\/author\/jpe\/\"}]}<\/script>\n<!-- \/ Yoast SEO plugin. -->","yoast_head_json":{"title":"Editorial \u2013 \"Cliquez ici et rencontrez des employeurs qui respectent vos priorit\u00e9s!\" (ou quand la guerre des talents vous fait dire n\u2019importe quoi\u2026) - Peoplesphere","robots":{"index":"index","follow":"follow","max-snippet":"max-snippet:-1","max-image-preview":"max-image-preview:large","max-video-preview":"max-video-preview:-1"},"canonical":"https:\/\/peoplesphere.be\/fr\/editorial-cliquez-ici-et-rencontrez-des-employeurs-qui-respectent-vos-priorites-ou-quand-la-guerre-des-talents-vous-fait-dire-nimporte-quoi\/","og_locale":"fr_FR","og_type":"article","og_title":"Editorial \u2013 \"Cliquez ici et rencontrez des employeurs qui respectent vos priorit\u00e9s!\" (ou quand la guerre des talents vous fait dire n\u2019importe quoi\u2026) - Peoplesphere","og_description":"Voici la punchline ou plut\u00f4t la promesse annonc\u00e9e par un portail de recrutement pour cl\u00f4turer les spots de sa communication mass m\u00e9dia\u2026 Nous avons failli nous \u00e9trangler lorsque nous avons entendu ce message pour la premi\u00e8re fois. Puis, en r\u00e9fl\u00e9chissant, [&hellip;]","og_url":"https:\/\/peoplesphere.be\/fr\/editorial-cliquez-ici-et-rencontrez-des-employeurs-qui-respectent-vos-priorites-ou-quand-la-guerre-des-talents-vous-fait-dire-nimporte-quoi\/","og_site_name":"Peoplesphere","article_publisher":"https:\/\/www.facebook.com\/peoplesphere","article_published_time":"2024-11-20T20:26:44+00:00","article_modified_time":"2024-11-21T03:15:20+00:00","og_image":[{"width":768,"height":512,"url":"https:\/\/peoplesphere.be\/fr\/wp-content\/uploads\/2024\/11\/20241121oneclictoheaven.jpg","type":"image\/jpeg"}],"author":"Jean-Paul Erhard","twitter_card":"summary_large_image","twitter_creator":"@PeoplesphereMag","twitter_site":"@PeoplesphereMag","twitter_misc":{"\u00c9crit par":"Jean-Paul Erhard","Dur\u00e9e de lecture estim\u00e9e":"4 minutes"},"schema":{"@context":"https:\/\/schema.org","@graph":[{"@type":"Article","@id":"https:\/\/peoplesphere.be\/fr\/editorial-cliquez-ici-et-rencontrez-des-employeurs-qui-respectent-vos-priorites-ou-quand-la-guerre-des-talents-vous-fait-dire-nimporte-quoi\/#article","isPartOf":{"@id":"https:\/\/peoplesphere.be\/fr\/editorial-cliquez-ici-et-rencontrez-des-employeurs-qui-respectent-vos-priorites-ou-quand-la-guerre-des-talents-vous-fait-dire-nimporte-quoi\/"},"author":{"name":"Jean-Paul Erhard","@id":"https:\/\/peoplesphere.be\/fr\/#\/schema\/person\/7976225ff17988604334abb7b3536a7e"},"headline":"Editorial \u2013 \u00ab\u00a0Cliquez ici et rencontrez des employeurs qui respectent vos priorit\u00e9s!\u00a0\u00bb (ou quand la guerre des talents vous fait dire n\u2019importe quoi\u2026)","datePublished":"2024-11-20T20:26:44+00:00","dateModified":"2024-11-21T03:15:20+00:00","mainEntityOfPage":{"@id":"https:\/\/peoplesphere.be\/fr\/editorial-cliquez-ici-et-rencontrez-des-employeurs-qui-respectent-vos-priorites-ou-quand-la-guerre-des-talents-vous-fait-dire-nimporte-quoi\/"},"wordCount":877,"publisher":{"@id":"https:\/\/peoplesphere.be\/fr\/#organization"},"keywords":["collectif","engagement","exp\u00e9rience collaborateur","guerre des talents","promesse","recrutement"],"articleSection":["Actualit\u00e9s","Articles","Digital","Magazine"],"inLanguage":"fr-FR"},{"@type":"WebPage","@id":"https:\/\/peoplesphere.be\/fr\/editorial-cliquez-ici-et-rencontrez-des-employeurs-qui-respectent-vos-priorites-ou-quand-la-guerre-des-talents-vous-fait-dire-nimporte-quoi\/","url":"https:\/\/peoplesphere.be\/fr\/editorial-cliquez-ici-et-rencontrez-des-employeurs-qui-respectent-vos-priorites-ou-quand-la-guerre-des-talents-vous-fait-dire-nimporte-quoi\/","name":"Editorial \u2013 \"Cliquez ici et rencontrez des employeurs qui respectent vos priorit\u00e9s!\" (ou quand la guerre des talents vous fait dire n\u2019importe quoi\u2026) - Peoplesphere","isPartOf":{"@id":"https:\/\/peoplesphere.be\/fr\/#website"},"datePublished":"2024-11-20T20:26:44+00:00","dateModified":"2024-11-21T03:15:20+00:00","breadcrumb":{"@id":"https:\/\/peoplesphere.be\/fr\/editorial-cliquez-ici-et-rencontrez-des-employeurs-qui-respectent-vos-priorites-ou-quand-la-guerre-des-talents-vous-fait-dire-nimporte-quoi\/#breadcrumb"},"inLanguage":"fr-FR","potentialAction":[{"@type":"ReadAction","target":["https:\/\/peoplesphere.be\/fr\/editorial-cliquez-ici-et-rencontrez-des-employeurs-qui-respectent-vos-priorites-ou-quand-la-guerre-des-talents-vous-fait-dire-nimporte-quoi\/"]}]},{"@type":"BreadcrumbList","@id":"https:\/\/peoplesphere.be\/fr\/editorial-cliquez-ici-et-rencontrez-des-employeurs-qui-respectent-vos-priorites-ou-quand-la-guerre-des-talents-vous-fait-dire-nimporte-quoi\/#breadcrumb","itemListElement":[{"@type":"ListItem","position":1,"name":"Accueil","item":"https:\/\/peoplesphere.be\/fr\/"},{"@type":"ListItem","position":2,"name":"Editorial \u2013 \u00ab\u00a0Cliquez ici et rencontrez des employeurs qui respectent vos priorit\u00e9s!\u00a0\u00bb (ou quand la guerre des talents vous fait dire n\u2019importe quoi\u2026)"}]},{"@type":"WebSite","@id":"https:\/\/peoplesphere.be\/fr\/#website","url":"https:\/\/peoplesphere.be\/fr\/","name":"Peoplesphere","description":"The People Managers Magazine","publisher":{"@id":"https:\/\/peoplesphere.be\/fr\/#organization"},"potentialAction":[{"@type":"SearchAction","target":{"@type":"EntryPoint","urlTemplate":"https:\/\/peoplesphere.be\/fr\/?s={search_term_string}"},"query-input":"required name=search_term_string"}],"inLanguage":"fr-FR"},{"@type":"Organization","@id":"https:\/\/peoplesphere.be\/fr\/#organization","name":"Peoplesphere Company srl","url":"https:\/\/peoplesphere.be\/fr\/","logo":{"@type":"ImageObject","inLanguage":"fr-FR","@id":"https:\/\/peoplesphere.be\/fr\/#\/schema\/logo\/image\/","url":"https:\/\/peoplesphere.be\/fr\/wp-content\/uploads\/2023\/07\/peoplesphere-lgo-new-generik.jpg","contentUrl":"https:\/\/peoplesphere.be\/fr\/wp-content\/uploads\/2023\/07\/peoplesphere-lgo-new-generik.jpg","width":1031,"height":1479,"caption":"Peoplesphere Company srl"},"image":{"@id":"https:\/\/peoplesphere.be\/fr\/#\/schema\/logo\/image\/"},"sameAs":["https:\/\/www.facebook.com\/peoplesphere","https:\/\/twitter.com\/PeoplesphereMag","https:\/\/www.linkedin.com\/company\/7587361?trk","http:\/\/youtube.com\/peoplesphere"]},{"@type":"Person","@id":"https:\/\/peoplesphere.be\/fr\/#\/schema\/person\/7976225ff17988604334abb7b3536a7e","name":"Jean-Paul Erhard","image":{"@type":"ImageObject","inLanguage":"fr-FR","@id":"https:\/\/peoplesphere.be\/fr\/#\/schema\/person\/image\/","url":"https:\/\/secure.gravatar.com\/avatar\/f941e681460179738071629a51574930?s=96&d=mm&r=g","contentUrl":"https:\/\/secure.gravatar.com\/avatar\/f941e681460179738071629a51574930?s=96&d=mm&r=g","caption":"Jean-Paul Erhard"},"url":"https:\/\/peoplesphere.be\/fr\/author\/jpe\/"}]}},"_links":{"self":[{"href":"https:\/\/peoplesphere.be\/fr\/wp-json\/wp\/v2\/posts\/17034"}],"collection":[{"href":"https:\/\/peoplesphere.be\/fr\/wp-json\/wp\/v2\/posts"}],"about":[{"href":"https:\/\/peoplesphere.be\/fr\/wp-json\/wp\/v2\/types\/post"}],"author":[{"embeddable":true,"href":"https:\/\/peoplesphere.be\/fr\/wp-json\/wp\/v2\/users\/2"}],"replies":[{"embeddable":true,"href":"https:\/\/peoplesphere.be\/fr\/wp-json\/wp\/v2\/comments?post=17034"}],"version-history":[{"count":2,"href":"https:\/\/peoplesphere.be\/fr\/wp-json\/wp\/v2\/posts\/17034\/revisions"}],"predecessor-version":[{"id":17039,"href":"https:\/\/peoplesphere.be\/fr\/wp-json\/wp\/v2\/posts\/17034\/revisions\/17039"}],"wp:featuredmedia":[{"embeddable":true,"href":"https:\/\/peoplesphere.be\/fr\/wp-json\/wp\/v2\/media\/17035"}],"wp:attachment":[{"href":"https:\/\/peoplesphere.be\/fr\/wp-json\/wp\/v2\/media?parent=17034"}],"wp:term":[{"taxonomy":"category","embeddable":true,"href":"https:\/\/peoplesphere.be\/fr\/wp-json\/wp\/v2\/categories?post=17034"},{"taxonomy":"post_tag","embeddable":true,"href":"https:\/\/peoplesphere.be\/fr\/wp-json\/wp\/v2\/tags?post=17034"}],"curies":[{"name":"wp","href":"https:\/\/api.w.org\/{rel}","templated":true}]}}