









{"id":17042,"date":"2024-11-22T08:41:45","date_gmt":"2024-11-22T06:41:45","guid":{"rendered":"https:\/\/peoplesphere.be\/fr\/?p=17042"},"modified":"2024-11-22T08:41:45","modified_gmt":"2024-11-22T06:41:45","slug":"richesse-des-menages-dans-la-zone-euro-les-inegalites-se-renforcent","status":"publish","type":"post","link":"https:\/\/peoplesphere.be\/fr\/richesse-des-menages-dans-la-zone-euro-les-inegalites-se-renforcent\/","title":{"rendered":"Richesse des m\u00e9nages dans la zone euro: les in\u00e9galit\u00e9s se renforcent."},"content":{"rendered":"<p>Les in\u00e9galit\u00e9s de richesse sont devenues un sujet de discussion incontournable dans les forums publics, les cercles universitaires et la sph\u00e8re politique. L\u2019int\u00e9r\u00eat croissant pour cette question, que ce soit du point de vue des politiques \u00e9conomiques ou plus sp\u00e9cifiquement en raison de ses liens avec la politique mon\u00e9taire, a conduit les banques centrales \u00e0 collecter des donn\u00e9es sur la richesse des m\u00e9nages et sur sa r\u00e9partition.<!--more--><\/p>\n<p>Ces constats s\u2019appuient sur de nouvelles donn\u00e9es et traite de diverses questions relatives \u00e0 la distribution de la richesse en Belgique. Les m\u00e9nages belges sont-ils plus riches que ceux des autres pays europ\u00e9ens? Les in\u00e9galit\u00e9s de richesse sont-elles plus \u00e9lev\u00e9es ou plus faibles en Belgique ? Quelles sont les composantes du patrimoine qui contribuent \u00e0 accro\u00eetre ou \u00e0 r\u00e9duire les in\u00e9galit\u00e9s de richesse? Quels sous-groupes de la population sont d\u00e9favoris\u00e9s sur le plan de l\u2019accumulation de patrimoine ?<\/p>\n<p>En moyenne, les m\u00e9nages belges comptent parmi les plus ais\u00e9s de la zone euro, mais, ces derni\u00e8res ann\u00e9es, leur patrimoine a augment\u00e9 moins rapidement que dans de nombreux autres pays. Cela peut s\u2019expliquer par la croissance moins prononc\u00e9e des prix de l\u2019immobilier en Belgique.<\/p>\n<p>En mati\u00e8re d\u2019in\u00e9galit\u00e9s de richesse, la Belgique se situe \u00e0 un niveau proche de la moyenne des pays de la zone euro. Sur le plan national, certains groupes socio\u00e9conomiques sp\u00e9cifiques se trouvent toutefois dans une position plus d\u00e9favorable lorsqu\u2019il s\u2019agit d\u2019accumuler de la richesse. C\u2019est par exemple le cas des familles \u00e0 faibles revenus, des m\u00e9nages dirig\u00e9s par un adulte seul, des m\u00e8res c\u00e9libataires et des personnes qui ne sont pas propri\u00e9taires de leur logement.<\/p>\n<p>S\u2019agissant de l\u2019accumulation de patrimoine, le fait d\u2019\u00eatre propri\u00e9taire de son logement est un facteur important en Belgique. Cette composante est r\u00e9partie de mani\u00e8re plus uniforme au sein de la population que la possession d\u2019autres actifs, et elle r\u00e9duit les in\u00e9galit\u00e9s de richesse. Cette analyse fournit des arguments en faveur de politiques de logement qui facilitent l&rsquo;accession \u00e0 la propri\u00e9t\u00e9 des m\u00e9nages moins ais\u00e9s.<\/p>\n<p>&nbsp;<\/p>\n<p><em>Source: Banque Nationale de Belgique<\/em><\/p>\n","protected":false},"excerpt":{"rendered":"<p>Les in\u00e9galit\u00e9s de richesse sont devenues un sujet de discussion incontournable dans les forums publics, les cercles universitaires et la sph\u00e8re politique. L\u2019int\u00e9r\u00eat croissant pour cette question, que ce soit du point de vue des politiques \u00e9conomiques ou plus sp\u00e9cifiquement [&hellip;]<\/p>\n","protected":false},"author":2,"featured_media":0,"comment_status":"closed","ping_status":"open","sticky":false,"template":"","format":"standard","meta":[],"categories":[65,10],"tags":[2447,1133,4197,680],"yoast_head":"<!-- This site is optimized with the Yoast SEO plugin v21.0 - https:\/\/yoast.com\/wordpress\/plugins\/seo\/ -->\n<title>Richesse des m\u00e9nages dans la zone euro: les in\u00e9galit\u00e9s se renforcent. - Peoplesphere<\/title>\n<meta name=\"robots\" content=\"index, follow, max-snippet:-1, max-image-preview:large, max-video-preview:-1\" \/>\n<link rel=\"canonical\" href=\"https:\/\/peoplesphere.be\/fr\/richesse-des-menages-dans-la-zone-euro-les-inegalites-se-renforcent\/\" \/>\n<meta property=\"og:locale\" content=\"fr_FR\" \/>\n<meta property=\"og:type\" content=\"article\" \/>\n<meta property=\"og:title\" content=\"Richesse des m\u00e9nages dans la zone euro: les in\u00e9galit\u00e9s se renforcent. - Peoplesphere\" \/>\n<meta property=\"og:description\" content=\"Les in\u00e9galit\u00e9s de richesse sont devenues un sujet de discussion incontournable dans les forums publics, les cercles universitaires et la sph\u00e8re politique. L\u2019int\u00e9r\u00eat croissant pour cette question, que ce soit du point de vue des politiques \u00e9conomiques ou plus sp\u00e9cifiquement [&hellip;]\" \/>\n<meta property=\"og:url\" content=\"https:\/\/peoplesphere.be\/fr\/richesse-des-menages-dans-la-zone-euro-les-inegalites-se-renforcent\/\" \/>\n<meta property=\"og:site_name\" content=\"Peoplesphere\" \/>\n<meta property=\"article:publisher\" content=\"https:\/\/www.facebook.com\/peoplesphere\" \/>\n<meta property=\"article:published_time\" content=\"2024-11-22T06:41:45+00:00\" \/>\n<meta property=\"og:image\" content=\"http:\/\/www.peoplesphere.be\/fr\/wp-content\/uploads\/2016\/07\/facebook-default-posting-1200x628px.jpg\" \/>\n<meta name=\"author\" content=\"Jean-Paul Erhard\" \/>\n<meta name=\"twitter:card\" content=\"summary_large_image\" \/>\n<meta name=\"twitter:creator\" content=\"@PeoplesphereMag\" \/>\n<meta name=\"twitter:site\" content=\"@PeoplesphereMag\" \/>\n<meta name=\"twitter:label1\" content=\"\u00c9crit par\" \/>\n\t<meta name=\"twitter:data1\" content=\"Jean-Paul Erhard\" \/>\n\t<meta name=\"twitter:label2\" content=\"Dur\u00e9e de lecture estim\u00e9e\" \/>\n\t<meta name=\"twitter:data2\" content=\"2 minutes\" \/>\n<script type=\"application\/ld+json\" class=\"yoast-schema-graph\">{\"@context\":\"https:\/\/schema.org\",\"@graph\":[{\"@type\":\"Article\",\"@id\":\"https:\/\/peoplesphere.be\/fr\/richesse-des-menages-dans-la-zone-euro-les-inegalites-se-renforcent\/#article\",\"isPartOf\":{\"@id\":\"https:\/\/peoplesphere.be\/fr\/richesse-des-menages-dans-la-zone-euro-les-inegalites-se-renforcent\/\"},\"author\":{\"name\":\"Jean-Paul Erhard\",\"@id\":\"https:\/\/peoplesphere.be\/fr\/#\/schema\/person\/7976225ff17988604334abb7b3536a7e\"},\"headline\":\"Richesse des m\u00e9nages dans la zone euro: les in\u00e9galit\u00e9s se renforcent.\",\"datePublished\":\"2024-11-22T06:41:45+00:00\",\"dateModified\":\"2024-11-22T06:41:45+00:00\",\"mainEntityOfPage\":{\"@id\":\"https:\/\/peoplesphere.be\/fr\/richesse-des-menages-dans-la-zone-euro-les-inegalites-se-renforcent\/\"},\"wordCount\":400,\"publisher\":{\"@id\":\"https:\/\/peoplesphere.be\/fr\/#organization\"},\"keywords\":[\"immobilier\",\"in\u00e9galit\u00e9s\",\"patrimoine\",\"revenus\"],\"articleSection\":[\"Actualit\u00e9s\",\"Digital\"],\"inLanguage\":\"fr-FR\"},{\"@type\":\"WebPage\",\"@id\":\"https:\/\/peoplesphere.be\/fr\/richesse-des-menages-dans-la-zone-euro-les-inegalites-se-renforcent\/\",\"url\":\"https:\/\/peoplesphere.be\/fr\/richesse-des-menages-dans-la-zone-euro-les-inegalites-se-renforcent\/\",\"name\":\"Richesse des m\u00e9nages dans la zone euro: les in\u00e9galit\u00e9s se renforcent. - Peoplesphere\",\"isPartOf\":{\"@id\":\"https:\/\/peoplesphere.be\/fr\/#website\"},\"datePublished\":\"2024-11-22T06:41:45+00:00\",\"dateModified\":\"2024-11-22T06:41:45+00:00\",\"breadcrumb\":{\"@id\":\"https:\/\/peoplesphere.be\/fr\/richesse-des-menages-dans-la-zone-euro-les-inegalites-se-renforcent\/#breadcrumb\"},\"inLanguage\":\"fr-FR\",\"potentialAction\":[{\"@type\":\"ReadAction\",\"target\":[\"https:\/\/peoplesphere.be\/fr\/richesse-des-menages-dans-la-zone-euro-les-inegalites-se-renforcent\/\"]}]},{\"@type\":\"BreadcrumbList\",\"@id\":\"https:\/\/peoplesphere.be\/fr\/richesse-des-menages-dans-la-zone-euro-les-inegalites-se-renforcent\/#breadcrumb\",\"itemListElement\":[{\"@type\":\"ListItem\",\"position\":1,\"name\":\"Accueil\",\"item\":\"https:\/\/peoplesphere.be\/fr\/\"},{\"@type\":\"ListItem\",\"position\":2,\"name\":\"Richesse des m\u00e9nages dans la zone euro: les in\u00e9galit\u00e9s se renforcent.\"}]},{\"@type\":\"WebSite\",\"@id\":\"https:\/\/peoplesphere.be\/fr\/#website\",\"url\":\"https:\/\/peoplesphere.be\/fr\/\",\"name\":\"Peoplesphere\",\"description\":\"The People Managers Magazine\",\"publisher\":{\"@id\":\"https:\/\/peoplesphere.be\/fr\/#organization\"},\"potentialAction\":[{\"@type\":\"SearchAction\",\"target\":{\"@type\":\"EntryPoint\",\"urlTemplate\":\"https:\/\/peoplesphere.be\/fr\/?s={search_term_string}\"},\"query-input\":\"required name=search_term_string\"}],\"inLanguage\":\"fr-FR\"},{\"@type\":\"Organization\",\"@id\":\"https:\/\/peoplesphere.be\/fr\/#organization\",\"name\":\"Peoplesphere Company srl\",\"url\":\"https:\/\/peoplesphere.be\/fr\/\",\"logo\":{\"@type\":\"ImageObject\",\"inLanguage\":\"fr-FR\",\"@id\":\"https:\/\/peoplesphere.be\/fr\/#\/schema\/logo\/image\/\",\"url\":\"https:\/\/peoplesphere.be\/fr\/wp-content\/uploads\/2023\/07\/peoplesphere-lgo-new-generik.jpg\",\"contentUrl\":\"https:\/\/peoplesphere.be\/fr\/wp-content\/uploads\/2023\/07\/peoplesphere-lgo-new-generik.jpg\",\"width\":1031,\"height\":1479,\"caption\":\"Peoplesphere Company srl\"},\"image\":{\"@id\":\"https:\/\/peoplesphere.be\/fr\/#\/schema\/logo\/image\/\"},\"sameAs\":[\"https:\/\/www.facebook.com\/peoplesphere\",\"https:\/\/twitter.com\/PeoplesphereMag\",\"https:\/\/www.linkedin.com\/company\/7587361?trk\",\"http:\/\/youtube.com\/peoplesphere\"]},{\"@type\":\"Person\",\"@id\":\"https:\/\/peoplesphere.be\/fr\/#\/schema\/person\/7976225ff17988604334abb7b3536a7e\",\"name\":\"Jean-Paul Erhard\",\"image\":{\"@type\":\"ImageObject\",\"inLanguage\":\"fr-FR\",\"@id\":\"https:\/\/peoplesphere.be\/fr\/#\/schema\/person\/image\/\",\"url\":\"https:\/\/secure.gravatar.com\/avatar\/f941e681460179738071629a51574930?s=96&d=mm&r=g\",\"contentUrl\":\"https:\/\/secure.gravatar.com\/avatar\/f941e681460179738071629a51574930?s=96&d=mm&r=g\",\"caption\":\"Jean-Paul Erhard\"},\"url\":\"https:\/\/peoplesphere.be\/fr\/author\/jpe\/\"}]}<\/script>\n<!-- \/ Yoast SEO plugin. -->","yoast_head_json":{"title":"Richesse des m\u00e9nages dans la zone euro: les in\u00e9galit\u00e9s se renforcent. - Peoplesphere","robots":{"index":"index","follow":"follow","max-snippet":"max-snippet:-1","max-image-preview":"max-image-preview:large","max-video-preview":"max-video-preview:-1"},"canonical":"https:\/\/peoplesphere.be\/fr\/richesse-des-menages-dans-la-zone-euro-les-inegalites-se-renforcent\/","og_locale":"fr_FR","og_type":"article","og_title":"Richesse des m\u00e9nages dans la zone euro: les in\u00e9galit\u00e9s se renforcent. - Peoplesphere","og_description":"Les in\u00e9galit\u00e9s de richesse sont devenues un sujet de discussion incontournable dans les forums publics, les cercles universitaires et la sph\u00e8re politique. L\u2019int\u00e9r\u00eat croissant pour cette question, que ce soit du point de vue des politiques \u00e9conomiques ou plus sp\u00e9cifiquement [&hellip;]","og_url":"https:\/\/peoplesphere.be\/fr\/richesse-des-menages-dans-la-zone-euro-les-inegalites-se-renforcent\/","og_site_name":"Peoplesphere","article_publisher":"https:\/\/www.facebook.com\/peoplesphere","article_published_time":"2024-11-22T06:41:45+00:00","og_image":[{"url":"http:\/\/www.peoplesphere.be\/fr\/wp-content\/uploads\/2016\/07\/facebook-default-posting-1200x628px.jpg"}],"author":"Jean-Paul Erhard","twitter_card":"summary_large_image","twitter_creator":"@PeoplesphereMag","twitter_site":"@PeoplesphereMag","twitter_misc":{"\u00c9crit par":"Jean-Paul Erhard","Dur\u00e9e de lecture estim\u00e9e":"2 minutes"},"schema":{"@context":"https:\/\/schema.org","@graph":[{"@type":"Article","@id":"https:\/\/peoplesphere.be\/fr\/richesse-des-menages-dans-la-zone-euro-les-inegalites-se-renforcent\/#article","isPartOf":{"@id":"https:\/\/peoplesphere.be\/fr\/richesse-des-menages-dans-la-zone-euro-les-inegalites-se-renforcent\/"},"author":{"name":"Jean-Paul Erhard","@id":"https:\/\/peoplesphere.be\/fr\/#\/schema\/person\/7976225ff17988604334abb7b3536a7e"},"headline":"Richesse des m\u00e9nages dans la zone euro: les in\u00e9galit\u00e9s se renforcent.","datePublished":"2024-11-22T06:41:45+00:00","dateModified":"2024-11-22T06:41:45+00:00","mainEntityOfPage":{"@id":"https:\/\/peoplesphere.be\/fr\/richesse-des-menages-dans-la-zone-euro-les-inegalites-se-renforcent\/"},"wordCount":400,"publisher":{"@id":"https:\/\/peoplesphere.be\/fr\/#organization"},"keywords":["immobilier","in\u00e9galit\u00e9s","patrimoine","revenus"],"articleSection":["Actualit\u00e9s","Digital"],"inLanguage":"fr-FR"},{"@type":"WebPage","@id":"https:\/\/peoplesphere.be\/fr\/richesse-des-menages-dans-la-zone-euro-les-inegalites-se-renforcent\/","url":"https:\/\/peoplesphere.be\/fr\/richesse-des-menages-dans-la-zone-euro-les-inegalites-se-renforcent\/","name":"Richesse des m\u00e9nages dans la zone euro: les in\u00e9galit\u00e9s se renforcent. - Peoplesphere","isPartOf":{"@id":"https:\/\/peoplesphere.be\/fr\/#website"},"datePublished":"2024-11-22T06:41:45+00:00","dateModified":"2024-11-22T06:41:45+00:00","breadcrumb":{"@id":"https:\/\/peoplesphere.be\/fr\/richesse-des-menages-dans-la-zone-euro-les-inegalites-se-renforcent\/#breadcrumb"},"inLanguage":"fr-FR","potentialAction":[{"@type":"ReadAction","target":["https:\/\/peoplesphere.be\/fr\/richesse-des-menages-dans-la-zone-euro-les-inegalites-se-renforcent\/"]}]},{"@type":"BreadcrumbList","@id":"https:\/\/peoplesphere.be\/fr\/richesse-des-menages-dans-la-zone-euro-les-inegalites-se-renforcent\/#breadcrumb","itemListElement":[{"@type":"ListItem","position":1,"name":"Accueil","item":"https:\/\/peoplesphere.be\/fr\/"},{"@type":"ListItem","position":2,"name":"Richesse des m\u00e9nages dans la zone euro: les in\u00e9galit\u00e9s se renforcent."}]},{"@type":"WebSite","@id":"https:\/\/peoplesphere.be\/fr\/#website","url":"https:\/\/peoplesphere.be\/fr\/","name":"Peoplesphere","description":"The People Managers Magazine","publisher":{"@id":"https:\/\/peoplesphere.be\/fr\/#organization"},"potentialAction":[{"@type":"SearchAction","target":{"@type":"EntryPoint","urlTemplate":"https:\/\/peoplesphere.be\/fr\/?s={search_term_string}"},"query-input":"required name=search_term_string"}],"inLanguage":"fr-FR"},{"@type":"Organization","@id":"https:\/\/peoplesphere.be\/fr\/#organization","name":"Peoplesphere Company srl","url":"https:\/\/peoplesphere.be\/fr\/","logo":{"@type":"ImageObject","inLanguage":"fr-FR","@id":"https:\/\/peoplesphere.be\/fr\/#\/schema\/logo\/image\/","url":"https:\/\/peoplesphere.be\/fr\/wp-content\/uploads\/2023\/07\/peoplesphere-lgo-new-generik.jpg","contentUrl":"https:\/\/peoplesphere.be\/fr\/wp-content\/uploads\/2023\/07\/peoplesphere-lgo-new-generik.jpg","width":1031,"height":1479,"caption":"Peoplesphere Company srl"},"image":{"@id":"https:\/\/peoplesphere.be\/fr\/#\/schema\/logo\/image\/"},"sameAs":["https:\/\/www.facebook.com\/peoplesphere","https:\/\/twitter.com\/PeoplesphereMag","https:\/\/www.linkedin.com\/company\/7587361?trk","http:\/\/youtube.com\/peoplesphere"]},{"@type":"Person","@id":"https:\/\/peoplesphere.be\/fr\/#\/schema\/person\/7976225ff17988604334abb7b3536a7e","name":"Jean-Paul Erhard","image":{"@type":"ImageObject","inLanguage":"fr-FR","@id":"https:\/\/peoplesphere.be\/fr\/#\/schema\/person\/image\/","url":"https:\/\/secure.gravatar.com\/avatar\/f941e681460179738071629a51574930?s=96&d=mm&r=g","contentUrl":"https:\/\/secure.gravatar.com\/avatar\/f941e681460179738071629a51574930?s=96&d=mm&r=g","caption":"Jean-Paul Erhard"},"url":"https:\/\/peoplesphere.be\/fr\/author\/jpe\/"}]}},"_links":{"self":[{"href":"https:\/\/peoplesphere.be\/fr\/wp-json\/wp\/v2\/posts\/17042"}],"collection":[{"href":"https:\/\/peoplesphere.be\/fr\/wp-json\/wp\/v2\/posts"}],"about":[{"href":"https:\/\/peoplesphere.be\/fr\/wp-json\/wp\/v2\/types\/post"}],"author":[{"embeddable":true,"href":"https:\/\/peoplesphere.be\/fr\/wp-json\/wp\/v2\/users\/2"}],"replies":[{"embeddable":true,"href":"https:\/\/peoplesphere.be\/fr\/wp-json\/wp\/v2\/comments?post=17042"}],"version-history":[{"count":1,"href":"https:\/\/peoplesphere.be\/fr\/wp-json\/wp\/v2\/posts\/17042\/revisions"}],"predecessor-version":[{"id":17043,"href":"https:\/\/peoplesphere.be\/fr\/wp-json\/wp\/v2\/posts\/17042\/revisions\/17043"}],"wp:attachment":[{"href":"https:\/\/peoplesphere.be\/fr\/wp-json\/wp\/v2\/media?parent=17042"}],"wp:term":[{"taxonomy":"category","embeddable":true,"href":"https:\/\/peoplesphere.be\/fr\/wp-json\/wp\/v2\/categories?post=17042"},{"taxonomy":"post_tag","embeddable":true,"href":"https:\/\/peoplesphere.be\/fr\/wp-json\/wp\/v2\/tags?post=17042"}],"curies":[{"name":"wp","href":"https:\/\/api.w.org\/{rel}","templated":true}]}}