









{"id":17087,"date":"2024-12-03T15:27:50","date_gmt":"2024-12-03T13:27:50","guid":{"rendered":"https:\/\/peoplesphere.be\/fr\/?p=17087"},"modified":"2024-12-03T15:27:50","modified_gmt":"2024-12-03T13:27:50","slug":"lindexation-des-salaires-dans-la-cp200-repart-a-la-hausse-356-des-le-1er-janvier-2025","status":"publish","type":"post","link":"https:\/\/peoplesphere.be\/fr\/lindexation-des-salaires-dans-la-cp200-repart-a-la-hausse-356-des-le-1er-janvier-2025\/","title":{"rendered":"L&rsquo;indexation des salaires dans la CP200 repart \u00e0 la hausse: +3,56% d\u00e8s le 1er janvier 2025."},"content":{"rendered":"<p>D\u2019apr\u00e8s un premier indice sant\u00e9 liss\u00e9 pour d\u00e9cembre\u202f2024, l\u2019indexation des salaires pour les plus de 500\u2009000\u202femploy\u00e9s de la CP\u202f200 de notre pays devrait atteindre 3,56\u202f%. Cette pr\u00e9vision a \u00e9t\u00e9 calcul\u00e9e par le fournisseur de services\u202fRH Acerta sur la base de l\u2019indice sant\u00e9 liss\u00e9 publi\u00e9 aujourd\u2019hui par le Bureau du Plan. La hausse pr\u00e9vue de l\u2019indice est plus importante que la celle de janvier\u202f2024, m\u00eame si une multitude d\u2019autres secteurs conna\u00eetront une indexation salariale plus faible que ces deux derni\u00e8res ann\u00e9es.<!--more--><\/p>\n<p>En 2025, le Bureau du Plan pr\u00e9voit un d\u00e9passement de l\u2019indice-pivot \u00e0 une seule reprise, ce qui entra\u00eenera une indexation des traitements des fonctionnaires, des salaires des travailleurs du secteur des soins de sant\u00e9, mais aussi des allocations.<\/p>\n<h3><strong><em>L\u2019indexation des salaires sera plus \u00e9lev\u00e9e en 2025<\/em><\/strong><\/h3>\n<p>Les plus de 500\u2009000\u202fBelges qui rel\u00e8vent de la commission paritaire pour employ\u00e9s (CP\u202f200) voient leur salaire adapt\u00e9 \u00e0 l\u2019\u00e9volution du co\u00fbt de la vie \u00e0 chaque d\u00e9but d\u2019ann\u00e9e. L\u2019indexation qui a eu lieu le 1er\u202fjanvier\u202f2024 s\u2019\u00e9levait \u00e0 1,48\u202f%. Selon les pr\u00e9visions, l\u2019indexation de 2025 pour les employ\u00e9s sera plus \u00e9lev\u00e9e que celle de 2024, mais restera bien inf\u00e9rieure \u00e0 l\u2019indexation historique de 2023.<\/p>\n<p>Laura Couchard, experte juridique chez Acerta Consult, explique\u202f: \u00ab\u00a0<em>Les travailleurs ne consid\u00e8rent pas cette indexation automatique comme une augmentation salariale, car elle suit le niveau du co\u00fbt de la vie. Mais pour les employeurs, l\u2019augmentation des frais salariaux est \u00e9videmment un aspect \u00e0 prendre en compte et sur lequel ils n\u2019ont, qui plus est, aucun contr\u00f4le. Heureusement, le salaire n\u2019est pas le seul atout sur lequel les employeurs peuvent miser. Ils peuvent \u00e9galement se d\u00e9marquer en investissant dans des carri\u00e8res durables et en s\u2019int\u00e9ressant au bien-\u00eatre de leurs collaborateurs. Ils peuvent avoir bien plus de contr\u00f4le sur ces aspects-l\u00e0.\u00a0\u00bb<\/em><\/p>\n<h3><strong><em>La CP\u202f200 est un barom\u00e8tre des frais salariaux, mais n\u2019est pas le seul secteur \u00e0 pr\u00e9voir une indexation<\/em><\/strong><\/h3>\n<p>La Commission paritaire auxiliaire pour employ\u00e9s (CP\u202f200) constitue un barom\u00e8tre important des frais salariaux dans notre pays, compte tenu de la taille du secteur. Outre la CP\u202f200, d\u2019autres secteurs poss\u00e8dent aussi un syst\u00e8me d\u2019indexation qui pr\u00e9voit une adaptation annuelle des salaires \u00e0 l\u2019inflation en d\u00e9but d\u2019ann\u00e9e. Des pr\u00e9visions peuvent \u00e9galement \u00eatre \u00e9tablies pour ces secteurs sur la base des chiffres.<\/p>\n<p>Laura Couchard conclut : <em>\u200b\u00ab\u00a0\u00bbLes travailleurs de l\u2019industrie alimentaire, du transport de marchandises pour le compte de tiers et de l\u2019horeca, par exemple, peuvent s\u2019attendre \u00e0 une adaptation de leur salaire \u00e0 l\u2019inflation de\u202f3,57%\u202fau 1er\u202fjanvier 2025 (l&rsquo;horeca : 3,571%). Le commerce alimentaire et la gestion d\u2019immeubles et des agents immobiliers appliquent la m\u00eame indexation salariale que la CP\u202f200, \u00e0 savoir\u202f3,56%. Les employ\u00e9s du commerce international b\u00e9n\u00e9ficieront quant \u00e0 eux d\u2019une indexation de\u202f3,56%\u202fet les assurances de\u202f3,5581%.\u2009\u00bb<\/em><\/p>\n<p>Le Bureau du Plan pr\u00e9voit un seul d\u00e9passement de l\u2019indice-pivot en 2025 au mois de janvier. En d\u2019autres termes, les allocations, les traitements des fonctionnaires et les salaires des travailleurs du secteur non marchand seront adapt\u00e9s.\u200b\u200b<\/p>\n<p>Source: Acerta &#8211; Bureau du Plan<\/p>\n","protected":false},"excerpt":{"rendered":"<p>D\u2019apr\u00e8s un premier indice sant\u00e9 liss\u00e9 pour d\u00e9cembre\u202f2024, l\u2019indexation des salaires pour les plus de 500\u2009000\u202femploy\u00e9s de la CP\u202f200 de notre pays devrait atteindre 3,56\u202f%. Cette pr\u00e9vision a \u00e9t\u00e9 calcul\u00e9e par le fournisseur de services\u202fRH Acerta sur la base de [&hellip;]<\/p>\n","protected":false},"author":2,"featured_media":0,"comment_status":"closed","ping_status":"open","sticky":false,"template":"","format":"standard","meta":[],"categories":[65,10],"tags":[171,508],"yoast_head":"<!-- This site is optimized with the Yoast SEO plugin v21.0 - https:\/\/yoast.com\/wordpress\/plugins\/seo\/ -->\n<title>L&#039;indexation des salaires dans la CP200 repart \u00e0 la hausse: +3,56% d\u00e8s le 1er janvier 2025. - Peoplesphere<\/title>\n<meta name=\"robots\" content=\"index, follow, max-snippet:-1, max-image-preview:large, max-video-preview:-1\" \/>\n<link rel=\"canonical\" href=\"https:\/\/peoplesphere.be\/fr\/lindexation-des-salaires-dans-la-cp200-repart-a-la-hausse-356-des-le-1er-janvier-2025\/\" \/>\n<meta property=\"og:locale\" content=\"fr_FR\" \/>\n<meta property=\"og:type\" content=\"article\" \/>\n<meta property=\"og:title\" content=\"L&#039;indexation des salaires dans la CP200 repart \u00e0 la hausse: +3,56% d\u00e8s le 1er janvier 2025. - Peoplesphere\" \/>\n<meta property=\"og:description\" content=\"D\u2019apr\u00e8s un premier indice sant\u00e9 liss\u00e9 pour d\u00e9cembre\u202f2024, l\u2019indexation des salaires pour les plus de 500\u2009000\u202femploy\u00e9s de la CP\u202f200 de notre pays devrait atteindre 3,56\u202f%. Cette pr\u00e9vision a \u00e9t\u00e9 calcul\u00e9e par le fournisseur de services\u202fRH Acerta sur la base de [&hellip;]\" \/>\n<meta property=\"og:url\" content=\"https:\/\/peoplesphere.be\/fr\/lindexation-des-salaires-dans-la-cp200-repart-a-la-hausse-356-des-le-1er-janvier-2025\/\" \/>\n<meta property=\"og:site_name\" content=\"Peoplesphere\" \/>\n<meta property=\"article:publisher\" content=\"https:\/\/www.facebook.com\/peoplesphere\" \/>\n<meta property=\"article:published_time\" content=\"2024-12-03T13:27:50+00:00\" \/>\n<meta property=\"og:image\" content=\"http:\/\/www.peoplesphere.be\/fr\/wp-content\/uploads\/2016\/07\/facebook-default-posting-1200x628px.jpg\" \/>\n<meta name=\"author\" content=\"Jean-Paul Erhard\" \/>\n<meta name=\"twitter:card\" content=\"summary_large_image\" \/>\n<meta name=\"twitter:creator\" content=\"@PeoplesphereMag\" \/>\n<meta name=\"twitter:site\" content=\"@PeoplesphereMag\" \/>\n<meta name=\"twitter:label1\" content=\"\u00c9crit par\" \/>\n\t<meta name=\"twitter:data1\" content=\"Jean-Paul Erhard\" \/>\n\t<meta name=\"twitter:label2\" content=\"Dur\u00e9e de lecture estim\u00e9e\" \/>\n\t<meta name=\"twitter:data2\" content=\"3 minutes\" \/>\n<script type=\"application\/ld+json\" class=\"yoast-schema-graph\">{\"@context\":\"https:\/\/schema.org\",\"@graph\":[{\"@type\":\"Article\",\"@id\":\"https:\/\/peoplesphere.be\/fr\/lindexation-des-salaires-dans-la-cp200-repart-a-la-hausse-356-des-le-1er-janvier-2025\/#article\",\"isPartOf\":{\"@id\":\"https:\/\/peoplesphere.be\/fr\/lindexation-des-salaires-dans-la-cp200-repart-a-la-hausse-356-des-le-1er-janvier-2025\/\"},\"author\":{\"name\":\"Jean-Paul Erhard\",\"@id\":\"https:\/\/peoplesphere.be\/fr\/#\/schema\/person\/7976225ff17988604334abb7b3536a7e\"},\"headline\":\"L&rsquo;indexation des salaires dans la CP200 repart \u00e0 la hausse: +3,56% d\u00e8s le 1er janvier 2025.\",\"datePublished\":\"2024-12-03T13:27:50+00:00\",\"dateModified\":\"2024-12-03T13:27:50+00:00\",\"mainEntityOfPage\":{\"@id\":\"https:\/\/peoplesphere.be\/fr\/lindexation-des-salaires-dans-la-cp200-repart-a-la-hausse-356-des-le-1er-janvier-2025\/\"},\"wordCount\":557,\"publisher\":{\"@id\":\"https:\/\/peoplesphere.be\/fr\/#organization\"},\"keywords\":[\"CP200\",\"indexation\"],\"articleSection\":[\"Actualit\u00e9s\",\"Digital\"],\"inLanguage\":\"fr-FR\"},{\"@type\":\"WebPage\",\"@id\":\"https:\/\/peoplesphere.be\/fr\/lindexation-des-salaires-dans-la-cp200-repart-a-la-hausse-356-des-le-1er-janvier-2025\/\",\"url\":\"https:\/\/peoplesphere.be\/fr\/lindexation-des-salaires-dans-la-cp200-repart-a-la-hausse-356-des-le-1er-janvier-2025\/\",\"name\":\"L'indexation des salaires dans la CP200 repart \u00e0 la hausse: +3,56% d\u00e8s le 1er janvier 2025. - Peoplesphere\",\"isPartOf\":{\"@id\":\"https:\/\/peoplesphere.be\/fr\/#website\"},\"datePublished\":\"2024-12-03T13:27:50+00:00\",\"dateModified\":\"2024-12-03T13:27:50+00:00\",\"breadcrumb\":{\"@id\":\"https:\/\/peoplesphere.be\/fr\/lindexation-des-salaires-dans-la-cp200-repart-a-la-hausse-356-des-le-1er-janvier-2025\/#breadcrumb\"},\"inLanguage\":\"fr-FR\",\"potentialAction\":[{\"@type\":\"ReadAction\",\"target\":[\"https:\/\/peoplesphere.be\/fr\/lindexation-des-salaires-dans-la-cp200-repart-a-la-hausse-356-des-le-1er-janvier-2025\/\"]}]},{\"@type\":\"BreadcrumbList\",\"@id\":\"https:\/\/peoplesphere.be\/fr\/lindexation-des-salaires-dans-la-cp200-repart-a-la-hausse-356-des-le-1er-janvier-2025\/#breadcrumb\",\"itemListElement\":[{\"@type\":\"ListItem\",\"position\":1,\"name\":\"Accueil\",\"item\":\"https:\/\/peoplesphere.be\/fr\/\"},{\"@type\":\"ListItem\",\"position\":2,\"name\":\"L&rsquo;indexation des salaires dans la CP200 repart \u00e0 la hausse: +3,56% d\u00e8s le 1er janvier 2025.\"}]},{\"@type\":\"WebSite\",\"@id\":\"https:\/\/peoplesphere.be\/fr\/#website\",\"url\":\"https:\/\/peoplesphere.be\/fr\/\",\"name\":\"Peoplesphere\",\"description\":\"The People Managers Magazine\",\"publisher\":{\"@id\":\"https:\/\/peoplesphere.be\/fr\/#organization\"},\"potentialAction\":[{\"@type\":\"SearchAction\",\"target\":{\"@type\":\"EntryPoint\",\"urlTemplate\":\"https:\/\/peoplesphere.be\/fr\/?s={search_term_string}\"},\"query-input\":\"required name=search_term_string\"}],\"inLanguage\":\"fr-FR\"},{\"@type\":\"Organization\",\"@id\":\"https:\/\/peoplesphere.be\/fr\/#organization\",\"name\":\"Peoplesphere Company srl\",\"url\":\"https:\/\/peoplesphere.be\/fr\/\",\"logo\":{\"@type\":\"ImageObject\",\"inLanguage\":\"fr-FR\",\"@id\":\"https:\/\/peoplesphere.be\/fr\/#\/schema\/logo\/image\/\",\"url\":\"https:\/\/peoplesphere.be\/fr\/wp-content\/uploads\/2023\/07\/peoplesphere-lgo-new-generik.jpg\",\"contentUrl\":\"https:\/\/peoplesphere.be\/fr\/wp-content\/uploads\/2023\/07\/peoplesphere-lgo-new-generik.jpg\",\"width\":1031,\"height\":1479,\"caption\":\"Peoplesphere Company srl\"},\"image\":{\"@id\":\"https:\/\/peoplesphere.be\/fr\/#\/schema\/logo\/image\/\"},\"sameAs\":[\"https:\/\/www.facebook.com\/peoplesphere\",\"https:\/\/twitter.com\/PeoplesphereMag\",\"https:\/\/www.linkedin.com\/company\/7587361?trk\",\"http:\/\/youtube.com\/peoplesphere\"]},{\"@type\":\"Person\",\"@id\":\"https:\/\/peoplesphere.be\/fr\/#\/schema\/person\/7976225ff17988604334abb7b3536a7e\",\"name\":\"Jean-Paul Erhard\",\"image\":{\"@type\":\"ImageObject\",\"inLanguage\":\"fr-FR\",\"@id\":\"https:\/\/peoplesphere.be\/fr\/#\/schema\/person\/image\/\",\"url\":\"https:\/\/secure.gravatar.com\/avatar\/f941e681460179738071629a51574930?s=96&d=mm&r=g\",\"contentUrl\":\"https:\/\/secure.gravatar.com\/avatar\/f941e681460179738071629a51574930?s=96&d=mm&r=g\",\"caption\":\"Jean-Paul Erhard\"},\"url\":\"https:\/\/peoplesphere.be\/fr\/author\/jpe\/\"}]}<\/script>\n<!-- \/ Yoast SEO plugin. -->","yoast_head_json":{"title":"L'indexation des salaires dans la CP200 repart \u00e0 la hausse: +3,56% d\u00e8s le 1er janvier 2025. - Peoplesphere","robots":{"index":"index","follow":"follow","max-snippet":"max-snippet:-1","max-image-preview":"max-image-preview:large","max-video-preview":"max-video-preview:-1"},"canonical":"https:\/\/peoplesphere.be\/fr\/lindexation-des-salaires-dans-la-cp200-repart-a-la-hausse-356-des-le-1er-janvier-2025\/","og_locale":"fr_FR","og_type":"article","og_title":"L'indexation des salaires dans la CP200 repart \u00e0 la hausse: +3,56% d\u00e8s le 1er janvier 2025. - Peoplesphere","og_description":"D\u2019apr\u00e8s un premier indice sant\u00e9 liss\u00e9 pour d\u00e9cembre\u202f2024, l\u2019indexation des salaires pour les plus de 500\u2009000\u202femploy\u00e9s de la CP\u202f200 de notre pays devrait atteindre 3,56\u202f%. Cette pr\u00e9vision a \u00e9t\u00e9 calcul\u00e9e par le fournisseur de services\u202fRH Acerta sur la base de [&hellip;]","og_url":"https:\/\/peoplesphere.be\/fr\/lindexation-des-salaires-dans-la-cp200-repart-a-la-hausse-356-des-le-1er-janvier-2025\/","og_site_name":"Peoplesphere","article_publisher":"https:\/\/www.facebook.com\/peoplesphere","article_published_time":"2024-12-03T13:27:50+00:00","og_image":[{"url":"http:\/\/www.peoplesphere.be\/fr\/wp-content\/uploads\/2016\/07\/facebook-default-posting-1200x628px.jpg"}],"author":"Jean-Paul Erhard","twitter_card":"summary_large_image","twitter_creator":"@PeoplesphereMag","twitter_site":"@PeoplesphereMag","twitter_misc":{"\u00c9crit par":"Jean-Paul Erhard","Dur\u00e9e de lecture estim\u00e9e":"3 minutes"},"schema":{"@context":"https:\/\/schema.org","@graph":[{"@type":"Article","@id":"https:\/\/peoplesphere.be\/fr\/lindexation-des-salaires-dans-la-cp200-repart-a-la-hausse-356-des-le-1er-janvier-2025\/#article","isPartOf":{"@id":"https:\/\/peoplesphere.be\/fr\/lindexation-des-salaires-dans-la-cp200-repart-a-la-hausse-356-des-le-1er-janvier-2025\/"},"author":{"name":"Jean-Paul Erhard","@id":"https:\/\/peoplesphere.be\/fr\/#\/schema\/person\/7976225ff17988604334abb7b3536a7e"},"headline":"L&rsquo;indexation des salaires dans la CP200 repart \u00e0 la hausse: +3,56% d\u00e8s le 1er janvier 2025.","datePublished":"2024-12-03T13:27:50+00:00","dateModified":"2024-12-03T13:27:50+00:00","mainEntityOfPage":{"@id":"https:\/\/peoplesphere.be\/fr\/lindexation-des-salaires-dans-la-cp200-repart-a-la-hausse-356-des-le-1er-janvier-2025\/"},"wordCount":557,"publisher":{"@id":"https:\/\/peoplesphere.be\/fr\/#organization"},"keywords":["CP200","indexation"],"articleSection":["Actualit\u00e9s","Digital"],"inLanguage":"fr-FR"},{"@type":"WebPage","@id":"https:\/\/peoplesphere.be\/fr\/lindexation-des-salaires-dans-la-cp200-repart-a-la-hausse-356-des-le-1er-janvier-2025\/","url":"https:\/\/peoplesphere.be\/fr\/lindexation-des-salaires-dans-la-cp200-repart-a-la-hausse-356-des-le-1er-janvier-2025\/","name":"L'indexation des salaires dans la CP200 repart \u00e0 la hausse: +3,56% d\u00e8s le 1er janvier 2025. - Peoplesphere","isPartOf":{"@id":"https:\/\/peoplesphere.be\/fr\/#website"},"datePublished":"2024-12-03T13:27:50+00:00","dateModified":"2024-12-03T13:27:50+00:00","breadcrumb":{"@id":"https:\/\/peoplesphere.be\/fr\/lindexation-des-salaires-dans-la-cp200-repart-a-la-hausse-356-des-le-1er-janvier-2025\/#breadcrumb"},"inLanguage":"fr-FR","potentialAction":[{"@type":"ReadAction","target":["https:\/\/peoplesphere.be\/fr\/lindexation-des-salaires-dans-la-cp200-repart-a-la-hausse-356-des-le-1er-janvier-2025\/"]}]},{"@type":"BreadcrumbList","@id":"https:\/\/peoplesphere.be\/fr\/lindexation-des-salaires-dans-la-cp200-repart-a-la-hausse-356-des-le-1er-janvier-2025\/#breadcrumb","itemListElement":[{"@type":"ListItem","position":1,"name":"Accueil","item":"https:\/\/peoplesphere.be\/fr\/"},{"@type":"ListItem","position":2,"name":"L&rsquo;indexation des salaires dans la CP200 repart \u00e0 la hausse: +3,56% d\u00e8s le 1er janvier 2025."}]},{"@type":"WebSite","@id":"https:\/\/peoplesphere.be\/fr\/#website","url":"https:\/\/peoplesphere.be\/fr\/","name":"Peoplesphere","description":"The People Managers Magazine","publisher":{"@id":"https:\/\/peoplesphere.be\/fr\/#organization"},"potentialAction":[{"@type":"SearchAction","target":{"@type":"EntryPoint","urlTemplate":"https:\/\/peoplesphere.be\/fr\/?s={search_term_string}"},"query-input":"required name=search_term_string"}],"inLanguage":"fr-FR"},{"@type":"Organization","@id":"https:\/\/peoplesphere.be\/fr\/#organization","name":"Peoplesphere Company srl","url":"https:\/\/peoplesphere.be\/fr\/","logo":{"@type":"ImageObject","inLanguage":"fr-FR","@id":"https:\/\/peoplesphere.be\/fr\/#\/schema\/logo\/image\/","url":"https:\/\/peoplesphere.be\/fr\/wp-content\/uploads\/2023\/07\/peoplesphere-lgo-new-generik.jpg","contentUrl":"https:\/\/peoplesphere.be\/fr\/wp-content\/uploads\/2023\/07\/peoplesphere-lgo-new-generik.jpg","width":1031,"height":1479,"caption":"Peoplesphere Company srl"},"image":{"@id":"https:\/\/peoplesphere.be\/fr\/#\/schema\/logo\/image\/"},"sameAs":["https:\/\/www.facebook.com\/peoplesphere","https:\/\/twitter.com\/PeoplesphereMag","https:\/\/www.linkedin.com\/company\/7587361?trk","http:\/\/youtube.com\/peoplesphere"]},{"@type":"Person","@id":"https:\/\/peoplesphere.be\/fr\/#\/schema\/person\/7976225ff17988604334abb7b3536a7e","name":"Jean-Paul Erhard","image":{"@type":"ImageObject","inLanguage":"fr-FR","@id":"https:\/\/peoplesphere.be\/fr\/#\/schema\/person\/image\/","url":"https:\/\/secure.gravatar.com\/avatar\/f941e681460179738071629a51574930?s=96&d=mm&r=g","contentUrl":"https:\/\/secure.gravatar.com\/avatar\/f941e681460179738071629a51574930?s=96&d=mm&r=g","caption":"Jean-Paul Erhard"},"url":"https:\/\/peoplesphere.be\/fr\/author\/jpe\/"}]}},"_links":{"self":[{"href":"https:\/\/peoplesphere.be\/fr\/wp-json\/wp\/v2\/posts\/17087"}],"collection":[{"href":"https:\/\/peoplesphere.be\/fr\/wp-json\/wp\/v2\/posts"}],"about":[{"href":"https:\/\/peoplesphere.be\/fr\/wp-json\/wp\/v2\/types\/post"}],"author":[{"embeddable":true,"href":"https:\/\/peoplesphere.be\/fr\/wp-json\/wp\/v2\/users\/2"}],"replies":[{"embeddable":true,"href":"https:\/\/peoplesphere.be\/fr\/wp-json\/wp\/v2\/comments?post=17087"}],"version-history":[{"count":1,"href":"https:\/\/peoplesphere.be\/fr\/wp-json\/wp\/v2\/posts\/17087\/revisions"}],"predecessor-version":[{"id":17088,"href":"https:\/\/peoplesphere.be\/fr\/wp-json\/wp\/v2\/posts\/17087\/revisions\/17088"}],"wp:attachment":[{"href":"https:\/\/peoplesphere.be\/fr\/wp-json\/wp\/v2\/media?parent=17087"}],"wp:term":[{"taxonomy":"category","embeddable":true,"href":"https:\/\/peoplesphere.be\/fr\/wp-json\/wp\/v2\/categories?post=17087"},{"taxonomy":"post_tag","embeddable":true,"href":"https:\/\/peoplesphere.be\/fr\/wp-json\/wp\/v2\/tags?post=17087"}],"curies":[{"name":"wp","href":"https:\/\/api.w.org\/{rel}","templated":true}]}}