









{"id":17089,"date":"2024-12-04T10:36:34","date_gmt":"2024-12-04T08:36:34","guid":{"rendered":"https:\/\/peoplesphere.be\/fr\/?p=17089"},"modified":"2024-12-04T10:39:54","modified_gmt":"2024-12-04T08:39:54","slug":"inversion-des-tendances-en-matiere-dabsenteisme-les-maladies-de-courte-duree-sont-en-diminution-les-absences-de-longue-duree-augmentent","status":"publish","type":"post","link":"https:\/\/peoplesphere.be\/fr\/inversion-des-tendances-en-matiere-dabsenteisme-les-maladies-de-courte-duree-sont-en-diminution-les-absences-de-longue-duree-augmentent\/","title":{"rendered":"Inversion des tendances en mati\u00e8re d&rsquo;absent\u00e9\u00efsme: les maladies de courte dur\u00e9e sont en diminution, les absences de longue dur\u00e9e augmentent."},"content":{"rendered":"<p>Depuis le mois d\u2019ao\u00fbt, l\u2019absent\u00e9isme pour maladie de courte dur\u00e9e n\u2019est pas sup\u00e9rieur \u00e0 l\u2019ann\u00e9e derni\u00e8re. En analysant les absences pour maladie de moins d&rsquo;un mois, SD Worx constate que les mois d\u2019ao\u00fbt, septembre et octobre marquent une pause dans l\u2019augmentation annuelle des absences li\u00e9es aux maladies. Un Belge sur trois n\u2019a encore \u00e9t\u00e9 absent aucun jour pour cause de maladie cette ann\u00e9e. Cependant, la proportion de travailleurs absents plus d\u2019un mois a augment\u00e9, pour atteindre 13,27%.<!--more--><\/p>\n<p>En outre, le pourcentage de jours perdus en raison d\u2019une maladie de plus d\u2019un mois (mais de moins d\u2019un an) est, pour chaque mois de cette ann\u00e9e, sup\u00e9rieur \u00e0 celui de l\u2019ann\u00e9e derni\u00e8re. Ces donn\u00e9es proviennent de l\u2019analyse de SD Worx des donn\u00e9es salariales les plus r\u00e9centes jusqu\u2019\u00e0 fin octobre 2024, portant sur plus de 800.000 travailleurs employ\u00e9s par plus de 23 000 entreprises.<\/p>\n<h3><strong><em>Une pause dans la tendance \u00e0 la hausse des maladies de courte dur\u00e9e<\/em><\/strong><\/h3>\n<p>Le nombre de jours de travail perdus pour maladie de courte dur\u00e9e (moins d\u2019un mois) fluctue chaque mois ; octobre et novembre sont souvent des mois avec un pic d\u2019absences de courte dur\u00e9e (moins d\u2019un mois). Pour l\u2019instant, ce pic n\u2019a pas encore \u00e9t\u00e9 observ\u00e9. Les chiffres provisoires indiquent une l\u00e9g\u00e8re augmentation par rapport \u00e0 l\u2019ann\u00e9e derni\u00e8re : en janvier, juin et juillet, le nombre de jours de travail perdus est plus \u00e9lev\u00e9 qu\u2019en 2023.<\/p>\n<p>Chaque ann\u00e9e, la grippe se fait sentir \u00e0 partir de janvier, mais surtout en f\u00e9vrier et mars. En 2024, ces mois se sont d\u00e9j\u00e0 distingu\u00e9s par des chiffres plus \u00e9lev\u00e9s. Cependant, entre f\u00e9vrier et mai de cette ann\u00e9e, les absences pour maladie (de courte dur\u00e9e) n\u2019ont pas vraiment d\u00e9pass\u00e9 les chiffres de l\u2019ann\u00e9e derni\u00e8re.<\/p>\n<p>Katleen Jacobs, consultante de SD Worx, explique : \u00ab\u00a0<em>Environ un travailleur sur trois (29 %) dans le secteur priv\u00e9 n\u2019a \u00e9t\u00e9 malade aucun jour cette ann\u00e9e. Deux Belges sur trois, en revanche, ont \u00e9t\u00e9 absents pendant au moins un jour (65%). Ce chiffre est d\u00e9j\u00e0 3% plus \u00e9lev\u00e9 que l\u2019ann\u00e9e derni\u00e8re. Et il reste encore deux mois d\u2019hiver devant nous. L\u2019ann\u00e9e 2022 a enregistr\u00e9 la moyenne annuelle la plus \u00e9lev\u00e9e des sept derni\u00e8res ann\u00e9es, \u00e0 savoir 3,48%.\u00a0\u00bb<\/em><\/p>\n<p>Depuis ao\u00fbt, le pourcentage d\u2019absent\u00e9isme pour maladie n\u2019est pas plus \u00e9lev\u00e9 qu\u2019en 2023, bien que des corrections peuvent encore \u00eatre apport\u00e9es pour octobre.<\/p>\n<h3><strong><em>Un travailleur sur sept est absent plus d\u2019un mois<\/em><\/strong><\/h3>\n<p>Les pertes dues \u00e0 une maladie de plus d\u2019un mois ont \u00e9t\u00e9, chaque mois de cette ann\u00e9e, entre 4 % et 7 % sup\u00e9rieures \u00e0 celles de 2023, pour les m\u00eames p\u00e9riodes.<\/p>\n<p>Cette ann\u00e9e, environ un travailleur sur sept (soit 13,27%) a \u00e9t\u00e9 absent pour cause de maladie pendant plus d\u2019un mois (mais moins d\u2019un an). Apr\u00e8s 10 mois, cette proportion est sup\u00e9rieure de 5%, par rapport \u00e0 l\u2019ann\u00e9e derni\u00e8re (o\u00f9 elle \u00e9tait d\u2019un travailleur sur huit, soit 12,65%, pour une p\u00e9riode de 12 mois).<\/p>\n<p>Les jeunes sont sont plus souvents absents mais pour des p\u00e9riodes plus courtes<br \/>\nApr\u00e8s 10 mois en 2024, le nombre moyen de jours d\u2019absence pour maladie de courte ou moyenne dur\u00e9e (&lt; 1 an) \u00e9volue vers une moyenne de plus de 12 jours ouvrables perdus par ann\u00e9e.<\/p>\n<p>SD Worx constate \u00e9galement une diff\u00e9rence dans la fr\u00e9quence des absences selon l&rsquo;\u00e2ge des travailleurs.<\/p>\n<p>En analysant la fr\u00e9quence moyenne des absences pour maladie de courte ou moyenne dur\u00e9e (&lt; 1 an) de 2024, les travailleurs de 55 ans et plus sont absents en moyenne 1 \u00e0 2 fois par an (1,5 fois en moyenne), contre 2 \u00e0 3 fois (2,5 fois) en moyenne pour les moins de 25 ans.<\/p>\n<p>Le nombre moyen de jours de maladie de moins d\u2019un an varie de deux jours par an : elle se situe entre 11,5 et 13,5 par an en moyenne.<\/p>\n<p>Katleen Jacobs, consultante de SD Worx, pr\u00e9cise : \u00ab\u00a0<em>Nous devons faire attention aux g\u00e9n\u00e9ralisations : il y a \u00e9videmment d\u2019importantes diff\u00e9rences selon l\u2019\u00e2ge, mais aussi selon le secteur et la nature du travail. De mani\u00e8re g\u00e9n\u00e9rale, on peut dire que les jeunes sont plus souvent absents du travail pendant de courtes p\u00e9riodes pour cause de maladie. Les personnes plus \u00e2g\u00e9es, elles, sont moins souvent malades, mais le restent plus longtemps. Pourtant, si l\u2019on additionne tous ces jours de maladie, les jeunes totalisent plus de jours de maladie sur une base annuelle que les personnes plus \u00e2g\u00e9es.\u00a0\u00bb<\/em><\/p>\n<p>&nbsp;<\/p>\n<p><em>Source: SD Worx 2024<\/em><\/p>\n","protected":false},"excerpt":{"rendered":"<p>Depuis le mois d\u2019ao\u00fbt, l\u2019absent\u00e9isme pour maladie de courte dur\u00e9e n\u2019est pas sup\u00e9rieur \u00e0 l\u2019ann\u00e9e derni\u00e8re. En analysant les absences pour maladie de moins d&rsquo;un mois, SD Worx constate que les mois d\u2019ao\u00fbt, septembre et octobre marquent une pause dans [&hellip;]<\/p>\n","protected":false},"author":2,"featured_media":17091,"comment_status":"closed","ping_status":"open","sticky":false,"template":"","format":"standard","meta":[],"categories":[65,10],"tags":[145,1160],"yoast_head":"<!-- This site is optimized with the Yoast SEO plugin v21.0 - https:\/\/yoast.com\/wordpress\/plugins\/seo\/ -->\n<title>Inversion des tendances en mati\u00e8re d&#039;absent\u00e9\u00efsme: les maladies de courte dur\u00e9e sont en diminution, les absences de longue dur\u00e9e augmentent. - Peoplesphere<\/title>\n<meta name=\"robots\" content=\"index, follow, max-snippet:-1, max-image-preview:large, max-video-preview:-1\" \/>\n<link rel=\"canonical\" href=\"https:\/\/peoplesphere.be\/fr\/inversion-des-tendances-en-matiere-dabsenteisme-les-maladies-de-courte-duree-sont-en-diminution-les-absences-de-longue-duree-augmentent\/\" \/>\n<meta property=\"og:locale\" content=\"fr_FR\" \/>\n<meta property=\"og:type\" content=\"article\" \/>\n<meta property=\"og:title\" content=\"Inversion des tendances en mati\u00e8re d&#039;absent\u00e9\u00efsme: les maladies de courte dur\u00e9e sont en diminution, les absences de longue dur\u00e9e augmentent. - Peoplesphere\" \/>\n<meta property=\"og:description\" content=\"Depuis le mois d\u2019ao\u00fbt, l\u2019absent\u00e9isme pour maladie de courte dur\u00e9e n\u2019est pas sup\u00e9rieur \u00e0 l\u2019ann\u00e9e derni\u00e8re. En analysant les absences pour maladie de moins d&rsquo;un mois, SD Worx constate que les mois d\u2019ao\u00fbt, septembre et octobre marquent une pause dans [&hellip;]\" \/>\n<meta property=\"og:url\" content=\"https:\/\/peoplesphere.be\/fr\/inversion-des-tendances-en-matiere-dabsenteisme-les-maladies-de-courte-duree-sont-en-diminution-les-absences-de-longue-duree-augmentent\/\" \/>\n<meta property=\"og:site_name\" content=\"Peoplesphere\" \/>\n<meta property=\"article:publisher\" content=\"https:\/\/www.facebook.com\/peoplesphere\" \/>\n<meta property=\"article:published_time\" content=\"2024-12-04T08:36:34+00:00\" \/>\n<meta property=\"article:modified_time\" content=\"2024-12-04T08:39:54+00:00\" \/>\n<meta property=\"og:image\" content=\"https:\/\/peoplesphere.be\/fr\/wp-content\/uploads\/2024\/12\/20231025burnout.jpg\" \/>\n\t<meta property=\"og:image:width\" content=\"1200\" \/>\n\t<meta property=\"og:image:height\" content=\"515\" \/>\n\t<meta property=\"og:image:type\" content=\"image\/jpeg\" \/>\n<meta name=\"author\" content=\"Jean-Paul Erhard\" \/>\n<meta name=\"twitter:card\" content=\"summary_large_image\" \/>\n<meta name=\"twitter:creator\" content=\"@PeoplesphereMag\" \/>\n<meta name=\"twitter:site\" content=\"@PeoplesphereMag\" \/>\n<meta name=\"twitter:label1\" content=\"\u00c9crit par\" \/>\n\t<meta name=\"twitter:data1\" content=\"Jean-Paul Erhard\" \/>\n\t<meta name=\"twitter:label2\" content=\"Dur\u00e9e de lecture estim\u00e9e\" \/>\n\t<meta name=\"twitter:data2\" content=\"4 minutes\" \/>\n<script type=\"application\/ld+json\" class=\"yoast-schema-graph\">{\"@context\":\"https:\/\/schema.org\",\"@graph\":[{\"@type\":\"Article\",\"@id\":\"https:\/\/peoplesphere.be\/fr\/inversion-des-tendances-en-matiere-dabsenteisme-les-maladies-de-courte-duree-sont-en-diminution-les-absences-de-longue-duree-augmentent\/#article\",\"isPartOf\":{\"@id\":\"https:\/\/peoplesphere.be\/fr\/inversion-des-tendances-en-matiere-dabsenteisme-les-maladies-de-courte-duree-sont-en-diminution-les-absences-de-longue-duree-augmentent\/\"},\"author\":{\"name\":\"Jean-Paul Erhard\",\"@id\":\"https:\/\/peoplesphere.be\/fr\/#\/schema\/person\/7976225ff17988604334abb7b3536a7e\"},\"headline\":\"Inversion des tendances en mati\u00e8re d&rsquo;absent\u00e9\u00efsme: les maladies de courte dur\u00e9e sont en diminution, les absences de longue dur\u00e9e augmentent.\",\"datePublished\":\"2024-12-04T08:36:34+00:00\",\"dateModified\":\"2024-12-04T08:39:54+00:00\",\"mainEntityOfPage\":{\"@id\":\"https:\/\/peoplesphere.be\/fr\/inversion-des-tendances-en-matiere-dabsenteisme-les-maladies-de-courte-duree-sont-en-diminution-les-absences-de-longue-duree-augmentent\/\"},\"wordCount\":805,\"publisher\":{\"@id\":\"https:\/\/peoplesphere.be\/fr\/#organization\"},\"keywords\":[\"absent\u00e9isme\",\"maladies\"],\"articleSection\":[\"Actualit\u00e9s\",\"Digital\"],\"inLanguage\":\"fr-FR\"},{\"@type\":\"WebPage\",\"@id\":\"https:\/\/peoplesphere.be\/fr\/inversion-des-tendances-en-matiere-dabsenteisme-les-maladies-de-courte-duree-sont-en-diminution-les-absences-de-longue-duree-augmentent\/\",\"url\":\"https:\/\/peoplesphere.be\/fr\/inversion-des-tendances-en-matiere-dabsenteisme-les-maladies-de-courte-duree-sont-en-diminution-les-absences-de-longue-duree-augmentent\/\",\"name\":\"Inversion des tendances en mati\u00e8re d'absent\u00e9\u00efsme: les maladies de courte dur\u00e9e sont en diminution, les absences de longue dur\u00e9e augmentent. - Peoplesphere\",\"isPartOf\":{\"@id\":\"https:\/\/peoplesphere.be\/fr\/#website\"},\"datePublished\":\"2024-12-04T08:36:34+00:00\",\"dateModified\":\"2024-12-04T08:39:54+00:00\",\"breadcrumb\":{\"@id\":\"https:\/\/peoplesphere.be\/fr\/inversion-des-tendances-en-matiere-dabsenteisme-les-maladies-de-courte-duree-sont-en-diminution-les-absences-de-longue-duree-augmentent\/#breadcrumb\"},\"inLanguage\":\"fr-FR\",\"potentialAction\":[{\"@type\":\"ReadAction\",\"target\":[\"https:\/\/peoplesphere.be\/fr\/inversion-des-tendances-en-matiere-dabsenteisme-les-maladies-de-courte-duree-sont-en-diminution-les-absences-de-longue-duree-augmentent\/\"]}]},{\"@type\":\"BreadcrumbList\",\"@id\":\"https:\/\/peoplesphere.be\/fr\/inversion-des-tendances-en-matiere-dabsenteisme-les-maladies-de-courte-duree-sont-en-diminution-les-absences-de-longue-duree-augmentent\/#breadcrumb\",\"itemListElement\":[{\"@type\":\"ListItem\",\"position\":1,\"name\":\"Accueil\",\"item\":\"https:\/\/peoplesphere.be\/fr\/\"},{\"@type\":\"ListItem\",\"position\":2,\"name\":\"Inversion des tendances en mati\u00e8re d&rsquo;absent\u00e9\u00efsme: les maladies de courte dur\u00e9e sont en diminution, les absences de longue dur\u00e9e augmentent.\"}]},{\"@type\":\"WebSite\",\"@id\":\"https:\/\/peoplesphere.be\/fr\/#website\",\"url\":\"https:\/\/peoplesphere.be\/fr\/\",\"name\":\"Peoplesphere\",\"description\":\"The People Managers Magazine\",\"publisher\":{\"@id\":\"https:\/\/peoplesphere.be\/fr\/#organization\"},\"potentialAction\":[{\"@type\":\"SearchAction\",\"target\":{\"@type\":\"EntryPoint\",\"urlTemplate\":\"https:\/\/peoplesphere.be\/fr\/?s={search_term_string}\"},\"query-input\":\"required name=search_term_string\"}],\"inLanguage\":\"fr-FR\"},{\"@type\":\"Organization\",\"@id\":\"https:\/\/peoplesphere.be\/fr\/#organization\",\"name\":\"Peoplesphere Company srl\",\"url\":\"https:\/\/peoplesphere.be\/fr\/\",\"logo\":{\"@type\":\"ImageObject\",\"inLanguage\":\"fr-FR\",\"@id\":\"https:\/\/peoplesphere.be\/fr\/#\/schema\/logo\/image\/\",\"url\":\"https:\/\/peoplesphere.be\/fr\/wp-content\/uploads\/2023\/07\/peoplesphere-lgo-new-generik.jpg\",\"contentUrl\":\"https:\/\/peoplesphere.be\/fr\/wp-content\/uploads\/2023\/07\/peoplesphere-lgo-new-generik.jpg\",\"width\":1031,\"height\":1479,\"caption\":\"Peoplesphere Company srl\"},\"image\":{\"@id\":\"https:\/\/peoplesphere.be\/fr\/#\/schema\/logo\/image\/\"},\"sameAs\":[\"https:\/\/www.facebook.com\/peoplesphere\",\"https:\/\/twitter.com\/PeoplesphereMag\",\"https:\/\/www.linkedin.com\/company\/7587361?trk\",\"http:\/\/youtube.com\/peoplesphere\"]},{\"@type\":\"Person\",\"@id\":\"https:\/\/peoplesphere.be\/fr\/#\/schema\/person\/7976225ff17988604334abb7b3536a7e\",\"name\":\"Jean-Paul Erhard\",\"image\":{\"@type\":\"ImageObject\",\"inLanguage\":\"fr-FR\",\"@id\":\"https:\/\/peoplesphere.be\/fr\/#\/schema\/person\/image\/\",\"url\":\"https:\/\/secure.gravatar.com\/avatar\/f941e681460179738071629a51574930?s=96&d=mm&r=g\",\"contentUrl\":\"https:\/\/secure.gravatar.com\/avatar\/f941e681460179738071629a51574930?s=96&d=mm&r=g\",\"caption\":\"Jean-Paul Erhard\"},\"url\":\"https:\/\/peoplesphere.be\/fr\/author\/jpe\/\"}]}<\/script>\n<!-- \/ Yoast SEO plugin. -->","yoast_head_json":{"title":"Inversion des tendances en mati\u00e8re d'absent\u00e9\u00efsme: les maladies de courte dur\u00e9e sont en diminution, les absences de longue dur\u00e9e augmentent. - Peoplesphere","robots":{"index":"index","follow":"follow","max-snippet":"max-snippet:-1","max-image-preview":"max-image-preview:large","max-video-preview":"max-video-preview:-1"},"canonical":"https:\/\/peoplesphere.be\/fr\/inversion-des-tendances-en-matiere-dabsenteisme-les-maladies-de-courte-duree-sont-en-diminution-les-absences-de-longue-duree-augmentent\/","og_locale":"fr_FR","og_type":"article","og_title":"Inversion des tendances en mati\u00e8re d'absent\u00e9\u00efsme: les maladies de courte dur\u00e9e sont en diminution, les absences de longue dur\u00e9e augmentent. - Peoplesphere","og_description":"Depuis le mois d\u2019ao\u00fbt, l\u2019absent\u00e9isme pour maladie de courte dur\u00e9e n\u2019est pas sup\u00e9rieur \u00e0 l\u2019ann\u00e9e derni\u00e8re. En analysant les absences pour maladie de moins d&rsquo;un mois, SD Worx constate que les mois d\u2019ao\u00fbt, septembre et octobre marquent une pause dans [&hellip;]","og_url":"https:\/\/peoplesphere.be\/fr\/inversion-des-tendances-en-matiere-dabsenteisme-les-maladies-de-courte-duree-sont-en-diminution-les-absences-de-longue-duree-augmentent\/","og_site_name":"Peoplesphere","article_publisher":"https:\/\/www.facebook.com\/peoplesphere","article_published_time":"2024-12-04T08:36:34+00:00","article_modified_time":"2024-12-04T08:39:54+00:00","og_image":[{"width":1200,"height":515,"url":"https:\/\/peoplesphere.be\/fr\/wp-content\/uploads\/2024\/12\/20231025burnout.jpg","type":"image\/jpeg"}],"author":"Jean-Paul Erhard","twitter_card":"summary_large_image","twitter_creator":"@PeoplesphereMag","twitter_site":"@PeoplesphereMag","twitter_misc":{"\u00c9crit par":"Jean-Paul Erhard","Dur\u00e9e de lecture estim\u00e9e":"4 minutes"},"schema":{"@context":"https:\/\/schema.org","@graph":[{"@type":"Article","@id":"https:\/\/peoplesphere.be\/fr\/inversion-des-tendances-en-matiere-dabsenteisme-les-maladies-de-courte-duree-sont-en-diminution-les-absences-de-longue-duree-augmentent\/#article","isPartOf":{"@id":"https:\/\/peoplesphere.be\/fr\/inversion-des-tendances-en-matiere-dabsenteisme-les-maladies-de-courte-duree-sont-en-diminution-les-absences-de-longue-duree-augmentent\/"},"author":{"name":"Jean-Paul Erhard","@id":"https:\/\/peoplesphere.be\/fr\/#\/schema\/person\/7976225ff17988604334abb7b3536a7e"},"headline":"Inversion des tendances en mati\u00e8re d&rsquo;absent\u00e9\u00efsme: les maladies de courte dur\u00e9e sont en diminution, les absences de longue dur\u00e9e augmentent.","datePublished":"2024-12-04T08:36:34+00:00","dateModified":"2024-12-04T08:39:54+00:00","mainEntityOfPage":{"@id":"https:\/\/peoplesphere.be\/fr\/inversion-des-tendances-en-matiere-dabsenteisme-les-maladies-de-courte-duree-sont-en-diminution-les-absences-de-longue-duree-augmentent\/"},"wordCount":805,"publisher":{"@id":"https:\/\/peoplesphere.be\/fr\/#organization"},"keywords":["absent\u00e9isme","maladies"],"articleSection":["Actualit\u00e9s","Digital"],"inLanguage":"fr-FR"},{"@type":"WebPage","@id":"https:\/\/peoplesphere.be\/fr\/inversion-des-tendances-en-matiere-dabsenteisme-les-maladies-de-courte-duree-sont-en-diminution-les-absences-de-longue-duree-augmentent\/","url":"https:\/\/peoplesphere.be\/fr\/inversion-des-tendances-en-matiere-dabsenteisme-les-maladies-de-courte-duree-sont-en-diminution-les-absences-de-longue-duree-augmentent\/","name":"Inversion des tendances en mati\u00e8re d'absent\u00e9\u00efsme: les maladies de courte dur\u00e9e sont en diminution, les absences de longue dur\u00e9e augmentent. - Peoplesphere","isPartOf":{"@id":"https:\/\/peoplesphere.be\/fr\/#website"},"datePublished":"2024-12-04T08:36:34+00:00","dateModified":"2024-12-04T08:39:54+00:00","breadcrumb":{"@id":"https:\/\/peoplesphere.be\/fr\/inversion-des-tendances-en-matiere-dabsenteisme-les-maladies-de-courte-duree-sont-en-diminution-les-absences-de-longue-duree-augmentent\/#breadcrumb"},"inLanguage":"fr-FR","potentialAction":[{"@type":"ReadAction","target":["https:\/\/peoplesphere.be\/fr\/inversion-des-tendances-en-matiere-dabsenteisme-les-maladies-de-courte-duree-sont-en-diminution-les-absences-de-longue-duree-augmentent\/"]}]},{"@type":"BreadcrumbList","@id":"https:\/\/peoplesphere.be\/fr\/inversion-des-tendances-en-matiere-dabsenteisme-les-maladies-de-courte-duree-sont-en-diminution-les-absences-de-longue-duree-augmentent\/#breadcrumb","itemListElement":[{"@type":"ListItem","position":1,"name":"Accueil","item":"https:\/\/peoplesphere.be\/fr\/"},{"@type":"ListItem","position":2,"name":"Inversion des tendances en mati\u00e8re d&rsquo;absent\u00e9\u00efsme: les maladies de courte dur\u00e9e sont en diminution, les absences de longue dur\u00e9e augmentent."}]},{"@type":"WebSite","@id":"https:\/\/peoplesphere.be\/fr\/#website","url":"https:\/\/peoplesphere.be\/fr\/","name":"Peoplesphere","description":"The People Managers Magazine","publisher":{"@id":"https:\/\/peoplesphere.be\/fr\/#organization"},"potentialAction":[{"@type":"SearchAction","target":{"@type":"EntryPoint","urlTemplate":"https:\/\/peoplesphere.be\/fr\/?s={search_term_string}"},"query-input":"required name=search_term_string"}],"inLanguage":"fr-FR"},{"@type":"Organization","@id":"https:\/\/peoplesphere.be\/fr\/#organization","name":"Peoplesphere Company srl","url":"https:\/\/peoplesphere.be\/fr\/","logo":{"@type":"ImageObject","inLanguage":"fr-FR","@id":"https:\/\/peoplesphere.be\/fr\/#\/schema\/logo\/image\/","url":"https:\/\/peoplesphere.be\/fr\/wp-content\/uploads\/2023\/07\/peoplesphere-lgo-new-generik.jpg","contentUrl":"https:\/\/peoplesphere.be\/fr\/wp-content\/uploads\/2023\/07\/peoplesphere-lgo-new-generik.jpg","width":1031,"height":1479,"caption":"Peoplesphere Company srl"},"image":{"@id":"https:\/\/peoplesphere.be\/fr\/#\/schema\/logo\/image\/"},"sameAs":["https:\/\/www.facebook.com\/peoplesphere","https:\/\/twitter.com\/PeoplesphereMag","https:\/\/www.linkedin.com\/company\/7587361?trk","http:\/\/youtube.com\/peoplesphere"]},{"@type":"Person","@id":"https:\/\/peoplesphere.be\/fr\/#\/schema\/person\/7976225ff17988604334abb7b3536a7e","name":"Jean-Paul Erhard","image":{"@type":"ImageObject","inLanguage":"fr-FR","@id":"https:\/\/peoplesphere.be\/fr\/#\/schema\/person\/image\/","url":"https:\/\/secure.gravatar.com\/avatar\/f941e681460179738071629a51574930?s=96&d=mm&r=g","contentUrl":"https:\/\/secure.gravatar.com\/avatar\/f941e681460179738071629a51574930?s=96&d=mm&r=g","caption":"Jean-Paul Erhard"},"url":"https:\/\/peoplesphere.be\/fr\/author\/jpe\/"}]}},"_links":{"self":[{"href":"https:\/\/peoplesphere.be\/fr\/wp-json\/wp\/v2\/posts\/17089"}],"collection":[{"href":"https:\/\/peoplesphere.be\/fr\/wp-json\/wp\/v2\/posts"}],"about":[{"href":"https:\/\/peoplesphere.be\/fr\/wp-json\/wp\/v2\/types\/post"}],"author":[{"embeddable":true,"href":"https:\/\/peoplesphere.be\/fr\/wp-json\/wp\/v2\/users\/2"}],"replies":[{"embeddable":true,"href":"https:\/\/peoplesphere.be\/fr\/wp-json\/wp\/v2\/comments?post=17089"}],"version-history":[{"count":1,"href":"https:\/\/peoplesphere.be\/fr\/wp-json\/wp\/v2\/posts\/17089\/revisions"}],"predecessor-version":[{"id":17090,"href":"https:\/\/peoplesphere.be\/fr\/wp-json\/wp\/v2\/posts\/17089\/revisions\/17090"}],"wp:featuredmedia":[{"embeddable":true,"href":"https:\/\/peoplesphere.be\/fr\/wp-json\/wp\/v2\/media\/17091"}],"wp:attachment":[{"href":"https:\/\/peoplesphere.be\/fr\/wp-json\/wp\/v2\/media?parent=17089"}],"wp:term":[{"taxonomy":"category","embeddable":true,"href":"https:\/\/peoplesphere.be\/fr\/wp-json\/wp\/v2\/categories?post=17089"},{"taxonomy":"post_tag","embeddable":true,"href":"https:\/\/peoplesphere.be\/fr\/wp-json\/wp\/v2\/tags?post=17089"}],"curies":[{"name":"wp","href":"https:\/\/api.w.org\/{rel}","templated":true}]}}