









{"id":17100,"date":"2024-12-06T16:38:06","date_gmt":"2024-12-06T14:38:06","guid":{"rendered":"https:\/\/peoplesphere.be\/fr\/?p=17100"},"modified":"2024-12-06T16:38:06","modified_gmt":"2024-12-06T14:38:06","slug":"la-plus-forte-vague-de-restructurations-de-ces-10-dernieres-annees-8-878-travailleurs-concernes-par-un-licenciement-collectif-depuis-le-debut-de-lannee","status":"publish","type":"post","link":"https:\/\/peoplesphere.be\/fr\/la-plus-forte-vague-de-restructurations-de-ces-10-dernieres-annees-8-878-travailleurs-concernes-par-un-licenciement-collectif-depuis-le-debut-de-lannee\/","title":{"rendered":"La plus forte vague de restructurations de ces 10 derni\u00e8res ann\u00e9es: 8.878 travailleurs concern\u00e9s par un licenciement collectif depuis le d\u00e9but de l&rsquo;ann\u00e9e."},"content":{"rendered":"<p>Les chiffres publics des licenciements collectifs entre janvier et septembre ne promettent pas grand-chose : 8.878 travailleurs sont impliqu\u00e9s dans l\u2019intention de licenciement collectif au sein de 68 unit\u00e9s techniques d\u2019exploitation. Il s\u2019agit du plus grand nombre de travailleurs de ces 10 derni\u00e8res ann\u00e9es. En 2014 et 2016, il s\u2019agissait \u00e9galement de plus de 8.000 travailleurs au cours des trois premiers trimestres, ce qui a entra\u00een\u00e9, l\u2019ann\u00e9e suivante, plus de 6.000 travailleurs licenci\u00e9s par le biais de cette proc\u00e9dure.<!--more--><\/p>\n<p>Les chiffres varient d\u2019une ann\u00e9e \u00e0 l\u2019autre. SD Worx pr\u00e9voit qu\u2019un quart suppl\u00e9mentaire de travailleurs pourrait \u00eatre licenci\u00e9 d\u2019ici la fin de l\u2019ann\u00e9e : cela signifie que plus de 10.000 travailleurs sont impliqu\u00e9s dans une intention de licenciement collectif. La concertation sociale fonctionne via la Loi Renault : 11% des licenciements ont ainsi \u00e9t\u00e9 \u00e9vit\u00e9s en 2023. Accompagner le d\u00e9part des collaborateurs de mani\u00e8re humaine gagne en importance, mais est souvent encore tabou.<\/p>\n<h3><strong><em>Le nombre le plus \u00e9lev\u00e9 de licenciements collectifs annonc\u00e9s depuis 10 ans<\/em><\/strong><\/h3>\n<p>Les neuf premiers mois de 2024 se caract\u00e9risent par un triste record, avec le plus grand nombre de travailleurs impliqu\u00e9s dans un licenciement collectif, \u00e0 savoir 8.878. Rien qu\u2019en 2014 et 2016, il s\u2019agissait de plus de 8.000 travailleurs.<\/p>\n<p>Katleen Jacobs, experte chez SD Worx : \u00ab\u00a0<em>Nous savons qu\u2019au dernier trimestre, davantage d\u2019employeurs lanceront leur projet de restructuration. Nous ne pouvons pas estimer l\u2019ampleur totale, mais en 2014 et 2016, il s\u2019agissait de plus de 8 000 travailleurs pour les trois premiers trimestres. Nous partons du principe qu\u2019au cours du dernier trimestre, il pourrait encore y avoir au moins 25 % de licenciements suppl\u00e9mentaires. On observe ensuite des pics de plus de 6 000 travailleurs effectivement licenci\u00e9s l&rsquo;ann\u00e9e suivante, parmi les proc\u00e9dures de cessation d&rsquo;activit\u00e9. Il suffit de regarder les ann\u00e9es 2015 et 2017.\u00a0\u00bb<\/em><\/p>\n<p>En 2024, 49 proc\u00e9dures ont d\u00e9j\u00e0 \u00e9t\u00e9 cl\u00f4tur\u00e9es, entra\u00eenant 3.205 licenciements. SD Worx \u00e9met n\u00e9anmoins un commentaire positif. \u00c0 partir des chiffres des proc\u00e9dures cl\u00f4tur\u00e9es, SD Worx conclut que jusqu&rsquo;\u00e0 18% des licenciements ont \u00e9t\u00e9 \u00e9vit\u00e9s au cours des dix derni\u00e8res ann\u00e9es, en partie gr\u00e2ce au dialogue social. En 2023, ce chiffre \u00e9tait de 11% sur une ann\u00e9e compl\u00e8te. En 2021, 18% des licenciements ont m\u00eame \u00e9t\u00e9 \u00e9vit\u00e9s. Ce chiffre varie d&rsquo;une ann\u00e9e \u00e0 l&rsquo;autre en fonction des dossiers.<\/p>\n<p><em>\u00ab\u00a0La concertation sociale permet d\u2019obtenir des r\u00e9sultats : en 2023, 11% des licenciements ont \u00e9t\u00e9 \u00e9vit\u00e9s gr\u00e2ce \u00e0 la loi Renault.\u00a0\u00bb,<\/em> explique Katleen Jacobs de SD Worx.<\/p>\n<p>Katleen Jacobs, experte chez SD Worx : \u00ab\u00a0<em>Nous savons qu\u2019au dernier trimestre, davantage d\u2019employeurs lanceront leur projet de restructuration. Nous ne pouvons pas estimer l\u2019ampleur totale, mais en 2014 et 2016, il s\u2019agissait de plus de 8.000 travailleurs pour les trois premiers trimestres. Nous partons du principe qu\u2019au cours du dernier trimestre, il pourrait encore y avoir au moins 25% de licenciements suppl\u00e9mentaires. On observe ensuite des pics de plus de 6.000 travailleurs effectivement licenci\u00e9s l&rsquo;ann\u00e9e suivante, parmi les proc\u00e9dures de cessation d&rsquo;activit\u00e9. Il suffit de regarder les ann\u00e9es 2015 et 2017.\u00a0\u00bb<\/em><\/p>\n<p>En 2024, 49 proc\u00e9dures ont d\u00e9j\u00e0 \u00e9t\u00e9 cl\u00f4tur\u00e9es, entra\u00eenant 3.205 licenciements. SD Worx \u00e9met n\u00e9anmoins un commentaire positif. \u00c0 partir des chiffres des proc\u00e9dures cl\u00f4tur\u00e9es, SD Worx conclut que jusqu&rsquo;\u00e0 18% des licenciements ont \u00e9t\u00e9 \u00e9vit\u00e9s au cours des dix derni\u00e8res ann\u00e9es, en partie gr\u00e2ce au dialogue social. En 2023, ce chiffre \u00e9tait de 11% sur une ann\u00e9e compl\u00e8te. En 2021, 18% des licenciements ont m\u00eame \u00e9t\u00e9 \u00e9vit\u00e9s. Ce chiffre varie d&rsquo;une ann\u00e9e \u00e0 l&rsquo;autre en fonction des dossiers.<\/p>\n<p><em>\u00ab\u00a0La concertation sociale permet d\u2019obtenir des r\u00e9sultats : en 2023, 11 % des licenciements ont \u00e9t\u00e9 \u00e9vit\u00e9s gr\u00e2ce \u00e0 la loi Renault\u00a0\u00bb<\/em>, explique Katleen Jacobs de SD Worx.<\/p>\n<h3><strong><em>L\u2019offboarding gagne en importance<\/em><\/strong><\/h3>\n<p>Tout comme le d\u00e9but de la relation de travail, la fin est tout aussi importante, que le pr\u00e9avis soit donn\u00e9 par le travailleur ou l\u2019employeur, pour des raisons de performance ou pour des raisons \u00e9conomiques, comme en cas de restructuration.<\/p>\n<p>En cas de licenciement de l\u2019employeur, de nombreuses r\u00e8gles juridiques doivent \u00eatre suivies pour une motivation correcte du licenciement. Dans la pratique, il est difficile de trouver un bon \u00e9quilibre avec le c\u00f4t\u00e9 humain.<\/p>\n<p>Katleen Jacobs de SD Worx, pr\u00e9cise : \u00ab\u00a0<em>C&rsquo;est un sujet br\u00fblant, qui fait partie d\u2019un tabou. En tant que RH ou manager, vous devez g\u00e9rer le d\u00e9part des travailleurs de mani\u00e8re humaine. Si le travailleur demande pourquoi il est licenci\u00e9, l&rsquo;accent est-il mis sur le \u2018pourquoi\u2019 ou sur le \u2018pourquoi moi\u2019 ?\u00a0\u00bb<\/em><\/p>\n<p>Ellen Neirynck, People Director chez SD Worx : \u00ab\u00a0<em>Un licenciement ne doit pas \u00eatre une surprise. Il ne doit pas \u00eatre un choc, ni pour le collaborateur, ni pour l\u2019\u00e9quipe. L\u2019organisation doit \u00eatre claire sur ce qu\u2019elle repr\u00e9sente et sur ce qu\u2019elle ne repr\u00e9sente pas. La culture du feed-back est importante \u00e0 cet \u00e9gard. En cas de licenciement, vous devez \u00e9galement r\u00e9fl\u00e9chir \u00e0 la communication \u00e0 l\u2019\u00e9quipe : par exemple, y aura-t-il un remplacement ? et qui va former cette personne ?\u00a0\u00bb<\/em><\/p>\n<p>&nbsp;<\/p>\n<p><em>Source: SD Worx<\/em><\/p>\n","protected":false},"excerpt":{"rendered":"<p>Les chiffres publics des licenciements collectifs entre janvier et septembre ne promettent pas grand-chose : 8.878 travailleurs sont impliqu\u00e9s dans l\u2019intention de licenciement collectif au sein de 68 unit\u00e9s techniques d\u2019exploitation. Il s\u2019agit du plus grand nombre de travailleurs de [&hellip;]<\/p>\n","protected":false},"author":2,"featured_media":17101,"comment_status":"closed","ping_status":"open","sticky":false,"template":"","format":"standard","meta":[],"categories":[65,10],"tags":[332,2285,1793,2522,1892,342],"yoast_head":"<!-- This site is optimized with the Yoast SEO plugin v21.0 - https:\/\/yoast.com\/wordpress\/plugins\/seo\/ -->\n<title>La plus forte vague de restructurations de ces 10 derni\u00e8res ann\u00e9es: 8.878 travailleurs concern\u00e9s par un licenciement collectif depuis le d\u00e9but de l&#039;ann\u00e9e. - Peoplesphere<\/title>\n<meta name=\"robots\" content=\"index, follow, max-snippet:-1, max-image-preview:large, max-video-preview:-1\" \/>\n<link rel=\"canonical\" href=\"https:\/\/peoplesphere.be\/fr\/la-plus-forte-vague-de-restructurations-de-ces-10-dernieres-annees-8-878-travailleurs-concernes-par-un-licenciement-collectif-depuis-le-debut-de-lannee\/\" \/>\n<meta property=\"og:locale\" content=\"fr_FR\" \/>\n<meta property=\"og:type\" content=\"article\" \/>\n<meta property=\"og:title\" content=\"La plus forte vague de restructurations de ces 10 derni\u00e8res ann\u00e9es: 8.878 travailleurs concern\u00e9s par un licenciement collectif depuis le d\u00e9but de l&#039;ann\u00e9e. - Peoplesphere\" \/>\n<meta property=\"og:description\" content=\"Les chiffres publics des licenciements collectifs entre janvier et septembre ne promettent pas grand-chose : 8.878 travailleurs sont impliqu\u00e9s dans l\u2019intention de licenciement collectif au sein de 68 unit\u00e9s techniques d\u2019exploitation. Il s\u2019agit du plus grand nombre de travailleurs de [&hellip;]\" \/>\n<meta property=\"og:url\" content=\"https:\/\/peoplesphere.be\/fr\/la-plus-forte-vague-de-restructurations-de-ces-10-dernieres-annees-8-878-travailleurs-concernes-par-un-licenciement-collectif-depuis-le-debut-de-lannee\/\" \/>\n<meta property=\"og:site_name\" content=\"Peoplesphere\" \/>\n<meta property=\"article:publisher\" content=\"https:\/\/www.facebook.com\/peoplesphere\" \/>\n<meta property=\"article:published_time\" content=\"2024-12-06T14:38:06+00:00\" \/>\n<meta property=\"og:image\" content=\"https:\/\/peoplesphere.be\/fr\/wp-content\/uploads\/2024\/12\/20241128firedintechbis.jpg\" \/>\n\t<meta property=\"og:image:width\" content=\"600\" \/>\n\t<meta property=\"og:image:height\" content=\"315\" \/>\n\t<meta property=\"og:image:type\" content=\"image\/jpeg\" \/>\n<meta name=\"author\" content=\"Jean-Paul Erhard\" \/>\n<meta name=\"twitter:card\" content=\"summary_large_image\" \/>\n<meta name=\"twitter:creator\" content=\"@PeoplesphereMag\" \/>\n<meta name=\"twitter:site\" content=\"@PeoplesphereMag\" \/>\n<meta name=\"twitter:label1\" content=\"\u00c9crit par\" \/>\n\t<meta name=\"twitter:data1\" content=\"Jean-Paul Erhard\" \/>\n\t<meta name=\"twitter:label2\" content=\"Dur\u00e9e de lecture estim\u00e9e\" \/>\n\t<meta name=\"twitter:data2\" content=\"5 minutes\" \/>\n<script type=\"application\/ld+json\" class=\"yoast-schema-graph\">{\"@context\":\"https:\/\/schema.org\",\"@graph\":[{\"@type\":\"Article\",\"@id\":\"https:\/\/peoplesphere.be\/fr\/la-plus-forte-vague-de-restructurations-de-ces-10-dernieres-annees-8-878-travailleurs-concernes-par-un-licenciement-collectif-depuis-le-debut-de-lannee\/#article\",\"isPartOf\":{\"@id\":\"https:\/\/peoplesphere.be\/fr\/la-plus-forte-vague-de-restructurations-de-ces-10-dernieres-annees-8-878-travailleurs-concernes-par-un-licenciement-collectif-depuis-le-debut-de-lannee\/\"},\"author\":{\"name\":\"Jean-Paul Erhard\",\"@id\":\"https:\/\/peoplesphere.be\/fr\/#\/schema\/person\/7976225ff17988604334abb7b3536a7e\"},\"headline\":\"La plus forte vague de restructurations de ces 10 derni\u00e8res ann\u00e9es: 8.878 travailleurs concern\u00e9s par un licenciement collectif depuis le d\u00e9but de l&rsquo;ann\u00e9e.\",\"datePublished\":\"2024-12-06T14:38:06+00:00\",\"dateModified\":\"2024-12-06T14:38:06+00:00\",\"mainEntityOfPage\":{\"@id\":\"https:\/\/peoplesphere.be\/fr\/la-plus-forte-vague-de-restructurations-de-ces-10-dernieres-annees-8-878-travailleurs-concernes-par-un-licenciement-collectif-depuis-le-debut-de-lannee\/\"},\"wordCount\":884,\"publisher\":{\"@id\":\"https:\/\/peoplesphere.be\/fr\/#organization\"},\"keywords\":[\"concertation sociale\",\"licenciement collectif\",\"Loi Renault\",\"offboarding\",\"r\u00e9organisation\",\"restructuration\"],\"articleSection\":[\"Actualit\u00e9s\",\"Digital\"],\"inLanguage\":\"fr-FR\"},{\"@type\":\"WebPage\",\"@id\":\"https:\/\/peoplesphere.be\/fr\/la-plus-forte-vague-de-restructurations-de-ces-10-dernieres-annees-8-878-travailleurs-concernes-par-un-licenciement-collectif-depuis-le-debut-de-lannee\/\",\"url\":\"https:\/\/peoplesphere.be\/fr\/la-plus-forte-vague-de-restructurations-de-ces-10-dernieres-annees-8-878-travailleurs-concernes-par-un-licenciement-collectif-depuis-le-debut-de-lannee\/\",\"name\":\"La plus forte vague de restructurations de ces 10 derni\u00e8res ann\u00e9es: 8.878 travailleurs concern\u00e9s par un licenciement collectif depuis le d\u00e9but de l'ann\u00e9e. - Peoplesphere\",\"isPartOf\":{\"@id\":\"https:\/\/peoplesphere.be\/fr\/#website\"},\"datePublished\":\"2024-12-06T14:38:06+00:00\",\"dateModified\":\"2024-12-06T14:38:06+00:00\",\"breadcrumb\":{\"@id\":\"https:\/\/peoplesphere.be\/fr\/la-plus-forte-vague-de-restructurations-de-ces-10-dernieres-annees-8-878-travailleurs-concernes-par-un-licenciement-collectif-depuis-le-debut-de-lannee\/#breadcrumb\"},\"inLanguage\":\"fr-FR\",\"potentialAction\":[{\"@type\":\"ReadAction\",\"target\":[\"https:\/\/peoplesphere.be\/fr\/la-plus-forte-vague-de-restructurations-de-ces-10-dernieres-annees-8-878-travailleurs-concernes-par-un-licenciement-collectif-depuis-le-debut-de-lannee\/\"]}]},{\"@type\":\"BreadcrumbList\",\"@id\":\"https:\/\/peoplesphere.be\/fr\/la-plus-forte-vague-de-restructurations-de-ces-10-dernieres-annees-8-878-travailleurs-concernes-par-un-licenciement-collectif-depuis-le-debut-de-lannee\/#breadcrumb\",\"itemListElement\":[{\"@type\":\"ListItem\",\"position\":1,\"name\":\"Accueil\",\"item\":\"https:\/\/peoplesphere.be\/fr\/\"},{\"@type\":\"ListItem\",\"position\":2,\"name\":\"La plus forte vague de restructurations de ces 10 derni\u00e8res ann\u00e9es: 8.878 travailleurs concern\u00e9s par un licenciement collectif depuis le d\u00e9but de l&rsquo;ann\u00e9e.\"}]},{\"@type\":\"WebSite\",\"@id\":\"https:\/\/peoplesphere.be\/fr\/#website\",\"url\":\"https:\/\/peoplesphere.be\/fr\/\",\"name\":\"Peoplesphere\",\"description\":\"The People Managers Magazine\",\"publisher\":{\"@id\":\"https:\/\/peoplesphere.be\/fr\/#organization\"},\"potentialAction\":[{\"@type\":\"SearchAction\",\"target\":{\"@type\":\"EntryPoint\",\"urlTemplate\":\"https:\/\/peoplesphere.be\/fr\/?s={search_term_string}\"},\"query-input\":\"required name=search_term_string\"}],\"inLanguage\":\"fr-FR\"},{\"@type\":\"Organization\",\"@id\":\"https:\/\/peoplesphere.be\/fr\/#organization\",\"name\":\"Peoplesphere Company srl\",\"url\":\"https:\/\/peoplesphere.be\/fr\/\",\"logo\":{\"@type\":\"ImageObject\",\"inLanguage\":\"fr-FR\",\"@id\":\"https:\/\/peoplesphere.be\/fr\/#\/schema\/logo\/image\/\",\"url\":\"https:\/\/peoplesphere.be\/fr\/wp-content\/uploads\/2023\/07\/peoplesphere-lgo-new-generik.jpg\",\"contentUrl\":\"https:\/\/peoplesphere.be\/fr\/wp-content\/uploads\/2023\/07\/peoplesphere-lgo-new-generik.jpg\",\"width\":1031,\"height\":1479,\"caption\":\"Peoplesphere Company srl\"},\"image\":{\"@id\":\"https:\/\/peoplesphere.be\/fr\/#\/schema\/logo\/image\/\"},\"sameAs\":[\"https:\/\/www.facebook.com\/peoplesphere\",\"https:\/\/twitter.com\/PeoplesphereMag\",\"https:\/\/www.linkedin.com\/company\/7587361?trk\",\"http:\/\/youtube.com\/peoplesphere\"]},{\"@type\":\"Person\",\"@id\":\"https:\/\/peoplesphere.be\/fr\/#\/schema\/person\/7976225ff17988604334abb7b3536a7e\",\"name\":\"Jean-Paul Erhard\",\"image\":{\"@type\":\"ImageObject\",\"inLanguage\":\"fr-FR\",\"@id\":\"https:\/\/peoplesphere.be\/fr\/#\/schema\/person\/image\/\",\"url\":\"https:\/\/secure.gravatar.com\/avatar\/f941e681460179738071629a51574930?s=96&d=mm&r=g\",\"contentUrl\":\"https:\/\/secure.gravatar.com\/avatar\/f941e681460179738071629a51574930?s=96&d=mm&r=g\",\"caption\":\"Jean-Paul Erhard\"},\"url\":\"https:\/\/peoplesphere.be\/fr\/author\/jpe\/\"}]}<\/script>\n<!-- \/ Yoast SEO plugin. -->","yoast_head_json":{"title":"La plus forte vague de restructurations de ces 10 derni\u00e8res ann\u00e9es: 8.878 travailleurs concern\u00e9s par un licenciement collectif depuis le d\u00e9but de l'ann\u00e9e. - Peoplesphere","robots":{"index":"index","follow":"follow","max-snippet":"max-snippet:-1","max-image-preview":"max-image-preview:large","max-video-preview":"max-video-preview:-1"},"canonical":"https:\/\/peoplesphere.be\/fr\/la-plus-forte-vague-de-restructurations-de-ces-10-dernieres-annees-8-878-travailleurs-concernes-par-un-licenciement-collectif-depuis-le-debut-de-lannee\/","og_locale":"fr_FR","og_type":"article","og_title":"La plus forte vague de restructurations de ces 10 derni\u00e8res ann\u00e9es: 8.878 travailleurs concern\u00e9s par un licenciement collectif depuis le d\u00e9but de l'ann\u00e9e. - Peoplesphere","og_description":"Les chiffres publics des licenciements collectifs entre janvier et septembre ne promettent pas grand-chose : 8.878 travailleurs sont impliqu\u00e9s dans l\u2019intention de licenciement collectif au sein de 68 unit\u00e9s techniques d\u2019exploitation. Il s\u2019agit du plus grand nombre de travailleurs de [&hellip;]","og_url":"https:\/\/peoplesphere.be\/fr\/la-plus-forte-vague-de-restructurations-de-ces-10-dernieres-annees-8-878-travailleurs-concernes-par-un-licenciement-collectif-depuis-le-debut-de-lannee\/","og_site_name":"Peoplesphere","article_publisher":"https:\/\/www.facebook.com\/peoplesphere","article_published_time":"2024-12-06T14:38:06+00:00","og_image":[{"width":600,"height":315,"url":"https:\/\/peoplesphere.be\/fr\/wp-content\/uploads\/2024\/12\/20241128firedintechbis.jpg","type":"image\/jpeg"}],"author":"Jean-Paul Erhard","twitter_card":"summary_large_image","twitter_creator":"@PeoplesphereMag","twitter_site":"@PeoplesphereMag","twitter_misc":{"\u00c9crit par":"Jean-Paul Erhard","Dur\u00e9e de lecture estim\u00e9e":"5 minutes"},"schema":{"@context":"https:\/\/schema.org","@graph":[{"@type":"Article","@id":"https:\/\/peoplesphere.be\/fr\/la-plus-forte-vague-de-restructurations-de-ces-10-dernieres-annees-8-878-travailleurs-concernes-par-un-licenciement-collectif-depuis-le-debut-de-lannee\/#article","isPartOf":{"@id":"https:\/\/peoplesphere.be\/fr\/la-plus-forte-vague-de-restructurations-de-ces-10-dernieres-annees-8-878-travailleurs-concernes-par-un-licenciement-collectif-depuis-le-debut-de-lannee\/"},"author":{"name":"Jean-Paul Erhard","@id":"https:\/\/peoplesphere.be\/fr\/#\/schema\/person\/7976225ff17988604334abb7b3536a7e"},"headline":"La plus forte vague de restructurations de ces 10 derni\u00e8res ann\u00e9es: 8.878 travailleurs concern\u00e9s par un licenciement collectif depuis le d\u00e9but de l&rsquo;ann\u00e9e.","datePublished":"2024-12-06T14:38:06+00:00","dateModified":"2024-12-06T14:38:06+00:00","mainEntityOfPage":{"@id":"https:\/\/peoplesphere.be\/fr\/la-plus-forte-vague-de-restructurations-de-ces-10-dernieres-annees-8-878-travailleurs-concernes-par-un-licenciement-collectif-depuis-le-debut-de-lannee\/"},"wordCount":884,"publisher":{"@id":"https:\/\/peoplesphere.be\/fr\/#organization"},"keywords":["concertation sociale","licenciement collectif","Loi Renault","offboarding","r\u00e9organisation","restructuration"],"articleSection":["Actualit\u00e9s","Digital"],"inLanguage":"fr-FR"},{"@type":"WebPage","@id":"https:\/\/peoplesphere.be\/fr\/la-plus-forte-vague-de-restructurations-de-ces-10-dernieres-annees-8-878-travailleurs-concernes-par-un-licenciement-collectif-depuis-le-debut-de-lannee\/","url":"https:\/\/peoplesphere.be\/fr\/la-plus-forte-vague-de-restructurations-de-ces-10-dernieres-annees-8-878-travailleurs-concernes-par-un-licenciement-collectif-depuis-le-debut-de-lannee\/","name":"La plus forte vague de restructurations de ces 10 derni\u00e8res ann\u00e9es: 8.878 travailleurs concern\u00e9s par un licenciement collectif depuis le d\u00e9but de l'ann\u00e9e. - Peoplesphere","isPartOf":{"@id":"https:\/\/peoplesphere.be\/fr\/#website"},"datePublished":"2024-12-06T14:38:06+00:00","dateModified":"2024-12-06T14:38:06+00:00","breadcrumb":{"@id":"https:\/\/peoplesphere.be\/fr\/la-plus-forte-vague-de-restructurations-de-ces-10-dernieres-annees-8-878-travailleurs-concernes-par-un-licenciement-collectif-depuis-le-debut-de-lannee\/#breadcrumb"},"inLanguage":"fr-FR","potentialAction":[{"@type":"ReadAction","target":["https:\/\/peoplesphere.be\/fr\/la-plus-forte-vague-de-restructurations-de-ces-10-dernieres-annees-8-878-travailleurs-concernes-par-un-licenciement-collectif-depuis-le-debut-de-lannee\/"]}]},{"@type":"BreadcrumbList","@id":"https:\/\/peoplesphere.be\/fr\/la-plus-forte-vague-de-restructurations-de-ces-10-dernieres-annees-8-878-travailleurs-concernes-par-un-licenciement-collectif-depuis-le-debut-de-lannee\/#breadcrumb","itemListElement":[{"@type":"ListItem","position":1,"name":"Accueil","item":"https:\/\/peoplesphere.be\/fr\/"},{"@type":"ListItem","position":2,"name":"La plus forte vague de restructurations de ces 10 derni\u00e8res ann\u00e9es: 8.878 travailleurs concern\u00e9s par un licenciement collectif depuis le d\u00e9but de l&rsquo;ann\u00e9e."}]},{"@type":"WebSite","@id":"https:\/\/peoplesphere.be\/fr\/#website","url":"https:\/\/peoplesphere.be\/fr\/","name":"Peoplesphere","description":"The People Managers Magazine","publisher":{"@id":"https:\/\/peoplesphere.be\/fr\/#organization"},"potentialAction":[{"@type":"SearchAction","target":{"@type":"EntryPoint","urlTemplate":"https:\/\/peoplesphere.be\/fr\/?s={search_term_string}"},"query-input":"required name=search_term_string"}],"inLanguage":"fr-FR"},{"@type":"Organization","@id":"https:\/\/peoplesphere.be\/fr\/#organization","name":"Peoplesphere Company srl","url":"https:\/\/peoplesphere.be\/fr\/","logo":{"@type":"ImageObject","inLanguage":"fr-FR","@id":"https:\/\/peoplesphere.be\/fr\/#\/schema\/logo\/image\/","url":"https:\/\/peoplesphere.be\/fr\/wp-content\/uploads\/2023\/07\/peoplesphere-lgo-new-generik.jpg","contentUrl":"https:\/\/peoplesphere.be\/fr\/wp-content\/uploads\/2023\/07\/peoplesphere-lgo-new-generik.jpg","width":1031,"height":1479,"caption":"Peoplesphere Company srl"},"image":{"@id":"https:\/\/peoplesphere.be\/fr\/#\/schema\/logo\/image\/"},"sameAs":["https:\/\/www.facebook.com\/peoplesphere","https:\/\/twitter.com\/PeoplesphereMag","https:\/\/www.linkedin.com\/company\/7587361?trk","http:\/\/youtube.com\/peoplesphere"]},{"@type":"Person","@id":"https:\/\/peoplesphere.be\/fr\/#\/schema\/person\/7976225ff17988604334abb7b3536a7e","name":"Jean-Paul Erhard","image":{"@type":"ImageObject","inLanguage":"fr-FR","@id":"https:\/\/peoplesphere.be\/fr\/#\/schema\/person\/image\/","url":"https:\/\/secure.gravatar.com\/avatar\/f941e681460179738071629a51574930?s=96&d=mm&r=g","contentUrl":"https:\/\/secure.gravatar.com\/avatar\/f941e681460179738071629a51574930?s=96&d=mm&r=g","caption":"Jean-Paul Erhard"},"url":"https:\/\/peoplesphere.be\/fr\/author\/jpe\/"}]}},"_links":{"self":[{"href":"https:\/\/peoplesphere.be\/fr\/wp-json\/wp\/v2\/posts\/17100"}],"collection":[{"href":"https:\/\/peoplesphere.be\/fr\/wp-json\/wp\/v2\/posts"}],"about":[{"href":"https:\/\/peoplesphere.be\/fr\/wp-json\/wp\/v2\/types\/post"}],"author":[{"embeddable":true,"href":"https:\/\/peoplesphere.be\/fr\/wp-json\/wp\/v2\/users\/2"}],"replies":[{"embeddable":true,"href":"https:\/\/peoplesphere.be\/fr\/wp-json\/wp\/v2\/comments?post=17100"}],"version-history":[{"count":1,"href":"https:\/\/peoplesphere.be\/fr\/wp-json\/wp\/v2\/posts\/17100\/revisions"}],"predecessor-version":[{"id":17102,"href":"https:\/\/peoplesphere.be\/fr\/wp-json\/wp\/v2\/posts\/17100\/revisions\/17102"}],"wp:featuredmedia":[{"embeddable":true,"href":"https:\/\/peoplesphere.be\/fr\/wp-json\/wp\/v2\/media\/17101"}],"wp:attachment":[{"href":"https:\/\/peoplesphere.be\/fr\/wp-json\/wp\/v2\/media?parent=17100"}],"wp:term":[{"taxonomy":"category","embeddable":true,"href":"https:\/\/peoplesphere.be\/fr\/wp-json\/wp\/v2\/categories?post=17100"},{"taxonomy":"post_tag","embeddable":true,"href":"https:\/\/peoplesphere.be\/fr\/wp-json\/wp\/v2\/tags?post=17100"}],"curies":[{"name":"wp","href":"https:\/\/api.w.org\/{rel}","templated":true}]}}