









{"id":17135,"date":"2024-12-13T11:13:40","date_gmt":"2024-12-13T09:13:40","guid":{"rendered":"https:\/\/peoplesphere.be\/fr\/?p=17135"},"modified":"2024-12-13T11:13:40","modified_gmt":"2024-12-13T09:13:40","slug":"les-pme-restent-les-vecteurs-de-loptimisme-sur-le-marche-du-travail-malgre-le-contexte-economique-difficile","status":"publish","type":"post","link":"https:\/\/peoplesphere.be\/fr\/les-pme-restent-les-vecteurs-de-loptimisme-sur-le-marche-du-travail-malgre-le-contexte-economique-difficile\/","title":{"rendered":"Les PME restent les vecteurs de l&rsquo;optimisme sur le march\u00e9 du travail malgr\u00e9 le contexte \u00e9conomique difficile."},"content":{"rendered":"<p>Malgr\u00e9 les chiffres inqui\u00e9tants concernant les licenciements collectifs, des signaux encourageants pour 2025 \u00e9mergent. Les PME wallonnes (jusqu\u2019\u00e0 250 travailleurs) envisagent l\u2019avenir de mani\u00e8re positive, affichant des intentions d\u2019emploi stables pour d\u00e9but 2025. Une PME sur trois veut recruter, tandis qu\u2019une PME sur dix anticipe des licenciements en Wallonie et en Flandre. \u00c0 Bruxelles, les pr\u00e9visions de licenciement sont presque deux fois plus \u00e9lev\u00e9es, avec pr\u00e8s d\u2019une PME sur cinq (18%).<!--more--><\/p>\n<p>Les PME bruxelloises sont \u00e9galement davantage confront\u00e9es \u00e0 la rotation du personnel et aux remplacements. Ces premi\u00e8res conclusions sont issues d\u2019une enqu\u00eate men\u00e9e en d\u00e9cembre 2024 aupr\u00e8s de 535 chefs d\u2019entreprise et responsables RH.<\/p>\n<h3><strong><em>Optimisme des PME pour 2025<\/em><\/strong><\/h3>\n<p>Plusieurs indicateurs t\u00e9moignent d\u2019un regain d\u2019optimisme :<\/p>\n<ul>\n<li>De plus en plus de PME s\u2019attendent \u00e0 une augmentation de la charge de travail au premier trimestre, une l\u00e9g\u00e8re hausse par rapport au trimestre pr\u00e9c\u00e9dent. Les PME en Wallonie et en Flandre sont plus optimistes que celles de Bruxelles. En Flandre et en Wallonie, pr\u00e8s d\u2019une PME sur trois (30 % et 31 %) anticipe une hausse, contre seulement 23 % \u00e0 Bruxelles. Cependant, 14 % des PME bruxelloises s\u2019attendent \u00e0 une baisse, contre seulement 9 % en Wallonie, une nette am\u00e9lioration par rapport au trimestre pr\u00e9c\u00e9dent (17 %). Les autres PME s\u2019attendent \u00e0 un statu quo.<\/li>\n<li>Dans le secteur de l&rsquo;industrie et de la construction, la moiti\u00e9 des PME belges (49%) pr\u00e9voient de recruter au cours du prochain trimestre. Dans les secteurs des services, il s&rsquo;agit de moins d&rsquo;une PME sur trois (29%) ayant des projets d&#8217;embauche. D&rsquo;une part, les PME de l&rsquo;industrie et de la construction sont plus nombreuses \u00e0 pr\u00e9voir une \u00e9volution (35% contre 29% dans les secteurs des services), mais elles sont aussi plus nombreuses \u00e0 s&rsquo;attendre \u00e0 une diminution du travail (16% contre 12% dans les services). Dans le secteur de l&rsquo;industrie et de la construction, la situation est double, puisque 16% d&rsquo;entre elles ont \u00e9galement des projets de licenciement (contre 12% dans le secteur des services).<\/li>\n<li>En Wallonie, davantage de PME recrutent pour augmenter leurs effectifs (80%, contre 72% le trimestre dernier) plut\u00f4t que pour remplacer des d\u00e9parts (33%, contre 38%). \u00c0 Bruxelles, c\u2019est diff\u00e9rent. Les PME y ont encore plus de travail avec les remplacements en raison d\u2019une rotation plus \u00e9lev\u00e9e et des licenciements par le collaborateur lui-m\u00eame : 53% ont recours \u00e0 des remplacements ; au trimestre dernier, ce chiffre \u00e9tait l\u00e9g\u00e8rement sup\u00e9rieur (55%).<\/li>\n<li>En Wallonie, pr\u00e8s de deux tiers (64%) des postes vacants sont de nouvelles cr\u00e9ations, une hausse par rapport au trimestre pr\u00e9c\u00e9dent (53%). \u00c0 Bruxelles, cette proportion atteint 90%, \u00e9galement en augmentation (82%). Toutefois, 36% des PME wallonnes peinent toujours \u00e0 pourvoir des postes vacants depuis longtemps.<\/li>\n<li>En Wallonie, la moiti\u00e9 des recrutements pr\u00e9vus concerne des emplois permanents (52%, contre 48% le trimestre dernier). En Flandre, 75% des postes sont des emplois permanents, contre 50% \u00e0 Bruxelles, o\u00f9 les contrats temporaires repr\u00e9sentent l\u2019autre moiti\u00e9. En Wallonie, il s\u2019agit principalement d\u2019emplois \u00e0 temps plein (62%, soit une augmentation de 56% par rapport au trimestre pr\u00e9c\u00e9dent), tout comme en Flandre, o\u00f9 la plupart des fonctions sont \u00e0 temps plein (72%), contre 59% \u00e0 Bruxelles.<\/li>\n<\/ul>\n<p>Vassilios Skarlidis, Directeur PME r\u00e9gional de SD Worx : \u00ab\u00a0<em>Apr\u00e8s la prudence des trois derniers mois, les PME belges retrouvent des perspectives positives. Il y a trois fois plus de PME qui veulent recruter que de PME qui ont des plans de licenciement. En r\u00e8gle g\u00e9n\u00e9rale, plus l\u2019entreprise est petite, moins elle est concern\u00e9e par des licenciements. L\u2019optimisme est de nouveau plus fort quant \u00e0 la charge de travail au premier trimestre : une sur trois s\u2019attend \u00e0 une hausse. En ce qui concerne les embauches, il s\u2019agit surtout de renforcer les effectifs. \u00c0 Bruxelles uniquement, l\u2019accent est mis un peu plus sur le remplacement de la rotation du personnel. Il y a presque deux fois plus de PME avec des intentions de licenciement.\u00a0\u00bb<\/em><\/p>\n<p>L\u2019expert continue : <em>\u00ab\u00a0Il semble que les PME poursuivront cet optimisme \u00e0 court terme jusqu\u2019\u00e0 la fin de l\u2019ann\u00e9e : d\u2019ici fin 2025, un plus grand nombre d\u2019entre elles pr\u00e9voient d\u2019augmenter leur effectif.\u00a0\u00bb<\/em><\/p>\n","protected":false},"excerpt":{"rendered":"<p>Malgr\u00e9 les chiffres inqui\u00e9tants concernant les licenciements collectifs, des signaux encourageants pour 2025 \u00e9mergent. Les PME wallonnes (jusqu\u2019\u00e0 250 travailleurs) envisagent l\u2019avenir de mani\u00e8re positive, affichant des intentions d\u2019emploi stables pour d\u00e9but 2025. Une PME sur trois veut recruter, tandis [&hellip;]<\/p>\n","protected":false},"author":2,"featured_media":0,"comment_status":"closed","ping_status":"open","sticky":false,"template":"","format":"standard","meta":[],"categories":[65,10],"tags":[152,134,4208,72],"yoast_head":"<!-- This site is optimized with the Yoast SEO plugin v21.0 - https:\/\/yoast.com\/wordpress\/plugins\/seo\/ -->\n<title>Les PME restent les vecteurs de l&#039;optimisme sur le march\u00e9 du travail malgr\u00e9 le contexte \u00e9conomique difficile. - Peoplesphere<\/title>\n<meta name=\"robots\" content=\"index, follow, max-snippet:-1, max-image-preview:large, max-video-preview:-1\" \/>\n<link rel=\"canonical\" href=\"https:\/\/peoplesphere.be\/fr\/les-pme-restent-les-vecteurs-de-loptimisme-sur-le-marche-du-travail-malgre-le-contexte-economique-difficile\/\" \/>\n<meta property=\"og:locale\" content=\"fr_FR\" \/>\n<meta property=\"og:type\" content=\"article\" \/>\n<meta property=\"og:title\" content=\"Les PME restent les vecteurs de l&#039;optimisme sur le march\u00e9 du travail malgr\u00e9 le contexte \u00e9conomique difficile. - Peoplesphere\" \/>\n<meta property=\"og:description\" content=\"Malgr\u00e9 les chiffres inqui\u00e9tants concernant les licenciements collectifs, des signaux encourageants pour 2025 \u00e9mergent. Les PME wallonnes (jusqu\u2019\u00e0 250 travailleurs) envisagent l\u2019avenir de mani\u00e8re positive, affichant des intentions d\u2019emploi stables pour d\u00e9but 2025. Une PME sur trois veut recruter, tandis [&hellip;]\" \/>\n<meta property=\"og:url\" content=\"https:\/\/peoplesphere.be\/fr\/les-pme-restent-les-vecteurs-de-loptimisme-sur-le-marche-du-travail-malgre-le-contexte-economique-difficile\/\" \/>\n<meta property=\"og:site_name\" content=\"Peoplesphere\" \/>\n<meta property=\"article:publisher\" content=\"https:\/\/www.facebook.com\/peoplesphere\" \/>\n<meta property=\"article:published_time\" content=\"2024-12-13T09:13:40+00:00\" \/>\n<meta property=\"og:image\" content=\"http:\/\/www.peoplesphere.be\/fr\/wp-content\/uploads\/2016\/07\/facebook-default-posting-1200x628px.jpg\" \/>\n<meta name=\"author\" content=\"Jean-Paul Erhard\" \/>\n<meta name=\"twitter:card\" content=\"summary_large_image\" \/>\n<meta name=\"twitter:creator\" content=\"@PeoplesphereMag\" \/>\n<meta name=\"twitter:site\" content=\"@PeoplesphereMag\" \/>\n<meta name=\"twitter:label1\" content=\"\u00c9crit par\" \/>\n\t<meta name=\"twitter:data1\" content=\"Jean-Paul Erhard\" \/>\n\t<meta name=\"twitter:label2\" content=\"Dur\u00e9e de lecture estim\u00e9e\" \/>\n\t<meta name=\"twitter:data2\" content=\"4 minutes\" \/>\n<script type=\"application\/ld+json\" class=\"yoast-schema-graph\">{\"@context\":\"https:\/\/schema.org\",\"@graph\":[{\"@type\":\"Article\",\"@id\":\"https:\/\/peoplesphere.be\/fr\/les-pme-restent-les-vecteurs-de-loptimisme-sur-le-marche-du-travail-malgre-le-contexte-economique-difficile\/#article\",\"isPartOf\":{\"@id\":\"https:\/\/peoplesphere.be\/fr\/les-pme-restent-les-vecteurs-de-loptimisme-sur-le-marche-du-travail-malgre-le-contexte-economique-difficile\/\"},\"author\":{\"name\":\"Jean-Paul Erhard\",\"@id\":\"https:\/\/peoplesphere.be\/fr\/#\/schema\/person\/7976225ff17988604334abb7b3536a7e\"},\"headline\":\"Les PME restent les vecteurs de l&rsquo;optimisme sur le march\u00e9 du travail malgr\u00e9 le contexte \u00e9conomique difficile.\",\"datePublished\":\"2024-12-13T09:13:40+00:00\",\"dateModified\":\"2024-12-13T09:13:40+00:00\",\"mainEntityOfPage\":{\"@id\":\"https:\/\/peoplesphere.be\/fr\/les-pme-restent-les-vecteurs-de-loptimisme-sur-le-marche-du-travail-malgre-le-contexte-economique-difficile\/\"},\"wordCount\":694,\"publisher\":{\"@id\":\"https:\/\/peoplesphere.be\/fr\/#organization\"},\"keywords\":[\"croissance\",\"licenciement\",\"optimisme\",\"recrutement\"],\"articleSection\":[\"Actualit\u00e9s\",\"Digital\"],\"inLanguage\":\"fr-FR\"},{\"@type\":\"WebPage\",\"@id\":\"https:\/\/peoplesphere.be\/fr\/les-pme-restent-les-vecteurs-de-loptimisme-sur-le-marche-du-travail-malgre-le-contexte-economique-difficile\/\",\"url\":\"https:\/\/peoplesphere.be\/fr\/les-pme-restent-les-vecteurs-de-loptimisme-sur-le-marche-du-travail-malgre-le-contexte-economique-difficile\/\",\"name\":\"Les PME restent les vecteurs de l'optimisme sur le march\u00e9 du travail malgr\u00e9 le contexte \u00e9conomique difficile. - Peoplesphere\",\"isPartOf\":{\"@id\":\"https:\/\/peoplesphere.be\/fr\/#website\"},\"datePublished\":\"2024-12-13T09:13:40+00:00\",\"dateModified\":\"2024-12-13T09:13:40+00:00\",\"breadcrumb\":{\"@id\":\"https:\/\/peoplesphere.be\/fr\/les-pme-restent-les-vecteurs-de-loptimisme-sur-le-marche-du-travail-malgre-le-contexte-economique-difficile\/#breadcrumb\"},\"inLanguage\":\"fr-FR\",\"potentialAction\":[{\"@type\":\"ReadAction\",\"target\":[\"https:\/\/peoplesphere.be\/fr\/les-pme-restent-les-vecteurs-de-loptimisme-sur-le-marche-du-travail-malgre-le-contexte-economique-difficile\/\"]}]},{\"@type\":\"BreadcrumbList\",\"@id\":\"https:\/\/peoplesphere.be\/fr\/les-pme-restent-les-vecteurs-de-loptimisme-sur-le-marche-du-travail-malgre-le-contexte-economique-difficile\/#breadcrumb\",\"itemListElement\":[{\"@type\":\"ListItem\",\"position\":1,\"name\":\"Accueil\",\"item\":\"https:\/\/peoplesphere.be\/fr\/\"},{\"@type\":\"ListItem\",\"position\":2,\"name\":\"Les PME restent les vecteurs de l&rsquo;optimisme sur le march\u00e9 du travail malgr\u00e9 le contexte \u00e9conomique difficile.\"}]},{\"@type\":\"WebSite\",\"@id\":\"https:\/\/peoplesphere.be\/fr\/#website\",\"url\":\"https:\/\/peoplesphere.be\/fr\/\",\"name\":\"Peoplesphere\",\"description\":\"The People Managers Magazine\",\"publisher\":{\"@id\":\"https:\/\/peoplesphere.be\/fr\/#organization\"},\"potentialAction\":[{\"@type\":\"SearchAction\",\"target\":{\"@type\":\"EntryPoint\",\"urlTemplate\":\"https:\/\/peoplesphere.be\/fr\/?s={search_term_string}\"},\"query-input\":\"required name=search_term_string\"}],\"inLanguage\":\"fr-FR\"},{\"@type\":\"Organization\",\"@id\":\"https:\/\/peoplesphere.be\/fr\/#organization\",\"name\":\"Peoplesphere Company srl\",\"url\":\"https:\/\/peoplesphere.be\/fr\/\",\"logo\":{\"@type\":\"ImageObject\",\"inLanguage\":\"fr-FR\",\"@id\":\"https:\/\/peoplesphere.be\/fr\/#\/schema\/logo\/image\/\",\"url\":\"https:\/\/peoplesphere.be\/fr\/wp-content\/uploads\/2023\/07\/peoplesphere-lgo-new-generik.jpg\",\"contentUrl\":\"https:\/\/peoplesphere.be\/fr\/wp-content\/uploads\/2023\/07\/peoplesphere-lgo-new-generik.jpg\",\"width\":1031,\"height\":1479,\"caption\":\"Peoplesphere Company srl\"},\"image\":{\"@id\":\"https:\/\/peoplesphere.be\/fr\/#\/schema\/logo\/image\/\"},\"sameAs\":[\"https:\/\/www.facebook.com\/peoplesphere\",\"https:\/\/twitter.com\/PeoplesphereMag\",\"https:\/\/www.linkedin.com\/company\/7587361?trk\",\"http:\/\/youtube.com\/peoplesphere\"]},{\"@type\":\"Person\",\"@id\":\"https:\/\/peoplesphere.be\/fr\/#\/schema\/person\/7976225ff17988604334abb7b3536a7e\",\"name\":\"Jean-Paul Erhard\",\"image\":{\"@type\":\"ImageObject\",\"inLanguage\":\"fr-FR\",\"@id\":\"https:\/\/peoplesphere.be\/fr\/#\/schema\/person\/image\/\",\"url\":\"https:\/\/secure.gravatar.com\/avatar\/f941e681460179738071629a51574930?s=96&d=mm&r=g\",\"contentUrl\":\"https:\/\/secure.gravatar.com\/avatar\/f941e681460179738071629a51574930?s=96&d=mm&r=g\",\"caption\":\"Jean-Paul Erhard\"},\"url\":\"https:\/\/peoplesphere.be\/fr\/author\/jpe\/\"}]}<\/script>\n<!-- \/ Yoast SEO plugin. -->","yoast_head_json":{"title":"Les PME restent les vecteurs de l'optimisme sur le march\u00e9 du travail malgr\u00e9 le contexte \u00e9conomique difficile. - Peoplesphere","robots":{"index":"index","follow":"follow","max-snippet":"max-snippet:-1","max-image-preview":"max-image-preview:large","max-video-preview":"max-video-preview:-1"},"canonical":"https:\/\/peoplesphere.be\/fr\/les-pme-restent-les-vecteurs-de-loptimisme-sur-le-marche-du-travail-malgre-le-contexte-economique-difficile\/","og_locale":"fr_FR","og_type":"article","og_title":"Les PME restent les vecteurs de l'optimisme sur le march\u00e9 du travail malgr\u00e9 le contexte \u00e9conomique difficile. - Peoplesphere","og_description":"Malgr\u00e9 les chiffres inqui\u00e9tants concernant les licenciements collectifs, des signaux encourageants pour 2025 \u00e9mergent. Les PME wallonnes (jusqu\u2019\u00e0 250 travailleurs) envisagent l\u2019avenir de mani\u00e8re positive, affichant des intentions d\u2019emploi stables pour d\u00e9but 2025. Une PME sur trois veut recruter, tandis [&hellip;]","og_url":"https:\/\/peoplesphere.be\/fr\/les-pme-restent-les-vecteurs-de-loptimisme-sur-le-marche-du-travail-malgre-le-contexte-economique-difficile\/","og_site_name":"Peoplesphere","article_publisher":"https:\/\/www.facebook.com\/peoplesphere","article_published_time":"2024-12-13T09:13:40+00:00","og_image":[{"url":"http:\/\/www.peoplesphere.be\/fr\/wp-content\/uploads\/2016\/07\/facebook-default-posting-1200x628px.jpg"}],"author":"Jean-Paul Erhard","twitter_card":"summary_large_image","twitter_creator":"@PeoplesphereMag","twitter_site":"@PeoplesphereMag","twitter_misc":{"\u00c9crit par":"Jean-Paul Erhard","Dur\u00e9e de lecture estim\u00e9e":"4 minutes"},"schema":{"@context":"https:\/\/schema.org","@graph":[{"@type":"Article","@id":"https:\/\/peoplesphere.be\/fr\/les-pme-restent-les-vecteurs-de-loptimisme-sur-le-marche-du-travail-malgre-le-contexte-economique-difficile\/#article","isPartOf":{"@id":"https:\/\/peoplesphere.be\/fr\/les-pme-restent-les-vecteurs-de-loptimisme-sur-le-marche-du-travail-malgre-le-contexte-economique-difficile\/"},"author":{"name":"Jean-Paul Erhard","@id":"https:\/\/peoplesphere.be\/fr\/#\/schema\/person\/7976225ff17988604334abb7b3536a7e"},"headline":"Les PME restent les vecteurs de l&rsquo;optimisme sur le march\u00e9 du travail malgr\u00e9 le contexte \u00e9conomique difficile.","datePublished":"2024-12-13T09:13:40+00:00","dateModified":"2024-12-13T09:13:40+00:00","mainEntityOfPage":{"@id":"https:\/\/peoplesphere.be\/fr\/les-pme-restent-les-vecteurs-de-loptimisme-sur-le-marche-du-travail-malgre-le-contexte-economique-difficile\/"},"wordCount":694,"publisher":{"@id":"https:\/\/peoplesphere.be\/fr\/#organization"},"keywords":["croissance","licenciement","optimisme","recrutement"],"articleSection":["Actualit\u00e9s","Digital"],"inLanguage":"fr-FR"},{"@type":"WebPage","@id":"https:\/\/peoplesphere.be\/fr\/les-pme-restent-les-vecteurs-de-loptimisme-sur-le-marche-du-travail-malgre-le-contexte-economique-difficile\/","url":"https:\/\/peoplesphere.be\/fr\/les-pme-restent-les-vecteurs-de-loptimisme-sur-le-marche-du-travail-malgre-le-contexte-economique-difficile\/","name":"Les PME restent les vecteurs de l'optimisme sur le march\u00e9 du travail malgr\u00e9 le contexte \u00e9conomique difficile. - Peoplesphere","isPartOf":{"@id":"https:\/\/peoplesphere.be\/fr\/#website"},"datePublished":"2024-12-13T09:13:40+00:00","dateModified":"2024-12-13T09:13:40+00:00","breadcrumb":{"@id":"https:\/\/peoplesphere.be\/fr\/les-pme-restent-les-vecteurs-de-loptimisme-sur-le-marche-du-travail-malgre-le-contexte-economique-difficile\/#breadcrumb"},"inLanguage":"fr-FR","potentialAction":[{"@type":"ReadAction","target":["https:\/\/peoplesphere.be\/fr\/les-pme-restent-les-vecteurs-de-loptimisme-sur-le-marche-du-travail-malgre-le-contexte-economique-difficile\/"]}]},{"@type":"BreadcrumbList","@id":"https:\/\/peoplesphere.be\/fr\/les-pme-restent-les-vecteurs-de-loptimisme-sur-le-marche-du-travail-malgre-le-contexte-economique-difficile\/#breadcrumb","itemListElement":[{"@type":"ListItem","position":1,"name":"Accueil","item":"https:\/\/peoplesphere.be\/fr\/"},{"@type":"ListItem","position":2,"name":"Les PME restent les vecteurs de l&rsquo;optimisme sur le march\u00e9 du travail malgr\u00e9 le contexte \u00e9conomique difficile."}]},{"@type":"WebSite","@id":"https:\/\/peoplesphere.be\/fr\/#website","url":"https:\/\/peoplesphere.be\/fr\/","name":"Peoplesphere","description":"The People Managers Magazine","publisher":{"@id":"https:\/\/peoplesphere.be\/fr\/#organization"},"potentialAction":[{"@type":"SearchAction","target":{"@type":"EntryPoint","urlTemplate":"https:\/\/peoplesphere.be\/fr\/?s={search_term_string}"},"query-input":"required name=search_term_string"}],"inLanguage":"fr-FR"},{"@type":"Organization","@id":"https:\/\/peoplesphere.be\/fr\/#organization","name":"Peoplesphere Company srl","url":"https:\/\/peoplesphere.be\/fr\/","logo":{"@type":"ImageObject","inLanguage":"fr-FR","@id":"https:\/\/peoplesphere.be\/fr\/#\/schema\/logo\/image\/","url":"https:\/\/peoplesphere.be\/fr\/wp-content\/uploads\/2023\/07\/peoplesphere-lgo-new-generik.jpg","contentUrl":"https:\/\/peoplesphere.be\/fr\/wp-content\/uploads\/2023\/07\/peoplesphere-lgo-new-generik.jpg","width":1031,"height":1479,"caption":"Peoplesphere Company srl"},"image":{"@id":"https:\/\/peoplesphere.be\/fr\/#\/schema\/logo\/image\/"},"sameAs":["https:\/\/www.facebook.com\/peoplesphere","https:\/\/twitter.com\/PeoplesphereMag","https:\/\/www.linkedin.com\/company\/7587361?trk","http:\/\/youtube.com\/peoplesphere"]},{"@type":"Person","@id":"https:\/\/peoplesphere.be\/fr\/#\/schema\/person\/7976225ff17988604334abb7b3536a7e","name":"Jean-Paul Erhard","image":{"@type":"ImageObject","inLanguage":"fr-FR","@id":"https:\/\/peoplesphere.be\/fr\/#\/schema\/person\/image\/","url":"https:\/\/secure.gravatar.com\/avatar\/f941e681460179738071629a51574930?s=96&d=mm&r=g","contentUrl":"https:\/\/secure.gravatar.com\/avatar\/f941e681460179738071629a51574930?s=96&d=mm&r=g","caption":"Jean-Paul Erhard"},"url":"https:\/\/peoplesphere.be\/fr\/author\/jpe\/"}]}},"_links":{"self":[{"href":"https:\/\/peoplesphere.be\/fr\/wp-json\/wp\/v2\/posts\/17135"}],"collection":[{"href":"https:\/\/peoplesphere.be\/fr\/wp-json\/wp\/v2\/posts"}],"about":[{"href":"https:\/\/peoplesphere.be\/fr\/wp-json\/wp\/v2\/types\/post"}],"author":[{"embeddable":true,"href":"https:\/\/peoplesphere.be\/fr\/wp-json\/wp\/v2\/users\/2"}],"replies":[{"embeddable":true,"href":"https:\/\/peoplesphere.be\/fr\/wp-json\/wp\/v2\/comments?post=17135"}],"version-history":[{"count":1,"href":"https:\/\/peoplesphere.be\/fr\/wp-json\/wp\/v2\/posts\/17135\/revisions"}],"predecessor-version":[{"id":17136,"href":"https:\/\/peoplesphere.be\/fr\/wp-json\/wp\/v2\/posts\/17135\/revisions\/17136"}],"wp:attachment":[{"href":"https:\/\/peoplesphere.be\/fr\/wp-json\/wp\/v2\/media?parent=17135"}],"wp:term":[{"taxonomy":"category","embeddable":true,"href":"https:\/\/peoplesphere.be\/fr\/wp-json\/wp\/v2\/categories?post=17135"},{"taxonomy":"post_tag","embeddable":true,"href":"https:\/\/peoplesphere.be\/fr\/wp-json\/wp\/v2\/tags?post=17135"}],"curies":[{"name":"wp","href":"https:\/\/api.w.org\/{rel}","templated":true}]}}