









{"id":17161,"date":"2024-12-19T05:00:31","date_gmt":"2024-12-19T03:00:31","guid":{"rendered":"https:\/\/peoplesphere.be\/fr\/?p=17161"},"modified":"2024-12-19T05:00:31","modified_gmt":"2024-12-19T03:00:31","slug":"huit-belges-sur-dix-disent-ne-pas-pouvoir-travailler-jusqua-66-ans-le-nouvel-age-legal-de-la-pension","status":"publish","type":"post","link":"https:\/\/peoplesphere.be\/fr\/huit-belges-sur-dix-disent-ne-pas-pouvoir-travailler-jusqua-66-ans-le-nouvel-age-legal-de-la-pension\/","title":{"rendered":"Huit Belges sur dix disent ne pas pouvoir travailler jusqu\u2019\u00e0 66 ans, le nouvel \u00e2ge l\u00e9gal de la pension."},"content":{"rendered":"<p>Huit travailleurs sur dix en Belgique ne pensent pas pouvoir travailler jusqu&rsquo;\u00e0 66 ans ou plus. Ce chiffre est inqui\u00e9tant car l&rsquo;\u00e2ge l\u00e9gal de la pension sera port\u00e9 \u00e0 66 ans \u00e0 partir du 1er f\u00e9vrier 2025. Les personnes de plus de 55 ans, les premi\u00e8res \u00e0 \u00eatre confront\u00e9es \u00e0 ce changement, croient un peu plus que les autres groupes d&rsquo;\u00e2ge qu&rsquo;il est possible de travailler plus longtemps, mais m\u00eame parmi elles, sept sur dix (70,3%) affirment ne pas pouvoir rester actives professionnellement jusqu\u2019\u00e0 66 ans.<!--more--><\/p>\n<h3><strong><em>Les plus de 55 ans indiquent pouvoir travailler plus longtemps que les jeunes g\u00e9n\u00e9rations<\/em><\/strong><\/h3>\n<p>\u00c0 partir du 1er f\u00e9vrier 2025, l&rsquo;\u00e2ge l\u00e9gal de la pension passera de 65 \u00e0 66 ans pour tous les travailleurs \u00e2g\u00e9s de 65 ans ou moins dans notre pays. Or, huit travailleurs belges sur dix (80,4 %) d\u00e9clarent ne pas pouvoir travailler jusqu&rsquo;\u00e0 66 ans ou au-del\u00e0, un chiffre stable depuis 2019 (82,5 %).<\/p>\n<p>Ce chiffre est plus favorable chez les travailleurs de plus de 55 ans, dont sept sur dix (70,3%) affirment ne pas pouvoir travailler jusqu&rsquo;\u00e0 66 ans, ce qui repr\u00e9sente une forte am\u00e9lioration par rapport \u00e0 2019 (85,7%). L\u2019analyse de Securex montre que cette am\u00e9lioration est en partie due \u00e0 des emplois moins exigeants physiquement, \u00e0 une plus grande flexibilit\u00e9 et \u00e0 un plus grand sens de l&rsquo;autonomie, par exemple gr\u00e2ce \u00e0 plus de t\u00e9l\u00e9travail, par rapport \u00e0 2019. En revanche, un taux \u00e9lev\u00e9 d&rsquo;absence pour cause de maladie (absent\u00e9isme) et un micro-management peu attentif \u00e0 la motivation autonome ont un impact n\u00e9gatif sur la capacit\u00e9 \u00e0 travailler jusqu&rsquo;\u00e0 66 ans ou au-del\u00e0.<\/p>\n<p><em>\u00ab\u00a0La diff\u00e9rence entre les travailleurs de 55 ans et plus et le travailleur moyen prouve \u00e0 quel point il est important d&rsquo;informer de mani\u00e8re optimale tous les groupes d&rsquo;\u00e2ge sur ce changement. Et pas seulement la g\u00e9n\u00e9ration plus \u00e2g\u00e9e\u00a0\u00bb,<\/em> d\u00e9clare C\u00e9cile Blaise, HR consultant chez Securex. <em>\u00ab\u00a0Le fait que les plus de 55 ans soient plus enclins \u00e0 dire qu&rsquo;ils peuvent travailler plus longtemps montre qu&rsquo;ils ont encore des ambitions professionnelles, m\u00eame s\u2019ils entament la derni\u00e8re partie de leur carri\u00e8re, et qu&rsquo;ils veulent r\u00e9aliser leur potentiel sur le march\u00e9 du travail. Il est important que les employeurs le reconnaissent \u00e9galement et engagent un v\u00e9ritable dialogue avec leurs collaborateurs plus \u00e2g\u00e9s \u00e0 ce sujet : il ne suffit pas de relever l&rsquo;\u00e2ge l\u00e9gal de la pension pour que les gens travaillent plus longtemps.\u201d<\/em><\/p>\n<h3><strong><em>L&rsquo;\u00e9cart entre l&rsquo;\u00e2ge pr\u00e9vu et l&rsquo;\u00e2ge souhait\u00e9 de la pension est probl\u00e9matique<\/em><\/strong><\/h3>\n<p>Outre la capacit\u00e9 de travail , l\u2019envie de travailler des salari\u00e9s est \u00e9galement un \u00e9l\u00e9ment important pour travailler jusqu&rsquo;\u00e0 66 ans ou plus, et ici aussi, les travailleurs belges obtiennent un score tr\u00e8s bas : seul un travailleur sur dix en Belgique (10,5%) veut travailler jusqu&rsquo;\u00e0 66 ans, tandis qu&rsquo;un sur cinq (19,6%) d\u00e9clare qu&rsquo;il en serait capable.<\/p>\n<p>\u00c0 partir de 2025, l&rsquo;\u00e2ge l\u00e9gal de la pension sera de 66 ans, mais les travailleurs de plus de 55 ans d\u00e9clarent vouloir cesser de travailler \u00e0 63,2 ans. En d\u2019autres termes, ils doivent travailler en moyenne 2,8 ans de plus qu&rsquo;ils ne le souhaiteraient. Pour trois sur dix (29,4%) d\u2019entre eux, cette diff\u00e9rence va jusqu&rsquo;\u00e0 cinq ans. Seul un salari\u00e9 de plus de 55 ans sur cinq (19,5%) veut travailler jusqu&rsquo;\u00e0 66 ans. Pourtant, pr\u00e8s de quatre salari\u00e9s de plus de 55 ans sur dix (39,9%) disent vouloir travailler jusqu&rsquo;\u00e0 65 ans.<\/p>\n<p><em>\u00ab\u00a0La diff\u00e9rence du degr\u00e9 d\u2019acceptation de la part des travailleurs d\u2019un d\u00e9part \u00e0 la retraite \u00e0 65 ans ou 66 ans est frappante. Bien qu&rsquo;il ne s&rsquo;agisse \u00ab\u00a0que\u00a0\u00bb d&rsquo;une ann\u00e9e de diff\u00e9rence, la barri\u00e8re psychologique semble tr\u00e8s importante\u00a0\u00bb,<\/em> d\u00e9clare Heidi Verlinden, research project manager chez Securex. <em>\u00ab\u00a0L&rsquo;\u00e2ge minimum de d\u00e9part \u00e0 la retraite ne devrait qu&rsquo;augmenter au cours des prochaines d\u00e9cennies en raison du prolongement de l&rsquo;esp\u00e9rance de vie. Nous avons tout int\u00e9r\u00eat \u00e0 informer et \u00e0 pr\u00e9parer tous les travailleurs, y compris les plus jeunes, \u00e0 ces nouvelles limites d&rsquo;\u00e2ge.\u00a0\u00bb<\/em><\/p>\n<h3><strong><em>Changer les \u00e0 priori \u00e0 l&rsquo;\u00e9gard des travailleurs plus \u00e2g\u00e9s<\/em><\/strong><\/h3>\n<p>Afin de maintenir la motivation des travailleurs tout au long de leur carri\u00e8re et d&rsquo;am\u00e9liorer leur envie de travailler, Securex conseille aux employeurs de g\u00e9rer de mani\u00e8re proactive le changement l\u00e9gal de l&rsquo;\u00e2ge de la pension en Belgique, et de cr\u00e9er un environnement de travail qui favorise l&rsquo;autonomie, l&rsquo;utilisation des comp\u00e9tences et la connexion entre les travailleurs. Cela peut se faire, par exemple, en mettant suffisamment l&rsquo;accent sur le feedback et la reconnaissance, et en impliquant activement les travailleurs dans des objectifs communs tout au long de leur carri\u00e8re, y compris dans la phase finale.<\/p>\n<p>En outre, Securex invite les employeurs \u00e0 trouver un \u00e9quilibre entre la n\u00e9cessit\u00e9 de m\u00e9nager les travailleurs, par exemple en adaptant les t\u00e2ches ou le r\u00e9gime de travail, et la n\u00e9cessit\u00e9 de mettre suffisamment l&rsquo;accent sur le d\u00e9veloppement personnel et les d\u00e9fis professionnels. Pour ce faire, il est essentiel d&rsquo;investir dans des possibilit\u00e9s de formation, dans une autonomie suffisante, mais aussi dans un encadrement ad\u00e9quat qui favorise le bien-\u00eatre et la motivation.<\/p>\n<p>C\u00e9cile Blaise : <em>\u00ab\u00a0Il est important que les entreprises sortent des cadres de pens\u00e9e existants pour aborder diff\u00e9remment les aspects p\u00e9nibles de l&rsquo;organisation du travail et cr\u00e9er des perspectives d&rsquo;avenir pour les travailleurs de tous les groupes d&rsquo;\u00e2ge. Cela n\u00e9cessite une prise de conscience et une reconnaissance plus large de la valeur ajout\u00e9e des travailleurs plus \u00e2g\u00e9s. La fa\u00e7on dont les travailleurs \u00ab\u00a0\u00e2g\u00e9s\u00a0\u00bb se per\u00e7oivent ne correspond pas toujours \u00e0 la fa\u00e7on dont ils sont per\u00e7us par les autres. Les perceptions sociales n&rsquo;\u00e9voluent pas assez vite pour correspondre aux attentes de la soci\u00e9t\u00e9.\u00a0\u00bb<\/em><\/p>\n<p><em>Source &amp; M\u00e9thodologie : le prestataire de services RH Securex a interrog\u00e9 un \u00e9chantillon repr\u00e9sentatif de 1.482 salari\u00e9s belges en avril 2024. L&rsquo;\u00e9chantillon est repr\u00e9sentatif du march\u00e9 du travail belge en termes de sexe, d&rsquo;\u00e2ge, de statut, de taille d&rsquo;entreprise et de r\u00e9gion. L&rsquo;\u00e9chantillon comprend \u00e0 la fois des travailleurs actifs dans le secteur priv\u00e9 et le secteur public. Les r\u00e9pondants dont l&rsquo;\u00e2ge de d\u00e9part \u00e0 la retraite souhait\u00e9 ou pr\u00e9vu n&rsquo;\u00e9tait pas r\u00e9aliste ont \u00e9t\u00e9 \u00e9limin\u00e9s. Nous avons analys\u00e9 les explications de la capacit\u00e9 et de la volont\u00e9 de travailler plus longtemps en contr\u00f4lant le statut, le sexe, l&rsquo;\u00e2ge, le r\u00e9gime de travail, le contrat, le dipl\u00f4me, la r\u00e9gion et la taille de l&rsquo;entreprise. Les quatre facteurs que sont l&rsquo;absent\u00e9isme, l&rsquo;autonomie, la surveillance \u00e9troite et le t\u00e9l\u00e9travail permettent donc de pr\u00e9dire la capacit\u00e9 \u00e0 travailler longtemps pour tout travailleur, quelles que soient ses caract\u00e9ristiques sociod\u00e9mographiques.<\/em><\/p>\n","protected":false},"excerpt":{"rendered":"<p>Huit travailleurs sur dix en Belgique ne pensent pas pouvoir travailler jusqu&rsquo;\u00e0 66 ans ou plus. Ce chiffre est inqui\u00e9tant car l&rsquo;\u00e2ge l\u00e9gal de la pension sera port\u00e9 \u00e0 66 ans \u00e0 partir du 1er f\u00e9vrier 2025. Les personnes de [&hellip;]<\/p>\n","protected":false},"author":2,"featured_media":17162,"comment_status":"closed","ping_status":"open","sticky":false,"template":"","format":"standard","meta":[],"categories":[65,10],"tags":[335,96,646,544,13,17],"yoast_head":"<!-- This site is optimized with the Yoast SEO plugin v21.0 - https:\/\/yoast.com\/wordpress\/plugins\/seo\/ -->\n<title>Huit Belges sur dix disent ne pas pouvoir travailler jusqu\u2019\u00e0 66 ans, le nouvel \u00e2ge l\u00e9gal de la pension. - Peoplesphere<\/title>\n<meta name=\"robots\" content=\"index, follow, max-snippet:-1, max-image-preview:large, max-video-preview:-1\" \/>\n<link rel=\"canonical\" href=\"https:\/\/peoplesphere.be\/fr\/huit-belges-sur-dix-disent-ne-pas-pouvoir-travailler-jusqua-66-ans-le-nouvel-age-legal-de-la-pension\/\" \/>\n<meta property=\"og:locale\" content=\"fr_FR\" \/>\n<meta property=\"og:type\" content=\"article\" \/>\n<meta property=\"og:title\" content=\"Huit Belges sur dix disent ne pas pouvoir travailler jusqu\u2019\u00e0 66 ans, le nouvel \u00e2ge l\u00e9gal de la pension. - Peoplesphere\" \/>\n<meta property=\"og:description\" content=\"Huit travailleurs sur dix en Belgique ne pensent pas pouvoir travailler jusqu&rsquo;\u00e0 66 ans ou plus. Ce chiffre est inqui\u00e9tant car l&rsquo;\u00e2ge l\u00e9gal de la pension sera port\u00e9 \u00e0 66 ans \u00e0 partir du 1er f\u00e9vrier 2025. Les personnes de [&hellip;]\" \/>\n<meta property=\"og:url\" content=\"https:\/\/peoplesphere.be\/fr\/huit-belges-sur-dix-disent-ne-pas-pouvoir-travailler-jusqua-66-ans-le-nouvel-age-legal-de-la-pension\/\" \/>\n<meta property=\"og:site_name\" content=\"Peoplesphere\" \/>\n<meta property=\"article:publisher\" content=\"https:\/\/www.facebook.com\/peoplesphere\" \/>\n<meta property=\"article:published_time\" content=\"2024-12-19T03:00:31+00:00\" \/>\n<meta property=\"og:image\" content=\"https:\/\/peoplesphere.be\/fr\/wp-content\/uploads\/2024\/12\/20241219longercareers.jpg\" \/>\n\t<meta property=\"og:image:width\" content=\"1440\" \/>\n\t<meta property=\"og:image:height\" content=\"960\" \/>\n\t<meta property=\"og:image:type\" content=\"image\/jpeg\" \/>\n<meta name=\"author\" content=\"Jean-Paul Erhard\" \/>\n<meta name=\"twitter:card\" content=\"summary_large_image\" \/>\n<meta name=\"twitter:creator\" content=\"@PeoplesphereMag\" \/>\n<meta name=\"twitter:site\" content=\"@PeoplesphereMag\" \/>\n<meta name=\"twitter:label1\" content=\"\u00c9crit par\" \/>\n\t<meta name=\"twitter:data1\" content=\"Jean-Paul Erhard\" \/>\n\t<meta name=\"twitter:label2\" content=\"Dur\u00e9e de lecture estim\u00e9e\" \/>\n\t<meta name=\"twitter:data2\" content=\"6 minutes\" \/>\n<script type=\"application\/ld+json\" class=\"yoast-schema-graph\">{\"@context\":\"https:\/\/schema.org\",\"@graph\":[{\"@type\":\"Article\",\"@id\":\"https:\/\/peoplesphere.be\/fr\/huit-belges-sur-dix-disent-ne-pas-pouvoir-travailler-jusqua-66-ans-le-nouvel-age-legal-de-la-pension\/#article\",\"isPartOf\":{\"@id\":\"https:\/\/peoplesphere.be\/fr\/huit-belges-sur-dix-disent-ne-pas-pouvoir-travailler-jusqua-66-ans-le-nouvel-age-legal-de-la-pension\/\"},\"author\":{\"name\":\"Jean-Paul Erhard\",\"@id\":\"https:\/\/peoplesphere.be\/fr\/#\/schema\/person\/7976225ff17988604334abb7b3536a7e\"},\"headline\":\"Huit Belges sur dix disent ne pas pouvoir travailler jusqu\u2019\u00e0 66 ans, le nouvel \u00e2ge l\u00e9gal de la pension.\",\"datePublished\":\"2024-12-19T03:00:31+00:00\",\"dateModified\":\"2024-12-19T03:00:31+00:00\",\"mainEntityOfPage\":{\"@id\":\"https:\/\/peoplesphere.be\/fr\/huit-belges-sur-dix-disent-ne-pas-pouvoir-travailler-jusqua-66-ans-le-nouvel-age-legal-de-la-pension\/\"},\"wordCount\":1144,\"publisher\":{\"@id\":\"https:\/\/peoplesphere.be\/fr\/#organization\"},\"keywords\":[\"\u00e2ge l\u00e9gal\",\"bien-\u00eatre\",\"g\u00e9n\u00e9rations\",\"inclusion\",\"Pension\",\"Sant\u00e9\"],\"articleSection\":[\"Actualit\u00e9s\",\"Digital\"],\"inLanguage\":\"fr-FR\"},{\"@type\":\"WebPage\",\"@id\":\"https:\/\/peoplesphere.be\/fr\/huit-belges-sur-dix-disent-ne-pas-pouvoir-travailler-jusqua-66-ans-le-nouvel-age-legal-de-la-pension\/\",\"url\":\"https:\/\/peoplesphere.be\/fr\/huit-belges-sur-dix-disent-ne-pas-pouvoir-travailler-jusqua-66-ans-le-nouvel-age-legal-de-la-pension\/\",\"name\":\"Huit Belges sur dix disent ne pas pouvoir travailler jusqu\u2019\u00e0 66 ans, le nouvel \u00e2ge l\u00e9gal de la pension. - Peoplesphere\",\"isPartOf\":{\"@id\":\"https:\/\/peoplesphere.be\/fr\/#website\"},\"datePublished\":\"2024-12-19T03:00:31+00:00\",\"dateModified\":\"2024-12-19T03:00:31+00:00\",\"breadcrumb\":{\"@id\":\"https:\/\/peoplesphere.be\/fr\/huit-belges-sur-dix-disent-ne-pas-pouvoir-travailler-jusqua-66-ans-le-nouvel-age-legal-de-la-pension\/#breadcrumb\"},\"inLanguage\":\"fr-FR\",\"potentialAction\":[{\"@type\":\"ReadAction\",\"target\":[\"https:\/\/peoplesphere.be\/fr\/huit-belges-sur-dix-disent-ne-pas-pouvoir-travailler-jusqua-66-ans-le-nouvel-age-legal-de-la-pension\/\"]}]},{\"@type\":\"BreadcrumbList\",\"@id\":\"https:\/\/peoplesphere.be\/fr\/huit-belges-sur-dix-disent-ne-pas-pouvoir-travailler-jusqua-66-ans-le-nouvel-age-legal-de-la-pension\/#breadcrumb\",\"itemListElement\":[{\"@type\":\"ListItem\",\"position\":1,\"name\":\"Accueil\",\"item\":\"https:\/\/peoplesphere.be\/fr\/\"},{\"@type\":\"ListItem\",\"position\":2,\"name\":\"Huit Belges sur dix disent ne pas pouvoir travailler jusqu\u2019\u00e0 66 ans, le nouvel \u00e2ge l\u00e9gal de la pension.\"}]},{\"@type\":\"WebSite\",\"@id\":\"https:\/\/peoplesphere.be\/fr\/#website\",\"url\":\"https:\/\/peoplesphere.be\/fr\/\",\"name\":\"Peoplesphere\",\"description\":\"The People Managers Magazine\",\"publisher\":{\"@id\":\"https:\/\/peoplesphere.be\/fr\/#organization\"},\"potentialAction\":[{\"@type\":\"SearchAction\",\"target\":{\"@type\":\"EntryPoint\",\"urlTemplate\":\"https:\/\/peoplesphere.be\/fr\/?s={search_term_string}\"},\"query-input\":\"required name=search_term_string\"}],\"inLanguage\":\"fr-FR\"},{\"@type\":\"Organization\",\"@id\":\"https:\/\/peoplesphere.be\/fr\/#organization\",\"name\":\"Peoplesphere Company srl\",\"url\":\"https:\/\/peoplesphere.be\/fr\/\",\"logo\":{\"@type\":\"ImageObject\",\"inLanguage\":\"fr-FR\",\"@id\":\"https:\/\/peoplesphere.be\/fr\/#\/schema\/logo\/image\/\",\"url\":\"https:\/\/peoplesphere.be\/fr\/wp-content\/uploads\/2023\/07\/peoplesphere-lgo-new-generik.jpg\",\"contentUrl\":\"https:\/\/peoplesphere.be\/fr\/wp-content\/uploads\/2023\/07\/peoplesphere-lgo-new-generik.jpg\",\"width\":1031,\"height\":1479,\"caption\":\"Peoplesphere Company srl\"},\"image\":{\"@id\":\"https:\/\/peoplesphere.be\/fr\/#\/schema\/logo\/image\/\"},\"sameAs\":[\"https:\/\/www.facebook.com\/peoplesphere\",\"https:\/\/twitter.com\/PeoplesphereMag\",\"https:\/\/www.linkedin.com\/company\/7587361?trk\",\"http:\/\/youtube.com\/peoplesphere\"]},{\"@type\":\"Person\",\"@id\":\"https:\/\/peoplesphere.be\/fr\/#\/schema\/person\/7976225ff17988604334abb7b3536a7e\",\"name\":\"Jean-Paul Erhard\",\"image\":{\"@type\":\"ImageObject\",\"inLanguage\":\"fr-FR\",\"@id\":\"https:\/\/peoplesphere.be\/fr\/#\/schema\/person\/image\/\",\"url\":\"https:\/\/secure.gravatar.com\/avatar\/f941e681460179738071629a51574930?s=96&d=mm&r=g\",\"contentUrl\":\"https:\/\/secure.gravatar.com\/avatar\/f941e681460179738071629a51574930?s=96&d=mm&r=g\",\"caption\":\"Jean-Paul Erhard\"},\"url\":\"https:\/\/peoplesphere.be\/fr\/author\/jpe\/\"}]}<\/script>\n<!-- \/ Yoast SEO plugin. -->","yoast_head_json":{"title":"Huit Belges sur dix disent ne pas pouvoir travailler jusqu\u2019\u00e0 66 ans, le nouvel \u00e2ge l\u00e9gal de la pension. - Peoplesphere","robots":{"index":"index","follow":"follow","max-snippet":"max-snippet:-1","max-image-preview":"max-image-preview:large","max-video-preview":"max-video-preview:-1"},"canonical":"https:\/\/peoplesphere.be\/fr\/huit-belges-sur-dix-disent-ne-pas-pouvoir-travailler-jusqua-66-ans-le-nouvel-age-legal-de-la-pension\/","og_locale":"fr_FR","og_type":"article","og_title":"Huit Belges sur dix disent ne pas pouvoir travailler jusqu\u2019\u00e0 66 ans, le nouvel \u00e2ge l\u00e9gal de la pension. - Peoplesphere","og_description":"Huit travailleurs sur dix en Belgique ne pensent pas pouvoir travailler jusqu&rsquo;\u00e0 66 ans ou plus. Ce chiffre est inqui\u00e9tant car l&rsquo;\u00e2ge l\u00e9gal de la pension sera port\u00e9 \u00e0 66 ans \u00e0 partir du 1er f\u00e9vrier 2025. Les personnes de [&hellip;]","og_url":"https:\/\/peoplesphere.be\/fr\/huit-belges-sur-dix-disent-ne-pas-pouvoir-travailler-jusqua-66-ans-le-nouvel-age-legal-de-la-pension\/","og_site_name":"Peoplesphere","article_publisher":"https:\/\/www.facebook.com\/peoplesphere","article_published_time":"2024-12-19T03:00:31+00:00","og_image":[{"width":1440,"height":960,"url":"https:\/\/peoplesphere.be\/fr\/wp-content\/uploads\/2024\/12\/20241219longercareers.jpg","type":"image\/jpeg"}],"author":"Jean-Paul Erhard","twitter_card":"summary_large_image","twitter_creator":"@PeoplesphereMag","twitter_site":"@PeoplesphereMag","twitter_misc":{"\u00c9crit par":"Jean-Paul Erhard","Dur\u00e9e de lecture estim\u00e9e":"6 minutes"},"schema":{"@context":"https:\/\/schema.org","@graph":[{"@type":"Article","@id":"https:\/\/peoplesphere.be\/fr\/huit-belges-sur-dix-disent-ne-pas-pouvoir-travailler-jusqua-66-ans-le-nouvel-age-legal-de-la-pension\/#article","isPartOf":{"@id":"https:\/\/peoplesphere.be\/fr\/huit-belges-sur-dix-disent-ne-pas-pouvoir-travailler-jusqua-66-ans-le-nouvel-age-legal-de-la-pension\/"},"author":{"name":"Jean-Paul Erhard","@id":"https:\/\/peoplesphere.be\/fr\/#\/schema\/person\/7976225ff17988604334abb7b3536a7e"},"headline":"Huit Belges sur dix disent ne pas pouvoir travailler jusqu\u2019\u00e0 66 ans, le nouvel \u00e2ge l\u00e9gal de la pension.","datePublished":"2024-12-19T03:00:31+00:00","dateModified":"2024-12-19T03:00:31+00:00","mainEntityOfPage":{"@id":"https:\/\/peoplesphere.be\/fr\/huit-belges-sur-dix-disent-ne-pas-pouvoir-travailler-jusqua-66-ans-le-nouvel-age-legal-de-la-pension\/"},"wordCount":1144,"publisher":{"@id":"https:\/\/peoplesphere.be\/fr\/#organization"},"keywords":["\u00e2ge l\u00e9gal","bien-\u00eatre","g\u00e9n\u00e9rations","inclusion","Pension","Sant\u00e9"],"articleSection":["Actualit\u00e9s","Digital"],"inLanguage":"fr-FR"},{"@type":"WebPage","@id":"https:\/\/peoplesphere.be\/fr\/huit-belges-sur-dix-disent-ne-pas-pouvoir-travailler-jusqua-66-ans-le-nouvel-age-legal-de-la-pension\/","url":"https:\/\/peoplesphere.be\/fr\/huit-belges-sur-dix-disent-ne-pas-pouvoir-travailler-jusqua-66-ans-le-nouvel-age-legal-de-la-pension\/","name":"Huit Belges sur dix disent ne pas pouvoir travailler jusqu\u2019\u00e0 66 ans, le nouvel \u00e2ge l\u00e9gal de la pension. - Peoplesphere","isPartOf":{"@id":"https:\/\/peoplesphere.be\/fr\/#website"},"datePublished":"2024-12-19T03:00:31+00:00","dateModified":"2024-12-19T03:00:31+00:00","breadcrumb":{"@id":"https:\/\/peoplesphere.be\/fr\/huit-belges-sur-dix-disent-ne-pas-pouvoir-travailler-jusqua-66-ans-le-nouvel-age-legal-de-la-pension\/#breadcrumb"},"inLanguage":"fr-FR","potentialAction":[{"@type":"ReadAction","target":["https:\/\/peoplesphere.be\/fr\/huit-belges-sur-dix-disent-ne-pas-pouvoir-travailler-jusqua-66-ans-le-nouvel-age-legal-de-la-pension\/"]}]},{"@type":"BreadcrumbList","@id":"https:\/\/peoplesphere.be\/fr\/huit-belges-sur-dix-disent-ne-pas-pouvoir-travailler-jusqua-66-ans-le-nouvel-age-legal-de-la-pension\/#breadcrumb","itemListElement":[{"@type":"ListItem","position":1,"name":"Accueil","item":"https:\/\/peoplesphere.be\/fr\/"},{"@type":"ListItem","position":2,"name":"Huit Belges sur dix disent ne pas pouvoir travailler jusqu\u2019\u00e0 66 ans, le nouvel \u00e2ge l\u00e9gal de la pension."}]},{"@type":"WebSite","@id":"https:\/\/peoplesphere.be\/fr\/#website","url":"https:\/\/peoplesphere.be\/fr\/","name":"Peoplesphere","description":"The People Managers Magazine","publisher":{"@id":"https:\/\/peoplesphere.be\/fr\/#organization"},"potentialAction":[{"@type":"SearchAction","target":{"@type":"EntryPoint","urlTemplate":"https:\/\/peoplesphere.be\/fr\/?s={search_term_string}"},"query-input":"required name=search_term_string"}],"inLanguage":"fr-FR"},{"@type":"Organization","@id":"https:\/\/peoplesphere.be\/fr\/#organization","name":"Peoplesphere Company srl","url":"https:\/\/peoplesphere.be\/fr\/","logo":{"@type":"ImageObject","inLanguage":"fr-FR","@id":"https:\/\/peoplesphere.be\/fr\/#\/schema\/logo\/image\/","url":"https:\/\/peoplesphere.be\/fr\/wp-content\/uploads\/2023\/07\/peoplesphere-lgo-new-generik.jpg","contentUrl":"https:\/\/peoplesphere.be\/fr\/wp-content\/uploads\/2023\/07\/peoplesphere-lgo-new-generik.jpg","width":1031,"height":1479,"caption":"Peoplesphere Company srl"},"image":{"@id":"https:\/\/peoplesphere.be\/fr\/#\/schema\/logo\/image\/"},"sameAs":["https:\/\/www.facebook.com\/peoplesphere","https:\/\/twitter.com\/PeoplesphereMag","https:\/\/www.linkedin.com\/company\/7587361?trk","http:\/\/youtube.com\/peoplesphere"]},{"@type":"Person","@id":"https:\/\/peoplesphere.be\/fr\/#\/schema\/person\/7976225ff17988604334abb7b3536a7e","name":"Jean-Paul Erhard","image":{"@type":"ImageObject","inLanguage":"fr-FR","@id":"https:\/\/peoplesphere.be\/fr\/#\/schema\/person\/image\/","url":"https:\/\/secure.gravatar.com\/avatar\/f941e681460179738071629a51574930?s=96&d=mm&r=g","contentUrl":"https:\/\/secure.gravatar.com\/avatar\/f941e681460179738071629a51574930?s=96&d=mm&r=g","caption":"Jean-Paul Erhard"},"url":"https:\/\/peoplesphere.be\/fr\/author\/jpe\/"}]}},"_links":{"self":[{"href":"https:\/\/peoplesphere.be\/fr\/wp-json\/wp\/v2\/posts\/17161"}],"collection":[{"href":"https:\/\/peoplesphere.be\/fr\/wp-json\/wp\/v2\/posts"}],"about":[{"href":"https:\/\/peoplesphere.be\/fr\/wp-json\/wp\/v2\/types\/post"}],"author":[{"embeddable":true,"href":"https:\/\/peoplesphere.be\/fr\/wp-json\/wp\/v2\/users\/2"}],"replies":[{"embeddable":true,"href":"https:\/\/peoplesphere.be\/fr\/wp-json\/wp\/v2\/comments?post=17161"}],"version-history":[{"count":1,"href":"https:\/\/peoplesphere.be\/fr\/wp-json\/wp\/v2\/posts\/17161\/revisions"}],"predecessor-version":[{"id":17163,"href":"https:\/\/peoplesphere.be\/fr\/wp-json\/wp\/v2\/posts\/17161\/revisions\/17163"}],"wp:featuredmedia":[{"embeddable":true,"href":"https:\/\/peoplesphere.be\/fr\/wp-json\/wp\/v2\/media\/17162"}],"wp:attachment":[{"href":"https:\/\/peoplesphere.be\/fr\/wp-json\/wp\/v2\/media?parent=17161"}],"wp:term":[{"taxonomy":"category","embeddable":true,"href":"https:\/\/peoplesphere.be\/fr\/wp-json\/wp\/v2\/categories?post=17161"},{"taxonomy":"post_tag","embeddable":true,"href":"https:\/\/peoplesphere.be\/fr\/wp-json\/wp\/v2\/tags?post=17161"}],"curies":[{"name":"wp","href":"https:\/\/api.w.org\/{rel}","templated":true}]}}