









{"id":17167,"date":"2024-12-20T12:36:23","date_gmt":"2024-12-20T10:36:23","guid":{"rendered":"https:\/\/peoplesphere.be\/fr\/?p=17167"},"modified":"2024-12-20T12:36:23","modified_gmt":"2024-12-20T10:36:23","slug":"un-tiers-des-salaries-eprouvent-de-lanxiete-a-la-perspective-dun-entretien-devaluation","status":"publish","type":"post","link":"https:\/\/peoplesphere.be\/fr\/un-tiers-des-salaries-eprouvent-de-lanxiete-a-la-perspective-dun-entretien-devaluation\/","title":{"rendered":"Un tiers des salari\u00e9s \u00e9prouvent de l\u2019anxi\u00e9t\u00e9 \u00e0 la perspective d\u2019un entretien d&rsquo;\u00e9valuation."},"content":{"rendered":"<p>Pr\u00e8s de la moiti\u00e9 des salari\u00e9s (48,7%) passent un entretien d&rsquo;\u00e9valuation annuel. Plus d&rsquo;un sur six (17,6%) n&rsquo;en a jamais ou uniquement en cas de probl\u00e8me (12,7%). Si plus de la moiti\u00e9 des r\u00e9pondants (55%) jugent que l&rsquo;\u00e9valuation devrait s&rsquo;inscrire dans un processus continu, cela ne se fait effectivement \u200b que dans 5,4% des cas seulement. \u00c0 noter : un salari\u00e9 sur trois (33,4%) \u00e9prouve de l&rsquo;anxi\u00e9t\u00e9 avant cet entretien.<!--more--><\/p>\n<p><em>\u201cLes entreprises qui continuent de s&rsquo;en tenir au traditionnel entretien annuel devraient s\u00e9rieusement envisager de le revoir,\u201d<\/em> d\u00e9clare la Professeure Van den Broeck.<em> \u201cLa recherche scientifique montre qu&rsquo;instaurer une culture de feed-back ouverte et permanente offre de nombreux avantages. Cette approche permet de parler \u00e0 tout moment des objectifs, des attentes et des possibilit\u00e9s de d\u00e9veloppement. Elle renforce l&rsquo;implication, le bien-\u00eatre au travail et r\u00e9duit le stress li\u00e9 au feed-back. C&rsquo;est \u00e9galement avantageux pour l&rsquo;entreprise: les circonstances \u00e9voluent souvent si rapidement que les objectifs fix\u00e9s en d\u00e9but d\u2019ann\u00e9e peuvent perdre leur pertinence ou leur priorit\u00e9\u201d<\/em><\/p>\n<p>Les cong\u00e9s se profilent \u00e0 l&rsquo;horizon, mais vous devez au pr\u00e9alable avoir votre entretien d&rsquo;\u00e9valuation? Vous n&rsquo;\u00eates pas le seul dans le cas. Environ la moiti\u00e9 des salari\u00e9s (48,7%) passent par un entretien d&rsquo;\u00e9valuation annuel, souvent vers la fin de l&rsquo;ann\u00e9e. Un salari\u00e9 sur six (15,6%) indique en avoir plusieurs, r\u00e9partis sur l&rsquo;ann\u00e9e, mais ils sont \u00e0 peu pr\u00e8s aussi nombreux (17,6%) \u00e0 ne jamais en avoir. Ce chiffre concerne m\u00eame pr\u00e8s d&rsquo;une femme sur cinq (19,8%), contre 15,9% pour les hommes.<\/p>\n<p><strong><em>\u00c0 quelle fr\u00e9quence avez-vous un entretien d&rsquo;\u00e9valuation?<\/em><\/strong><\/p>\n<ul>\n<li>Mon entreprise proc\u00e8de \u00e0 des \u00e9valuations continues (5,4%)<\/li>\n<li>Plusieurs fois par an (15,6%)<\/li>\n<li>Une fois par an (48,7%)<\/li>\n<li>Uniquement en cas de probl\u00e8me (12,7%)<\/li>\n<li>Jamais (17,6%)<\/li>\n<\/ul>\n<h3><strong><em>Plus on est jeune, plus l&rsquo;\u00e9valuation suscite de l&rsquo;anxi\u00e9t\u00e9.<\/em><\/strong><\/h3>\n<p>Peu de salari\u00e9s sont impatients de passer leur entretien d&rsquo;\u00e9valuation. Un tiers d&rsquo;entre eux (33,4%) se disent m\u00eame stress\u00e9s par la perspective de cette discussion qui verra leur manager \u00e9voquer ce qui s&rsquo;est bien pass\u00e9 et ce qui devrait \u00eatre am\u00e9lior\u00e9. Les plus jeunes sont les plus angoiss\u00e9s. 43,4% des moins de 35 ans confessent ressentir du stress avant l&rsquo;entretien, contre environ trois sur dix (30,5%) des 35 \u00e0 54 ans et &lsquo;seulement&rsquo; un quart (23,8%) des plus de 55 ans. \u200b<\/p>\n<p>Ce stress peut s&rsquo;expliquer partiellement par la perception souvent n\u00e9gative qui entoure les entretiens d&rsquo;\u00e9valuation. Plus d&rsquo;un salari\u00e9 sur huit (12,7%) d\u00e9clare n&rsquo;avoir un tel entretien qu&rsquo;en cas de probl\u00e8me(s). Pour plus d&rsquo;un quart (27,2%), l&rsquo;accent y est davantage mis sur les \u00e9l\u00e9ments n\u00e9gatifs plut\u00f4t que sur les points positifs. Chez un nombre de r\u00e9pondants presque identique (26%), l&rsquo;\u00e9change portera d&rsquo;abord sur le positif, tandis qu&rsquo;une petite moiti\u00e9 (46,8%) consid\u00e8re que cet entretien respecte un \u00e9quilibre entre les aspects positifs et n\u00e9gatifs. Un m\u00eame pourcentage de r\u00e9pondants (46,8%) estiment que l&rsquo;accent devrait davantage porter sur leurs talents et leurs possibilit\u00e9s d&rsquo;\u00e9volution.<\/p>\n<h3><strong><em>\u00c9valuation: mieux vaut un processus continu<\/em><\/strong><\/h3>\n<p>L&rsquo;enqu\u00eate montre que les salari\u00e9s peu ou pas du tout \u00e9valu\u00e9s se sentent moins motiv\u00e9s (7,6\/10) que ceux \u00e9valu\u00e9s une fois par par an (7,9\/10) ou continuellement (8,1\/10). Ils retirent \u00e9galement moins de satisfaction de leur travail : 7,4\/10 contre 7,7\/10 pour ceux qui ont une \u00e9valuation annuelle et 7,9\/10 pour ceux qui font l\u2019objet d\u2019une \u00e9valuation continue. Plus les \u00e9valuations sont fr\u00e9quentes, et moins elles suscitent de l&rsquo;anxi\u00e9t\u00e9 chez les salari\u00e9s. Alors que 40% de ceux qui sont rarement ou jamais \u00e9valu\u00e9s ressentent du stress, le pourcentage passe \u00e0 33% pour ceux qui le sont une fois par an.<\/p>\n<p>Il n&rsquo;est donc pas si surprenant que plus de la moiti\u00e9 des r\u00e9pondants (55%) estiment que l&rsquo;\u00e9valuation devrait d\u00e9couler d&rsquo;un processus continu. Pourtant, cette pratique ne concerne actuellement que 5,4 % des salari\u00e9s.<\/p>\n<p><em>\u201cIl faut revoir le processus d&rsquo;\u00e9valuation. De nombreux salari\u00e9s souhaitent une culture de feed-back qui leur permettrait d&rsquo;aborder \u00e0 tout moment leurs objectifs, leurs attentes et leur \u00e9volution personnelle\u201d<\/em>, explique Wim Van der Linden, porte-parole de Tempo-Team. <em>\u201cChez Tempo-Team, voil\u00e0 plusieurs ann\u00e9es que nous avons adopt\u00e9 cette approche avec succ\u00e8s. Nous l&rsquo;appelons \u2018Great Conversations\u2019, ce qui signifie \u2018de grands \u00e9changes\u2019. Ces entretiens avec le responsable ont lieu de mani\u00e8re r\u00e9guli\u00e8re, ce qui permet d\u2019instaurer une atmosph\u00e8re de transparence, de clart\u00e9 et d&rsquo;\u00e9quilibre. Chaque salari\u00e9 a ainsi la possibilit\u00e9 de prendre en main sa propre \u00e9volution. De plus, les managers sont encourag\u00e9s \u00e0 interroger fr\u00e9quemment leurs collaborateurs sur leur exp\u00e9rience professionnelle, que ce soit lors de r\u00e9unions structur\u00e9es ou d&rsquo;\u00e9changes informels. Nous encourageons \u00e9galement les discussions sur diff\u00e9rents objectifs du travail. Mon job est-il utile? Puis-je am\u00e9liorer mon efficacit\u00e9 d&rsquo;une fa\u00e7on ou d&rsquo;une autre? L&rsquo;avantage de cette approche est qu&rsquo;elle permet de r\u00e9agir rapidement si une difficult\u00e9 se pr\u00e9sente\u00a0\u00bb.<\/em><\/p>\n<p>En plus de l&rsquo;entretien d&rsquo;\u00e9valuation formel, un peu moins de la moiti\u00e9 des r\u00e9pondants (45,6%) re\u00e7oivent un feed-back mensuel de la part de leurs managers. Pour pr\u00e8s d&rsquo;un quart (23%), cela se fait m\u00eame selon un rythme hebdomadaire.<\/p>\n<p>C\u2019est une pratique b\u00e9n\u00e9fique, selon la Professeure Van den Broeck: <em>\u201cUn dialogue continu entre le salari\u00e9 et son manager peut aider \u00e0 normaliser le processus de feed-back, tant dans sa r\u00e9ception que dans son \u00e9mission. Pendant ces \u00e9changes, il est crucial d&rsquo;adopter une approche constructive et de sp\u00e9cifier clairement les domaines \u00e0 am\u00e9liorer. Il faut donner aux salari\u00e9s autant d&rsquo;autonomie que possible et les laisser r\u00e9fl\u00e9chir et formuler par eux-m\u00eames comment ils pourraient s&rsquo;am\u00e9liorer. Vous augmentez ainsi les chances de les voir effectivement faire le premier pas vers un changement positif. Fournir et recevoir des commentaires de mani\u00e8re r\u00e9guli\u00e8re peut contribuer \u00e0 instaurer un environnement d&rsquo;apprentissage o\u00f9 les erreurs sont banalis\u00e9es et per\u00e7ues comme des occasions de progr\u00e8s. Cela contribue \u00e0 att\u00e9nuer l\u2019anxi\u00e9t\u00e9 li\u00e9e au feed-back.\u00a0\u00bb<\/em><\/p>\n<p>&nbsp;<\/p>\n<p><em>Source: enqu\u00eate conduite par Tempo-Team en 2024, en collaboration avec la professeure Anja Van den Broeck, experte en motivation au travail \u00e0 la KU Leuven. L&rsquo;enqu\u00eate a \u00e9t\u00e9 r\u00e9alis\u00e9e par un bureau ind\u00e9pendant aupr\u00e8s d&rsquo;un \u00e9chantillon repr\u00e9sentatif compos\u00e9 de 2000 salari\u00e9s belges. Ils ont \u00e9t\u00e9 interrog\u00e9s sur plusieurs sujets li\u00e9s au cadre de travail.<\/em><\/p>\n","protected":false},"excerpt":{"rendered":"<p>Pr\u00e8s de la moiti\u00e9 des salari\u00e9s (48,7%) passent un entretien d&rsquo;\u00e9valuation annuel. Plus d&rsquo;un sur six (17,6%) n&rsquo;en a jamais ou uniquement en cas de probl\u00e8me (12,7%). Si plus de la moiti\u00e9 des r\u00e9pondants (55%) jugent que l&rsquo;\u00e9valuation devrait s&rsquo;inscrire [&hellip;]<\/p>\n","protected":false},"author":2,"featured_media":0,"comment_status":"closed","ping_status":"open","sticky":false,"template":"","format":"standard","meta":[],"categories":[65,10],"tags":[1487,3274,593,18],"yoast_head":"<!-- This site is optimized with the Yoast SEO plugin v21.0 - https:\/\/yoast.com\/wordpress\/plugins\/seo\/ -->\n<title>Un tiers des salari\u00e9s \u00e9prouvent de l\u2019anxi\u00e9t\u00e9 \u00e0 la perspective d\u2019un entretien d&#039;\u00e9valuation. - Peoplesphere<\/title>\n<meta name=\"robots\" content=\"index, follow, max-snippet:-1, max-image-preview:large, max-video-preview:-1\" \/>\n<link rel=\"canonical\" href=\"https:\/\/peoplesphere.be\/fr\/un-tiers-des-salaries-eprouvent-de-lanxiete-a-la-perspective-dun-entretien-devaluation\/\" \/>\n<meta property=\"og:locale\" content=\"fr_FR\" \/>\n<meta property=\"og:type\" content=\"article\" \/>\n<meta property=\"og:title\" content=\"Un tiers des salari\u00e9s \u00e9prouvent de l\u2019anxi\u00e9t\u00e9 \u00e0 la perspective d\u2019un entretien d&#039;\u00e9valuation. - Peoplesphere\" \/>\n<meta property=\"og:description\" content=\"Pr\u00e8s de la moiti\u00e9 des salari\u00e9s (48,7%) passent un entretien d&rsquo;\u00e9valuation annuel. Plus d&rsquo;un sur six (17,6%) n&rsquo;en a jamais ou uniquement en cas de probl\u00e8me (12,7%). Si plus de la moiti\u00e9 des r\u00e9pondants (55%) jugent que l&rsquo;\u00e9valuation devrait s&rsquo;inscrire [&hellip;]\" \/>\n<meta property=\"og:url\" content=\"https:\/\/peoplesphere.be\/fr\/un-tiers-des-salaries-eprouvent-de-lanxiete-a-la-perspective-dun-entretien-devaluation\/\" \/>\n<meta property=\"og:site_name\" content=\"Peoplesphere\" \/>\n<meta property=\"article:publisher\" content=\"https:\/\/www.facebook.com\/peoplesphere\" \/>\n<meta property=\"article:published_time\" content=\"2024-12-20T10:36:23+00:00\" \/>\n<meta property=\"og:image\" content=\"http:\/\/www.peoplesphere.be\/fr\/wp-content\/uploads\/2016\/07\/facebook-default-posting-1200x628px.jpg\" \/>\n<meta name=\"author\" content=\"Jean-Paul Erhard\" \/>\n<meta name=\"twitter:card\" content=\"summary_large_image\" \/>\n<meta name=\"twitter:creator\" content=\"@PeoplesphereMag\" \/>\n<meta name=\"twitter:site\" content=\"@PeoplesphereMag\" \/>\n<meta name=\"twitter:label1\" content=\"\u00c9crit par\" \/>\n\t<meta name=\"twitter:data1\" content=\"Jean-Paul Erhard\" \/>\n\t<meta name=\"twitter:label2\" content=\"Dur\u00e9e de lecture estim\u00e9e\" \/>\n\t<meta name=\"twitter:data2\" content=\"6 minutes\" \/>\n<script type=\"application\/ld+json\" class=\"yoast-schema-graph\">{\"@context\":\"https:\/\/schema.org\",\"@graph\":[{\"@type\":\"Article\",\"@id\":\"https:\/\/peoplesphere.be\/fr\/un-tiers-des-salaries-eprouvent-de-lanxiete-a-la-perspective-dun-entretien-devaluation\/#article\",\"isPartOf\":{\"@id\":\"https:\/\/peoplesphere.be\/fr\/un-tiers-des-salaries-eprouvent-de-lanxiete-a-la-perspective-dun-entretien-devaluation\/\"},\"author\":{\"name\":\"Jean-Paul Erhard\",\"@id\":\"https:\/\/peoplesphere.be\/fr\/#\/schema\/person\/7976225ff17988604334abb7b3536a7e\"},\"headline\":\"Un tiers des salari\u00e9s \u00e9prouvent de l\u2019anxi\u00e9t\u00e9 \u00e0 la perspective d\u2019un entretien d&rsquo;\u00e9valuation.\",\"datePublished\":\"2024-12-20T10:36:23+00:00\",\"dateModified\":\"2024-12-20T10:36:23+00:00\",\"mainEntityOfPage\":{\"@id\":\"https:\/\/peoplesphere.be\/fr\/un-tiers-des-salaries-eprouvent-de-lanxiete-a-la-perspective-dun-entretien-devaluation\/\"},\"wordCount\":1070,\"publisher\":{\"@id\":\"https:\/\/peoplesphere.be\/fr\/#organization\"},\"keywords\":[\"anxi\u00e9t\u00e9\",\"entretien d'\u00e9valuation\",\"feedback\",\"Stress\"],\"articleSection\":[\"Actualit\u00e9s\",\"Digital\"],\"inLanguage\":\"fr-FR\"},{\"@type\":\"WebPage\",\"@id\":\"https:\/\/peoplesphere.be\/fr\/un-tiers-des-salaries-eprouvent-de-lanxiete-a-la-perspective-dun-entretien-devaluation\/\",\"url\":\"https:\/\/peoplesphere.be\/fr\/un-tiers-des-salaries-eprouvent-de-lanxiete-a-la-perspective-dun-entretien-devaluation\/\",\"name\":\"Un tiers des salari\u00e9s \u00e9prouvent de l\u2019anxi\u00e9t\u00e9 \u00e0 la perspective d\u2019un entretien d'\u00e9valuation. - Peoplesphere\",\"isPartOf\":{\"@id\":\"https:\/\/peoplesphere.be\/fr\/#website\"},\"datePublished\":\"2024-12-20T10:36:23+00:00\",\"dateModified\":\"2024-12-20T10:36:23+00:00\",\"breadcrumb\":{\"@id\":\"https:\/\/peoplesphere.be\/fr\/un-tiers-des-salaries-eprouvent-de-lanxiete-a-la-perspective-dun-entretien-devaluation\/#breadcrumb\"},\"inLanguage\":\"fr-FR\",\"potentialAction\":[{\"@type\":\"ReadAction\",\"target\":[\"https:\/\/peoplesphere.be\/fr\/un-tiers-des-salaries-eprouvent-de-lanxiete-a-la-perspective-dun-entretien-devaluation\/\"]}]},{\"@type\":\"BreadcrumbList\",\"@id\":\"https:\/\/peoplesphere.be\/fr\/un-tiers-des-salaries-eprouvent-de-lanxiete-a-la-perspective-dun-entretien-devaluation\/#breadcrumb\",\"itemListElement\":[{\"@type\":\"ListItem\",\"position\":1,\"name\":\"Accueil\",\"item\":\"https:\/\/peoplesphere.be\/fr\/\"},{\"@type\":\"ListItem\",\"position\":2,\"name\":\"Un tiers des salari\u00e9s \u00e9prouvent de l\u2019anxi\u00e9t\u00e9 \u00e0 la perspective d\u2019un entretien d&rsquo;\u00e9valuation.\"}]},{\"@type\":\"WebSite\",\"@id\":\"https:\/\/peoplesphere.be\/fr\/#website\",\"url\":\"https:\/\/peoplesphere.be\/fr\/\",\"name\":\"Peoplesphere\",\"description\":\"The People Managers Magazine\",\"publisher\":{\"@id\":\"https:\/\/peoplesphere.be\/fr\/#organization\"},\"potentialAction\":[{\"@type\":\"SearchAction\",\"target\":{\"@type\":\"EntryPoint\",\"urlTemplate\":\"https:\/\/peoplesphere.be\/fr\/?s={search_term_string}\"},\"query-input\":\"required name=search_term_string\"}],\"inLanguage\":\"fr-FR\"},{\"@type\":\"Organization\",\"@id\":\"https:\/\/peoplesphere.be\/fr\/#organization\",\"name\":\"Peoplesphere Company srl\",\"url\":\"https:\/\/peoplesphere.be\/fr\/\",\"logo\":{\"@type\":\"ImageObject\",\"inLanguage\":\"fr-FR\",\"@id\":\"https:\/\/peoplesphere.be\/fr\/#\/schema\/logo\/image\/\",\"url\":\"https:\/\/peoplesphere.be\/fr\/wp-content\/uploads\/2023\/07\/peoplesphere-lgo-new-generik.jpg\",\"contentUrl\":\"https:\/\/peoplesphere.be\/fr\/wp-content\/uploads\/2023\/07\/peoplesphere-lgo-new-generik.jpg\",\"width\":1031,\"height\":1479,\"caption\":\"Peoplesphere Company srl\"},\"image\":{\"@id\":\"https:\/\/peoplesphere.be\/fr\/#\/schema\/logo\/image\/\"},\"sameAs\":[\"https:\/\/www.facebook.com\/peoplesphere\",\"https:\/\/twitter.com\/PeoplesphereMag\",\"https:\/\/www.linkedin.com\/company\/7587361?trk\",\"http:\/\/youtube.com\/peoplesphere\"]},{\"@type\":\"Person\",\"@id\":\"https:\/\/peoplesphere.be\/fr\/#\/schema\/person\/7976225ff17988604334abb7b3536a7e\",\"name\":\"Jean-Paul Erhard\",\"image\":{\"@type\":\"ImageObject\",\"inLanguage\":\"fr-FR\",\"@id\":\"https:\/\/peoplesphere.be\/fr\/#\/schema\/person\/image\/\",\"url\":\"https:\/\/secure.gravatar.com\/avatar\/f941e681460179738071629a51574930?s=96&d=mm&r=g\",\"contentUrl\":\"https:\/\/secure.gravatar.com\/avatar\/f941e681460179738071629a51574930?s=96&d=mm&r=g\",\"caption\":\"Jean-Paul Erhard\"},\"url\":\"https:\/\/peoplesphere.be\/fr\/author\/jpe\/\"}]}<\/script>\n<!-- \/ Yoast SEO plugin. -->","yoast_head_json":{"title":"Un tiers des salari\u00e9s \u00e9prouvent de l\u2019anxi\u00e9t\u00e9 \u00e0 la perspective d\u2019un entretien d'\u00e9valuation. - Peoplesphere","robots":{"index":"index","follow":"follow","max-snippet":"max-snippet:-1","max-image-preview":"max-image-preview:large","max-video-preview":"max-video-preview:-1"},"canonical":"https:\/\/peoplesphere.be\/fr\/un-tiers-des-salaries-eprouvent-de-lanxiete-a-la-perspective-dun-entretien-devaluation\/","og_locale":"fr_FR","og_type":"article","og_title":"Un tiers des salari\u00e9s \u00e9prouvent de l\u2019anxi\u00e9t\u00e9 \u00e0 la perspective d\u2019un entretien d'\u00e9valuation. - Peoplesphere","og_description":"Pr\u00e8s de la moiti\u00e9 des salari\u00e9s (48,7%) passent un entretien d&rsquo;\u00e9valuation annuel. Plus d&rsquo;un sur six (17,6%) n&rsquo;en a jamais ou uniquement en cas de probl\u00e8me (12,7%). Si plus de la moiti\u00e9 des r\u00e9pondants (55%) jugent que l&rsquo;\u00e9valuation devrait s&rsquo;inscrire [&hellip;]","og_url":"https:\/\/peoplesphere.be\/fr\/un-tiers-des-salaries-eprouvent-de-lanxiete-a-la-perspective-dun-entretien-devaluation\/","og_site_name":"Peoplesphere","article_publisher":"https:\/\/www.facebook.com\/peoplesphere","article_published_time":"2024-12-20T10:36:23+00:00","og_image":[{"url":"http:\/\/www.peoplesphere.be\/fr\/wp-content\/uploads\/2016\/07\/facebook-default-posting-1200x628px.jpg"}],"author":"Jean-Paul Erhard","twitter_card":"summary_large_image","twitter_creator":"@PeoplesphereMag","twitter_site":"@PeoplesphereMag","twitter_misc":{"\u00c9crit par":"Jean-Paul Erhard","Dur\u00e9e de lecture estim\u00e9e":"6 minutes"},"schema":{"@context":"https:\/\/schema.org","@graph":[{"@type":"Article","@id":"https:\/\/peoplesphere.be\/fr\/un-tiers-des-salaries-eprouvent-de-lanxiete-a-la-perspective-dun-entretien-devaluation\/#article","isPartOf":{"@id":"https:\/\/peoplesphere.be\/fr\/un-tiers-des-salaries-eprouvent-de-lanxiete-a-la-perspective-dun-entretien-devaluation\/"},"author":{"name":"Jean-Paul Erhard","@id":"https:\/\/peoplesphere.be\/fr\/#\/schema\/person\/7976225ff17988604334abb7b3536a7e"},"headline":"Un tiers des salari\u00e9s \u00e9prouvent de l\u2019anxi\u00e9t\u00e9 \u00e0 la perspective d\u2019un entretien d&rsquo;\u00e9valuation.","datePublished":"2024-12-20T10:36:23+00:00","dateModified":"2024-12-20T10:36:23+00:00","mainEntityOfPage":{"@id":"https:\/\/peoplesphere.be\/fr\/un-tiers-des-salaries-eprouvent-de-lanxiete-a-la-perspective-dun-entretien-devaluation\/"},"wordCount":1070,"publisher":{"@id":"https:\/\/peoplesphere.be\/fr\/#organization"},"keywords":["anxi\u00e9t\u00e9","entretien d'\u00e9valuation","feedback","Stress"],"articleSection":["Actualit\u00e9s","Digital"],"inLanguage":"fr-FR"},{"@type":"WebPage","@id":"https:\/\/peoplesphere.be\/fr\/un-tiers-des-salaries-eprouvent-de-lanxiete-a-la-perspective-dun-entretien-devaluation\/","url":"https:\/\/peoplesphere.be\/fr\/un-tiers-des-salaries-eprouvent-de-lanxiete-a-la-perspective-dun-entretien-devaluation\/","name":"Un tiers des salari\u00e9s \u00e9prouvent de l\u2019anxi\u00e9t\u00e9 \u00e0 la perspective d\u2019un entretien d'\u00e9valuation. - Peoplesphere","isPartOf":{"@id":"https:\/\/peoplesphere.be\/fr\/#website"},"datePublished":"2024-12-20T10:36:23+00:00","dateModified":"2024-12-20T10:36:23+00:00","breadcrumb":{"@id":"https:\/\/peoplesphere.be\/fr\/un-tiers-des-salaries-eprouvent-de-lanxiete-a-la-perspective-dun-entretien-devaluation\/#breadcrumb"},"inLanguage":"fr-FR","potentialAction":[{"@type":"ReadAction","target":["https:\/\/peoplesphere.be\/fr\/un-tiers-des-salaries-eprouvent-de-lanxiete-a-la-perspective-dun-entretien-devaluation\/"]}]},{"@type":"BreadcrumbList","@id":"https:\/\/peoplesphere.be\/fr\/un-tiers-des-salaries-eprouvent-de-lanxiete-a-la-perspective-dun-entretien-devaluation\/#breadcrumb","itemListElement":[{"@type":"ListItem","position":1,"name":"Accueil","item":"https:\/\/peoplesphere.be\/fr\/"},{"@type":"ListItem","position":2,"name":"Un tiers des salari\u00e9s \u00e9prouvent de l\u2019anxi\u00e9t\u00e9 \u00e0 la perspective d\u2019un entretien d&rsquo;\u00e9valuation."}]},{"@type":"WebSite","@id":"https:\/\/peoplesphere.be\/fr\/#website","url":"https:\/\/peoplesphere.be\/fr\/","name":"Peoplesphere","description":"The People Managers Magazine","publisher":{"@id":"https:\/\/peoplesphere.be\/fr\/#organization"},"potentialAction":[{"@type":"SearchAction","target":{"@type":"EntryPoint","urlTemplate":"https:\/\/peoplesphere.be\/fr\/?s={search_term_string}"},"query-input":"required name=search_term_string"}],"inLanguage":"fr-FR"},{"@type":"Organization","@id":"https:\/\/peoplesphere.be\/fr\/#organization","name":"Peoplesphere Company srl","url":"https:\/\/peoplesphere.be\/fr\/","logo":{"@type":"ImageObject","inLanguage":"fr-FR","@id":"https:\/\/peoplesphere.be\/fr\/#\/schema\/logo\/image\/","url":"https:\/\/peoplesphere.be\/fr\/wp-content\/uploads\/2023\/07\/peoplesphere-lgo-new-generik.jpg","contentUrl":"https:\/\/peoplesphere.be\/fr\/wp-content\/uploads\/2023\/07\/peoplesphere-lgo-new-generik.jpg","width":1031,"height":1479,"caption":"Peoplesphere Company srl"},"image":{"@id":"https:\/\/peoplesphere.be\/fr\/#\/schema\/logo\/image\/"},"sameAs":["https:\/\/www.facebook.com\/peoplesphere","https:\/\/twitter.com\/PeoplesphereMag","https:\/\/www.linkedin.com\/company\/7587361?trk","http:\/\/youtube.com\/peoplesphere"]},{"@type":"Person","@id":"https:\/\/peoplesphere.be\/fr\/#\/schema\/person\/7976225ff17988604334abb7b3536a7e","name":"Jean-Paul Erhard","image":{"@type":"ImageObject","inLanguage":"fr-FR","@id":"https:\/\/peoplesphere.be\/fr\/#\/schema\/person\/image\/","url":"https:\/\/secure.gravatar.com\/avatar\/f941e681460179738071629a51574930?s=96&d=mm&r=g","contentUrl":"https:\/\/secure.gravatar.com\/avatar\/f941e681460179738071629a51574930?s=96&d=mm&r=g","caption":"Jean-Paul Erhard"},"url":"https:\/\/peoplesphere.be\/fr\/author\/jpe\/"}]}},"_links":{"self":[{"href":"https:\/\/peoplesphere.be\/fr\/wp-json\/wp\/v2\/posts\/17167"}],"collection":[{"href":"https:\/\/peoplesphere.be\/fr\/wp-json\/wp\/v2\/posts"}],"about":[{"href":"https:\/\/peoplesphere.be\/fr\/wp-json\/wp\/v2\/types\/post"}],"author":[{"embeddable":true,"href":"https:\/\/peoplesphere.be\/fr\/wp-json\/wp\/v2\/users\/2"}],"replies":[{"embeddable":true,"href":"https:\/\/peoplesphere.be\/fr\/wp-json\/wp\/v2\/comments?post=17167"}],"version-history":[{"count":1,"href":"https:\/\/peoplesphere.be\/fr\/wp-json\/wp\/v2\/posts\/17167\/revisions"}],"predecessor-version":[{"id":17168,"href":"https:\/\/peoplesphere.be\/fr\/wp-json\/wp\/v2\/posts\/17167\/revisions\/17168"}],"wp:attachment":[{"href":"https:\/\/peoplesphere.be\/fr\/wp-json\/wp\/v2\/media?parent=17167"}],"wp:term":[{"taxonomy":"category","embeddable":true,"href":"https:\/\/peoplesphere.be\/fr\/wp-json\/wp\/v2\/categories?post=17167"},{"taxonomy":"post_tag","embeddable":true,"href":"https:\/\/peoplesphere.be\/fr\/wp-json\/wp\/v2\/tags?post=17167"}],"curies":[{"name":"wp","href":"https:\/\/api.w.org\/{rel}","templated":true}]}}