









{"id":17185,"date":"2024-12-30T09:31:31","date_gmt":"2024-12-30T07:31:31","guid":{"rendered":"https:\/\/peoplesphere.be\/fr\/?p=17185"},"modified":"2024-12-30T09:31:31","modified_gmt":"2024-12-30T07:31:31","slug":"la-cloture-de-decembre-est-douloureuse-pour-de-nombreux-employeurs-avec-les-primes-de-fin-dannee","status":"publish","type":"post","link":"https:\/\/peoplesphere.be\/fr\/la-cloture-de-decembre-est-douloureuse-pour-de-nombreux-employeurs-avec-les-primes-de-fin-dannee\/","title":{"rendered":"La cl\u00f4ture de D\u00e9cembre est douloureuse pour de nombreux employeurs avec les primes de fin d&rsquo;ann\u00e9e."},"content":{"rendered":"<p>D\u00e9cembre n\u2019est pas seulement le mois le plus co\u00fbteux pour les m\u00e9nages, mais aussi pour les employeurs. Deux tiers des employeurs PME (63%) identifient d\u00e9cembre comme le mois le plus co\u00fbteux en raison du paiement de la prime de fin d\u2019ann\u00e9e. Janvier (10%) et novembre (10%) figurent \u00e9galement parmi les mois plus on\u00e9reux pour ce m\u00eame motif. <!--more--><\/p>\n<p>Annelies Rottiers, Directrice consultance pour PME de SD Worx : <em>\u00ab\u00a0Tous les secteurs ne pr\u00e9voient pas de prime de fin d\u2019ann\u00e9e. Tous ne pr\u00e9voient pas non plus un 13e mois de salaire \u00e0 part enti\u00e8re. Chaque secteur (commission paritaire) suit ses propres r\u00e8gles, tant en ce qui concerne le montant de la prime que l\u2019impact des absences ou des d\u00e9parts. La diversit\u00e9 dans l\u2019approche sectorielle de la prime de fin d\u2019ann\u00e9e et le traitement fiscal de celle-ci suscitent de nombreuses questions chez les travailleurs.\u00a0\u00bb<\/em><\/p>\n<p>Voici quelques questions fr\u00e9quentes (et les r\u00e9ponses y aff\u00e9rentes) sur la prime de fin d\u2019ann\u00e9e&#8230;<\/p>\n<p><strong><em>1. Une prime de fin d\u2019ann\u00e9e correspond-elle toujours \u00e0 un mois de salaire suppl\u00e9mentaire et est-elle la m\u00eame pour tout le monde ?<\/em><\/strong> &#8211; La prime de fin d&rsquo;ann\u00e9e, souvent appel\u00e9e \u00ab\u00a013e mois\u00a0\u00bb, est une indemnit\u00e9 que l\u2019employeur doit g\u00e9n\u00e9ralement payer \u00e0 ses collaborateurs \u00e0 la fin de l\u2019ann\u00e9e. Cependant, il y a un malentendu quant au fait qu\u2019une prime de fin d\u2019ann\u00e9e repr\u00e9sente toujours un mois de salaire suppl\u00e9mentaire. Il existe des secteurs o\u00f9 la prime de fin d\u2019ann\u00e9e est inf\u00e9rieure \u00e0 un salaire mensuel. Dans certains secteurs, il n\u2019existe aucun droit \u00e0 une telle prime. Dans ces cas, l\u2019employeur peut lui-m\u00eame choisir d\u2019octroyer une prime de fin d\u2019ann\u00e9e (totale ou partielle) mais ce n\u2019est pas obligatoire.<\/p>\n<p>De plus, dans certains secteurs, l\u2019obligation de paiement n\u2019incombe pas \u00e0 l\u2019employeur lui-m\u00eame, mais bien \u00e0 un fonds sectoriel. C\u2019est notamment le cas dans le secteur de la construction et de l\u2019Horeca.<\/p>\n<p><strong><em>2. Quel montant net reste-t-il de la prime de fin d\u2019ann\u00e9e ?<\/em><\/strong> &#8211; La prime de fin d&rsquo;ann\u00e9e est soumise \u00e0 un taux de pr\u00e9compte professionnel plus \u00e9lev\u00e9 que le salaire habituel. Concr\u00e8tement, le travailleur re\u00e7oit donc un montant net inf\u00e9rieur, que la prime de fin d\u2019ann\u00e9e soit pay\u00e9e avec le salaire de d\u00e9cembre ou via un calcul salarial s\u00e9par\u00e9.<\/p>\n<p><strong><em>3. Comment est calcul\u00e9e la prime de fin d\u2019ann\u00e9e ?<\/em><\/strong> &#8211; Il n&rsquo;y a pas de r\u00e8gles g\u00e9n\u00e9rales de calcul pour la prime de fin d\u2019ann\u00e9e. Chaque secteur dispose de ses propres modalit\u00e9s, tant en ce qui concerne le montant de la prime que l\u2019impact des absences ou des d\u00e9parts. Les employeurs qui paient une prime de fin d\u2019ann\u00e9e de leur propre initiative (en l&rsquo;absence d&rsquo;obligation sectorielle) peuvent \u00e9galement d\u00e9finir librement son montant.<\/p>\n<p>Dans de nombreux cas, mais pas tous, le calcul d\u00e9pend des facteurs suivants :<\/p>\n<ul>\n<li>l\u2019anciennet\u00e9 durant la p\u00e9riode de r\u00e9f\u00e9rence<\/li>\n<li>les absences assimil\u00e9es ou non pendant la p\u00e9riode de r\u00e9f\u00e9rence<\/li>\n<li>le r\u00e9gime de travail (temps plein \/ temps partiel)<\/li>\n<\/ul>\n<p><strong><em>4. Pourquoi ne re\u00e7ois-je pas de prime de fin d\u2019ann\u00e9e cette ann\u00e9e ?<\/em><\/strong> &#8211; Le secteur auquel vous appartenez d\u00e9termine les r\u00e8gles. Les dispositions relatives \u00e0 la prime de fin d&rsquo;ann\u00e9e sont donc, en grande partie, sp\u00e9cifiques au secteur. Il existe toutefois un certain nombre de contr\u00f4les g\u00e9n\u00e9raux qui peuvent expliquer l&rsquo;absence de prime :<\/p>\n<ul>\n<li>dans votre secteur, vous n\u2019avez pas droit \u00e0 une prime de fin d\u2019ann\u00e9e ;<\/li>\n<li>le paiement de la prime de fin d\u2019ann\u00e9e est effectu\u00e9 par un fonds sectoriel \u00e0 un autre moment.<\/li>\n<li>vous n\u2019avez pas suffisamment d\u2019anciennet\u00e9 pour ouvrir un droit \u00e0 une prime de fin d\u2019ann\u00e9e. L&rsquo;anciennet\u00e9 minimale est d\u00e9termin\u00e9e par le secteur.<\/li>\n<li>vous n\u2019\u00e9tiez pas en service pendant la p\u00e9riode de r\u00e9f\u00e9rence que d\u00e9finit le secteur.<\/li>\n<\/ul>\n<p><strong><em>5. Qu\u2019en est-il en cas de d\u00e9mission ou de maladie ?<\/em><\/strong> &#8211; Ici aussi, il y a des diff\u00e9rences entre les secteurs. Certains secteurs assimilent les p\u00e9riodes de maladie (et d\u2019autres absences par extension), tandis que d\u2019autres les limitent ou les excluent totalement. Il en va de m\u00eame pour le licenciement. Le motif de d\u00e9part joue souvent un r\u00f4le d\u00e9cisif. Ainsi, en cas de licenciement par l\u2019employeur, il y aura g\u00e9n\u00e9ralement droit \u00e0 une prime de fin d\u2019ann\u00e9e proratis\u00e9e. En revanche, si le travailleur d\u00e9missionne de sa propre initiative, cela est moins fr\u00e9quent.<\/p>\n<p><strong><em>6. Quid du cong\u00e9 parental \/ cr\u00e9dit-temps : un travailleur re\u00e7oit-il la m\u00eame prime de fin d\u2019ann\u00e9e ?<\/em> <\/strong>&#8211; Non. Ces absences ne sont g\u00e9n\u00e9ralement pas assimil\u00e9es pour le calcul de la prime de fin d\u2019ann\u00e9e. Concr\u00e8tement, si un travailleur a pris un cong\u00e9 parental ou un cr\u00e9dit-temps pendant la p\u00e9riode de r\u00e9f\u00e9rence, cette p\u00e9riode ne sera pas consid\u00e9r\u00e9e comme travaill\u00e9e et le travailleur recevra une prime de fin d\u2019ann\u00e9e r\u00e9duite.<\/p>\n<p>&nbsp;<\/p>\n<p><em>Source: SD Worx<\/em><\/p>\n","protected":false},"excerpt":{"rendered":"<p>D\u00e9cembre n\u2019est pas seulement le mois le plus co\u00fbteux pour les m\u00e9nages, mais aussi pour les employeurs. Deux tiers des employeurs PME (63%) identifient d\u00e9cembre comme le mois le plus co\u00fbteux en raison du paiement de la prime de fin [&hellip;]<\/p>\n","protected":false},"author":2,"featured_media":17186,"comment_status":"closed","ping_status":"open","sticky":false,"template":"","format":"standard","meta":[],"categories":[65,10],"tags":[3811,2676,108],"yoast_head":"<!-- This site is optimized with the Yoast SEO plugin v21.0 - https:\/\/yoast.com\/wordpress\/plugins\/seo\/ -->\n<title>La cl\u00f4ture de D\u00e9cembre est douloureuse pour de nombreux employeurs avec les primes de fin d&#039;ann\u00e9e. - Peoplesphere<\/title>\n<meta name=\"robots\" content=\"index, follow, max-snippet:-1, max-image-preview:large, max-video-preview:-1\" \/>\n<link rel=\"canonical\" href=\"https:\/\/peoplesphere.be\/fr\/la-cloture-de-decembre-est-douloureuse-pour-de-nombreux-employeurs-avec-les-primes-de-fin-dannee\/\" \/>\n<meta property=\"og:locale\" content=\"fr_FR\" \/>\n<meta property=\"og:type\" content=\"article\" \/>\n<meta property=\"og:title\" content=\"La cl\u00f4ture de D\u00e9cembre est douloureuse pour de nombreux employeurs avec les primes de fin d&#039;ann\u00e9e. - Peoplesphere\" \/>\n<meta property=\"og:description\" content=\"D\u00e9cembre n\u2019est pas seulement le mois le plus co\u00fbteux pour les m\u00e9nages, mais aussi pour les employeurs. Deux tiers des employeurs PME (63%) identifient d\u00e9cembre comme le mois le plus co\u00fbteux en raison du paiement de la prime de fin [&hellip;]\" \/>\n<meta property=\"og:url\" content=\"https:\/\/peoplesphere.be\/fr\/la-cloture-de-decembre-est-douloureuse-pour-de-nombreux-employeurs-avec-les-primes-de-fin-dannee\/\" \/>\n<meta property=\"og:site_name\" content=\"Peoplesphere\" \/>\n<meta property=\"article:publisher\" content=\"https:\/\/www.facebook.com\/peoplesphere\" \/>\n<meta property=\"article:published_time\" content=\"2024-12-30T07:31:31+00:00\" \/>\n<meta property=\"og:image\" content=\"https:\/\/peoplesphere.be\/fr\/wp-content\/uploads\/2024\/12\/20221020greedgirl.jpg\" \/>\n\t<meta property=\"og:image:width\" content=\"980\" \/>\n\t<meta property=\"og:image:height\" content=\"512\" \/>\n\t<meta property=\"og:image:type\" content=\"image\/jpeg\" \/>\n<meta name=\"author\" content=\"Jean-Paul Erhard\" \/>\n<meta name=\"twitter:card\" content=\"summary_large_image\" \/>\n<meta name=\"twitter:creator\" content=\"@PeoplesphereMag\" \/>\n<meta name=\"twitter:site\" content=\"@PeoplesphereMag\" \/>\n<meta name=\"twitter:label1\" content=\"\u00c9crit par\" \/>\n\t<meta name=\"twitter:data1\" content=\"Jean-Paul Erhard\" \/>\n\t<meta name=\"twitter:label2\" content=\"Dur\u00e9e de lecture estim\u00e9e\" \/>\n\t<meta name=\"twitter:data2\" content=\"4 minutes\" \/>\n<script type=\"application\/ld+json\" class=\"yoast-schema-graph\">{\"@context\":\"https:\/\/schema.org\",\"@graph\":[{\"@type\":\"Article\",\"@id\":\"https:\/\/peoplesphere.be\/fr\/la-cloture-de-decembre-est-douloureuse-pour-de-nombreux-employeurs-avec-les-primes-de-fin-dannee\/#article\",\"isPartOf\":{\"@id\":\"https:\/\/peoplesphere.be\/fr\/la-cloture-de-decembre-est-douloureuse-pour-de-nombreux-employeurs-avec-les-primes-de-fin-dannee\/\"},\"author\":{\"name\":\"Jean-Paul Erhard\",\"@id\":\"https:\/\/peoplesphere.be\/fr\/#\/schema\/person\/7976225ff17988604334abb7b3536a7e\"},\"headline\":\"La cl\u00f4ture de D\u00e9cembre est douloureuse pour de nombreux employeurs avec les primes de fin d&rsquo;ann\u00e9e.\",\"datePublished\":\"2024-12-30T07:31:31+00:00\",\"dateModified\":\"2024-12-30T07:31:31+00:00\",\"mainEntityOfPage\":{\"@id\":\"https:\/\/peoplesphere.be\/fr\/la-cloture-de-decembre-est-douloureuse-pour-de-nombreux-employeurs-avec-les-primes-de-fin-dannee\/\"},\"wordCount\":913,\"publisher\":{\"@id\":\"https:\/\/peoplesphere.be\/fr\/#organization\"},\"keywords\":[\"co\u00fbts de personnel\",\"prime de fin d'ann\u00e9e\",\"salaires\"],\"articleSection\":[\"Actualit\u00e9s\",\"Digital\"],\"inLanguage\":\"fr-FR\"},{\"@type\":\"WebPage\",\"@id\":\"https:\/\/peoplesphere.be\/fr\/la-cloture-de-decembre-est-douloureuse-pour-de-nombreux-employeurs-avec-les-primes-de-fin-dannee\/\",\"url\":\"https:\/\/peoplesphere.be\/fr\/la-cloture-de-decembre-est-douloureuse-pour-de-nombreux-employeurs-avec-les-primes-de-fin-dannee\/\",\"name\":\"La cl\u00f4ture de D\u00e9cembre est douloureuse pour de nombreux employeurs avec les primes de fin d'ann\u00e9e. - Peoplesphere\",\"isPartOf\":{\"@id\":\"https:\/\/peoplesphere.be\/fr\/#website\"},\"datePublished\":\"2024-12-30T07:31:31+00:00\",\"dateModified\":\"2024-12-30T07:31:31+00:00\",\"breadcrumb\":{\"@id\":\"https:\/\/peoplesphere.be\/fr\/la-cloture-de-decembre-est-douloureuse-pour-de-nombreux-employeurs-avec-les-primes-de-fin-dannee\/#breadcrumb\"},\"inLanguage\":\"fr-FR\",\"potentialAction\":[{\"@type\":\"ReadAction\",\"target\":[\"https:\/\/peoplesphere.be\/fr\/la-cloture-de-decembre-est-douloureuse-pour-de-nombreux-employeurs-avec-les-primes-de-fin-dannee\/\"]}]},{\"@type\":\"BreadcrumbList\",\"@id\":\"https:\/\/peoplesphere.be\/fr\/la-cloture-de-decembre-est-douloureuse-pour-de-nombreux-employeurs-avec-les-primes-de-fin-dannee\/#breadcrumb\",\"itemListElement\":[{\"@type\":\"ListItem\",\"position\":1,\"name\":\"Accueil\",\"item\":\"https:\/\/peoplesphere.be\/fr\/\"},{\"@type\":\"ListItem\",\"position\":2,\"name\":\"La cl\u00f4ture de D\u00e9cembre est douloureuse pour de nombreux employeurs avec les primes de fin d&rsquo;ann\u00e9e.\"}]},{\"@type\":\"WebSite\",\"@id\":\"https:\/\/peoplesphere.be\/fr\/#website\",\"url\":\"https:\/\/peoplesphere.be\/fr\/\",\"name\":\"Peoplesphere\",\"description\":\"The People Managers Magazine\",\"publisher\":{\"@id\":\"https:\/\/peoplesphere.be\/fr\/#organization\"},\"potentialAction\":[{\"@type\":\"SearchAction\",\"target\":{\"@type\":\"EntryPoint\",\"urlTemplate\":\"https:\/\/peoplesphere.be\/fr\/?s={search_term_string}\"},\"query-input\":\"required name=search_term_string\"}],\"inLanguage\":\"fr-FR\"},{\"@type\":\"Organization\",\"@id\":\"https:\/\/peoplesphere.be\/fr\/#organization\",\"name\":\"Peoplesphere Company srl\",\"url\":\"https:\/\/peoplesphere.be\/fr\/\",\"logo\":{\"@type\":\"ImageObject\",\"inLanguage\":\"fr-FR\",\"@id\":\"https:\/\/peoplesphere.be\/fr\/#\/schema\/logo\/image\/\",\"url\":\"https:\/\/peoplesphere.be\/fr\/wp-content\/uploads\/2023\/07\/peoplesphere-lgo-new-generik.jpg\",\"contentUrl\":\"https:\/\/peoplesphere.be\/fr\/wp-content\/uploads\/2023\/07\/peoplesphere-lgo-new-generik.jpg\",\"width\":1031,\"height\":1479,\"caption\":\"Peoplesphere Company srl\"},\"image\":{\"@id\":\"https:\/\/peoplesphere.be\/fr\/#\/schema\/logo\/image\/\"},\"sameAs\":[\"https:\/\/www.facebook.com\/peoplesphere\",\"https:\/\/twitter.com\/PeoplesphereMag\",\"https:\/\/www.linkedin.com\/company\/7587361?trk\",\"http:\/\/youtube.com\/peoplesphere\"]},{\"@type\":\"Person\",\"@id\":\"https:\/\/peoplesphere.be\/fr\/#\/schema\/person\/7976225ff17988604334abb7b3536a7e\",\"name\":\"Jean-Paul Erhard\",\"image\":{\"@type\":\"ImageObject\",\"inLanguage\":\"fr-FR\",\"@id\":\"https:\/\/peoplesphere.be\/fr\/#\/schema\/person\/image\/\",\"url\":\"https:\/\/secure.gravatar.com\/avatar\/f941e681460179738071629a51574930?s=96&d=mm&r=g\",\"contentUrl\":\"https:\/\/secure.gravatar.com\/avatar\/f941e681460179738071629a51574930?s=96&d=mm&r=g\",\"caption\":\"Jean-Paul Erhard\"},\"url\":\"https:\/\/peoplesphere.be\/fr\/author\/jpe\/\"}]}<\/script>\n<!-- \/ Yoast SEO plugin. -->","yoast_head_json":{"title":"La cl\u00f4ture de D\u00e9cembre est douloureuse pour de nombreux employeurs avec les primes de fin d'ann\u00e9e. - Peoplesphere","robots":{"index":"index","follow":"follow","max-snippet":"max-snippet:-1","max-image-preview":"max-image-preview:large","max-video-preview":"max-video-preview:-1"},"canonical":"https:\/\/peoplesphere.be\/fr\/la-cloture-de-decembre-est-douloureuse-pour-de-nombreux-employeurs-avec-les-primes-de-fin-dannee\/","og_locale":"fr_FR","og_type":"article","og_title":"La cl\u00f4ture de D\u00e9cembre est douloureuse pour de nombreux employeurs avec les primes de fin d'ann\u00e9e. - Peoplesphere","og_description":"D\u00e9cembre n\u2019est pas seulement le mois le plus co\u00fbteux pour les m\u00e9nages, mais aussi pour les employeurs. Deux tiers des employeurs PME (63%) identifient d\u00e9cembre comme le mois le plus co\u00fbteux en raison du paiement de la prime de fin [&hellip;]","og_url":"https:\/\/peoplesphere.be\/fr\/la-cloture-de-decembre-est-douloureuse-pour-de-nombreux-employeurs-avec-les-primes-de-fin-dannee\/","og_site_name":"Peoplesphere","article_publisher":"https:\/\/www.facebook.com\/peoplesphere","article_published_time":"2024-12-30T07:31:31+00:00","og_image":[{"width":980,"height":512,"url":"https:\/\/peoplesphere.be\/fr\/wp-content\/uploads\/2024\/12\/20221020greedgirl.jpg","type":"image\/jpeg"}],"author":"Jean-Paul Erhard","twitter_card":"summary_large_image","twitter_creator":"@PeoplesphereMag","twitter_site":"@PeoplesphereMag","twitter_misc":{"\u00c9crit par":"Jean-Paul Erhard","Dur\u00e9e de lecture estim\u00e9e":"4 minutes"},"schema":{"@context":"https:\/\/schema.org","@graph":[{"@type":"Article","@id":"https:\/\/peoplesphere.be\/fr\/la-cloture-de-decembre-est-douloureuse-pour-de-nombreux-employeurs-avec-les-primes-de-fin-dannee\/#article","isPartOf":{"@id":"https:\/\/peoplesphere.be\/fr\/la-cloture-de-decembre-est-douloureuse-pour-de-nombreux-employeurs-avec-les-primes-de-fin-dannee\/"},"author":{"name":"Jean-Paul Erhard","@id":"https:\/\/peoplesphere.be\/fr\/#\/schema\/person\/7976225ff17988604334abb7b3536a7e"},"headline":"La cl\u00f4ture de D\u00e9cembre est douloureuse pour de nombreux employeurs avec les primes de fin d&rsquo;ann\u00e9e.","datePublished":"2024-12-30T07:31:31+00:00","dateModified":"2024-12-30T07:31:31+00:00","mainEntityOfPage":{"@id":"https:\/\/peoplesphere.be\/fr\/la-cloture-de-decembre-est-douloureuse-pour-de-nombreux-employeurs-avec-les-primes-de-fin-dannee\/"},"wordCount":913,"publisher":{"@id":"https:\/\/peoplesphere.be\/fr\/#organization"},"keywords":["co\u00fbts de personnel","prime de fin d'ann\u00e9e","salaires"],"articleSection":["Actualit\u00e9s","Digital"],"inLanguage":"fr-FR"},{"@type":"WebPage","@id":"https:\/\/peoplesphere.be\/fr\/la-cloture-de-decembre-est-douloureuse-pour-de-nombreux-employeurs-avec-les-primes-de-fin-dannee\/","url":"https:\/\/peoplesphere.be\/fr\/la-cloture-de-decembre-est-douloureuse-pour-de-nombreux-employeurs-avec-les-primes-de-fin-dannee\/","name":"La cl\u00f4ture de D\u00e9cembre est douloureuse pour de nombreux employeurs avec les primes de fin d'ann\u00e9e. - Peoplesphere","isPartOf":{"@id":"https:\/\/peoplesphere.be\/fr\/#website"},"datePublished":"2024-12-30T07:31:31+00:00","dateModified":"2024-12-30T07:31:31+00:00","breadcrumb":{"@id":"https:\/\/peoplesphere.be\/fr\/la-cloture-de-decembre-est-douloureuse-pour-de-nombreux-employeurs-avec-les-primes-de-fin-dannee\/#breadcrumb"},"inLanguage":"fr-FR","potentialAction":[{"@type":"ReadAction","target":["https:\/\/peoplesphere.be\/fr\/la-cloture-de-decembre-est-douloureuse-pour-de-nombreux-employeurs-avec-les-primes-de-fin-dannee\/"]}]},{"@type":"BreadcrumbList","@id":"https:\/\/peoplesphere.be\/fr\/la-cloture-de-decembre-est-douloureuse-pour-de-nombreux-employeurs-avec-les-primes-de-fin-dannee\/#breadcrumb","itemListElement":[{"@type":"ListItem","position":1,"name":"Accueil","item":"https:\/\/peoplesphere.be\/fr\/"},{"@type":"ListItem","position":2,"name":"La cl\u00f4ture de D\u00e9cembre est douloureuse pour de nombreux employeurs avec les primes de fin d&rsquo;ann\u00e9e."}]},{"@type":"WebSite","@id":"https:\/\/peoplesphere.be\/fr\/#website","url":"https:\/\/peoplesphere.be\/fr\/","name":"Peoplesphere","description":"The People Managers Magazine","publisher":{"@id":"https:\/\/peoplesphere.be\/fr\/#organization"},"potentialAction":[{"@type":"SearchAction","target":{"@type":"EntryPoint","urlTemplate":"https:\/\/peoplesphere.be\/fr\/?s={search_term_string}"},"query-input":"required name=search_term_string"}],"inLanguage":"fr-FR"},{"@type":"Organization","@id":"https:\/\/peoplesphere.be\/fr\/#organization","name":"Peoplesphere Company srl","url":"https:\/\/peoplesphere.be\/fr\/","logo":{"@type":"ImageObject","inLanguage":"fr-FR","@id":"https:\/\/peoplesphere.be\/fr\/#\/schema\/logo\/image\/","url":"https:\/\/peoplesphere.be\/fr\/wp-content\/uploads\/2023\/07\/peoplesphere-lgo-new-generik.jpg","contentUrl":"https:\/\/peoplesphere.be\/fr\/wp-content\/uploads\/2023\/07\/peoplesphere-lgo-new-generik.jpg","width":1031,"height":1479,"caption":"Peoplesphere Company srl"},"image":{"@id":"https:\/\/peoplesphere.be\/fr\/#\/schema\/logo\/image\/"},"sameAs":["https:\/\/www.facebook.com\/peoplesphere","https:\/\/twitter.com\/PeoplesphereMag","https:\/\/www.linkedin.com\/company\/7587361?trk","http:\/\/youtube.com\/peoplesphere"]},{"@type":"Person","@id":"https:\/\/peoplesphere.be\/fr\/#\/schema\/person\/7976225ff17988604334abb7b3536a7e","name":"Jean-Paul Erhard","image":{"@type":"ImageObject","inLanguage":"fr-FR","@id":"https:\/\/peoplesphere.be\/fr\/#\/schema\/person\/image\/","url":"https:\/\/secure.gravatar.com\/avatar\/f941e681460179738071629a51574930?s=96&d=mm&r=g","contentUrl":"https:\/\/secure.gravatar.com\/avatar\/f941e681460179738071629a51574930?s=96&d=mm&r=g","caption":"Jean-Paul Erhard"},"url":"https:\/\/peoplesphere.be\/fr\/author\/jpe\/"}]}},"_links":{"self":[{"href":"https:\/\/peoplesphere.be\/fr\/wp-json\/wp\/v2\/posts\/17185"}],"collection":[{"href":"https:\/\/peoplesphere.be\/fr\/wp-json\/wp\/v2\/posts"}],"about":[{"href":"https:\/\/peoplesphere.be\/fr\/wp-json\/wp\/v2\/types\/post"}],"author":[{"embeddable":true,"href":"https:\/\/peoplesphere.be\/fr\/wp-json\/wp\/v2\/users\/2"}],"replies":[{"embeddable":true,"href":"https:\/\/peoplesphere.be\/fr\/wp-json\/wp\/v2\/comments?post=17185"}],"version-history":[{"count":1,"href":"https:\/\/peoplesphere.be\/fr\/wp-json\/wp\/v2\/posts\/17185\/revisions"}],"predecessor-version":[{"id":17187,"href":"https:\/\/peoplesphere.be\/fr\/wp-json\/wp\/v2\/posts\/17185\/revisions\/17187"}],"wp:featuredmedia":[{"embeddable":true,"href":"https:\/\/peoplesphere.be\/fr\/wp-json\/wp\/v2\/media\/17186"}],"wp:attachment":[{"href":"https:\/\/peoplesphere.be\/fr\/wp-json\/wp\/v2\/media?parent=17185"}],"wp:term":[{"taxonomy":"category","embeddable":true,"href":"https:\/\/peoplesphere.be\/fr\/wp-json\/wp\/v2\/categories?post=17185"},{"taxonomy":"post_tag","embeddable":true,"href":"https:\/\/peoplesphere.be\/fr\/wp-json\/wp\/v2\/tags?post=17185"}],"curies":[{"name":"wp","href":"https:\/\/api.w.org\/{rel}","templated":true}]}}