









{"id":17283,"date":"2025-01-22T12:39:10","date_gmt":"2025-01-22T10:39:10","guid":{"rendered":"https:\/\/peoplesphere.be\/fr\/?p=17283"},"modified":"2025-01-22T12:39:10","modified_gmt":"2025-01-22T10:39:10","slug":"toujours-pas-de-remede-contre-les-penuries-de-talents-72-des-employeurs-belges-eprouvent-des-difficultes-a-remplir-leurs-postes-vacants","status":"publish","type":"post","link":"https:\/\/peoplesphere.be\/fr\/toujours-pas-de-remede-contre-les-penuries-de-talents-72-des-employeurs-belges-eprouvent-des-difficultes-a-remplir-leurs-postes-vacants\/","title":{"rendered":"Toujours pas de rem\u00e8de contre les p\u00e9nuries de talents: 72% des employeurs belges \u00e9prouvent des difficult\u00e9s \u00e0 remplir leurs postes vacants."},"content":{"rendered":"<p>Ni l\u2019incertitude \u00e9conomique, ni l\u2019afflux de candidats sur le march\u00e9 de l\u2019emploi en raison des nombreuses faillites et restructurations, ni l\u2019intelligence artificielle n\u2019ont chang\u00e9 la donne: les employeurs belges continuent de faire face \u00e0 des difficult\u00e9s de recrutement persistantes.<!--more--><\/p>\n<p>Alors que la situation reste tendue sur le march\u00e9 de l\u2019emploi en raison de l\u2019incertitude \u00e9conomique, les p\u00e9nuries de talents se maintiennent \u00e0 un niveau \u00e9lev\u00e9 en Belgique. Selon une enqu\u00eate r\u00e9alis\u00e9e par ManpowerGroup, 72% des 525 employeurs sond\u00e9s d\u00e9clarent rencontrer des difficult\u00e9s \u00e0 pourvoir leurs postes vacants, pr\u00e8s d\u2019un sur cinq (17%) faisant m\u00eame face \u00e0 de grandes difficult\u00e9s. Ce chiffre est cependant inf\u00e9rieur de deux points \u00e0 celui enregistr\u00e9 l\u2019an dernier. Le d\u00e9ficit de comp\u00e9tences touche les trois r\u00e9gions, avec un impact plus marqu\u00e9 \u00e0 Bruxelles (76 %), devant la Flandre (72%) et la Wallonie (70%).<\/p>\n<p><em>\u00ab\u00a0Les r\u00e9sultats de notre enqu\u00eate annuelle sur les p\u00e9nuries de main-d\u2019\u0153uvre montrent que le paradoxe du d\u00e9s\u00e9quilibre entre l\u2019offre et la demande de comp\u00e9tences persiste sur le march\u00e9 de l\u2019emploi, en Belgique (72%\u00b0 comme au niveau mondial (74%)\u00a0\u00bb,<\/em> explique S\u00e9bastien Delfosse, Managing Director de ManpowerGroup BeLux. <em>\u00ab\u00a0Les difficult\u00e9s \u00e9prouv\u00e9es par les employeurs pour pourvoir leurs postes vacants n\u2019ont pas \u00e9t\u00e9 att\u00e9nu\u00e9es par l\u2019afflux exceptionnel de main-d\u2019\u0153uvre r\u00e9sultant des faillites ou des restructurations qui on tattien tun niveau record depuis dix ans en Belgique. De plus, les nombreux progr\u00e8s r\u00e9alis\u00e9s gr\u00e2ce \u00e0 l\u2019automatisation et \u00e0 l\u2019intelligence artificielle ne permettent pas, \u00e0 ce stade, de r\u00e9duire la pression sur le recrutement. Dans ce contexte, la mise en place de strat\u00e9gies pour attirer et fid\u00e9liser les employ\u00e9s restera une priorit\u00e9 majeure pour les employeurs en 2025.\u00a0\u00bb<\/em><\/p>\n<p>Selon les derniers chiffres de Statbel, la Belgique a enregistr\u00e9 en 2024 un nombre de record faillites depuis 10 ans (plus de 11.000) entra\u00eenant la destruction de 32.566 emplois, tandis que selon les statistiques du SPF Emploi concernant les restructurations, 103 entreprises ont entam\u00e9 des proc\u00e9dures Renaults, pr\u00e9voyant la suppression d\u2019un total de 12.354 emplois<\/p>\n<h3><strong><em>Pas encore de r\u00e9pit aux p\u00e9nuries de main-d\u2019\u0153uvre gr\u00e2ce \u00e0 l\u2019IA<\/em><\/strong><\/h3>\n<p>Dans son dernier rapport sur les tendances du monde du travail, intitul\u00e9 \u00ab\u00a0Accelerating Adaptability\u00a0\u00bb, pr\u00e9sent\u00e9 lors du Forum \u00e9conomique mondial de Davos, ManpowerGroup constate que l&rsquo;automatisation et les technologies bas\u00e9es sur l&rsquo;IA ne fourniront pas le r\u00e9pit imm\u00e9diat que beaucoup esp\u00e8rent, car ces syst\u00e8mes n\u00e9cessitent une supervision humaine substantielle pour fonctionner efficacement. Le rapport met \u00e9galement en lumi\u00e8re les nombreux d\u00e9fis li\u00e9s \u00e0 la mise en \u0153uvre de l\u2019intelligence artificielle. En effet, apr\u00e8s l\u2019enthousiasme initial, les entreprises doivent combler les \u00e9carts entre les attentes des dirigeants et l\u2019adoption par les travailleurs, notamment en raison des lacunes en comp\u00e9tences et du manque de formations adapt\u00e9es, indispensables pour atteindre les gains de productivit\u00e9 escompt\u00e9s.<\/p>\n<h3><strong><em>P\u00e9nurie de talents dans tous les secteurs<\/em><\/strong><\/h3>\n<p>Les employeurs de tous les secteurs sond\u00e9s en Belgique \u00e9pouvent des difficult\u00e9s \u00e0 remplir leurs postes vacants, en particulier dans le secteur des Activit\u00e9s financi\u00e8res et de l\u2019immobilier (80%), les Services Publics\/Education\/Autres secteurs (79%), l\u2019Industrie manufacturi\u00e9re (76%), l\u2019Energie (76%) et l\u2019IT (74%). Au niveau de al tailel des entreprises, les difficult\u00e9s de recrutement sont les plus fortes dans les petites entreprises occupant 10 \u00e0 49 personnes (80%). Selon l\u2019\u00e9tude de ManpowerGroup, les profils les plus difficiles \u00e0 trouver en Belgique concernent les m\u00e9tiers de l\u2019Engineering &amp; Technics (27%), IT &amp; Data (25%), HR (19%), Production (17%), Operations &amp; Logistique (17%).<\/p>\n<h3><strong><em>Surmonter les p\u00e9nuries de talents<\/em><\/strong><\/h3>\n<p>Pour faire face aux p\u00e9nuries de talents, les employeurs doivent se mobiliser plus que jamais pour attirer et retenir les talents,<br \/>\nPour faire face aux p\u00e9nuries de talents, les employeurs doivent se mobiliser plus que jamais pour attirer et retenir les talents, mais \u00e9galement pour veiller \u00e0 ce que leur personnel dispose des comp\u00e9tences n\u00e9cessaires pour relever les nombreux d\u00e9fis li\u00e9s \u00e0 la transformation digitale. Il n\u2019est d\u00e8s lors pas \u00e9tonnant que la formation (upskilling et reskilling) soit la premi\u00e8re mesure retenue par les employeurs belges (29%) pour surmonter ces p\u00e9nuries. En effet, selon le Forum \u00e9conomique mondial(4), les travailleurs peuvent s&rsquo;attendre \u00e0 ce que deux cinqui\u00e8mes (39%) de leurs comp\u00e9tences actuelles soient transform\u00e9s ou deviennent obsol\u00e8tes au cours de la p\u00e9riode 2025-2030. Parall\u00e8lement, 60% des employeurs estiment que le d\u00e9veloppement des technologies num\u00e9riques transformera leur entreprise d\u2019ici 2030.<\/p>\n<p>Les attentes de flexibilit\u00e9 des travailleurs sont pleinement int\u00e9gr\u00e9es dans les strat\u00e9gies des employeurs pour faire face aux p\u00e9nuries de talents, constituant respectivement la deuxi\u00e8me et la cinqui\u00e8me priorit\u00e9. La flexibilit\u00e9 concernant les lieux de travail (hybride et t\u00e9l\u00e9travail) occupe la deuxi\u00e8me place, avec 19% des employeurs, tandis que la flexibilit\u00e9 des horaires est cit\u00e9e par 17% d\u2019entre eux.<\/p>\n<p>Enfin, afin de r\u00e9soudre le manque de main-d&rsquo;\u0153uvre qualifi\u00e9e, les employeurs d\u00e9clarent opter pour cibler de nouveaux viviers de talents ou recourir davantage au personnel flexible (int\u00e9rim ou contracting).<\/p>\n<p>&nbsp;<\/p>\n<p><em>Source: ManpowerGroup<\/em><\/p>\n","protected":false},"excerpt":{"rendered":"<p>Ni l\u2019incertitude \u00e9conomique, ni l\u2019afflux de candidats sur le march\u00e9 de l\u2019emploi en raison des nombreuses faillites et restructurations, ni l\u2019intelligence artificielle n\u2019ont chang\u00e9 la donne: les employeurs belges continuent de faire face \u00e0 des difficult\u00e9s de recrutement persistantes.<\/p>\n","protected":false},"author":2,"featured_media":17284,"comment_status":"closed","ping_status":"open","sticky":false,"template":"","format":"standard","meta":[],"categories":[65,10],"tags":[105,1327,72,73],"yoast_head":"<!-- This site is optimized with the Yoast SEO plugin v21.0 - https:\/\/yoast.com\/wordpress\/plugins\/seo\/ -->\n<title>Toujours pas de rem\u00e8de contre les p\u00e9nuries de talents: 72% des employeurs belges \u00e9prouvent des difficult\u00e9s \u00e0 remplir leurs postes vacants. - Peoplesphere<\/title>\n<meta name=\"robots\" content=\"index, follow, max-snippet:-1, max-image-preview:large, max-video-preview:-1\" \/>\n<link rel=\"canonical\" href=\"https:\/\/peoplesphere.be\/fr\/toujours-pas-de-remede-contre-les-penuries-de-talents-72-des-employeurs-belges-eprouvent-des-difficultes-a-remplir-leurs-postes-vacants\/\" \/>\n<meta property=\"og:locale\" content=\"fr_FR\" \/>\n<meta property=\"og:type\" content=\"article\" \/>\n<meta property=\"og:title\" content=\"Toujours pas de rem\u00e8de contre les p\u00e9nuries de talents: 72% des employeurs belges \u00e9prouvent des difficult\u00e9s \u00e0 remplir leurs postes vacants. - Peoplesphere\" \/>\n<meta property=\"og:description\" content=\"Ni l\u2019incertitude \u00e9conomique, ni l\u2019afflux de candidats sur le march\u00e9 de l\u2019emploi en raison des nombreuses faillites et restructurations, ni l\u2019intelligence artificielle n\u2019ont chang\u00e9 la donne: les employeurs belges continuent de faire face \u00e0 des difficult\u00e9s de recrutement persistantes.\" \/>\n<meta property=\"og:url\" content=\"https:\/\/peoplesphere.be\/fr\/toujours-pas-de-remede-contre-les-penuries-de-talents-72-des-employeurs-belges-eprouvent-des-difficultes-a-remplir-leurs-postes-vacants\/\" \/>\n<meta property=\"og:site_name\" content=\"Peoplesphere\" \/>\n<meta property=\"article:publisher\" content=\"https:\/\/www.facebook.com\/peoplesphere\" \/>\n<meta property=\"article:published_time\" content=\"2025-01-22T10:39:10+00:00\" \/>\n<meta property=\"og:image\" content=\"https:\/\/peoplesphere.be\/fr\/wp-content\/uploads\/2025\/01\/20250122penurietalents.jpg\" \/>\n\t<meta property=\"og:image:width\" content=\"710\" \/>\n\t<meta property=\"og:image:height\" content=\"402\" \/>\n\t<meta property=\"og:image:type\" content=\"image\/jpeg\" \/>\n<meta name=\"author\" content=\"Jean-Paul Erhard\" \/>\n<meta name=\"twitter:card\" content=\"summary_large_image\" \/>\n<meta name=\"twitter:creator\" content=\"@PeoplesphereMag\" \/>\n<meta name=\"twitter:site\" content=\"@PeoplesphereMag\" \/>\n<meta name=\"twitter:label1\" content=\"\u00c9crit par\" \/>\n\t<meta name=\"twitter:data1\" content=\"Jean-Paul Erhard\" \/>\n\t<meta name=\"twitter:label2\" content=\"Dur\u00e9e de lecture estim\u00e9e\" \/>\n\t<meta name=\"twitter:data2\" content=\"5 minutes\" \/>\n<script type=\"application\/ld+json\" class=\"yoast-schema-graph\">{\"@context\":\"https:\/\/schema.org\",\"@graph\":[{\"@type\":\"Article\",\"@id\":\"https:\/\/peoplesphere.be\/fr\/toujours-pas-de-remede-contre-les-penuries-de-talents-72-des-employeurs-belges-eprouvent-des-difficultes-a-remplir-leurs-postes-vacants\/#article\",\"isPartOf\":{\"@id\":\"https:\/\/peoplesphere.be\/fr\/toujours-pas-de-remede-contre-les-penuries-de-talents-72-des-employeurs-belges-eprouvent-des-difficultes-a-remplir-leurs-postes-vacants\/\"},\"author\":{\"name\":\"Jean-Paul Erhard\",\"@id\":\"https:\/\/peoplesphere.be\/fr\/#\/schema\/person\/7976225ff17988604334abb7b3536a7e\"},\"headline\":\"Toujours pas de rem\u00e8de contre les p\u00e9nuries de talents: 72% des employeurs belges \u00e9prouvent des difficult\u00e9s \u00e0 remplir leurs postes vacants.\",\"datePublished\":\"2025-01-22T10:39:10+00:00\",\"dateModified\":\"2025-01-22T10:39:10+00:00\",\"mainEntityOfPage\":{\"@id\":\"https:\/\/peoplesphere.be\/fr\/toujours-pas-de-remede-contre-les-penuries-de-talents-72-des-employeurs-belges-eprouvent-des-difficultes-a-remplir-leurs-postes-vacants\/\"},\"wordCount\":890,\"publisher\":{\"@id\":\"https:\/\/peoplesphere.be\/fr\/#organization\"},\"keywords\":[\"offres d'emploi\",\"p\u00e9nurie\",\"recrutement\",\"talent\"],\"articleSection\":[\"Actualit\u00e9s\",\"Digital\"],\"inLanguage\":\"fr-FR\"},{\"@type\":\"WebPage\",\"@id\":\"https:\/\/peoplesphere.be\/fr\/toujours-pas-de-remede-contre-les-penuries-de-talents-72-des-employeurs-belges-eprouvent-des-difficultes-a-remplir-leurs-postes-vacants\/\",\"url\":\"https:\/\/peoplesphere.be\/fr\/toujours-pas-de-remede-contre-les-penuries-de-talents-72-des-employeurs-belges-eprouvent-des-difficultes-a-remplir-leurs-postes-vacants\/\",\"name\":\"Toujours pas de rem\u00e8de contre les p\u00e9nuries de talents: 72% des employeurs belges \u00e9prouvent des difficult\u00e9s \u00e0 remplir leurs postes vacants. - Peoplesphere\",\"isPartOf\":{\"@id\":\"https:\/\/peoplesphere.be\/fr\/#website\"},\"datePublished\":\"2025-01-22T10:39:10+00:00\",\"dateModified\":\"2025-01-22T10:39:10+00:00\",\"breadcrumb\":{\"@id\":\"https:\/\/peoplesphere.be\/fr\/toujours-pas-de-remede-contre-les-penuries-de-talents-72-des-employeurs-belges-eprouvent-des-difficultes-a-remplir-leurs-postes-vacants\/#breadcrumb\"},\"inLanguage\":\"fr-FR\",\"potentialAction\":[{\"@type\":\"ReadAction\",\"target\":[\"https:\/\/peoplesphere.be\/fr\/toujours-pas-de-remede-contre-les-penuries-de-talents-72-des-employeurs-belges-eprouvent-des-difficultes-a-remplir-leurs-postes-vacants\/\"]}]},{\"@type\":\"BreadcrumbList\",\"@id\":\"https:\/\/peoplesphere.be\/fr\/toujours-pas-de-remede-contre-les-penuries-de-talents-72-des-employeurs-belges-eprouvent-des-difficultes-a-remplir-leurs-postes-vacants\/#breadcrumb\",\"itemListElement\":[{\"@type\":\"ListItem\",\"position\":1,\"name\":\"Accueil\",\"item\":\"https:\/\/peoplesphere.be\/fr\/\"},{\"@type\":\"ListItem\",\"position\":2,\"name\":\"Toujours pas de rem\u00e8de contre les p\u00e9nuries de talents: 72% des employeurs belges \u00e9prouvent des difficult\u00e9s \u00e0 remplir leurs postes vacants.\"}]},{\"@type\":\"WebSite\",\"@id\":\"https:\/\/peoplesphere.be\/fr\/#website\",\"url\":\"https:\/\/peoplesphere.be\/fr\/\",\"name\":\"Peoplesphere\",\"description\":\"The People Managers Magazine\",\"publisher\":{\"@id\":\"https:\/\/peoplesphere.be\/fr\/#organization\"},\"potentialAction\":[{\"@type\":\"SearchAction\",\"target\":{\"@type\":\"EntryPoint\",\"urlTemplate\":\"https:\/\/peoplesphere.be\/fr\/?s={search_term_string}\"},\"query-input\":\"required name=search_term_string\"}],\"inLanguage\":\"fr-FR\"},{\"@type\":\"Organization\",\"@id\":\"https:\/\/peoplesphere.be\/fr\/#organization\",\"name\":\"Peoplesphere Company srl\",\"url\":\"https:\/\/peoplesphere.be\/fr\/\",\"logo\":{\"@type\":\"ImageObject\",\"inLanguage\":\"fr-FR\",\"@id\":\"https:\/\/peoplesphere.be\/fr\/#\/schema\/logo\/image\/\",\"url\":\"https:\/\/peoplesphere.be\/fr\/wp-content\/uploads\/2023\/07\/peoplesphere-lgo-new-generik.jpg\",\"contentUrl\":\"https:\/\/peoplesphere.be\/fr\/wp-content\/uploads\/2023\/07\/peoplesphere-lgo-new-generik.jpg\",\"width\":1031,\"height\":1479,\"caption\":\"Peoplesphere Company srl\"},\"image\":{\"@id\":\"https:\/\/peoplesphere.be\/fr\/#\/schema\/logo\/image\/\"},\"sameAs\":[\"https:\/\/www.facebook.com\/peoplesphere\",\"https:\/\/twitter.com\/PeoplesphereMag\",\"https:\/\/www.linkedin.com\/company\/7587361?trk\",\"http:\/\/youtube.com\/peoplesphere\"]},{\"@type\":\"Person\",\"@id\":\"https:\/\/peoplesphere.be\/fr\/#\/schema\/person\/7976225ff17988604334abb7b3536a7e\",\"name\":\"Jean-Paul Erhard\",\"image\":{\"@type\":\"ImageObject\",\"inLanguage\":\"fr-FR\",\"@id\":\"https:\/\/peoplesphere.be\/fr\/#\/schema\/person\/image\/\",\"url\":\"https:\/\/secure.gravatar.com\/avatar\/f941e681460179738071629a51574930?s=96&d=mm&r=g\",\"contentUrl\":\"https:\/\/secure.gravatar.com\/avatar\/f941e681460179738071629a51574930?s=96&d=mm&r=g\",\"caption\":\"Jean-Paul Erhard\"},\"url\":\"https:\/\/peoplesphere.be\/fr\/author\/jpe\/\"}]}<\/script>\n<!-- \/ Yoast SEO plugin. -->","yoast_head_json":{"title":"Toujours pas de rem\u00e8de contre les p\u00e9nuries de talents: 72% des employeurs belges \u00e9prouvent des difficult\u00e9s \u00e0 remplir leurs postes vacants. - Peoplesphere","robots":{"index":"index","follow":"follow","max-snippet":"max-snippet:-1","max-image-preview":"max-image-preview:large","max-video-preview":"max-video-preview:-1"},"canonical":"https:\/\/peoplesphere.be\/fr\/toujours-pas-de-remede-contre-les-penuries-de-talents-72-des-employeurs-belges-eprouvent-des-difficultes-a-remplir-leurs-postes-vacants\/","og_locale":"fr_FR","og_type":"article","og_title":"Toujours pas de rem\u00e8de contre les p\u00e9nuries de talents: 72% des employeurs belges \u00e9prouvent des difficult\u00e9s \u00e0 remplir leurs postes vacants. - Peoplesphere","og_description":"Ni l\u2019incertitude \u00e9conomique, ni l\u2019afflux de candidats sur le march\u00e9 de l\u2019emploi en raison des nombreuses faillites et restructurations, ni l\u2019intelligence artificielle n\u2019ont chang\u00e9 la donne: les employeurs belges continuent de faire face \u00e0 des difficult\u00e9s de recrutement persistantes.","og_url":"https:\/\/peoplesphere.be\/fr\/toujours-pas-de-remede-contre-les-penuries-de-talents-72-des-employeurs-belges-eprouvent-des-difficultes-a-remplir-leurs-postes-vacants\/","og_site_name":"Peoplesphere","article_publisher":"https:\/\/www.facebook.com\/peoplesphere","article_published_time":"2025-01-22T10:39:10+00:00","og_image":[{"width":710,"height":402,"url":"https:\/\/peoplesphere.be\/fr\/wp-content\/uploads\/2025\/01\/20250122penurietalents.jpg","type":"image\/jpeg"}],"author":"Jean-Paul Erhard","twitter_card":"summary_large_image","twitter_creator":"@PeoplesphereMag","twitter_site":"@PeoplesphereMag","twitter_misc":{"\u00c9crit par":"Jean-Paul Erhard","Dur\u00e9e de lecture estim\u00e9e":"5 minutes"},"schema":{"@context":"https:\/\/schema.org","@graph":[{"@type":"Article","@id":"https:\/\/peoplesphere.be\/fr\/toujours-pas-de-remede-contre-les-penuries-de-talents-72-des-employeurs-belges-eprouvent-des-difficultes-a-remplir-leurs-postes-vacants\/#article","isPartOf":{"@id":"https:\/\/peoplesphere.be\/fr\/toujours-pas-de-remede-contre-les-penuries-de-talents-72-des-employeurs-belges-eprouvent-des-difficultes-a-remplir-leurs-postes-vacants\/"},"author":{"name":"Jean-Paul Erhard","@id":"https:\/\/peoplesphere.be\/fr\/#\/schema\/person\/7976225ff17988604334abb7b3536a7e"},"headline":"Toujours pas de rem\u00e8de contre les p\u00e9nuries de talents: 72% des employeurs belges \u00e9prouvent des difficult\u00e9s \u00e0 remplir leurs postes vacants.","datePublished":"2025-01-22T10:39:10+00:00","dateModified":"2025-01-22T10:39:10+00:00","mainEntityOfPage":{"@id":"https:\/\/peoplesphere.be\/fr\/toujours-pas-de-remede-contre-les-penuries-de-talents-72-des-employeurs-belges-eprouvent-des-difficultes-a-remplir-leurs-postes-vacants\/"},"wordCount":890,"publisher":{"@id":"https:\/\/peoplesphere.be\/fr\/#organization"},"keywords":["offres d'emploi","p\u00e9nurie","recrutement","talent"],"articleSection":["Actualit\u00e9s","Digital"],"inLanguage":"fr-FR"},{"@type":"WebPage","@id":"https:\/\/peoplesphere.be\/fr\/toujours-pas-de-remede-contre-les-penuries-de-talents-72-des-employeurs-belges-eprouvent-des-difficultes-a-remplir-leurs-postes-vacants\/","url":"https:\/\/peoplesphere.be\/fr\/toujours-pas-de-remede-contre-les-penuries-de-talents-72-des-employeurs-belges-eprouvent-des-difficultes-a-remplir-leurs-postes-vacants\/","name":"Toujours pas de rem\u00e8de contre les p\u00e9nuries de talents: 72% des employeurs belges \u00e9prouvent des difficult\u00e9s \u00e0 remplir leurs postes vacants. - Peoplesphere","isPartOf":{"@id":"https:\/\/peoplesphere.be\/fr\/#website"},"datePublished":"2025-01-22T10:39:10+00:00","dateModified":"2025-01-22T10:39:10+00:00","breadcrumb":{"@id":"https:\/\/peoplesphere.be\/fr\/toujours-pas-de-remede-contre-les-penuries-de-talents-72-des-employeurs-belges-eprouvent-des-difficultes-a-remplir-leurs-postes-vacants\/#breadcrumb"},"inLanguage":"fr-FR","potentialAction":[{"@type":"ReadAction","target":["https:\/\/peoplesphere.be\/fr\/toujours-pas-de-remede-contre-les-penuries-de-talents-72-des-employeurs-belges-eprouvent-des-difficultes-a-remplir-leurs-postes-vacants\/"]}]},{"@type":"BreadcrumbList","@id":"https:\/\/peoplesphere.be\/fr\/toujours-pas-de-remede-contre-les-penuries-de-talents-72-des-employeurs-belges-eprouvent-des-difficultes-a-remplir-leurs-postes-vacants\/#breadcrumb","itemListElement":[{"@type":"ListItem","position":1,"name":"Accueil","item":"https:\/\/peoplesphere.be\/fr\/"},{"@type":"ListItem","position":2,"name":"Toujours pas de rem\u00e8de contre les p\u00e9nuries de talents: 72% des employeurs belges \u00e9prouvent des difficult\u00e9s \u00e0 remplir leurs postes vacants."}]},{"@type":"WebSite","@id":"https:\/\/peoplesphere.be\/fr\/#website","url":"https:\/\/peoplesphere.be\/fr\/","name":"Peoplesphere","description":"The People Managers Magazine","publisher":{"@id":"https:\/\/peoplesphere.be\/fr\/#organization"},"potentialAction":[{"@type":"SearchAction","target":{"@type":"EntryPoint","urlTemplate":"https:\/\/peoplesphere.be\/fr\/?s={search_term_string}"},"query-input":"required name=search_term_string"}],"inLanguage":"fr-FR"},{"@type":"Organization","@id":"https:\/\/peoplesphere.be\/fr\/#organization","name":"Peoplesphere Company srl","url":"https:\/\/peoplesphere.be\/fr\/","logo":{"@type":"ImageObject","inLanguage":"fr-FR","@id":"https:\/\/peoplesphere.be\/fr\/#\/schema\/logo\/image\/","url":"https:\/\/peoplesphere.be\/fr\/wp-content\/uploads\/2023\/07\/peoplesphere-lgo-new-generik.jpg","contentUrl":"https:\/\/peoplesphere.be\/fr\/wp-content\/uploads\/2023\/07\/peoplesphere-lgo-new-generik.jpg","width":1031,"height":1479,"caption":"Peoplesphere Company srl"},"image":{"@id":"https:\/\/peoplesphere.be\/fr\/#\/schema\/logo\/image\/"},"sameAs":["https:\/\/www.facebook.com\/peoplesphere","https:\/\/twitter.com\/PeoplesphereMag","https:\/\/www.linkedin.com\/company\/7587361?trk","http:\/\/youtube.com\/peoplesphere"]},{"@type":"Person","@id":"https:\/\/peoplesphere.be\/fr\/#\/schema\/person\/7976225ff17988604334abb7b3536a7e","name":"Jean-Paul Erhard","image":{"@type":"ImageObject","inLanguage":"fr-FR","@id":"https:\/\/peoplesphere.be\/fr\/#\/schema\/person\/image\/","url":"https:\/\/secure.gravatar.com\/avatar\/f941e681460179738071629a51574930?s=96&d=mm&r=g","contentUrl":"https:\/\/secure.gravatar.com\/avatar\/f941e681460179738071629a51574930?s=96&d=mm&r=g","caption":"Jean-Paul Erhard"},"url":"https:\/\/peoplesphere.be\/fr\/author\/jpe\/"}]}},"_links":{"self":[{"href":"https:\/\/peoplesphere.be\/fr\/wp-json\/wp\/v2\/posts\/17283"}],"collection":[{"href":"https:\/\/peoplesphere.be\/fr\/wp-json\/wp\/v2\/posts"}],"about":[{"href":"https:\/\/peoplesphere.be\/fr\/wp-json\/wp\/v2\/types\/post"}],"author":[{"embeddable":true,"href":"https:\/\/peoplesphere.be\/fr\/wp-json\/wp\/v2\/users\/2"}],"replies":[{"embeddable":true,"href":"https:\/\/peoplesphere.be\/fr\/wp-json\/wp\/v2\/comments?post=17283"}],"version-history":[{"count":1,"href":"https:\/\/peoplesphere.be\/fr\/wp-json\/wp\/v2\/posts\/17283\/revisions"}],"predecessor-version":[{"id":17285,"href":"https:\/\/peoplesphere.be\/fr\/wp-json\/wp\/v2\/posts\/17283\/revisions\/17285"}],"wp:featuredmedia":[{"embeddable":true,"href":"https:\/\/peoplesphere.be\/fr\/wp-json\/wp\/v2\/media\/17284"}],"wp:attachment":[{"href":"https:\/\/peoplesphere.be\/fr\/wp-json\/wp\/v2\/media?parent=17283"}],"wp:term":[{"taxonomy":"category","embeddable":true,"href":"https:\/\/peoplesphere.be\/fr\/wp-json\/wp\/v2\/categories?post=17283"},{"taxonomy":"post_tag","embeddable":true,"href":"https:\/\/peoplesphere.be\/fr\/wp-json\/wp\/v2\/tags?post=17283"}],"curies":[{"name":"wp","href":"https:\/\/api.w.org\/{rel}","templated":true}]}}