









{"id":17290,"date":"2025-01-27T08:50:29","date_gmt":"2025-01-27T06:50:29","guid":{"rendered":"https:\/\/peoplesphere.be\/fr\/?p=17290"},"modified":"2025-01-27T08:50:29","modified_gmt":"2025-01-27T06:50:29","slug":"sous-leffet-de-la-nouvelle-legislation-a-peine-1-des-travailleurs-transferent-des-conges-legaux-de-2024-a-2025","status":"publish","type":"post","link":"https:\/\/peoplesphere.be\/fr\/sous-leffet-de-la-nouvelle-legislation-a-peine-1-des-travailleurs-transferent-des-conges-legaux-de-2024-a-2025\/","title":{"rendered":"Sous l&rsquo;effet de la nouvelle l\u00e9gislation (?), \u00e0 peine 1\u202f% des travailleurs transf\u00e8rent des cong\u00e9s l\u00e9gaux de 2024 \u00e0 2025."},"content":{"rendered":"<p>Moins de 1% des travailleurs du secteur priv\u00e9 ont transf\u00e9r\u00e9 des jours de cong\u00e9 l\u00e9gaux de 2024 \u00e0 2025. La nouvelle l\u00e9gislation permettant depuis 2024 aux travailleurs de transf\u00e9rer leurs cong\u00e9s l\u00e9gaux dans certaines circonstances est donc bien accueillie. Acerta conseille vivement aux employeurs et aux travailleurs de pr\u00e9voir bien \u00e0 temps les jours de cong\u00e9 l\u00e9gaux en 2025. \u200b<!--more--><\/p>\n<p>En principe, les travailleurs doivent avoir pris tous leurs jours de cong\u00e9s l\u00e9gaux avant le 31\u202fd\u00e9cembre. Depuis l\u2019ann\u00e9e derni\u00e8re, si ce n\u2019est pas possible, les travailleurs peuvent transf\u00e9rer les jours restants \u00e0 l\u2019ann\u00e9e suivante et\/ou \u00e0 l\u2019ann\u00e9e d\u2019apr\u00e8s. Ce transfert n\u2019est possible que si le travailleur ne peut pas prendre ses cong\u00e9s l\u00e9gaux pour des raisons bien d\u00e9finies, en cas de maladie ou de cong\u00e9 de maternit\u00e9 par exemple. Mais moins de 1% des travailleurs du secteur priv\u00e9 (0,9%) ont profit\u00e9 de cette nouvelle l\u00e9gislation. C\u2019est ce qu\u2019a constat\u00e9 l\u2019expert en RH Acerta Consult sur la base des donn\u00e9es de 2024 concernant 574.000\u202ftravailleurs.<\/p>\n<p>Dans le secteur non marchand, la plupart des travailleurs ne pouvaient pas prendre tous leurs cong\u00e9s l\u00e9gaux en 2024 en raison de suspensions bien d\u00e9finies. 1,85% des travailleurs de ce secteur ont transf\u00e9r\u00e9 des jours en 2025. \u200b<\/p>\n<p>Laura Couchard, Manager Knowledge Center chez Acerta Consult, explique\u202f: <em>\u00ab\u00a0Prenons un travailleur dont les semaines de travail font cinq jours. Il pr\u00e9voit ses trois derniers jours de cong\u00e9 de 2024 les 27, 30 et 31\u202fd\u00e9cembre. Avec les nouvelles r\u00e8gles, ce travailleur peut r\u00e9cup\u00e9rer ses jours de cong\u00e9 restants s\u2019il tombe malade \u00e0 partir du 27\u202fd\u00e9cembre. \u00c9tant donn\u00e9 qu\u2019il ne reste alors plus trois jours ouvrables en 2024, ces jours ne peuvent plus \u00eatre pris la m\u00eame ann\u00e9e. Ils peuvent donc \u00eatre transf\u00e9r\u00e9s en 2025 et 2026. La restitution et le transfert \u00e9ventuel des jours de cong\u00e9 s\u2019appliquent non seulement en cas de maladie, mais aussi dans des situations telles qu\u2019un accident du travail, une maladie professionnelle, un cong\u00e9 de maternit\u00e9 ou de naissance, un cong\u00e9 de paternit\u00e9 en cas de d\u00e9c\u00e8s ou d\u2019hospitalisation de la m\u00e8re, un cong\u00e9 prophylactique, un cong\u00e9 d\u2019adoption, un cong\u00e9 d\u2019accueil et un cong\u00e9 parental d\u2019accueil.\u00a0\u00bb<\/em><\/p>\n<h3><strong><em>Pr\u00e9voir les cong\u00e9s \u00e0 temps \u200b \u200b \u200b<\/em><\/strong><\/h3>\n<p>Les jours de cong\u00e9 ne peuvent pas \u00eatre report\u00e9s. Cette r\u00e8gle de base reste valable dans notre pays. Toutefois, si les cong\u00e9s ne peuvent pas \u00eatre pris au cours de l\u2019ann\u00e9e en raison de circonstances bien d\u00e9finies, les travailleurs peuvent transf\u00e9rer les jours restants \u00e0 l\u2019ann\u00e9e suivante. \u200b<\/p>\n<p>Laura Couchard ajoute\u202f: \u00ab\u00a0<em>Prendre des cong\u00e9s pour recharger les batteries est b\u00e9n\u00e9fique pour tout le monde. Et tout le monde y attache de l\u2019importance, en t\u00e9moigne le faible pourcentage de travailleurs qui font exception. L\u2019objectif en 2025 devrait rester celui de planifier et de prendre tous les jours de cong\u00e9 l\u00e9gaux au cours de l\u2019ann\u00e9e m\u00eame. Il est donc important d\u2019en parler \u00e0 temps aux travailleurs et de planifier les cong\u00e9s \u00e0 temps.\u00a0\u00bb<\/em><\/p>\n<p>&nbsp;<\/p>\n<p><em>Source: Acerta &#8211; cette enqu\u00eate est bas\u00e9e sur les donn\u00e9es r\u00e9elles de quelque 574.000\u202ftravailleurs (ouvriers et employ\u00e9s) sous contrat \u00e0 dur\u00e9e ind\u00e9termin\u00e9e en service aupr\u00e8s d\u2019environ 44.000\u202femployeurs du secteur priv\u00e9. L\u2019\u00e9chantillon refl\u00e8te le march\u00e9 du travail du secteur priv\u00e9 en Belgique en ce qui concerne le statut, le genre, l\u2019\u00e2ge, le r\u00e9gime de travail, la r\u00e9gion et la taille des entreprises.<\/em><\/p>\n","protected":false},"excerpt":{"rendered":"<p>Moins de 1% des travailleurs du secteur priv\u00e9 ont transf\u00e9r\u00e9 des jours de cong\u00e9 l\u00e9gaux de 2024 \u00e0 2025. La nouvelle l\u00e9gislation permettant depuis 2024 aux travailleurs de transf\u00e9rer leurs cong\u00e9s l\u00e9gaux dans certaines circonstances est donc bien accueillie. Acerta [&hellip;]<\/p>\n","protected":false},"author":2,"featured_media":0,"comment_status":"closed","ping_status":"open","sticky":false,"template":"","format":"standard","meta":[],"categories":[65,10],"tags":[96,3073,647,42,17],"yoast_head":"<!-- This site is optimized with the Yoast SEO plugin v21.0 - https:\/\/yoast.com\/wordpress\/plugins\/seo\/ -->\n<title>Sous l&#039;effet de la nouvelle l\u00e9gislation (?), \u00e0 peine 1\u202f% des travailleurs transf\u00e8rent des cong\u00e9s l\u00e9gaux de 2024 \u00e0 2025. - Peoplesphere<\/title>\n<meta name=\"robots\" content=\"index, follow, max-snippet:-1, max-image-preview:large, max-video-preview:-1\" \/>\n<link rel=\"canonical\" href=\"https:\/\/peoplesphere.be\/fr\/sous-leffet-de-la-nouvelle-legislation-a-peine-1-des-travailleurs-transferent-des-conges-legaux-de-2024-a-2025\/\" \/>\n<meta property=\"og:locale\" content=\"fr_FR\" \/>\n<meta property=\"og:type\" content=\"article\" \/>\n<meta property=\"og:title\" content=\"Sous l&#039;effet de la nouvelle l\u00e9gislation (?), \u00e0 peine 1\u202f% des travailleurs transf\u00e8rent des cong\u00e9s l\u00e9gaux de 2024 \u00e0 2025. - Peoplesphere\" \/>\n<meta property=\"og:description\" content=\"Moins de 1% des travailleurs du secteur priv\u00e9 ont transf\u00e9r\u00e9 des jours de cong\u00e9 l\u00e9gaux de 2024 \u00e0 2025. La nouvelle l\u00e9gislation permettant depuis 2024 aux travailleurs de transf\u00e9rer leurs cong\u00e9s l\u00e9gaux dans certaines circonstances est donc bien accueillie. Acerta [&hellip;]\" \/>\n<meta property=\"og:url\" content=\"https:\/\/peoplesphere.be\/fr\/sous-leffet-de-la-nouvelle-legislation-a-peine-1-des-travailleurs-transferent-des-conges-legaux-de-2024-a-2025\/\" \/>\n<meta property=\"og:site_name\" content=\"Peoplesphere\" \/>\n<meta property=\"article:publisher\" content=\"https:\/\/www.facebook.com\/peoplesphere\" \/>\n<meta property=\"article:published_time\" content=\"2025-01-27T06:50:29+00:00\" \/>\n<meta property=\"og:image\" content=\"http:\/\/www.peoplesphere.be\/fr\/wp-content\/uploads\/2016\/07\/facebook-default-posting-1200x628px.jpg\" \/>\n<meta name=\"author\" content=\"Jean-Paul Erhard\" \/>\n<meta name=\"twitter:card\" content=\"summary_large_image\" \/>\n<meta name=\"twitter:creator\" content=\"@PeoplesphereMag\" \/>\n<meta name=\"twitter:site\" content=\"@PeoplesphereMag\" \/>\n<meta name=\"twitter:label1\" content=\"\u00c9crit par\" \/>\n\t<meta name=\"twitter:data1\" content=\"Jean-Paul Erhard\" \/>\n\t<meta name=\"twitter:label2\" content=\"Dur\u00e9e de lecture estim\u00e9e\" \/>\n\t<meta name=\"twitter:data2\" content=\"3 minutes\" \/>\n<script type=\"application\/ld+json\" class=\"yoast-schema-graph\">{\"@context\":\"https:\/\/schema.org\",\"@graph\":[{\"@type\":\"Article\",\"@id\":\"https:\/\/peoplesphere.be\/fr\/sous-leffet-de-la-nouvelle-legislation-a-peine-1-des-travailleurs-transferent-des-conges-legaux-de-2024-a-2025\/#article\",\"isPartOf\":{\"@id\":\"https:\/\/peoplesphere.be\/fr\/sous-leffet-de-la-nouvelle-legislation-a-peine-1-des-travailleurs-transferent-des-conges-legaux-de-2024-a-2025\/\"},\"author\":{\"name\":\"Jean-Paul Erhard\",\"@id\":\"https:\/\/peoplesphere.be\/fr\/#\/schema\/person\/7976225ff17988604334abb7b3536a7e\"},\"headline\":\"Sous l&rsquo;effet de la nouvelle l\u00e9gislation (?), \u00e0 peine 1\u202f% des travailleurs transf\u00e8rent des cong\u00e9s l\u00e9gaux de 2024 \u00e0 2025.\",\"datePublished\":\"2025-01-27T06:50:29+00:00\",\"dateModified\":\"2025-01-27T06:50:29+00:00\",\"mainEntityOfPage\":{\"@id\":\"https:\/\/peoplesphere.be\/fr\/sous-leffet-de-la-nouvelle-legislation-a-peine-1-des-travailleurs-transferent-des-conges-legaux-de-2024-a-2025\/\"},\"wordCount\":621,\"publisher\":{\"@id\":\"https:\/\/peoplesphere.be\/fr\/#organization\"},\"keywords\":[\"bien-\u00eatre\",\"cong\u00e9s l\u00e9gaux\",\"\u00e9quilibre priv\u00e9\/professionnel\",\"Pr\u00e9vention\",\"Sant\u00e9\"],\"articleSection\":[\"Actualit\u00e9s\",\"Digital\"],\"inLanguage\":\"fr-FR\"},{\"@type\":\"WebPage\",\"@id\":\"https:\/\/peoplesphere.be\/fr\/sous-leffet-de-la-nouvelle-legislation-a-peine-1-des-travailleurs-transferent-des-conges-legaux-de-2024-a-2025\/\",\"url\":\"https:\/\/peoplesphere.be\/fr\/sous-leffet-de-la-nouvelle-legislation-a-peine-1-des-travailleurs-transferent-des-conges-legaux-de-2024-a-2025\/\",\"name\":\"Sous l'effet de la nouvelle l\u00e9gislation (?), \u00e0 peine 1\u202f% des travailleurs transf\u00e8rent des cong\u00e9s l\u00e9gaux de 2024 \u00e0 2025. - Peoplesphere\",\"isPartOf\":{\"@id\":\"https:\/\/peoplesphere.be\/fr\/#website\"},\"datePublished\":\"2025-01-27T06:50:29+00:00\",\"dateModified\":\"2025-01-27T06:50:29+00:00\",\"breadcrumb\":{\"@id\":\"https:\/\/peoplesphere.be\/fr\/sous-leffet-de-la-nouvelle-legislation-a-peine-1-des-travailleurs-transferent-des-conges-legaux-de-2024-a-2025\/#breadcrumb\"},\"inLanguage\":\"fr-FR\",\"potentialAction\":[{\"@type\":\"ReadAction\",\"target\":[\"https:\/\/peoplesphere.be\/fr\/sous-leffet-de-la-nouvelle-legislation-a-peine-1-des-travailleurs-transferent-des-conges-legaux-de-2024-a-2025\/\"]}]},{\"@type\":\"BreadcrumbList\",\"@id\":\"https:\/\/peoplesphere.be\/fr\/sous-leffet-de-la-nouvelle-legislation-a-peine-1-des-travailleurs-transferent-des-conges-legaux-de-2024-a-2025\/#breadcrumb\",\"itemListElement\":[{\"@type\":\"ListItem\",\"position\":1,\"name\":\"Accueil\",\"item\":\"https:\/\/peoplesphere.be\/fr\/\"},{\"@type\":\"ListItem\",\"position\":2,\"name\":\"Sous l&rsquo;effet de la nouvelle l\u00e9gislation (?), \u00e0 peine 1\u202f% des travailleurs transf\u00e8rent des cong\u00e9s l\u00e9gaux de 2024 \u00e0 2025.\"}]},{\"@type\":\"WebSite\",\"@id\":\"https:\/\/peoplesphere.be\/fr\/#website\",\"url\":\"https:\/\/peoplesphere.be\/fr\/\",\"name\":\"Peoplesphere\",\"description\":\"The People Managers Magazine\",\"publisher\":{\"@id\":\"https:\/\/peoplesphere.be\/fr\/#organization\"},\"potentialAction\":[{\"@type\":\"SearchAction\",\"target\":{\"@type\":\"EntryPoint\",\"urlTemplate\":\"https:\/\/peoplesphere.be\/fr\/?s={search_term_string}\"},\"query-input\":\"required name=search_term_string\"}],\"inLanguage\":\"fr-FR\"},{\"@type\":\"Organization\",\"@id\":\"https:\/\/peoplesphere.be\/fr\/#organization\",\"name\":\"Peoplesphere Company srl\",\"url\":\"https:\/\/peoplesphere.be\/fr\/\",\"logo\":{\"@type\":\"ImageObject\",\"inLanguage\":\"fr-FR\",\"@id\":\"https:\/\/peoplesphere.be\/fr\/#\/schema\/logo\/image\/\",\"url\":\"https:\/\/peoplesphere.be\/fr\/wp-content\/uploads\/2023\/07\/peoplesphere-lgo-new-generik.jpg\",\"contentUrl\":\"https:\/\/peoplesphere.be\/fr\/wp-content\/uploads\/2023\/07\/peoplesphere-lgo-new-generik.jpg\",\"width\":1031,\"height\":1479,\"caption\":\"Peoplesphere Company srl\"},\"image\":{\"@id\":\"https:\/\/peoplesphere.be\/fr\/#\/schema\/logo\/image\/\"},\"sameAs\":[\"https:\/\/www.facebook.com\/peoplesphere\",\"https:\/\/twitter.com\/PeoplesphereMag\",\"https:\/\/www.linkedin.com\/company\/7587361?trk\",\"http:\/\/youtube.com\/peoplesphere\"]},{\"@type\":\"Person\",\"@id\":\"https:\/\/peoplesphere.be\/fr\/#\/schema\/person\/7976225ff17988604334abb7b3536a7e\",\"name\":\"Jean-Paul Erhard\",\"image\":{\"@type\":\"ImageObject\",\"inLanguage\":\"fr-FR\",\"@id\":\"https:\/\/peoplesphere.be\/fr\/#\/schema\/person\/image\/\",\"url\":\"https:\/\/secure.gravatar.com\/avatar\/f941e681460179738071629a51574930?s=96&d=mm&r=g\",\"contentUrl\":\"https:\/\/secure.gravatar.com\/avatar\/f941e681460179738071629a51574930?s=96&d=mm&r=g\",\"caption\":\"Jean-Paul Erhard\"},\"url\":\"https:\/\/peoplesphere.be\/fr\/author\/jpe\/\"}]}<\/script>\n<!-- \/ Yoast SEO plugin. -->","yoast_head_json":{"title":"Sous l'effet de la nouvelle l\u00e9gislation (?), \u00e0 peine 1\u202f% des travailleurs transf\u00e8rent des cong\u00e9s l\u00e9gaux de 2024 \u00e0 2025. - Peoplesphere","robots":{"index":"index","follow":"follow","max-snippet":"max-snippet:-1","max-image-preview":"max-image-preview:large","max-video-preview":"max-video-preview:-1"},"canonical":"https:\/\/peoplesphere.be\/fr\/sous-leffet-de-la-nouvelle-legislation-a-peine-1-des-travailleurs-transferent-des-conges-legaux-de-2024-a-2025\/","og_locale":"fr_FR","og_type":"article","og_title":"Sous l'effet de la nouvelle l\u00e9gislation (?), \u00e0 peine 1\u202f% des travailleurs transf\u00e8rent des cong\u00e9s l\u00e9gaux de 2024 \u00e0 2025. - Peoplesphere","og_description":"Moins de 1% des travailleurs du secteur priv\u00e9 ont transf\u00e9r\u00e9 des jours de cong\u00e9 l\u00e9gaux de 2024 \u00e0 2025. La nouvelle l\u00e9gislation permettant depuis 2024 aux travailleurs de transf\u00e9rer leurs cong\u00e9s l\u00e9gaux dans certaines circonstances est donc bien accueillie. Acerta [&hellip;]","og_url":"https:\/\/peoplesphere.be\/fr\/sous-leffet-de-la-nouvelle-legislation-a-peine-1-des-travailleurs-transferent-des-conges-legaux-de-2024-a-2025\/","og_site_name":"Peoplesphere","article_publisher":"https:\/\/www.facebook.com\/peoplesphere","article_published_time":"2025-01-27T06:50:29+00:00","og_image":[{"url":"http:\/\/www.peoplesphere.be\/fr\/wp-content\/uploads\/2016\/07\/facebook-default-posting-1200x628px.jpg"}],"author":"Jean-Paul Erhard","twitter_card":"summary_large_image","twitter_creator":"@PeoplesphereMag","twitter_site":"@PeoplesphereMag","twitter_misc":{"\u00c9crit par":"Jean-Paul Erhard","Dur\u00e9e de lecture estim\u00e9e":"3 minutes"},"schema":{"@context":"https:\/\/schema.org","@graph":[{"@type":"Article","@id":"https:\/\/peoplesphere.be\/fr\/sous-leffet-de-la-nouvelle-legislation-a-peine-1-des-travailleurs-transferent-des-conges-legaux-de-2024-a-2025\/#article","isPartOf":{"@id":"https:\/\/peoplesphere.be\/fr\/sous-leffet-de-la-nouvelle-legislation-a-peine-1-des-travailleurs-transferent-des-conges-legaux-de-2024-a-2025\/"},"author":{"name":"Jean-Paul Erhard","@id":"https:\/\/peoplesphere.be\/fr\/#\/schema\/person\/7976225ff17988604334abb7b3536a7e"},"headline":"Sous l&rsquo;effet de la nouvelle l\u00e9gislation (?), \u00e0 peine 1\u202f% des travailleurs transf\u00e8rent des cong\u00e9s l\u00e9gaux de 2024 \u00e0 2025.","datePublished":"2025-01-27T06:50:29+00:00","dateModified":"2025-01-27T06:50:29+00:00","mainEntityOfPage":{"@id":"https:\/\/peoplesphere.be\/fr\/sous-leffet-de-la-nouvelle-legislation-a-peine-1-des-travailleurs-transferent-des-conges-legaux-de-2024-a-2025\/"},"wordCount":621,"publisher":{"@id":"https:\/\/peoplesphere.be\/fr\/#organization"},"keywords":["bien-\u00eatre","cong\u00e9s l\u00e9gaux","\u00e9quilibre priv\u00e9\/professionnel","Pr\u00e9vention","Sant\u00e9"],"articleSection":["Actualit\u00e9s","Digital"],"inLanguage":"fr-FR"},{"@type":"WebPage","@id":"https:\/\/peoplesphere.be\/fr\/sous-leffet-de-la-nouvelle-legislation-a-peine-1-des-travailleurs-transferent-des-conges-legaux-de-2024-a-2025\/","url":"https:\/\/peoplesphere.be\/fr\/sous-leffet-de-la-nouvelle-legislation-a-peine-1-des-travailleurs-transferent-des-conges-legaux-de-2024-a-2025\/","name":"Sous l'effet de la nouvelle l\u00e9gislation (?), \u00e0 peine 1\u202f% des travailleurs transf\u00e8rent des cong\u00e9s l\u00e9gaux de 2024 \u00e0 2025. - Peoplesphere","isPartOf":{"@id":"https:\/\/peoplesphere.be\/fr\/#website"},"datePublished":"2025-01-27T06:50:29+00:00","dateModified":"2025-01-27T06:50:29+00:00","breadcrumb":{"@id":"https:\/\/peoplesphere.be\/fr\/sous-leffet-de-la-nouvelle-legislation-a-peine-1-des-travailleurs-transferent-des-conges-legaux-de-2024-a-2025\/#breadcrumb"},"inLanguage":"fr-FR","potentialAction":[{"@type":"ReadAction","target":["https:\/\/peoplesphere.be\/fr\/sous-leffet-de-la-nouvelle-legislation-a-peine-1-des-travailleurs-transferent-des-conges-legaux-de-2024-a-2025\/"]}]},{"@type":"BreadcrumbList","@id":"https:\/\/peoplesphere.be\/fr\/sous-leffet-de-la-nouvelle-legislation-a-peine-1-des-travailleurs-transferent-des-conges-legaux-de-2024-a-2025\/#breadcrumb","itemListElement":[{"@type":"ListItem","position":1,"name":"Accueil","item":"https:\/\/peoplesphere.be\/fr\/"},{"@type":"ListItem","position":2,"name":"Sous l&rsquo;effet de la nouvelle l\u00e9gislation (?), \u00e0 peine 1\u202f% des travailleurs transf\u00e8rent des cong\u00e9s l\u00e9gaux de 2024 \u00e0 2025."}]},{"@type":"WebSite","@id":"https:\/\/peoplesphere.be\/fr\/#website","url":"https:\/\/peoplesphere.be\/fr\/","name":"Peoplesphere","description":"The People Managers Magazine","publisher":{"@id":"https:\/\/peoplesphere.be\/fr\/#organization"},"potentialAction":[{"@type":"SearchAction","target":{"@type":"EntryPoint","urlTemplate":"https:\/\/peoplesphere.be\/fr\/?s={search_term_string}"},"query-input":"required name=search_term_string"}],"inLanguage":"fr-FR"},{"@type":"Organization","@id":"https:\/\/peoplesphere.be\/fr\/#organization","name":"Peoplesphere Company srl","url":"https:\/\/peoplesphere.be\/fr\/","logo":{"@type":"ImageObject","inLanguage":"fr-FR","@id":"https:\/\/peoplesphere.be\/fr\/#\/schema\/logo\/image\/","url":"https:\/\/peoplesphere.be\/fr\/wp-content\/uploads\/2023\/07\/peoplesphere-lgo-new-generik.jpg","contentUrl":"https:\/\/peoplesphere.be\/fr\/wp-content\/uploads\/2023\/07\/peoplesphere-lgo-new-generik.jpg","width":1031,"height":1479,"caption":"Peoplesphere Company srl"},"image":{"@id":"https:\/\/peoplesphere.be\/fr\/#\/schema\/logo\/image\/"},"sameAs":["https:\/\/www.facebook.com\/peoplesphere","https:\/\/twitter.com\/PeoplesphereMag","https:\/\/www.linkedin.com\/company\/7587361?trk","http:\/\/youtube.com\/peoplesphere"]},{"@type":"Person","@id":"https:\/\/peoplesphere.be\/fr\/#\/schema\/person\/7976225ff17988604334abb7b3536a7e","name":"Jean-Paul Erhard","image":{"@type":"ImageObject","inLanguage":"fr-FR","@id":"https:\/\/peoplesphere.be\/fr\/#\/schema\/person\/image\/","url":"https:\/\/secure.gravatar.com\/avatar\/f941e681460179738071629a51574930?s=96&d=mm&r=g","contentUrl":"https:\/\/secure.gravatar.com\/avatar\/f941e681460179738071629a51574930?s=96&d=mm&r=g","caption":"Jean-Paul Erhard"},"url":"https:\/\/peoplesphere.be\/fr\/author\/jpe\/"}]}},"_links":{"self":[{"href":"https:\/\/peoplesphere.be\/fr\/wp-json\/wp\/v2\/posts\/17290"}],"collection":[{"href":"https:\/\/peoplesphere.be\/fr\/wp-json\/wp\/v2\/posts"}],"about":[{"href":"https:\/\/peoplesphere.be\/fr\/wp-json\/wp\/v2\/types\/post"}],"author":[{"embeddable":true,"href":"https:\/\/peoplesphere.be\/fr\/wp-json\/wp\/v2\/users\/2"}],"replies":[{"embeddable":true,"href":"https:\/\/peoplesphere.be\/fr\/wp-json\/wp\/v2\/comments?post=17290"}],"version-history":[{"count":1,"href":"https:\/\/peoplesphere.be\/fr\/wp-json\/wp\/v2\/posts\/17290\/revisions"}],"predecessor-version":[{"id":17291,"href":"https:\/\/peoplesphere.be\/fr\/wp-json\/wp\/v2\/posts\/17290\/revisions\/17291"}],"wp:attachment":[{"href":"https:\/\/peoplesphere.be\/fr\/wp-json\/wp\/v2\/media?parent=17290"}],"wp:term":[{"taxonomy":"category","embeddable":true,"href":"https:\/\/peoplesphere.be\/fr\/wp-json\/wp\/v2\/categories?post=17290"},{"taxonomy":"post_tag","embeddable":true,"href":"https:\/\/peoplesphere.be\/fr\/wp-json\/wp\/v2\/tags?post=17290"}],"curies":[{"name":"wp","href":"https:\/\/api.w.org\/{rel}","templated":true}]}}