









{"id":17297,"date":"2025-01-24T15:21:36","date_gmt":"2025-01-24T13:21:36","guid":{"rendered":"https:\/\/peoplesphere.be\/fr\/?p=17297"},"modified":"2025-01-27T15:29:26","modified_gmt":"2025-01-27T13:29:26","slug":"conges-allocations-regimes-speciaux-les-travailleurs-independants-nutilisent-pas-encore-les-outils-mis-a-leur-disposition-suite-a-lharmonisation-des-statuts","status":"publish","type":"post","link":"https:\/\/peoplesphere.be\/fr\/conges-allocations-regimes-speciaux-les-travailleurs-independants-nutilisent-pas-encore-les-outils-mis-a-leur-disposition-suite-a-lharmonisation-des-statuts\/","title":{"rendered":"Cong\u00e9s, allocations, r\u00e9gimes sp\u00e9ciaux&#8230; Les travailleurs ind\u00e9pendants n&rsquo;utilisent pas encore les outils mis \u00e0 leur disposition suite \u00e0 l&rsquo;harmonisation des statuts."},"content":{"rendered":"<p>Les ind\u00e9pendants peuvent faire appel \u00e0 de plus en plus de cong\u00e9s et d\u2019allocations lorsqu\u2019ils deviennent m\u00e8re ou p\u00e8re par exemple, ou lorsqu\u2019ils doivent s\u2019occuper d\u2019un membre de la famille gravement malade. De plus en plus d\u2019ind\u00e9pendants se tournent vers ces r\u00e9gimes \u00e9galement. L\u2019ann\u00e9e derni\u00e8re, un nombre record d\u2019ind\u00e9pendants ont pris un cong\u00e9 de naissance. <!--more--><\/p>\n<p>De m\u00eame, il n\u2019y a jamais eu autant de demandes d\u2019allocations pour soins informels qu\u2019aujourd\u2019hui. N\u00e9anmoins, six ind\u00e9pendants sur dix h\u00e9sitent \u00e0 demander des allocations auxquelles ils ont droit.<\/p>\n<p>Les pouvoirs publics ont pris toute une s\u00e9rie de mesures pour poursuivre l\u2019harmonisation du statut d\u2019ind\u00e9pendant avec celui de travailleur. L\u2019octroi de cong\u00e9s et d\u2019allocations \u00e0 l\u2019occasion d\u2019une naissance, d\u2019une incapacit\u00e9 de travail, d\u2019un d\u00e9c\u00e8s ou de soins informels en est un parfait exemple.<\/p>\n<p>De plus en plus d\u2019ind\u00e9pendants y ont recours \u00e9galement, d\u2019apr\u00e8s les chiffres r\u00e9clam\u00e9s par Acerta aupr\u00e8s de l\u2019Institut national d\u2019assurances sociales pour travailleurs ind\u00e9pendants (INASTI). Ainsi, l\u2019ann\u00e9e derni\u00e8re, 9.484\u202find\u00e9pendants ont per\u00e7u des allocations pour la naissance d\u2019un enfant, et 890 ont demand\u00e9 un suppl\u00e9ment pour soins informels. De m\u00eame, le nombre d\u2019ind\u00e9pendants ayant re\u00e7u des titres-services pour aide \u00e0 la maternit\u00e9 d\u00e9passe les 6\u202f000 depuis quelques ann\u00e9es. \u200b<\/p>\n<h3>Cela dit, il s\u2019av\u00e8re que les cong\u00e9s et allocations ne sont pas tous bien connus des ind\u00e9pendants. Une enqu\u00eate men\u00e9e par Acerta aupr\u00e8s de 500\u202find\u00e9pendants belges r\u00e9v\u00e8le que seulement quatre entrepreneurs sur dix (39\u202f%) ont une bonne connaissance des allocations qu\u2019ils peuvent demander en cas d\u2019incapacit\u00e9 de travail. Quatre ind\u00e9pendantes sur dix (41\u202f%) ignorent \u00e9galement qu\u2019elles peuvent prendre un cong\u00e9 de maternit\u00e9, et 17\u202f% le savent, mais ignorent comment b\u00e9n\u00e9ficier de l\u2019allocation correspondante.<br \/>\n\u200b<br \/>\n<strong><em>La majorit\u00e9 des ind\u00e9pendants renoncent aux allocations<\/em><\/strong><\/h3>\n<p>M\u00eame lorsque les ind\u00e9pendants savent \u00e0 quelles allocations sp\u00e9cifiques ils ont droit, ce n\u2019est pas pour autant qu\u2019ils les demandent, loin de l\u00e0. D\u2019apr\u00e8s l\u2019enqu\u00eate d\u2019Acerta, pas moins de six sur dix ne le font pas. Les raisons qui expliquent cette r\u00e9ticence sont diverses et vari\u00e9es\u202f: l\u2019atteinte potentielle \u00e0 leur r\u00e9putation professionnelle s\u2019ils devaient reporter la r\u00e9alisation de certains projets, la crainte de perdre des clients, les tracasseries administratives, l\u2019impossibilit\u00e9 de se faire remplacer et\/ou la perte de revenus. Pour la plupart des ind\u00e9pendants, les inconv\u00e9nients sont trop importants\u202f: 60 \u00e0 65\u202f% des ind\u00e9pendants \u2013 soit une nette majorit\u00e9 \u2013 se disent r\u00e9ticents \u00e0 l\u2019id\u00e9e de demander les allocations correspondantes, ou pr\u00e9f\u00e8rent y renoncer totalement.<\/p>\n<p>Olivia Legradi, experte starters et ind\u00e9pendants chez Acerta, explique\u202f: \u00ab\u00a0<em>Nous nous attendions \u00e0 ce que les ind\u00e9pendants connaissent l\u2019existence des cong\u00e9s et\/ou des allocations qui sont \u00e9galement courants parmi les travailleurs, comme le cong\u00e9 de maternit\u00e9. Les ind\u00e9pendants se mettent souvent en dernier, car le client est roi. Toutes les ind\u00e9pendantes qui deviennent m\u00e8re ne jugent par exemple pas opportun de cesser leurs activit\u00e9s pendant au moins trois semaines. Mais leur bien-\u00eatre mental en p\u00e2tit parfois. Nous constatons qu\u2019une forme d\u2019allocation est bel et bien octroy\u00e9e dans la plupart des cas\u202f: les titres-services apr\u00e8s accouchement. La proc\u00e9dure est en effet lanc\u00e9e de mani\u00e8re proactive pour les ind\u00e9pendantes qui deviennent m\u00e8re. Elles sont directement inform\u00e9es que 105\u202ftitres-services gratuits les attendent et qu\u2019elles peuvent les utiliser pour engager une aide m\u00e9nag\u00e8re (pour le repassage, le m\u00e9nage, la cuisine, etc.). Il leur suffit de confirmer qu\u2019elles souhaitent les utiliser pour en b\u00e9n\u00e9ficier, ce qu\u2019elles font g\u00e9n\u00e9ralement.\u00a0\u00bb<\/em><\/p>\n<h3><strong><em>Cong\u00e9 de paternit\u00e9, soins informels et cong\u00e9 de deuil\u202f: r\u00e8gles<\/em><\/strong><\/h3>\n<p>Le cong\u00e9 de naissance, \u00e9galement connu sous le nom de cong\u00e9 de paternit\u00e9, existe depuis le 1er\u202fmai\u202f2019. Pour demander ce cong\u00e9 et l\u2019allocation correspondante, l\u2019ind\u00e9pendant doit prendre lui-m\u00eame l\u2019initiative de demander le cong\u00e9. Actuellement, les ind\u00e9pendants optent principalement pour 10 \u00e0 20\u202fjours de cong\u00e9 sans titres-services. Ils peuvent \u00e9galement combiner cong\u00e9s et titres-services, mais cette option est moins int\u00e9ressante sur le plan financier.<\/p>\n<p>Les soins informels existent depuis 2010, mais le r\u00e9gime tel qu\u2019on le conna\u00eet aujourd\u2019hui est appliqu\u00e9 depuis 2015. Gr\u00e2ce \u00e0 cet avantage, les ind\u00e9pendants peuvent b\u00e9n\u00e9ficier d\u2019une indemnit\u00e9 pendant au maximum 12\u202fmois sur l\u2019ensemble de leur carri\u00e8re pour l\u2019octroi de soins informels \u00e0 un membre de leur m\u00e9nage ou de leur famille jusqu\u2019au deuxi\u00e8me degr\u00e9. \u200b<\/p>\n<p>Le cong\u00e9 de deuil pour les ind\u00e9pendants a vu le jour plus r\u00e9cemment, puisqu\u2019il n\u2019existe que depuis juillet\u202f2021. Il est toutefois limit\u00e9 au d\u00e9c\u00e8s d\u2019un partenaire ou d\u2019un enfant. Il ne peut donc pas \u00eatre demand\u00e9 pour le d\u00e9c\u00e8s d\u2019un parent, par exemple.<\/p>\n<p>&nbsp;<\/p>\n<p><em>Source: l\u2019analyse est bas\u00e9e sur les chiffres de l\u2019INASTI. Les donn\u00e9es ont \u00e9t\u00e9 compl\u00e9t\u00e9es d\u2019une enqu\u00eate men\u00e9e aupr\u00e8s de 540\u202find\u00e9pendants sur leur niveau de connaissance des syst\u00e8mes susmentionn\u00e9s.<\/em><\/p>\n","protected":false},"excerpt":{"rendered":"<p>Les ind\u00e9pendants peuvent faire appel \u00e0 de plus en plus de cong\u00e9s et d\u2019allocations lorsqu\u2019ils deviennent m\u00e8re ou p\u00e8re par exemple, ou lorsqu\u2019ils doivent s\u2019occuper d\u2019un membre de la famille gravement malade. De plus en plus d\u2019ind\u00e9pendants se tournent vers [&hellip;]<\/p>\n","protected":false},"author":2,"featured_media":12627,"comment_status":"closed","ping_status":"open","sticky":false,"template":"","format":"standard","meta":[],"categories":[65,10],"tags":[889,22,4234,285,687],"yoast_head":"<!-- This site is optimized with the Yoast SEO plugin v21.0 - https:\/\/yoast.com\/wordpress\/plugins\/seo\/ -->\n<title>Cong\u00e9s, allocations, r\u00e9gimes sp\u00e9ciaux... Les travailleurs ind\u00e9pendants n&#039;utilisent pas encore les outils mis \u00e0 leur disposition suite \u00e0 l&#039;harmonisation des statuts. - Peoplesphere<\/title>\n<meta name=\"robots\" content=\"index, follow, max-snippet:-1, max-image-preview:large, max-video-preview:-1\" \/>\n<link rel=\"canonical\" href=\"https:\/\/peoplesphere.be\/fr\/conges-allocations-regimes-speciaux-les-travailleurs-independants-nutilisent-pas-encore-les-outils-mis-a-leur-disposition-suite-a-lharmonisation-des-statuts\/\" \/>\n<meta property=\"og:locale\" content=\"fr_FR\" \/>\n<meta property=\"og:type\" content=\"article\" \/>\n<meta property=\"og:title\" content=\"Cong\u00e9s, allocations, r\u00e9gimes sp\u00e9ciaux... Les travailleurs ind\u00e9pendants n&#039;utilisent pas encore les outils mis \u00e0 leur disposition suite \u00e0 l&#039;harmonisation des statuts. - Peoplesphere\" \/>\n<meta property=\"og:description\" content=\"Les ind\u00e9pendants peuvent faire appel \u00e0 de plus en plus de cong\u00e9s et d\u2019allocations lorsqu\u2019ils deviennent m\u00e8re ou p\u00e8re par exemple, ou lorsqu\u2019ils doivent s\u2019occuper d\u2019un membre de la famille gravement malade. De plus en plus d\u2019ind\u00e9pendants se tournent vers [&hellip;]\" \/>\n<meta property=\"og:url\" content=\"https:\/\/peoplesphere.be\/fr\/conges-allocations-regimes-speciaux-les-travailleurs-independants-nutilisent-pas-encore-les-outils-mis-a-leur-disposition-suite-a-lharmonisation-des-statuts\/\" \/>\n<meta property=\"og:site_name\" content=\"Peoplesphere\" \/>\n<meta property=\"article:publisher\" content=\"https:\/\/www.facebook.com\/peoplesphere\" \/>\n<meta property=\"article:published_time\" content=\"2025-01-24T13:21:36+00:00\" \/>\n<meta property=\"article:modified_time\" content=\"2025-01-27T13:29:26+00:00\" \/>\n<meta property=\"og:image\" content=\"https:\/\/peoplesphere.be\/fr\/wp-content\/uploads\/2022\/03\/happiness.jpg\" \/>\n\t<meta property=\"og:image:width\" content=\"1489\" \/>\n\t<meta property=\"og:image:height\" content=\"921\" \/>\n\t<meta property=\"og:image:type\" content=\"image\/jpeg\" \/>\n<meta name=\"author\" content=\"Jean-Paul Erhard\" \/>\n<meta name=\"twitter:card\" content=\"summary_large_image\" \/>\n<meta name=\"twitter:creator\" content=\"@PeoplesphereMag\" \/>\n<meta name=\"twitter:site\" content=\"@PeoplesphereMag\" \/>\n<meta name=\"twitter:label1\" content=\"\u00c9crit par\" \/>\n\t<meta name=\"twitter:data1\" content=\"Jean-Paul Erhard\" \/>\n\t<meta name=\"twitter:label2\" content=\"Dur\u00e9e de lecture estim\u00e9e\" \/>\n\t<meta name=\"twitter:data2\" content=\"4 minutes\" \/>\n<script type=\"application\/ld+json\" class=\"yoast-schema-graph\">{\"@context\":\"https:\/\/schema.org\",\"@graph\":[{\"@type\":\"Article\",\"@id\":\"https:\/\/peoplesphere.be\/fr\/conges-allocations-regimes-speciaux-les-travailleurs-independants-nutilisent-pas-encore-les-outils-mis-a-leur-disposition-suite-a-lharmonisation-des-statuts\/#article\",\"isPartOf\":{\"@id\":\"https:\/\/peoplesphere.be\/fr\/conges-allocations-regimes-speciaux-les-travailleurs-independants-nutilisent-pas-encore-les-outils-mis-a-leur-disposition-suite-a-lharmonisation-des-statuts\/\"},\"author\":{\"name\":\"Jean-Paul Erhard\",\"@id\":\"https:\/\/peoplesphere.be\/fr\/#\/schema\/person\/7976225ff17988604334abb7b3536a7e\"},\"headline\":\"Cong\u00e9s, allocations, r\u00e9gimes sp\u00e9ciaux&#8230; Les travailleurs ind\u00e9pendants n&rsquo;utilisent pas encore les outils mis \u00e0 leur disposition suite \u00e0 l&rsquo;harmonisation des statuts.\",\"datePublished\":\"2025-01-24T13:21:36+00:00\",\"dateModified\":\"2025-01-27T13:29:26+00:00\",\"mainEntityOfPage\":{\"@id\":\"https:\/\/peoplesphere.be\/fr\/conges-allocations-regimes-speciaux-les-travailleurs-independants-nutilisent-pas-encore-les-outils-mis-a-leur-disposition-suite-a-lharmonisation-des-statuts\/\"},\"wordCount\":927,\"publisher\":{\"@id\":\"https:\/\/peoplesphere.be\/fr\/#organization\"},\"keywords\":[\"allocations\",\"Cong\u00e9s\",\"harmonisation des statuts\",\"ind\u00e9pendants\",\"r\u00e9forme\"],\"articleSection\":[\"Actualit\u00e9s\",\"Digital\"],\"inLanguage\":\"fr-FR\"},{\"@type\":\"WebPage\",\"@id\":\"https:\/\/peoplesphere.be\/fr\/conges-allocations-regimes-speciaux-les-travailleurs-independants-nutilisent-pas-encore-les-outils-mis-a-leur-disposition-suite-a-lharmonisation-des-statuts\/\",\"url\":\"https:\/\/peoplesphere.be\/fr\/conges-allocations-regimes-speciaux-les-travailleurs-independants-nutilisent-pas-encore-les-outils-mis-a-leur-disposition-suite-a-lharmonisation-des-statuts\/\",\"name\":\"Cong\u00e9s, allocations, r\u00e9gimes sp\u00e9ciaux... Les travailleurs ind\u00e9pendants n'utilisent pas encore les outils mis \u00e0 leur disposition suite \u00e0 l'harmonisation des statuts. - Peoplesphere\",\"isPartOf\":{\"@id\":\"https:\/\/peoplesphere.be\/fr\/#website\"},\"datePublished\":\"2025-01-24T13:21:36+00:00\",\"dateModified\":\"2025-01-27T13:29:26+00:00\",\"breadcrumb\":{\"@id\":\"https:\/\/peoplesphere.be\/fr\/conges-allocations-regimes-speciaux-les-travailleurs-independants-nutilisent-pas-encore-les-outils-mis-a-leur-disposition-suite-a-lharmonisation-des-statuts\/#breadcrumb\"},\"inLanguage\":\"fr-FR\",\"potentialAction\":[{\"@type\":\"ReadAction\",\"target\":[\"https:\/\/peoplesphere.be\/fr\/conges-allocations-regimes-speciaux-les-travailleurs-independants-nutilisent-pas-encore-les-outils-mis-a-leur-disposition-suite-a-lharmonisation-des-statuts\/\"]}]},{\"@type\":\"BreadcrumbList\",\"@id\":\"https:\/\/peoplesphere.be\/fr\/conges-allocations-regimes-speciaux-les-travailleurs-independants-nutilisent-pas-encore-les-outils-mis-a-leur-disposition-suite-a-lharmonisation-des-statuts\/#breadcrumb\",\"itemListElement\":[{\"@type\":\"ListItem\",\"position\":1,\"name\":\"Accueil\",\"item\":\"https:\/\/peoplesphere.be\/fr\/\"},{\"@type\":\"ListItem\",\"position\":2,\"name\":\"Cong\u00e9s, allocations, r\u00e9gimes sp\u00e9ciaux&#8230; Les travailleurs ind\u00e9pendants n&rsquo;utilisent pas encore les outils mis \u00e0 leur disposition suite \u00e0 l&rsquo;harmonisation des statuts.\"}]},{\"@type\":\"WebSite\",\"@id\":\"https:\/\/peoplesphere.be\/fr\/#website\",\"url\":\"https:\/\/peoplesphere.be\/fr\/\",\"name\":\"Peoplesphere\",\"description\":\"The People Managers Magazine\",\"publisher\":{\"@id\":\"https:\/\/peoplesphere.be\/fr\/#organization\"},\"potentialAction\":[{\"@type\":\"SearchAction\",\"target\":{\"@type\":\"EntryPoint\",\"urlTemplate\":\"https:\/\/peoplesphere.be\/fr\/?s={search_term_string}\"},\"query-input\":\"required name=search_term_string\"}],\"inLanguage\":\"fr-FR\"},{\"@type\":\"Organization\",\"@id\":\"https:\/\/peoplesphere.be\/fr\/#organization\",\"name\":\"Peoplesphere Company srl\",\"url\":\"https:\/\/peoplesphere.be\/fr\/\",\"logo\":{\"@type\":\"ImageObject\",\"inLanguage\":\"fr-FR\",\"@id\":\"https:\/\/peoplesphere.be\/fr\/#\/schema\/logo\/image\/\",\"url\":\"https:\/\/peoplesphere.be\/fr\/wp-content\/uploads\/2023\/07\/peoplesphere-lgo-new-generik.jpg\",\"contentUrl\":\"https:\/\/peoplesphere.be\/fr\/wp-content\/uploads\/2023\/07\/peoplesphere-lgo-new-generik.jpg\",\"width\":1031,\"height\":1479,\"caption\":\"Peoplesphere Company srl\"},\"image\":{\"@id\":\"https:\/\/peoplesphere.be\/fr\/#\/schema\/logo\/image\/\"},\"sameAs\":[\"https:\/\/www.facebook.com\/peoplesphere\",\"https:\/\/twitter.com\/PeoplesphereMag\",\"https:\/\/www.linkedin.com\/company\/7587361?trk\",\"http:\/\/youtube.com\/peoplesphere\"]},{\"@type\":\"Person\",\"@id\":\"https:\/\/peoplesphere.be\/fr\/#\/schema\/person\/7976225ff17988604334abb7b3536a7e\",\"name\":\"Jean-Paul Erhard\",\"image\":{\"@type\":\"ImageObject\",\"inLanguage\":\"fr-FR\",\"@id\":\"https:\/\/peoplesphere.be\/fr\/#\/schema\/person\/image\/\",\"url\":\"https:\/\/secure.gravatar.com\/avatar\/f941e681460179738071629a51574930?s=96&d=mm&r=g\",\"contentUrl\":\"https:\/\/secure.gravatar.com\/avatar\/f941e681460179738071629a51574930?s=96&d=mm&r=g\",\"caption\":\"Jean-Paul Erhard\"},\"url\":\"https:\/\/peoplesphere.be\/fr\/author\/jpe\/\"}]}<\/script>\n<!-- \/ Yoast SEO plugin. -->","yoast_head_json":{"title":"Cong\u00e9s, allocations, r\u00e9gimes sp\u00e9ciaux... Les travailleurs ind\u00e9pendants n'utilisent pas encore les outils mis \u00e0 leur disposition suite \u00e0 l'harmonisation des statuts. - Peoplesphere","robots":{"index":"index","follow":"follow","max-snippet":"max-snippet:-1","max-image-preview":"max-image-preview:large","max-video-preview":"max-video-preview:-1"},"canonical":"https:\/\/peoplesphere.be\/fr\/conges-allocations-regimes-speciaux-les-travailleurs-independants-nutilisent-pas-encore-les-outils-mis-a-leur-disposition-suite-a-lharmonisation-des-statuts\/","og_locale":"fr_FR","og_type":"article","og_title":"Cong\u00e9s, allocations, r\u00e9gimes sp\u00e9ciaux... Les travailleurs ind\u00e9pendants n'utilisent pas encore les outils mis \u00e0 leur disposition suite \u00e0 l'harmonisation des statuts. - Peoplesphere","og_description":"Les ind\u00e9pendants peuvent faire appel \u00e0 de plus en plus de cong\u00e9s et d\u2019allocations lorsqu\u2019ils deviennent m\u00e8re ou p\u00e8re par exemple, ou lorsqu\u2019ils doivent s\u2019occuper d\u2019un membre de la famille gravement malade. De plus en plus d\u2019ind\u00e9pendants se tournent vers [&hellip;]","og_url":"https:\/\/peoplesphere.be\/fr\/conges-allocations-regimes-speciaux-les-travailleurs-independants-nutilisent-pas-encore-les-outils-mis-a-leur-disposition-suite-a-lharmonisation-des-statuts\/","og_site_name":"Peoplesphere","article_publisher":"https:\/\/www.facebook.com\/peoplesphere","article_published_time":"2025-01-24T13:21:36+00:00","article_modified_time":"2025-01-27T13:29:26+00:00","og_image":[{"width":1489,"height":921,"url":"https:\/\/peoplesphere.be\/fr\/wp-content\/uploads\/2022\/03\/happiness.jpg","type":"image\/jpeg"}],"author":"Jean-Paul Erhard","twitter_card":"summary_large_image","twitter_creator":"@PeoplesphereMag","twitter_site":"@PeoplesphereMag","twitter_misc":{"\u00c9crit par":"Jean-Paul Erhard","Dur\u00e9e de lecture estim\u00e9e":"4 minutes"},"schema":{"@context":"https:\/\/schema.org","@graph":[{"@type":"Article","@id":"https:\/\/peoplesphere.be\/fr\/conges-allocations-regimes-speciaux-les-travailleurs-independants-nutilisent-pas-encore-les-outils-mis-a-leur-disposition-suite-a-lharmonisation-des-statuts\/#article","isPartOf":{"@id":"https:\/\/peoplesphere.be\/fr\/conges-allocations-regimes-speciaux-les-travailleurs-independants-nutilisent-pas-encore-les-outils-mis-a-leur-disposition-suite-a-lharmonisation-des-statuts\/"},"author":{"name":"Jean-Paul Erhard","@id":"https:\/\/peoplesphere.be\/fr\/#\/schema\/person\/7976225ff17988604334abb7b3536a7e"},"headline":"Cong\u00e9s, allocations, r\u00e9gimes sp\u00e9ciaux&#8230; Les travailleurs ind\u00e9pendants n&rsquo;utilisent pas encore les outils mis \u00e0 leur disposition suite \u00e0 l&rsquo;harmonisation des statuts.","datePublished":"2025-01-24T13:21:36+00:00","dateModified":"2025-01-27T13:29:26+00:00","mainEntityOfPage":{"@id":"https:\/\/peoplesphere.be\/fr\/conges-allocations-regimes-speciaux-les-travailleurs-independants-nutilisent-pas-encore-les-outils-mis-a-leur-disposition-suite-a-lharmonisation-des-statuts\/"},"wordCount":927,"publisher":{"@id":"https:\/\/peoplesphere.be\/fr\/#organization"},"keywords":["allocations","Cong\u00e9s","harmonisation des statuts","ind\u00e9pendants","r\u00e9forme"],"articleSection":["Actualit\u00e9s","Digital"],"inLanguage":"fr-FR"},{"@type":"WebPage","@id":"https:\/\/peoplesphere.be\/fr\/conges-allocations-regimes-speciaux-les-travailleurs-independants-nutilisent-pas-encore-les-outils-mis-a-leur-disposition-suite-a-lharmonisation-des-statuts\/","url":"https:\/\/peoplesphere.be\/fr\/conges-allocations-regimes-speciaux-les-travailleurs-independants-nutilisent-pas-encore-les-outils-mis-a-leur-disposition-suite-a-lharmonisation-des-statuts\/","name":"Cong\u00e9s, allocations, r\u00e9gimes sp\u00e9ciaux... Les travailleurs ind\u00e9pendants n'utilisent pas encore les outils mis \u00e0 leur disposition suite \u00e0 l'harmonisation des statuts. - Peoplesphere","isPartOf":{"@id":"https:\/\/peoplesphere.be\/fr\/#website"},"datePublished":"2025-01-24T13:21:36+00:00","dateModified":"2025-01-27T13:29:26+00:00","breadcrumb":{"@id":"https:\/\/peoplesphere.be\/fr\/conges-allocations-regimes-speciaux-les-travailleurs-independants-nutilisent-pas-encore-les-outils-mis-a-leur-disposition-suite-a-lharmonisation-des-statuts\/#breadcrumb"},"inLanguage":"fr-FR","potentialAction":[{"@type":"ReadAction","target":["https:\/\/peoplesphere.be\/fr\/conges-allocations-regimes-speciaux-les-travailleurs-independants-nutilisent-pas-encore-les-outils-mis-a-leur-disposition-suite-a-lharmonisation-des-statuts\/"]}]},{"@type":"BreadcrumbList","@id":"https:\/\/peoplesphere.be\/fr\/conges-allocations-regimes-speciaux-les-travailleurs-independants-nutilisent-pas-encore-les-outils-mis-a-leur-disposition-suite-a-lharmonisation-des-statuts\/#breadcrumb","itemListElement":[{"@type":"ListItem","position":1,"name":"Accueil","item":"https:\/\/peoplesphere.be\/fr\/"},{"@type":"ListItem","position":2,"name":"Cong\u00e9s, allocations, r\u00e9gimes sp\u00e9ciaux&#8230; Les travailleurs ind\u00e9pendants n&rsquo;utilisent pas encore les outils mis \u00e0 leur disposition suite \u00e0 l&rsquo;harmonisation des statuts."}]},{"@type":"WebSite","@id":"https:\/\/peoplesphere.be\/fr\/#website","url":"https:\/\/peoplesphere.be\/fr\/","name":"Peoplesphere","description":"The People Managers Magazine","publisher":{"@id":"https:\/\/peoplesphere.be\/fr\/#organization"},"potentialAction":[{"@type":"SearchAction","target":{"@type":"EntryPoint","urlTemplate":"https:\/\/peoplesphere.be\/fr\/?s={search_term_string}"},"query-input":"required name=search_term_string"}],"inLanguage":"fr-FR"},{"@type":"Organization","@id":"https:\/\/peoplesphere.be\/fr\/#organization","name":"Peoplesphere Company srl","url":"https:\/\/peoplesphere.be\/fr\/","logo":{"@type":"ImageObject","inLanguage":"fr-FR","@id":"https:\/\/peoplesphere.be\/fr\/#\/schema\/logo\/image\/","url":"https:\/\/peoplesphere.be\/fr\/wp-content\/uploads\/2023\/07\/peoplesphere-lgo-new-generik.jpg","contentUrl":"https:\/\/peoplesphere.be\/fr\/wp-content\/uploads\/2023\/07\/peoplesphere-lgo-new-generik.jpg","width":1031,"height":1479,"caption":"Peoplesphere Company srl"},"image":{"@id":"https:\/\/peoplesphere.be\/fr\/#\/schema\/logo\/image\/"},"sameAs":["https:\/\/www.facebook.com\/peoplesphere","https:\/\/twitter.com\/PeoplesphereMag","https:\/\/www.linkedin.com\/company\/7587361?trk","http:\/\/youtube.com\/peoplesphere"]},{"@type":"Person","@id":"https:\/\/peoplesphere.be\/fr\/#\/schema\/person\/7976225ff17988604334abb7b3536a7e","name":"Jean-Paul Erhard","image":{"@type":"ImageObject","inLanguage":"fr-FR","@id":"https:\/\/peoplesphere.be\/fr\/#\/schema\/person\/image\/","url":"https:\/\/secure.gravatar.com\/avatar\/f941e681460179738071629a51574930?s=96&d=mm&r=g","contentUrl":"https:\/\/secure.gravatar.com\/avatar\/f941e681460179738071629a51574930?s=96&d=mm&r=g","caption":"Jean-Paul Erhard"},"url":"https:\/\/peoplesphere.be\/fr\/author\/jpe\/"}]}},"_links":{"self":[{"href":"https:\/\/peoplesphere.be\/fr\/wp-json\/wp\/v2\/posts\/17297"}],"collection":[{"href":"https:\/\/peoplesphere.be\/fr\/wp-json\/wp\/v2\/posts"}],"about":[{"href":"https:\/\/peoplesphere.be\/fr\/wp-json\/wp\/v2\/types\/post"}],"author":[{"embeddable":true,"href":"https:\/\/peoplesphere.be\/fr\/wp-json\/wp\/v2\/users\/2"}],"replies":[{"embeddable":true,"href":"https:\/\/peoplesphere.be\/fr\/wp-json\/wp\/v2\/comments?post=17297"}],"version-history":[{"count":1,"href":"https:\/\/peoplesphere.be\/fr\/wp-json\/wp\/v2\/posts\/17297\/revisions"}],"predecessor-version":[{"id":17298,"href":"https:\/\/peoplesphere.be\/fr\/wp-json\/wp\/v2\/posts\/17297\/revisions\/17298"}],"wp:featuredmedia":[{"embeddable":true,"href":"https:\/\/peoplesphere.be\/fr\/wp-json\/wp\/v2\/media\/12627"}],"wp:attachment":[{"href":"https:\/\/peoplesphere.be\/fr\/wp-json\/wp\/v2\/media?parent=17297"}],"wp:term":[{"taxonomy":"category","embeddable":true,"href":"https:\/\/peoplesphere.be\/fr\/wp-json\/wp\/v2\/categories?post=17297"},{"taxonomy":"post_tag","embeddable":true,"href":"https:\/\/peoplesphere.be\/fr\/wp-json\/wp\/v2\/tags?post=17297"}],"curies":[{"name":"wp","href":"https:\/\/api.w.org\/{rel}","templated":true}]}}