









{"id":17305,"date":"2025-01-29T08:10:36","date_gmt":"2025-01-29T06:10:36","guid":{"rendered":"https:\/\/peoplesphere.be\/fr\/?p=17305"},"modified":"2025-01-29T08:10:36","modified_gmt":"2025-01-29T06:10:36","slug":"mobilite-professionnelle-plus-dun-salarie-sur-cinq-211-se-sent-coince-dans-une-cage-doree","status":"publish","type":"post","link":"https:\/\/peoplesphere.be\/fr\/mobilite-professionnelle-plus-dun-salarie-sur-cinq-211-se-sent-coince-dans-une-cage-doree\/","title":{"rendered":"Mobilit\u00e9 professionnelle: plus d&rsquo;un salari\u00e9 sur cinq (21,1%) se sent coinc\u00e9 dans une cage dor\u00e9e."},"content":{"rendered":"<p>Ils aimeraient changer de job, mais n&rsquo;osent pas d\u00e9missionner de peur de perdre les avantages et la s\u00e9curit\u00e9 dont ils b\u00e9n\u00e9ficient. \u00a0Le syndrome de la cage dor\u00e9e&#8230; Cette situation a un impact sur le mental du personnel.<!--more--><\/p>\n<p>Les salari\u00e9s qui se sentent \u00ab\u2009prisonniers\u2009\u00bb dans leur emploi ressentent moins de motivation (6,4\/10 contre 9,1\/10), moins de plaisir au travail (6\/10 contre 9\/10), travaillent moins efficacement (7,7\/10 contre 9,4\/10), sont moins heureux (6\/10 contre 8,9\/10) et ont une perception globale de leur travail moins positive (6,7\/10 contre 9,4\/10) que ceux qui entretiennent une bonne relation avec leur employeur. Pourtant, seuls 5,2% de tous les salari\u00e9s recherchent activement un nouveau job aupr\u00e8s d&rsquo;un autre employeur et \u00e0 peine un cinqui\u00e8me (22%) se montre ouvert \u00e0 de nouvelles opportunit\u00e9s sans les chercher de fa\u00e7on active.<\/p>\n<p><em>\u201cMalgr\u00e9 les nombreuses possibilit\u00e9s offertes par le march\u00e9 du travail, le syndrome de la &lsquo;cage dor\u00e9e&rsquo; ne se traduit que rarement par une mobilit\u00e9 professionnelle des salari\u00e9s,\u201d<\/em> explique la professeure Van den Broeck. <em>\u201cLa cl\u00e9 qui permet de les lib\u00e9rer de leur cage dor\u00e9e se trouve au sein des entreprises: elles doivent miser davantage sur l&rsquo;engagement affectif. Les salari\u00e9s demeurent alors non pas pour les avantages, mais parce qu&rsquo;ils se sentent r\u00e9ellement li\u00e9s \u00e0 leur travail et \u00e0 leur employeur.\u201d<\/em><\/p>\n<p>Une telle implication concerne pr\u00e8s de la moiti\u00e9 des salari\u00e9s belges (44,5%). Ils ressentent un lien fort avec l&rsquo;organisation pour laquelle ils travaillent. Ils sont encore un peu plus nombreux \u200b (46,7%) \u00e0 vouloir rester chez leur employeur actuel jusqu&rsquo;\u00e0 la fin de leur carri\u00e8re. Pr\u00e8s de six personnes interrog\u00e9es sur dix (58,6%) vont \u00e9galement travailler avec plaisir. \u00c0 l&rsquo;inverse, un quart des salari\u00e9s (24,9%) se sentent enferm\u00e9s dans leur job et ils sont 19,2% \u00e0 reconna\u00eetre \u2018simplement faire quelque chose au travail et compter les heures jusqu&rsquo;\u00e0 ce qu&rsquo;ils puissent rentrer chez eux\u2019. Une proportion \u00e0 peu pr\u00e8s \u00e9quivalente (20,4%) s&rsquo;ennuie au travail, mais y reste pour la s\u00e9curit\u00e9 qui y est associ\u00e9e. Cette situation s&rsquo;applique \u00e0 environ un quart des moins de 35 ans (25,5%), contre 19,1% chez les 35-54 ans et 13,5% aupr\u00e8s des plus de 55 ans.<\/p>\n<h3><strong><em>La cage dor\u00e9e freine la mobilit\u00e9 professionnelle<\/em><\/strong><\/h3>\n<p>Cela peut surprendre quand on consid\u00e8re le nombre de licenciements et de restructurations, mais le march\u00e9 du travail belge reste sous tension. Selon les chiffres de Statbel, on relevait 176.564 postes vacants dans les entreprises belges au troisi\u00e8me trimestre de 2024. Bien que le nombre de ces positions ouvertes offre des opportunit\u00e9s aux travailleurs pour valoriser leurs talents ailleurs, beaucoup d&rsquo;entre eux n&rsquo;osent pas sauter le pas et changer d&#8217;emploi. Plus de la moiti\u00e9 (54%) d\u00e9clarent qu&rsquo;ils perdraient trop d&rsquo;avantages. Le pourcentage atteint 60,3% chez les plus de 55 ans contre 56,3% chez les 35-54 ans et 47,8% parmi leurs plus jeunes coll\u00e8gues.<\/p>\n<p><em>\u201cCette situation a beaucoup \u00e0 voir avec la structure de notre march\u00e9 du travail. Contrairement \u00e0 de nombreux autres pays, le march\u00e9 du travail belge se r\u00e9v\u00e8le assez rigide. Des syst\u00e8mes comme l&rsquo;indexation automatique des salaires, l&rsquo;anciennet\u00e9 et les d\u00e9lais de pr\u00e9avis font que les gens changent moins vite d&#8217;emploi. Lorsque leur package salarial, la s\u00e9curit\u00e9 de l&#8217;emploi et l&rsquo;anciennet\u00e9 engrang\u00e9e deviennent plus importants que leur plaisir au travail et leur \u00e9panouissement personnel, les salari\u00e9s se retrouvent enferm\u00e9s dans une cage dor\u00e9e\u201d<\/em> indique Aline Bernard, porte-parole de Tempo-Team. <em>\u201cCette situation limite la mobilit\u00e9 sur le march\u00e9 du travail, ce qui rend les postes vacants plus difficiles \u00e0 combler. En m\u00eame temps, les entreprises passent \u00e9galement \u00e0 c\u00f4t\u00e9 de talents pr\u00e9sents en interne, mais dans d&rsquo;autres fonctions. Le manque de motivation et d&rsquo;engagement entra\u00eene moins de productivit\u00e9 et un risque accru de cong\u00e9s de maladie, qui peuvent parfois se traduire par des absences de longue dur\u00e9e. La cage dor\u00e9e aboutit ainsi \u00e0 des opportunit\u00e9s rat\u00e9es, tant pour les salari\u00e9s que pour les employeurs.\u201d<\/em><\/p>\n<h3><strong><em>Faire la diff\u00e9rence<\/em><\/strong><\/h3>\n<p>Les salari\u00e9s belges se montrent plut\u00f4t attach\u00e9s \u00e0 leur poste. Mais, selon la professeure Van den Broeck, les moins motiv\u00e9s n&rsquo;ont pas toujours besoin de chercher un autre job. <em>\u201cLes entreprises qui parviennent \u00e0 &lsquo;lib\u00e9rer&rsquo; les salari\u00e9s de leur cage dor\u00e9e, utilisent mieux les talents disponibles et am\u00e9liorent tant la productivit\u00e9 que l&rsquo;ambiance de travail. Comment? En renfor\u00e7ant l&rsquo;engagement \u00e9motionnel du personnel envers leur travail et leur entreprise.\u201d<\/em><\/p>\n<p>Les entreprises ont donc tout int\u00e9r\u00eat \u00e0 jouer la carte de l&rsquo;engagement affectif. Cela peut notamment passer par une prise en compte attentive du feedback de leurs salari\u00e9s. Les entreprises doivent \u00e9galement valoriser leurs efforts, se soucier de leur bien-\u00eatre et leur proposer des t\u00e2ches motivantes. La mani\u00e8re dont ces actions sont encadr\u00e9es rev\u00eat une grande importance. Ainsi, des employ\u00e9s peuvent par exemple trouver beaucoup plus de motivation en suivant une formation qu\u2019ils jugent eux-m\u00eames importante et pas uniquement parce que celle-ci s\u2019av\u00e8re n\u00e9cessaire pour leur travail. \u200b<\/p>\n<p>Les salari\u00e9s qui se sentent fortement engag\u00e9s envers leur entreprise obtiennent des scores plus \u00e9lev\u00e9s que leurs coll\u00e8gues qui se sentent enferm\u00e9s dans une cage dor\u00e9e en termes de motivation (9,1\/10 contre 6,4\/10), de plaisir au travail (9\/10 contre 6\/10), de productivit\u00e9 (9,4\/10 contre 7,7\/10), de bonheur au travail (8,9\/10 contre 6\/10) et d\u2019appr\u00e9ciation g\u00e9n\u00e9rale de leur job (9,4\/10 contre 6,7\/10).<\/p>\n<p>Mais, selon Aline Bernard, les salari\u00e9s peuvent eux-m\u00eames entreprendre des d\u00e9marches pour se &lsquo;lib\u00e9rer&rsquo;. <em>\u201cNous passons une grande partie de notre temps au travail. Choisir un environnement o\u00f9 vous pouvez \u00eatre la meilleure version de vous-m\u00eame et vous sentir bien est donc important. Souvenez-vous de ce qui vous avait initialement attir\u00e9 vers ce job. Vos t\u00e2ches ont peut-\u00eatre \u00e9volu\u00e9. Vous pouvez aborder ce sujet avec votre manager et discuter de vos aspirations. Un coaching peut aussi vous aider \u00e0 y voir plus clair, \u00e0 d\u00e9terminer ce qui vous donne de l&rsquo;\u00e9nergie et ce qui, au contraire, vous en co\u00fbte. Ou lancez-vous \u00e0 la d\u00e9couverte d&rsquo;un autre secteur, via un flexijob.\u00a0\u00bb<\/em><\/p>\n<p>&nbsp;<\/p>\n<p><em>Source: enqu\u00eate conduite par Tempo-Team en 2024, en collaboration avec la professeure Anja Van den Broeck, experte en motivation au travail \u00e0 la KU Leuven. L&rsquo;enqu\u00eate a \u00e9t\u00e9 r\u00e9alis\u00e9e par un bureau ind\u00e9pendant aupr\u00e8s d&rsquo;un \u00e9chantillon repr\u00e9sentatif compos\u00e9 de 2000 salari\u00e9s belges. Ils ont \u00e9t\u00e9 interrog\u00e9s sur plusieurs sujets li\u00e9s au cadre de travail.<\/em><\/p>\n","protected":false},"excerpt":{"rendered":"<p>Ils aimeraient changer de job, mais n&rsquo;osent pas d\u00e9missionner de peur de perdre les avantages et la s\u00e9curit\u00e9 dont ils b\u00e9n\u00e9ficient. \u00a0Le syndrome de la cage dor\u00e9e&#8230; Cette situation a un impact sur le mental du personnel.<\/p>\n","protected":false},"author":2,"featured_media":17306,"comment_status":"closed","ping_status":"open","sticky":false,"template":"","format":"standard","meta":[],"categories":[65,10],"tags":[1379,299],"yoast_head":"<!-- This site is optimized with the Yoast SEO plugin v21.0 - https:\/\/yoast.com\/wordpress\/plugins\/seo\/ -->\n<title>Mobilit\u00e9 professionnelle: plus d&#039;un salari\u00e9 sur cinq (21,1%) se sent coinc\u00e9 dans une cage dor\u00e9e. - Peoplesphere<\/title>\n<meta name=\"robots\" content=\"index, follow, max-snippet:-1, max-image-preview:large, max-video-preview:-1\" \/>\n<link rel=\"canonical\" href=\"https:\/\/peoplesphere.be\/fr\/mobilite-professionnelle-plus-dun-salarie-sur-cinq-211-se-sent-coince-dans-une-cage-doree\/\" \/>\n<meta property=\"og:locale\" content=\"fr_FR\" \/>\n<meta property=\"og:type\" content=\"article\" \/>\n<meta property=\"og:title\" content=\"Mobilit\u00e9 professionnelle: plus d&#039;un salari\u00e9 sur cinq (21,1%) se sent coinc\u00e9 dans une cage dor\u00e9e. - Peoplesphere\" \/>\n<meta property=\"og:description\" content=\"Ils aimeraient changer de job, mais n&rsquo;osent pas d\u00e9missionner de peur de perdre les avantages et la s\u00e9curit\u00e9 dont ils b\u00e9n\u00e9ficient. \u00a0Le syndrome de la cage dor\u00e9e&#8230; Cette situation a un impact sur le mental du personnel.\" \/>\n<meta property=\"og:url\" content=\"https:\/\/peoplesphere.be\/fr\/mobilite-professionnelle-plus-dun-salarie-sur-cinq-211-se-sent-coince-dans-une-cage-doree\/\" \/>\n<meta property=\"og:site_name\" content=\"Peoplesphere\" \/>\n<meta property=\"article:publisher\" content=\"https:\/\/www.facebook.com\/peoplesphere\" \/>\n<meta property=\"article:published_time\" content=\"2025-01-29T06:10:36+00:00\" \/>\n<meta property=\"og:image\" content=\"https:\/\/peoplesphere.be\/fr\/wp-content\/uploads\/2025\/01\/20250129employeetrapped.jpg\" \/>\n\t<meta property=\"og:image:width\" content=\"626\" \/>\n\t<meta property=\"og:image:height\" content=\"351\" \/>\n\t<meta property=\"og:image:type\" content=\"image\/jpeg\" \/>\n<meta name=\"author\" content=\"Jean-Paul Erhard\" \/>\n<meta name=\"twitter:card\" content=\"summary_large_image\" \/>\n<meta name=\"twitter:creator\" content=\"@PeoplesphereMag\" \/>\n<meta name=\"twitter:site\" content=\"@PeoplesphereMag\" \/>\n<meta name=\"twitter:label1\" content=\"\u00c9crit par\" \/>\n\t<meta name=\"twitter:data1\" content=\"Jean-Paul Erhard\" \/>\n\t<meta name=\"twitter:label2\" content=\"Dur\u00e9e de lecture estim\u00e9e\" \/>\n\t<meta name=\"twitter:data2\" content=\"6 minutes\" \/>\n<script type=\"application\/ld+json\" class=\"yoast-schema-graph\">{\"@context\":\"https:\/\/schema.org\",\"@graph\":[{\"@type\":\"Article\",\"@id\":\"https:\/\/peoplesphere.be\/fr\/mobilite-professionnelle-plus-dun-salarie-sur-cinq-211-se-sent-coince-dans-une-cage-doree\/#article\",\"isPartOf\":{\"@id\":\"https:\/\/peoplesphere.be\/fr\/mobilite-professionnelle-plus-dun-salarie-sur-cinq-211-se-sent-coince-dans-une-cage-doree\/\"},\"author\":{\"name\":\"Jean-Paul Erhard\",\"@id\":\"https:\/\/peoplesphere.be\/fr\/#\/schema\/person\/7976225ff17988604334abb7b3536a7e\"},\"headline\":\"Mobilit\u00e9 professionnelle: plus d&rsquo;un salari\u00e9 sur cinq (21,1%) se sent coinc\u00e9 dans une cage dor\u00e9e.\",\"datePublished\":\"2025-01-29T06:10:36+00:00\",\"dateModified\":\"2025-01-29T06:10:36+00:00\",\"mainEntityOfPage\":{\"@id\":\"https:\/\/peoplesphere.be\/fr\/mobilite-professionnelle-plus-dun-salarie-sur-cinq-211-se-sent-coince-dans-une-cage-doree\/\"},\"wordCount\":1081,\"publisher\":{\"@id\":\"https:\/\/peoplesphere.be\/fr\/#organization\"},\"keywords\":[\"mobilit\u00e9 professionnelle\",\"r\u00e9tention\"],\"articleSection\":[\"Actualit\u00e9s\",\"Digital\"],\"inLanguage\":\"fr-FR\"},{\"@type\":\"WebPage\",\"@id\":\"https:\/\/peoplesphere.be\/fr\/mobilite-professionnelle-plus-dun-salarie-sur-cinq-211-se-sent-coince-dans-une-cage-doree\/\",\"url\":\"https:\/\/peoplesphere.be\/fr\/mobilite-professionnelle-plus-dun-salarie-sur-cinq-211-se-sent-coince-dans-une-cage-doree\/\",\"name\":\"Mobilit\u00e9 professionnelle: plus d'un salari\u00e9 sur cinq (21,1%) se sent coinc\u00e9 dans une cage dor\u00e9e. - Peoplesphere\",\"isPartOf\":{\"@id\":\"https:\/\/peoplesphere.be\/fr\/#website\"},\"datePublished\":\"2025-01-29T06:10:36+00:00\",\"dateModified\":\"2025-01-29T06:10:36+00:00\",\"breadcrumb\":{\"@id\":\"https:\/\/peoplesphere.be\/fr\/mobilite-professionnelle-plus-dun-salarie-sur-cinq-211-se-sent-coince-dans-une-cage-doree\/#breadcrumb\"},\"inLanguage\":\"fr-FR\",\"potentialAction\":[{\"@type\":\"ReadAction\",\"target\":[\"https:\/\/peoplesphere.be\/fr\/mobilite-professionnelle-plus-dun-salarie-sur-cinq-211-se-sent-coince-dans-une-cage-doree\/\"]}]},{\"@type\":\"BreadcrumbList\",\"@id\":\"https:\/\/peoplesphere.be\/fr\/mobilite-professionnelle-plus-dun-salarie-sur-cinq-211-se-sent-coince-dans-une-cage-doree\/#breadcrumb\",\"itemListElement\":[{\"@type\":\"ListItem\",\"position\":1,\"name\":\"Accueil\",\"item\":\"https:\/\/peoplesphere.be\/fr\/\"},{\"@type\":\"ListItem\",\"position\":2,\"name\":\"Mobilit\u00e9 professionnelle: plus d&rsquo;un salari\u00e9 sur cinq (21,1%) se sent coinc\u00e9 dans une cage dor\u00e9e.\"}]},{\"@type\":\"WebSite\",\"@id\":\"https:\/\/peoplesphere.be\/fr\/#website\",\"url\":\"https:\/\/peoplesphere.be\/fr\/\",\"name\":\"Peoplesphere\",\"description\":\"The People Managers Magazine\",\"publisher\":{\"@id\":\"https:\/\/peoplesphere.be\/fr\/#organization\"},\"potentialAction\":[{\"@type\":\"SearchAction\",\"target\":{\"@type\":\"EntryPoint\",\"urlTemplate\":\"https:\/\/peoplesphere.be\/fr\/?s={search_term_string}\"},\"query-input\":\"required name=search_term_string\"}],\"inLanguage\":\"fr-FR\"},{\"@type\":\"Organization\",\"@id\":\"https:\/\/peoplesphere.be\/fr\/#organization\",\"name\":\"Peoplesphere Company srl\",\"url\":\"https:\/\/peoplesphere.be\/fr\/\",\"logo\":{\"@type\":\"ImageObject\",\"inLanguage\":\"fr-FR\",\"@id\":\"https:\/\/peoplesphere.be\/fr\/#\/schema\/logo\/image\/\",\"url\":\"https:\/\/peoplesphere.be\/fr\/wp-content\/uploads\/2023\/07\/peoplesphere-lgo-new-generik.jpg\",\"contentUrl\":\"https:\/\/peoplesphere.be\/fr\/wp-content\/uploads\/2023\/07\/peoplesphere-lgo-new-generik.jpg\",\"width\":1031,\"height\":1479,\"caption\":\"Peoplesphere Company srl\"},\"image\":{\"@id\":\"https:\/\/peoplesphere.be\/fr\/#\/schema\/logo\/image\/\"},\"sameAs\":[\"https:\/\/www.facebook.com\/peoplesphere\",\"https:\/\/twitter.com\/PeoplesphereMag\",\"https:\/\/www.linkedin.com\/company\/7587361?trk\",\"http:\/\/youtube.com\/peoplesphere\"]},{\"@type\":\"Person\",\"@id\":\"https:\/\/peoplesphere.be\/fr\/#\/schema\/person\/7976225ff17988604334abb7b3536a7e\",\"name\":\"Jean-Paul Erhard\",\"image\":{\"@type\":\"ImageObject\",\"inLanguage\":\"fr-FR\",\"@id\":\"https:\/\/peoplesphere.be\/fr\/#\/schema\/person\/image\/\",\"url\":\"https:\/\/secure.gravatar.com\/avatar\/f941e681460179738071629a51574930?s=96&d=mm&r=g\",\"contentUrl\":\"https:\/\/secure.gravatar.com\/avatar\/f941e681460179738071629a51574930?s=96&d=mm&r=g\",\"caption\":\"Jean-Paul Erhard\"},\"url\":\"https:\/\/peoplesphere.be\/fr\/author\/jpe\/\"}]}<\/script>\n<!-- \/ Yoast SEO plugin. -->","yoast_head_json":{"title":"Mobilit\u00e9 professionnelle: plus d'un salari\u00e9 sur cinq (21,1%) se sent coinc\u00e9 dans une cage dor\u00e9e. - Peoplesphere","robots":{"index":"index","follow":"follow","max-snippet":"max-snippet:-1","max-image-preview":"max-image-preview:large","max-video-preview":"max-video-preview:-1"},"canonical":"https:\/\/peoplesphere.be\/fr\/mobilite-professionnelle-plus-dun-salarie-sur-cinq-211-se-sent-coince-dans-une-cage-doree\/","og_locale":"fr_FR","og_type":"article","og_title":"Mobilit\u00e9 professionnelle: plus d'un salari\u00e9 sur cinq (21,1%) se sent coinc\u00e9 dans une cage dor\u00e9e. - Peoplesphere","og_description":"Ils aimeraient changer de job, mais n&rsquo;osent pas d\u00e9missionner de peur de perdre les avantages et la s\u00e9curit\u00e9 dont ils b\u00e9n\u00e9ficient. \u00a0Le syndrome de la cage dor\u00e9e&#8230; Cette situation a un impact sur le mental du personnel.","og_url":"https:\/\/peoplesphere.be\/fr\/mobilite-professionnelle-plus-dun-salarie-sur-cinq-211-se-sent-coince-dans-une-cage-doree\/","og_site_name":"Peoplesphere","article_publisher":"https:\/\/www.facebook.com\/peoplesphere","article_published_time":"2025-01-29T06:10:36+00:00","og_image":[{"width":626,"height":351,"url":"https:\/\/peoplesphere.be\/fr\/wp-content\/uploads\/2025\/01\/20250129employeetrapped.jpg","type":"image\/jpeg"}],"author":"Jean-Paul Erhard","twitter_card":"summary_large_image","twitter_creator":"@PeoplesphereMag","twitter_site":"@PeoplesphereMag","twitter_misc":{"\u00c9crit par":"Jean-Paul Erhard","Dur\u00e9e de lecture estim\u00e9e":"6 minutes"},"schema":{"@context":"https:\/\/schema.org","@graph":[{"@type":"Article","@id":"https:\/\/peoplesphere.be\/fr\/mobilite-professionnelle-plus-dun-salarie-sur-cinq-211-se-sent-coince-dans-une-cage-doree\/#article","isPartOf":{"@id":"https:\/\/peoplesphere.be\/fr\/mobilite-professionnelle-plus-dun-salarie-sur-cinq-211-se-sent-coince-dans-une-cage-doree\/"},"author":{"name":"Jean-Paul Erhard","@id":"https:\/\/peoplesphere.be\/fr\/#\/schema\/person\/7976225ff17988604334abb7b3536a7e"},"headline":"Mobilit\u00e9 professionnelle: plus d&rsquo;un salari\u00e9 sur cinq (21,1%) se sent coinc\u00e9 dans une cage dor\u00e9e.","datePublished":"2025-01-29T06:10:36+00:00","dateModified":"2025-01-29T06:10:36+00:00","mainEntityOfPage":{"@id":"https:\/\/peoplesphere.be\/fr\/mobilite-professionnelle-plus-dun-salarie-sur-cinq-211-se-sent-coince-dans-une-cage-doree\/"},"wordCount":1081,"publisher":{"@id":"https:\/\/peoplesphere.be\/fr\/#organization"},"keywords":["mobilit\u00e9 professionnelle","r\u00e9tention"],"articleSection":["Actualit\u00e9s","Digital"],"inLanguage":"fr-FR"},{"@type":"WebPage","@id":"https:\/\/peoplesphere.be\/fr\/mobilite-professionnelle-plus-dun-salarie-sur-cinq-211-se-sent-coince-dans-une-cage-doree\/","url":"https:\/\/peoplesphere.be\/fr\/mobilite-professionnelle-plus-dun-salarie-sur-cinq-211-se-sent-coince-dans-une-cage-doree\/","name":"Mobilit\u00e9 professionnelle: plus d'un salari\u00e9 sur cinq (21,1%) se sent coinc\u00e9 dans une cage dor\u00e9e. - Peoplesphere","isPartOf":{"@id":"https:\/\/peoplesphere.be\/fr\/#website"},"datePublished":"2025-01-29T06:10:36+00:00","dateModified":"2025-01-29T06:10:36+00:00","breadcrumb":{"@id":"https:\/\/peoplesphere.be\/fr\/mobilite-professionnelle-plus-dun-salarie-sur-cinq-211-se-sent-coince-dans-une-cage-doree\/#breadcrumb"},"inLanguage":"fr-FR","potentialAction":[{"@type":"ReadAction","target":["https:\/\/peoplesphere.be\/fr\/mobilite-professionnelle-plus-dun-salarie-sur-cinq-211-se-sent-coince-dans-une-cage-doree\/"]}]},{"@type":"BreadcrumbList","@id":"https:\/\/peoplesphere.be\/fr\/mobilite-professionnelle-plus-dun-salarie-sur-cinq-211-se-sent-coince-dans-une-cage-doree\/#breadcrumb","itemListElement":[{"@type":"ListItem","position":1,"name":"Accueil","item":"https:\/\/peoplesphere.be\/fr\/"},{"@type":"ListItem","position":2,"name":"Mobilit\u00e9 professionnelle: plus d&rsquo;un salari\u00e9 sur cinq (21,1%) se sent coinc\u00e9 dans une cage dor\u00e9e."}]},{"@type":"WebSite","@id":"https:\/\/peoplesphere.be\/fr\/#website","url":"https:\/\/peoplesphere.be\/fr\/","name":"Peoplesphere","description":"The People Managers Magazine","publisher":{"@id":"https:\/\/peoplesphere.be\/fr\/#organization"},"potentialAction":[{"@type":"SearchAction","target":{"@type":"EntryPoint","urlTemplate":"https:\/\/peoplesphere.be\/fr\/?s={search_term_string}"},"query-input":"required name=search_term_string"}],"inLanguage":"fr-FR"},{"@type":"Organization","@id":"https:\/\/peoplesphere.be\/fr\/#organization","name":"Peoplesphere Company srl","url":"https:\/\/peoplesphere.be\/fr\/","logo":{"@type":"ImageObject","inLanguage":"fr-FR","@id":"https:\/\/peoplesphere.be\/fr\/#\/schema\/logo\/image\/","url":"https:\/\/peoplesphere.be\/fr\/wp-content\/uploads\/2023\/07\/peoplesphere-lgo-new-generik.jpg","contentUrl":"https:\/\/peoplesphere.be\/fr\/wp-content\/uploads\/2023\/07\/peoplesphere-lgo-new-generik.jpg","width":1031,"height":1479,"caption":"Peoplesphere Company srl"},"image":{"@id":"https:\/\/peoplesphere.be\/fr\/#\/schema\/logo\/image\/"},"sameAs":["https:\/\/www.facebook.com\/peoplesphere","https:\/\/twitter.com\/PeoplesphereMag","https:\/\/www.linkedin.com\/company\/7587361?trk","http:\/\/youtube.com\/peoplesphere"]},{"@type":"Person","@id":"https:\/\/peoplesphere.be\/fr\/#\/schema\/person\/7976225ff17988604334abb7b3536a7e","name":"Jean-Paul Erhard","image":{"@type":"ImageObject","inLanguage":"fr-FR","@id":"https:\/\/peoplesphere.be\/fr\/#\/schema\/person\/image\/","url":"https:\/\/secure.gravatar.com\/avatar\/f941e681460179738071629a51574930?s=96&d=mm&r=g","contentUrl":"https:\/\/secure.gravatar.com\/avatar\/f941e681460179738071629a51574930?s=96&d=mm&r=g","caption":"Jean-Paul Erhard"},"url":"https:\/\/peoplesphere.be\/fr\/author\/jpe\/"}]}},"_links":{"self":[{"href":"https:\/\/peoplesphere.be\/fr\/wp-json\/wp\/v2\/posts\/17305"}],"collection":[{"href":"https:\/\/peoplesphere.be\/fr\/wp-json\/wp\/v2\/posts"}],"about":[{"href":"https:\/\/peoplesphere.be\/fr\/wp-json\/wp\/v2\/types\/post"}],"author":[{"embeddable":true,"href":"https:\/\/peoplesphere.be\/fr\/wp-json\/wp\/v2\/users\/2"}],"replies":[{"embeddable":true,"href":"https:\/\/peoplesphere.be\/fr\/wp-json\/wp\/v2\/comments?post=17305"}],"version-history":[{"count":1,"href":"https:\/\/peoplesphere.be\/fr\/wp-json\/wp\/v2\/posts\/17305\/revisions"}],"predecessor-version":[{"id":17307,"href":"https:\/\/peoplesphere.be\/fr\/wp-json\/wp\/v2\/posts\/17305\/revisions\/17307"}],"wp:featuredmedia":[{"embeddable":true,"href":"https:\/\/peoplesphere.be\/fr\/wp-json\/wp\/v2\/media\/17306"}],"wp:attachment":[{"href":"https:\/\/peoplesphere.be\/fr\/wp-json\/wp\/v2\/media?parent=17305"}],"wp:term":[{"taxonomy":"category","embeddable":true,"href":"https:\/\/peoplesphere.be\/fr\/wp-json\/wp\/v2\/categories?post=17305"},{"taxonomy":"post_tag","embeddable":true,"href":"https:\/\/peoplesphere.be\/fr\/wp-json\/wp\/v2\/tags?post=17305"}],"curies":[{"name":"wp","href":"https:\/\/api.w.org\/{rel}","templated":true}]}}