









{"id":17311,"date":"2025-01-29T11:07:50","date_gmt":"2025-01-29T09:07:50","guid":{"rendered":"https:\/\/peoplesphere.be\/fr\/?p=17311"},"modified":"2025-01-29T11:07:50","modified_gmt":"2025-01-29T09:07:50","slug":"nouvelles-attentes-des-talents-en-matiere-demploi-un-fosse-qui-se-creuse-entre-employeurs-et-salaries","status":"publish","type":"post","link":"https:\/\/peoplesphere.be\/fr\/nouvelles-attentes-des-talents-en-matiere-demploi-un-fosse-qui-se-creuse-entre-employeurs-et-salaries\/","title":{"rendered":"Nouvelles attentes des talents en mati\u00e8re d&#8217;emploi: un foss\u00e9 qui se creuse entre employeurs et salari\u00e9s."},"content":{"rendered":"<p>Les talents souhaitent d\u00e9finir de nouvelles r\u00e9f\u00e9rences en mati\u00e8re d\u2019emploi : un rapport de Randstad r\u00e9v\u00e8le que 45% d&rsquo;entre eux ont fait des d\u00e9marches pour obtenir de meilleures conditions de travail. L&rsquo;\u00e9tude montre \u00e9galement qu&rsquo;il n\u2019est plus seulement question de ce l&rsquo;on fait dans son travail, mais aussi de pourquoi, comment et avec qui on le fait.<!--more--><\/p>\n<p>Le dernier Workmonitor de Randstad r\u00e9v\u00e8le l&rsquo;\u00e9mergence de nouvelles r\u00e9f\u00e9rences sur le march\u00e9 du travail. L&rsquo;\u00e9tude, qui a port\u00e9 sur plus de 26.000 travailleurs dans 35 pays d&rsquo;Europe, d&rsquo;Asie-Pacifique et d\u2019Am\u00e9rique, a r\u00e9v\u00e9l\u00e9 qu&rsquo;en d\u00e9pit d&rsquo;un paysage \u00e9conomique difficile, de changements g\u00e9opolitiques et d&rsquo;avanc\u00e9es technologiques, les talents continuent \u00e0 avoir des attentes multiples, remodelant ainsi l&rsquo;avenir du lieu de travail.<\/p>\n<p>Pour la premi\u00e8re fois dans l&rsquo;histoire de Workmonitor, l&rsquo;\u00e9quilibre entre vie professionnelle et vie priv\u00e9e est jug\u00e9 plus important que la r\u00e9mun\u00e9ration (83% versus 82% au global et 88% versus 79% au Luxembourg). Le rapport montre que les talents accordent la priorit\u00e9 \u00e0 la personnalisation, \u00e0 la coh\u00e9sion et \u00e0 des comp\u00e9tences adapt\u00e9es \u00e0 l&rsquo;avenir, et les employeurs doivent \u00eatre pr\u00eats \u00e0 y r\u00e9pondre.<\/p>\n<p>La confiance des talents envers leurs employeurs reste fragile, un tiers d\u2019entre eux (30%) ne faisant pas confiance \u00e0 leurs managers pour d\u00e9fendre leurs int\u00e9r\u00eats. Les talents sont pr\u00eats \u00e0 agir si leurs attentes ne sont pas satisfaites, puisque pr\u00e8s de la moiti\u00e9 d&rsquo;entre eux (45%) d\u00e9clarent avoir fait des d\u00e9marches pour obtenir de meilleures conditions de travail. 44% d\u00e9clarent avoir quitt\u00e9 un emploi parce qu&rsquo;ils pensaient que leur lieu de travail \u00e9tait toxique, soit 11 points de pourcentage de plus que l&rsquo;ann\u00e9e derni\u00e8re.<\/p>\n<h3><strong><em>Importance d\u2019\u00eatre en phase avec son employeur.<\/em><\/strong><\/h3>\n<p>Le rapport montre que les talents souhaitent que la culture de leur employeur soit align\u00e9e avec leurs valeurs et leurs pr\u00e9f\u00e9rences, puisqu&rsquo;un tiers d&rsquo;entre eux (29%) ont d\u00e9j\u00e0 d\u00e9missionn\u00e9 parce qu&rsquo;ils n&rsquo;\u00e9taient pas d&rsquo;accord avec les points de vue ou les positions de leur direction. En hausse de 10 points de pourcentage par rapport \u00e0 l&rsquo;ann\u00e9e derni\u00e8re, pr\u00e8s de la moiti\u00e9 (48%) n&rsquo;accepteraient pas un emploi si l&rsquo;entreprise ne partageait pas leurs valeurs sociales et environnementales. Une proportion similaire (43%) a envisag\u00e9 de quitter<br \/>\nl&rsquo;entreprise en raison de sa position sur des questions politiques.<\/p>\n<p>Ces positions sont encore plus marqu\u00e9es au Luxembourg : 35% des personnes interrog\u00e9es ont d\u00e9j\u00e0 donn\u00e9 leur d\u00e9mission en cas de divergence d\u2019opinion avec leur direction et 56% envisageraient de le faire si c\u2019\u00e9tait le cas.<br \/>\nLes talents souhaitent \u00e9galement un engagement sur la flexibilit\u00e9 du travail. Pr\u00e8s d&rsquo;un tiers d&rsquo;entre eux (31% au global et 30% au Luxembourg) ont quitt\u00e9 leur emploi parce qu&rsquo;il ne leur en offrait pas suffisamment. Les jeunes travailleurs sont plus susceptibles d&rsquo;appr\u00e9cier cet avantage : pr\u00e8s de la moiti\u00e9 (40%) des membres de la g\u00e9n\u00e9ration Z d\u00e9clarent avoir b\u00e9n\u00e9fici\u00e9 d&rsquo;une plus grande flexibilit\u00e9 en termes de lieu de travail au cours des six derniers mois, contre seulement 17 % des baby-boomers.<\/p>\n<p>Au Luxembourg, la situation est un peu diff\u00e9rente. Les jeunes travailleurs (g\u00e9n\u00e9ration Z) sont 72% \u00e0 avoir b\u00e9n\u00e9fici\u00e9 d\u2019une flexibilit\u00e9 horaire accrue au cours des six derniers mois (contre 42% pour les baby-boomers), alors que le flexibilit\u00e9 \u00ab g\u00e9ographique \u00bb a \u00e9volu\u00e9 de la m\u00eame fa\u00e7on (environ 50%) pour toutes les classes d\u2019\u00e2ges.<\/p>\n<h3><strong><em>Favoriser le sens de la communaut\u00e9<\/em><\/strong><\/h3>\n<p>Au fil des d\u00e9cennies, la mont\u00e9e constante de l&rsquo;individualisme a conduit de nombreuses personnes \u00e0 rechercher un but et des liens dans leur vie professionnelle. Nous constatons aujourd&rsquo;hui que la grande majorit\u00e9 (83 %) des talents souhaitent \u00e9galement que leur lieu de travail leur procure un sentiment d&rsquo;appartenance \u00e0 une communaut\u00e9. Plus de la moiti\u00e9 d&rsquo;entre eux (55%) sont pr\u00eats \u00e0 d\u00e9missionner s&rsquo;ils ne se sentent pas \u00e0 leur place, ce qui repr\u00e9sente une augmentation substantielle par rapport \u00e0 la moyenne mondiale de 37% de l&rsquo;ann\u00e9e derni\u00e8re. On observe la m\u00eame tendance au Luxembourg.<\/p>\n<p>Dans certains cas, la r\u00e9mun\u00e9ration passe avant le sentiment d&rsquo;appartenance \u00e0 la<br \/>\ncommunaut\u00e9, puisqu&rsquo;un tiers (36 %) des personnes interrog\u00e9es ne verraient pas<br \/>\nd&rsquo;inconv\u00e9nient \u00e0 gagner moins d&rsquo;argent si elles avaient des amis sur leur lieu de travail. Ce taux atteint 53% au Luxembourg !<br \/>\nDans le m\u00eame temps, cela a une incidence sur la productivit\u00e9 des talents, puisqu&rsquo;une forte majorit\u00e9 (85% au niveau mondial et 78% au Luxembourg) estime qu&rsquo;ils sont plus performants au travail s&rsquo;ils ont le sentiment d&rsquo;appartenir \u00e0 une communaut\u00e9 avec leurs coll\u00e8gues.<\/p>\n<h3><strong><em>Les opportunit\u00e9s de qualification ne sont pas n\u00e9gociables\u00a0<\/em><\/strong><\/h3>\n<p>L\u2019\u00e9tude Workmonitor souligne que l&rsquo;apprentissage et le d\u00e9veloppement restent essentiels pour les talents, mais qu&rsquo;il existe un foss\u00e9 entre les attentes et la r\u00e9alit\u00e9. L&rsquo;ann\u00e9e derni\u00e8re, 29% des personnes interrog\u00e9es ont d\u00e9clar\u00e9 qu&rsquo;elles d\u00e9missionneraient si elles ne b\u00e9n\u00e9ficiaient pas d&rsquo;opportunit\u00e9s de d\u00e9veloppement leur permettant d&rsquo;assurer leur avenir professionnel, un chiffre qui a fortement augment\u00e9 pour atteindre 41 % cette ann\u00e9e (60% au Luxembourg contre 18% l\u2019an dernier).<br \/>\nL&rsquo;IA est l&rsquo;opportunit\u00e9 d&rsquo;apprentissage et de d\u00e9veloppement la plus recherch\u00e9e (23%), suivie par les connaissances informatiques et technologiques (11%) et les comp\u00e9tences en mati\u00e8re de gestion et de leadership (7%).<br \/>\nMalgr\u00e9 cette attente, plus d&rsquo;un tiers des talents (36%) d\u00e9clarent ne pas recevoir de telles opportunit\u00e9s de formation de la part de leur employeur.<br \/>\nL\u2019\u00e9cart est encore plus important au Luxembourg puisque seuls 25% des talents d\u00e9clarent que leur employeur les aide \u00e0 d\u00e9velopper des comp\u00e9tences utiles \u00e0 leur futur.<\/p>\n<h3><strong><em>Malgr\u00e9 les vents contraires au niveau macro\u00e9conomique, le d\u00e9bat sur le retour au bureau se poursuit<\/em><\/strong><\/h3>\n<p>Le d\u00e9bat sur le retour au bureau continue \u00e0 pr\u00e9occuper les travailleurs. S&rsquo;ils avaient le choix, les talents (26%) pr\u00e9f\u00e8reraient travailler au bureau trois jours par semaine. Cependant, la politique des entreprises n\u2019est pas en phase avec cette attente : 31% des employeurs souhaitent que leurs salari\u00e9s travaillent \u00e0 temps plein au bureau, et moins d&rsquo;un tiers d&rsquo;entre eux (29%) acceptent deux jours ou plus de travail \u00e0 distance.<br \/>\nEn outre, un pr\u00e9c\u00e9dent rapport de Randstad sur les comp\u00e9tences les plus demand\u00e9es, montre que les postes \u00e0 distance ont diminu\u00e9 d&rsquo;environ 50%, tandis que les postes hybrides ont augment\u00e9 de 300%.<br \/>\nLa confiance semble rompue lorsqu&rsquo;il s&rsquo;agit de travail flexible, car plus d&rsquo;un quart (28%) des talents ne pensent pas que leur sup\u00e9rieur leur fasse confiance pour maintenir leur productivit\u00e9 lorsqu&rsquo;ils travaillent \u00e0 domicile.<br \/>\nAu Luxembourg, les talents sont encore davantage demandeurs de travail \u00e0 distance (74% souhaitent b\u00e9n\u00e9ficier de 2 ou 3 jours de t\u00e9l\u00e9travail) et les employeurs sont plus enclins \u00e0 l\u2019autoriser \u00e0 cette fr\u00e9quence (42%).<\/p>\n<h3><strong><em>Un manque de confiance entre les talents et leurs managers<\/em><\/strong><\/h3>\n<p>Outre la m\u00e9fiance \u00e0 l&rsquo;\u00e9gard du t\u00e9l\u00e9travail, de fa\u00e7on plus g\u00e9n\u00e9rale, la confiance n\u2019est pas optimale entre les talents et leurs managers. Pr\u00e8s d&rsquo;un tiers d&rsquo;entre eux (30%) estiment qu&rsquo;ils ne peuvent pas faire confiance \u00e0 leur manager pour d\u00e9fendre leurs int\u00e9r\u00eats, et ils sont encore plus nombreux (33 %) \u00e0 penser qu&rsquo;ils ne peuvent pas faire confiance \u00e0 leur manager en ce qui concerne la progression de leur carri\u00e8re.<br \/>\n\u00c9tant donn\u00e9 qu&rsquo;un tiers (31 %) des personnes interrog\u00e9es ont d\u00e9j\u00e0 quitt\u00e9 leur emploi parce qu&rsquo;elles ne faisaient pas confiance \u00e0 leur \u00e9quipe dirigeante, il est important pour les entreprises de veiller \u00e0 ce que les relations avec leurs employ\u00e9s soient solides et mutuellement b\u00e9n\u00e9fiques.<\/p>\n<p>Marc Lebrun Managing Director de Randstad Luxembourg commente : <em>\u00ab\u00a0Beaucoup s&rsquo;attendaient \u00e0 ce que les conditions \u00e9conomiques difficiles de 2024 temp\u00e8rent les attentes des talents, mais le Workmonitor montre que c&rsquo;est le contraire qui se produit. Nous assistons \u00e0 l&rsquo;\u00e9mergence de nouvelles r\u00e9f\u00e9rences, les talents continuant \u00e0 avoir des attentes multiples.<\/em><br \/>\n<em>Pour les talents d&rsquo;aujourd&rsquo;hui, le sens qu\u2019ils donnent \u00e0 leur travail est complexe et ses composantes doivent \u00eatre personnalis\u00e9es. Chacun a une id\u00e9e pr\u00e9cise de ce qui est important pour lui en tant qu&rsquo;individu et au sein de sa communaut\u00e9. Les entreprises qui r\u00e9ussissent sont celles qui s&rsquo;adaptent et s&rsquo;ajustent \u00e0 cette nouvelle vision. La solution r\u00e9side dans la valorisation de notre ressource cl\u00e9 : les personnes.\u00a0\u00bb<\/em><\/p>\n<p><em>Source: Randstad Luxembourg<\/em><\/p>\n","protected":false},"excerpt":{"rendered":"<p>Les talents souhaitent d\u00e9finir de nouvelles r\u00e9f\u00e9rences en mati\u00e8re d\u2019emploi : un rapport de Randstad r\u00e9v\u00e8le que 45% d&rsquo;entre eux ont fait des d\u00e9marches pour obtenir de meilleures conditions de travail. L&rsquo;\u00e9tude montre \u00e9galement qu&rsquo;il n\u2019est plus seulement question de [&hellip;]<\/p>\n","protected":false},"author":2,"featured_media":17312,"comment_status":"closed","ping_status":"open","sticky":false,"template":"","format":"standard","meta":[],"categories":[65,10],"tags":[208,189,90,383],"yoast_head":"<!-- This site is optimized with the Yoast SEO plugin v21.0 - https:\/\/yoast.com\/wordpress\/plugins\/seo\/ -->\n<title>Nouvelles attentes des talents en mati\u00e8re d&#039;emploi: un foss\u00e9 qui se creuse entre employeurs et salari\u00e9s. - Peoplesphere<\/title>\n<meta name=\"robots\" content=\"index, follow, max-snippet:-1, max-image-preview:large, max-video-preview:-1\" \/>\n<link rel=\"canonical\" href=\"https:\/\/peoplesphere.be\/fr\/nouvelles-attentes-des-talents-en-matiere-demploi-un-fosse-qui-se-creuse-entre-employeurs-et-salaries\/\" \/>\n<meta property=\"og:locale\" content=\"fr_FR\" \/>\n<meta property=\"og:type\" content=\"article\" \/>\n<meta property=\"og:title\" content=\"Nouvelles attentes des talents en mati\u00e8re d&#039;emploi: un foss\u00e9 qui se creuse entre employeurs et salari\u00e9s. - Peoplesphere\" \/>\n<meta property=\"og:description\" content=\"Les talents souhaitent d\u00e9finir de nouvelles r\u00e9f\u00e9rences en mati\u00e8re d\u2019emploi : un rapport de Randstad r\u00e9v\u00e8le que 45% d&rsquo;entre eux ont fait des d\u00e9marches pour obtenir de meilleures conditions de travail. L&rsquo;\u00e9tude montre \u00e9galement qu&rsquo;il n\u2019est plus seulement question de [&hellip;]\" \/>\n<meta property=\"og:url\" content=\"https:\/\/peoplesphere.be\/fr\/nouvelles-attentes-des-talents-en-matiere-demploi-un-fosse-qui-se-creuse-entre-employeurs-et-salaries\/\" \/>\n<meta property=\"og:site_name\" content=\"Peoplesphere\" \/>\n<meta property=\"article:publisher\" content=\"https:\/\/www.facebook.com\/peoplesphere\" \/>\n<meta property=\"article:published_time\" content=\"2025-01-29T09:07:50+00:00\" \/>\n<meta property=\"og:image\" content=\"https:\/\/peoplesphere.be\/fr\/wp-content\/uploads\/2025\/01\/20250129genzexpectations.jpg\" \/>\n\t<meta property=\"og:image:width\" content=\"1011\" \/>\n\t<meta property=\"og:image:height\" content=\"675\" \/>\n\t<meta property=\"og:image:type\" content=\"image\/jpeg\" \/>\n<meta name=\"author\" content=\"Jean-Paul Erhard\" \/>\n<meta name=\"twitter:card\" content=\"summary_large_image\" \/>\n<meta name=\"twitter:creator\" content=\"@PeoplesphereMag\" \/>\n<meta name=\"twitter:site\" content=\"@PeoplesphereMag\" \/>\n<meta name=\"twitter:label1\" content=\"\u00c9crit par\" \/>\n\t<meta name=\"twitter:data1\" content=\"Jean-Paul Erhard\" \/>\n\t<meta name=\"twitter:label2\" content=\"Dur\u00e9e de lecture estim\u00e9e\" \/>\n\t<meta name=\"twitter:data2\" content=\"7 minutes\" \/>\n<script type=\"application\/ld+json\" class=\"yoast-schema-graph\">{\"@context\":\"https:\/\/schema.org\",\"@graph\":[{\"@type\":\"Article\",\"@id\":\"https:\/\/peoplesphere.be\/fr\/nouvelles-attentes-des-talents-en-matiere-demploi-un-fosse-qui-se-creuse-entre-employeurs-et-salaries\/#article\",\"isPartOf\":{\"@id\":\"https:\/\/peoplesphere.be\/fr\/nouvelles-attentes-des-talents-en-matiere-demploi-un-fosse-qui-se-creuse-entre-employeurs-et-salaries\/\"},\"author\":{\"name\":\"Jean-Paul Erhard\",\"@id\":\"https:\/\/peoplesphere.be\/fr\/#\/schema\/person\/7976225ff17988604334abb7b3536a7e\"},\"headline\":\"Nouvelles attentes des talents en mati\u00e8re d&#8217;emploi: un foss\u00e9 qui se creuse entre employeurs et salari\u00e9s.\",\"datePublished\":\"2025-01-29T09:07:50+00:00\",\"dateModified\":\"2025-01-29T09:07:50+00:00\",\"mainEntityOfPage\":{\"@id\":\"https:\/\/peoplesphere.be\/fr\/nouvelles-attentes-des-talents-en-matiere-demploi-un-fosse-qui-se-creuse-entre-employeurs-et-salaries\/\"},\"wordCount\":1383,\"publisher\":{\"@id\":\"https:\/\/peoplesphere.be\/fr\/#organization\"},\"keywords\":[\"engagement\",\"leadership\",\"motivation\",\"valeurs\"],\"articleSection\":[\"Actualit\u00e9s\",\"Digital\"],\"inLanguage\":\"fr-FR\"},{\"@type\":\"WebPage\",\"@id\":\"https:\/\/peoplesphere.be\/fr\/nouvelles-attentes-des-talents-en-matiere-demploi-un-fosse-qui-se-creuse-entre-employeurs-et-salaries\/\",\"url\":\"https:\/\/peoplesphere.be\/fr\/nouvelles-attentes-des-talents-en-matiere-demploi-un-fosse-qui-se-creuse-entre-employeurs-et-salaries\/\",\"name\":\"Nouvelles attentes des talents en mati\u00e8re d'emploi: un foss\u00e9 qui se creuse entre employeurs et salari\u00e9s. - Peoplesphere\",\"isPartOf\":{\"@id\":\"https:\/\/peoplesphere.be\/fr\/#website\"},\"datePublished\":\"2025-01-29T09:07:50+00:00\",\"dateModified\":\"2025-01-29T09:07:50+00:00\",\"breadcrumb\":{\"@id\":\"https:\/\/peoplesphere.be\/fr\/nouvelles-attentes-des-talents-en-matiere-demploi-un-fosse-qui-se-creuse-entre-employeurs-et-salaries\/#breadcrumb\"},\"inLanguage\":\"fr-FR\",\"potentialAction\":[{\"@type\":\"ReadAction\",\"target\":[\"https:\/\/peoplesphere.be\/fr\/nouvelles-attentes-des-talents-en-matiere-demploi-un-fosse-qui-se-creuse-entre-employeurs-et-salaries\/\"]}]},{\"@type\":\"BreadcrumbList\",\"@id\":\"https:\/\/peoplesphere.be\/fr\/nouvelles-attentes-des-talents-en-matiere-demploi-un-fosse-qui-se-creuse-entre-employeurs-et-salaries\/#breadcrumb\",\"itemListElement\":[{\"@type\":\"ListItem\",\"position\":1,\"name\":\"Accueil\",\"item\":\"https:\/\/peoplesphere.be\/fr\/\"},{\"@type\":\"ListItem\",\"position\":2,\"name\":\"Nouvelles attentes des talents en mati\u00e8re d&#8217;emploi: un foss\u00e9 qui se creuse entre employeurs et salari\u00e9s.\"}]},{\"@type\":\"WebSite\",\"@id\":\"https:\/\/peoplesphere.be\/fr\/#website\",\"url\":\"https:\/\/peoplesphere.be\/fr\/\",\"name\":\"Peoplesphere\",\"description\":\"The People Managers Magazine\",\"publisher\":{\"@id\":\"https:\/\/peoplesphere.be\/fr\/#organization\"},\"potentialAction\":[{\"@type\":\"SearchAction\",\"target\":{\"@type\":\"EntryPoint\",\"urlTemplate\":\"https:\/\/peoplesphere.be\/fr\/?s={search_term_string}\"},\"query-input\":\"required name=search_term_string\"}],\"inLanguage\":\"fr-FR\"},{\"@type\":\"Organization\",\"@id\":\"https:\/\/peoplesphere.be\/fr\/#organization\",\"name\":\"Peoplesphere Company srl\",\"url\":\"https:\/\/peoplesphere.be\/fr\/\",\"logo\":{\"@type\":\"ImageObject\",\"inLanguage\":\"fr-FR\",\"@id\":\"https:\/\/peoplesphere.be\/fr\/#\/schema\/logo\/image\/\",\"url\":\"https:\/\/peoplesphere.be\/fr\/wp-content\/uploads\/2023\/07\/peoplesphere-lgo-new-generik.jpg\",\"contentUrl\":\"https:\/\/peoplesphere.be\/fr\/wp-content\/uploads\/2023\/07\/peoplesphere-lgo-new-generik.jpg\",\"width\":1031,\"height\":1479,\"caption\":\"Peoplesphere Company srl\"},\"image\":{\"@id\":\"https:\/\/peoplesphere.be\/fr\/#\/schema\/logo\/image\/\"},\"sameAs\":[\"https:\/\/www.facebook.com\/peoplesphere\",\"https:\/\/twitter.com\/PeoplesphereMag\",\"https:\/\/www.linkedin.com\/company\/7587361?trk\",\"http:\/\/youtube.com\/peoplesphere\"]},{\"@type\":\"Person\",\"@id\":\"https:\/\/peoplesphere.be\/fr\/#\/schema\/person\/7976225ff17988604334abb7b3536a7e\",\"name\":\"Jean-Paul Erhard\",\"image\":{\"@type\":\"ImageObject\",\"inLanguage\":\"fr-FR\",\"@id\":\"https:\/\/peoplesphere.be\/fr\/#\/schema\/person\/image\/\",\"url\":\"https:\/\/secure.gravatar.com\/avatar\/f941e681460179738071629a51574930?s=96&d=mm&r=g\",\"contentUrl\":\"https:\/\/secure.gravatar.com\/avatar\/f941e681460179738071629a51574930?s=96&d=mm&r=g\",\"caption\":\"Jean-Paul Erhard\"},\"url\":\"https:\/\/peoplesphere.be\/fr\/author\/jpe\/\"}]}<\/script>\n<!-- \/ Yoast SEO plugin. -->","yoast_head_json":{"title":"Nouvelles attentes des talents en mati\u00e8re d'emploi: un foss\u00e9 qui se creuse entre employeurs et salari\u00e9s. - Peoplesphere","robots":{"index":"index","follow":"follow","max-snippet":"max-snippet:-1","max-image-preview":"max-image-preview:large","max-video-preview":"max-video-preview:-1"},"canonical":"https:\/\/peoplesphere.be\/fr\/nouvelles-attentes-des-talents-en-matiere-demploi-un-fosse-qui-se-creuse-entre-employeurs-et-salaries\/","og_locale":"fr_FR","og_type":"article","og_title":"Nouvelles attentes des talents en mati\u00e8re d'emploi: un foss\u00e9 qui se creuse entre employeurs et salari\u00e9s. - Peoplesphere","og_description":"Les talents souhaitent d\u00e9finir de nouvelles r\u00e9f\u00e9rences en mati\u00e8re d\u2019emploi : un rapport de Randstad r\u00e9v\u00e8le que 45% d&rsquo;entre eux ont fait des d\u00e9marches pour obtenir de meilleures conditions de travail. L&rsquo;\u00e9tude montre \u00e9galement qu&rsquo;il n\u2019est plus seulement question de [&hellip;]","og_url":"https:\/\/peoplesphere.be\/fr\/nouvelles-attentes-des-talents-en-matiere-demploi-un-fosse-qui-se-creuse-entre-employeurs-et-salaries\/","og_site_name":"Peoplesphere","article_publisher":"https:\/\/www.facebook.com\/peoplesphere","article_published_time":"2025-01-29T09:07:50+00:00","og_image":[{"width":1011,"height":675,"url":"https:\/\/peoplesphere.be\/fr\/wp-content\/uploads\/2025\/01\/20250129genzexpectations.jpg","type":"image\/jpeg"}],"author":"Jean-Paul Erhard","twitter_card":"summary_large_image","twitter_creator":"@PeoplesphereMag","twitter_site":"@PeoplesphereMag","twitter_misc":{"\u00c9crit par":"Jean-Paul Erhard","Dur\u00e9e de lecture estim\u00e9e":"7 minutes"},"schema":{"@context":"https:\/\/schema.org","@graph":[{"@type":"Article","@id":"https:\/\/peoplesphere.be\/fr\/nouvelles-attentes-des-talents-en-matiere-demploi-un-fosse-qui-se-creuse-entre-employeurs-et-salaries\/#article","isPartOf":{"@id":"https:\/\/peoplesphere.be\/fr\/nouvelles-attentes-des-talents-en-matiere-demploi-un-fosse-qui-se-creuse-entre-employeurs-et-salaries\/"},"author":{"name":"Jean-Paul Erhard","@id":"https:\/\/peoplesphere.be\/fr\/#\/schema\/person\/7976225ff17988604334abb7b3536a7e"},"headline":"Nouvelles attentes des talents en mati\u00e8re d&#8217;emploi: un foss\u00e9 qui se creuse entre employeurs et salari\u00e9s.","datePublished":"2025-01-29T09:07:50+00:00","dateModified":"2025-01-29T09:07:50+00:00","mainEntityOfPage":{"@id":"https:\/\/peoplesphere.be\/fr\/nouvelles-attentes-des-talents-en-matiere-demploi-un-fosse-qui-se-creuse-entre-employeurs-et-salaries\/"},"wordCount":1383,"publisher":{"@id":"https:\/\/peoplesphere.be\/fr\/#organization"},"keywords":["engagement","leadership","motivation","valeurs"],"articleSection":["Actualit\u00e9s","Digital"],"inLanguage":"fr-FR"},{"@type":"WebPage","@id":"https:\/\/peoplesphere.be\/fr\/nouvelles-attentes-des-talents-en-matiere-demploi-un-fosse-qui-se-creuse-entre-employeurs-et-salaries\/","url":"https:\/\/peoplesphere.be\/fr\/nouvelles-attentes-des-talents-en-matiere-demploi-un-fosse-qui-se-creuse-entre-employeurs-et-salaries\/","name":"Nouvelles attentes des talents en mati\u00e8re d'emploi: un foss\u00e9 qui se creuse entre employeurs et salari\u00e9s. - Peoplesphere","isPartOf":{"@id":"https:\/\/peoplesphere.be\/fr\/#website"},"datePublished":"2025-01-29T09:07:50+00:00","dateModified":"2025-01-29T09:07:50+00:00","breadcrumb":{"@id":"https:\/\/peoplesphere.be\/fr\/nouvelles-attentes-des-talents-en-matiere-demploi-un-fosse-qui-se-creuse-entre-employeurs-et-salaries\/#breadcrumb"},"inLanguage":"fr-FR","potentialAction":[{"@type":"ReadAction","target":["https:\/\/peoplesphere.be\/fr\/nouvelles-attentes-des-talents-en-matiere-demploi-un-fosse-qui-se-creuse-entre-employeurs-et-salaries\/"]}]},{"@type":"BreadcrumbList","@id":"https:\/\/peoplesphere.be\/fr\/nouvelles-attentes-des-talents-en-matiere-demploi-un-fosse-qui-se-creuse-entre-employeurs-et-salaries\/#breadcrumb","itemListElement":[{"@type":"ListItem","position":1,"name":"Accueil","item":"https:\/\/peoplesphere.be\/fr\/"},{"@type":"ListItem","position":2,"name":"Nouvelles attentes des talents en mati\u00e8re d&#8217;emploi: un foss\u00e9 qui se creuse entre employeurs et salari\u00e9s."}]},{"@type":"WebSite","@id":"https:\/\/peoplesphere.be\/fr\/#website","url":"https:\/\/peoplesphere.be\/fr\/","name":"Peoplesphere","description":"The People Managers Magazine","publisher":{"@id":"https:\/\/peoplesphere.be\/fr\/#organization"},"potentialAction":[{"@type":"SearchAction","target":{"@type":"EntryPoint","urlTemplate":"https:\/\/peoplesphere.be\/fr\/?s={search_term_string}"},"query-input":"required name=search_term_string"}],"inLanguage":"fr-FR"},{"@type":"Organization","@id":"https:\/\/peoplesphere.be\/fr\/#organization","name":"Peoplesphere Company srl","url":"https:\/\/peoplesphere.be\/fr\/","logo":{"@type":"ImageObject","inLanguage":"fr-FR","@id":"https:\/\/peoplesphere.be\/fr\/#\/schema\/logo\/image\/","url":"https:\/\/peoplesphere.be\/fr\/wp-content\/uploads\/2023\/07\/peoplesphere-lgo-new-generik.jpg","contentUrl":"https:\/\/peoplesphere.be\/fr\/wp-content\/uploads\/2023\/07\/peoplesphere-lgo-new-generik.jpg","width":1031,"height":1479,"caption":"Peoplesphere Company srl"},"image":{"@id":"https:\/\/peoplesphere.be\/fr\/#\/schema\/logo\/image\/"},"sameAs":["https:\/\/www.facebook.com\/peoplesphere","https:\/\/twitter.com\/PeoplesphereMag","https:\/\/www.linkedin.com\/company\/7587361?trk","http:\/\/youtube.com\/peoplesphere"]},{"@type":"Person","@id":"https:\/\/peoplesphere.be\/fr\/#\/schema\/person\/7976225ff17988604334abb7b3536a7e","name":"Jean-Paul Erhard","image":{"@type":"ImageObject","inLanguage":"fr-FR","@id":"https:\/\/peoplesphere.be\/fr\/#\/schema\/person\/image\/","url":"https:\/\/secure.gravatar.com\/avatar\/f941e681460179738071629a51574930?s=96&d=mm&r=g","contentUrl":"https:\/\/secure.gravatar.com\/avatar\/f941e681460179738071629a51574930?s=96&d=mm&r=g","caption":"Jean-Paul Erhard"},"url":"https:\/\/peoplesphere.be\/fr\/author\/jpe\/"}]}},"_links":{"self":[{"href":"https:\/\/peoplesphere.be\/fr\/wp-json\/wp\/v2\/posts\/17311"}],"collection":[{"href":"https:\/\/peoplesphere.be\/fr\/wp-json\/wp\/v2\/posts"}],"about":[{"href":"https:\/\/peoplesphere.be\/fr\/wp-json\/wp\/v2\/types\/post"}],"author":[{"embeddable":true,"href":"https:\/\/peoplesphere.be\/fr\/wp-json\/wp\/v2\/users\/2"}],"replies":[{"embeddable":true,"href":"https:\/\/peoplesphere.be\/fr\/wp-json\/wp\/v2\/comments?post=17311"}],"version-history":[{"count":1,"href":"https:\/\/peoplesphere.be\/fr\/wp-json\/wp\/v2\/posts\/17311\/revisions"}],"predecessor-version":[{"id":17313,"href":"https:\/\/peoplesphere.be\/fr\/wp-json\/wp\/v2\/posts\/17311\/revisions\/17313"}],"wp:featuredmedia":[{"embeddable":true,"href":"https:\/\/peoplesphere.be\/fr\/wp-json\/wp\/v2\/media\/17312"}],"wp:attachment":[{"href":"https:\/\/peoplesphere.be\/fr\/wp-json\/wp\/v2\/media?parent=17311"}],"wp:term":[{"taxonomy":"category","embeddable":true,"href":"https:\/\/peoplesphere.be\/fr\/wp-json\/wp\/v2\/categories?post=17311"},{"taxonomy":"post_tag","embeddable":true,"href":"https:\/\/peoplesphere.be\/fr\/wp-json\/wp\/v2\/tags?post=17311"}],"curies":[{"name":"wp","href":"https:\/\/api.w.org\/{rel}","templated":true}]}}