









{"id":17329,"date":"2025-02-04T14:54:46","date_gmt":"2025-02-04T12:54:46","guid":{"rendered":"https:\/\/peoplesphere.be\/fr\/?p=17329"},"modified":"2025-02-04T14:54:46","modified_gmt":"2025-02-04T12:54:46","slug":"mobilisation-generale-le-13-fevrier-la-fgtb-fixe-un-premier-rendez-vous-au-nouveau-gouvernement","status":"publish","type":"post","link":"https:\/\/peoplesphere.be\/fr\/mobilisation-generale-le-13-fevrier-la-fgtb-fixe-un-premier-rendez-vous-au-nouveau-gouvernement\/","title":{"rendered":"Mobilisation g\u00e9n\u00e9rale le 13 f\u00e9vrier: la FGTB fixe un premier rendez-vous au nouveau gouvernement."},"content":{"rendered":"<p>La date \u00e9tait d&rsquo;ores et d\u00e9j\u00e0 coch\u00e9e dans l&rsquo;agenda syndical. R\u00e9unie ce mardi matin en Comit\u00e9 f\u00e9d\u00e9ral, la FGTB a d\u00e9cid\u00e9 d\u2019\u00e9largir, par tous les moyens possibles, le front de la mobilisation et de la contestation, \u00e0 la soci\u00e9t\u00e9 civile. Le premier rendez-vous avec le nouveau gouvernement sera la manifestation nationale du 13 f\u00e9vrier. Et d&rsquo;annoncer que <em>\u00ab\u00a0l\u2019\u00e9tape suivante sera une gr\u00e8ve g\u00e9n\u00e9rale, qui ne sera pas un point final mais le d\u00e9but d\u2019un marathon de r\u00e9sistance. Qui durera toute la l\u00e9gislature.\u00a0\u00bb<\/em><!--more--><\/p>\n<p>Le syndicat socialiste pose le cadre en perspective de cette prochaine d\u00e9monstration de force: <em>\u00ab\u00a0\u00c0 chaque fois qu\u2019un plan d\u2019aust\u00e9rit\u00e9 brutal a \u00e9t\u00e9 impos\u00e9 par un gouvernement \u00e0 la population, on nous a dit \u00ab Ce ne sera pas facile mais faites-le pour vos enfants \u00bb : saut d\u2019index, privatisations, diminution de la couverture sociale&#8230; <\/em><\/p>\n<p><em>Mais nous pensons au contraire que les g\u00e9n\u00e9rations futures nous accuseraient, \u00e0 raison, de n\u2019avoir pas d\u00e9fendu et continu\u00e9 \u00e0 construire un mod\u00e8le de soci\u00e9t\u00e9 qui repose sur un partage des richesses, avec des services publics, un droit du travail et une s\u00e9curit\u00e9 sociale qui n\u2019ont plus \u00e0 faire leurs preuves en termes d\u2019efficacit\u00e9 (co\u00fbt\/b\u00e9n\u00e9fice) pour les citoyens et citoyennes.<\/em><\/p>\n<p><em>Il est \u00e9vident que, malgr\u00e9 le sauvetage temporaire de l\u2019indexation automatique des salaires et la taxe sur les plus-values obtenus par Vooruit sous la pression de la rue, l&rsquo;accord gouvernemental demeure une d\u00e9claration de guerre l\u2019ensemble du monde du travail. Il reste imbuvable. Et la part immerg\u00e9e de l\u2019iceberg, qui sera en partie r\u00e9v\u00e9l\u00e9e par les tableaux budg\u00e9taires, risque de faire tr\u00e8s mal.<\/em><\/p>\n<p><em>\u00c0 la veille des n\u00e9gociations de l&rsquo;AIP, ce gouvernement retire toute marge de discussion aux interlocuteurs sociaux : flexibilit\u00e9, temps de travail, fins de carri\u00e8re, RCC. Sans parler de l\u2019Enveloppe Bien-\u00catre qui a tout simplement \u00e9t\u00e9 supprim\u00e9e ! Mais les points de rupture avec les valeurs de la FGTB d\u00e9passent largement le giron socio-\u00e9conomique au sens strict. Nous sommes face \u00e0 un gouvernement anti-migrants, anti-femmes, anti-pauvres, anti-fonctionnaires, anti-\u00e9colo\u2026antisocial. De plus, le Premier Ministre s\u2019enorgueillit de mener des r\u00e9formes communautaires \u00e0 chaque occasion.\u00a0\u00bb<\/em><\/p>\n<p>&nbsp;<\/p>\n<p>&nbsp;<\/p>\n<p><em>Source: FGTB<\/em><\/p>\n","protected":false},"excerpt":{"rendered":"<p>La date \u00e9tait d&rsquo;ores et d\u00e9j\u00e0 coch\u00e9e dans l&rsquo;agenda syndical. R\u00e9unie ce mardi matin en Comit\u00e9 f\u00e9d\u00e9ral, la FGTB a d\u00e9cid\u00e9 d\u2019\u00e9largir, par tous les moyens possibles, le front de la mobilisation et de la contestation, \u00e0 la soci\u00e9t\u00e9 civile. [&hellip;]<\/p>\n","protected":false},"author":2,"featured_media":0,"comment_status":"closed","ping_status":"open","sticky":false,"template":"","format":"standard","meta":[],"categories":[65,10],"tags":[332,220,941,910,110],"yoast_head":"<!-- This site is optimized with the Yoast SEO plugin v21.0 - https:\/\/yoast.com\/wordpress\/plugins\/seo\/ -->\n<title>Mobilisation g\u00e9n\u00e9rale le 13 f\u00e9vrier: la FGTB fixe un premier rendez-vous au nouveau gouvernement. - Peoplesphere<\/title>\n<meta name=\"robots\" content=\"index, follow, max-snippet:-1, max-image-preview:large, max-video-preview:-1\" \/>\n<link rel=\"canonical\" href=\"https:\/\/peoplesphere.be\/fr\/mobilisation-generale-le-13-fevrier-la-fgtb-fixe-un-premier-rendez-vous-au-nouveau-gouvernement\/\" \/>\n<meta property=\"og:locale\" content=\"fr_FR\" \/>\n<meta property=\"og:type\" content=\"article\" \/>\n<meta property=\"og:title\" content=\"Mobilisation g\u00e9n\u00e9rale le 13 f\u00e9vrier: la FGTB fixe un premier rendez-vous au nouveau gouvernement. - Peoplesphere\" \/>\n<meta property=\"og:description\" content=\"La date \u00e9tait d&rsquo;ores et d\u00e9j\u00e0 coch\u00e9e dans l&rsquo;agenda syndical. R\u00e9unie ce mardi matin en Comit\u00e9 f\u00e9d\u00e9ral, la FGTB a d\u00e9cid\u00e9 d\u2019\u00e9largir, par tous les moyens possibles, le front de la mobilisation et de la contestation, \u00e0 la soci\u00e9t\u00e9 civile. [&hellip;]\" \/>\n<meta property=\"og:url\" content=\"https:\/\/peoplesphere.be\/fr\/mobilisation-generale-le-13-fevrier-la-fgtb-fixe-un-premier-rendez-vous-au-nouveau-gouvernement\/\" \/>\n<meta property=\"og:site_name\" content=\"Peoplesphere\" \/>\n<meta property=\"article:publisher\" content=\"https:\/\/www.facebook.com\/peoplesphere\" \/>\n<meta property=\"article:published_time\" content=\"2025-02-04T12:54:46+00:00\" \/>\n<meta property=\"og:image\" content=\"http:\/\/www.peoplesphere.be\/fr\/wp-content\/uploads\/2016\/07\/facebook-default-posting-1200x628px.jpg\" \/>\n<meta name=\"author\" content=\"Jean-Paul Erhard\" \/>\n<meta name=\"twitter:card\" content=\"summary_large_image\" \/>\n<meta name=\"twitter:creator\" content=\"@PeoplesphereMag\" \/>\n<meta name=\"twitter:site\" content=\"@PeoplesphereMag\" \/>\n<meta name=\"twitter:label1\" content=\"\u00c9crit par\" \/>\n\t<meta name=\"twitter:data1\" content=\"Jean-Paul Erhard\" \/>\n\t<meta name=\"twitter:label2\" content=\"Dur\u00e9e de lecture estim\u00e9e\" \/>\n\t<meta name=\"twitter:data2\" content=\"2 minutes\" \/>\n<script type=\"application\/ld+json\" class=\"yoast-schema-graph\">{\"@context\":\"https:\/\/schema.org\",\"@graph\":[{\"@type\":\"Article\",\"@id\":\"https:\/\/peoplesphere.be\/fr\/mobilisation-generale-le-13-fevrier-la-fgtb-fixe-un-premier-rendez-vous-au-nouveau-gouvernement\/#article\",\"isPartOf\":{\"@id\":\"https:\/\/peoplesphere.be\/fr\/mobilisation-generale-le-13-fevrier-la-fgtb-fixe-un-premier-rendez-vous-au-nouveau-gouvernement\/\"},\"author\":{\"name\":\"Jean-Paul Erhard\",\"@id\":\"https:\/\/peoplesphere.be\/fr\/#\/schema\/person\/7976225ff17988604334abb7b3536a7e\"},\"headline\":\"Mobilisation g\u00e9n\u00e9rale le 13 f\u00e9vrier: la FGTB fixe un premier rendez-vous au nouveau gouvernement.\",\"datePublished\":\"2025-02-04T12:54:46+00:00\",\"dateModified\":\"2025-02-04T12:54:46+00:00\",\"mainEntityOfPage\":{\"@id\":\"https:\/\/peoplesphere.be\/fr\/mobilisation-generale-le-13-fevrier-la-fgtb-fixe-un-premier-rendez-vous-au-nouveau-gouvernement\/\"},\"wordCount\":403,\"publisher\":{\"@id\":\"https:\/\/peoplesphere.be\/fr\/#organization\"},\"keywords\":[\"concertation sociale\",\"flexibilit\u00e9\",\"manifestation\",\"mobilisation\",\"syndicats\"],\"articleSection\":[\"Actualit\u00e9s\",\"Digital\"],\"inLanguage\":\"fr-FR\"},{\"@type\":\"WebPage\",\"@id\":\"https:\/\/peoplesphere.be\/fr\/mobilisation-generale-le-13-fevrier-la-fgtb-fixe-un-premier-rendez-vous-au-nouveau-gouvernement\/\",\"url\":\"https:\/\/peoplesphere.be\/fr\/mobilisation-generale-le-13-fevrier-la-fgtb-fixe-un-premier-rendez-vous-au-nouveau-gouvernement\/\",\"name\":\"Mobilisation g\u00e9n\u00e9rale le 13 f\u00e9vrier: la FGTB fixe un premier rendez-vous au nouveau gouvernement. - Peoplesphere\",\"isPartOf\":{\"@id\":\"https:\/\/peoplesphere.be\/fr\/#website\"},\"datePublished\":\"2025-02-04T12:54:46+00:00\",\"dateModified\":\"2025-02-04T12:54:46+00:00\",\"breadcrumb\":{\"@id\":\"https:\/\/peoplesphere.be\/fr\/mobilisation-generale-le-13-fevrier-la-fgtb-fixe-un-premier-rendez-vous-au-nouveau-gouvernement\/#breadcrumb\"},\"inLanguage\":\"fr-FR\",\"potentialAction\":[{\"@type\":\"ReadAction\",\"target\":[\"https:\/\/peoplesphere.be\/fr\/mobilisation-generale-le-13-fevrier-la-fgtb-fixe-un-premier-rendez-vous-au-nouveau-gouvernement\/\"]}]},{\"@type\":\"BreadcrumbList\",\"@id\":\"https:\/\/peoplesphere.be\/fr\/mobilisation-generale-le-13-fevrier-la-fgtb-fixe-un-premier-rendez-vous-au-nouveau-gouvernement\/#breadcrumb\",\"itemListElement\":[{\"@type\":\"ListItem\",\"position\":1,\"name\":\"Accueil\",\"item\":\"https:\/\/peoplesphere.be\/fr\/\"},{\"@type\":\"ListItem\",\"position\":2,\"name\":\"Mobilisation g\u00e9n\u00e9rale le 13 f\u00e9vrier: la FGTB fixe un premier rendez-vous au nouveau gouvernement.\"}]},{\"@type\":\"WebSite\",\"@id\":\"https:\/\/peoplesphere.be\/fr\/#website\",\"url\":\"https:\/\/peoplesphere.be\/fr\/\",\"name\":\"Peoplesphere\",\"description\":\"The People Managers Magazine\",\"publisher\":{\"@id\":\"https:\/\/peoplesphere.be\/fr\/#organization\"},\"potentialAction\":[{\"@type\":\"SearchAction\",\"target\":{\"@type\":\"EntryPoint\",\"urlTemplate\":\"https:\/\/peoplesphere.be\/fr\/?s={search_term_string}\"},\"query-input\":\"required name=search_term_string\"}],\"inLanguage\":\"fr-FR\"},{\"@type\":\"Organization\",\"@id\":\"https:\/\/peoplesphere.be\/fr\/#organization\",\"name\":\"Peoplesphere Company srl\",\"url\":\"https:\/\/peoplesphere.be\/fr\/\",\"logo\":{\"@type\":\"ImageObject\",\"inLanguage\":\"fr-FR\",\"@id\":\"https:\/\/peoplesphere.be\/fr\/#\/schema\/logo\/image\/\",\"url\":\"https:\/\/peoplesphere.be\/fr\/wp-content\/uploads\/2023\/07\/peoplesphere-lgo-new-generik.jpg\",\"contentUrl\":\"https:\/\/peoplesphere.be\/fr\/wp-content\/uploads\/2023\/07\/peoplesphere-lgo-new-generik.jpg\",\"width\":1031,\"height\":1479,\"caption\":\"Peoplesphere Company srl\"},\"image\":{\"@id\":\"https:\/\/peoplesphere.be\/fr\/#\/schema\/logo\/image\/\"},\"sameAs\":[\"https:\/\/www.facebook.com\/peoplesphere\",\"https:\/\/twitter.com\/PeoplesphereMag\",\"https:\/\/www.linkedin.com\/company\/7587361?trk\",\"http:\/\/youtube.com\/peoplesphere\"]},{\"@type\":\"Person\",\"@id\":\"https:\/\/peoplesphere.be\/fr\/#\/schema\/person\/7976225ff17988604334abb7b3536a7e\",\"name\":\"Jean-Paul Erhard\",\"image\":{\"@type\":\"ImageObject\",\"inLanguage\":\"fr-FR\",\"@id\":\"https:\/\/peoplesphere.be\/fr\/#\/schema\/person\/image\/\",\"url\":\"https:\/\/secure.gravatar.com\/avatar\/f941e681460179738071629a51574930?s=96&d=mm&r=g\",\"contentUrl\":\"https:\/\/secure.gravatar.com\/avatar\/f941e681460179738071629a51574930?s=96&d=mm&r=g\",\"caption\":\"Jean-Paul Erhard\"},\"url\":\"https:\/\/peoplesphere.be\/fr\/author\/jpe\/\"}]}<\/script>\n<!-- \/ Yoast SEO plugin. -->","yoast_head_json":{"title":"Mobilisation g\u00e9n\u00e9rale le 13 f\u00e9vrier: la FGTB fixe un premier rendez-vous au nouveau gouvernement. - Peoplesphere","robots":{"index":"index","follow":"follow","max-snippet":"max-snippet:-1","max-image-preview":"max-image-preview:large","max-video-preview":"max-video-preview:-1"},"canonical":"https:\/\/peoplesphere.be\/fr\/mobilisation-generale-le-13-fevrier-la-fgtb-fixe-un-premier-rendez-vous-au-nouveau-gouvernement\/","og_locale":"fr_FR","og_type":"article","og_title":"Mobilisation g\u00e9n\u00e9rale le 13 f\u00e9vrier: la FGTB fixe un premier rendez-vous au nouveau gouvernement. - Peoplesphere","og_description":"La date \u00e9tait d&rsquo;ores et d\u00e9j\u00e0 coch\u00e9e dans l&rsquo;agenda syndical. R\u00e9unie ce mardi matin en Comit\u00e9 f\u00e9d\u00e9ral, la FGTB a d\u00e9cid\u00e9 d\u2019\u00e9largir, par tous les moyens possibles, le front de la mobilisation et de la contestation, \u00e0 la soci\u00e9t\u00e9 civile. [&hellip;]","og_url":"https:\/\/peoplesphere.be\/fr\/mobilisation-generale-le-13-fevrier-la-fgtb-fixe-un-premier-rendez-vous-au-nouveau-gouvernement\/","og_site_name":"Peoplesphere","article_publisher":"https:\/\/www.facebook.com\/peoplesphere","article_published_time":"2025-02-04T12:54:46+00:00","og_image":[{"url":"http:\/\/www.peoplesphere.be\/fr\/wp-content\/uploads\/2016\/07\/facebook-default-posting-1200x628px.jpg"}],"author":"Jean-Paul Erhard","twitter_card":"summary_large_image","twitter_creator":"@PeoplesphereMag","twitter_site":"@PeoplesphereMag","twitter_misc":{"\u00c9crit par":"Jean-Paul Erhard","Dur\u00e9e de lecture estim\u00e9e":"2 minutes"},"schema":{"@context":"https:\/\/schema.org","@graph":[{"@type":"Article","@id":"https:\/\/peoplesphere.be\/fr\/mobilisation-generale-le-13-fevrier-la-fgtb-fixe-un-premier-rendez-vous-au-nouveau-gouvernement\/#article","isPartOf":{"@id":"https:\/\/peoplesphere.be\/fr\/mobilisation-generale-le-13-fevrier-la-fgtb-fixe-un-premier-rendez-vous-au-nouveau-gouvernement\/"},"author":{"name":"Jean-Paul Erhard","@id":"https:\/\/peoplesphere.be\/fr\/#\/schema\/person\/7976225ff17988604334abb7b3536a7e"},"headline":"Mobilisation g\u00e9n\u00e9rale le 13 f\u00e9vrier: la FGTB fixe un premier rendez-vous au nouveau gouvernement.","datePublished":"2025-02-04T12:54:46+00:00","dateModified":"2025-02-04T12:54:46+00:00","mainEntityOfPage":{"@id":"https:\/\/peoplesphere.be\/fr\/mobilisation-generale-le-13-fevrier-la-fgtb-fixe-un-premier-rendez-vous-au-nouveau-gouvernement\/"},"wordCount":403,"publisher":{"@id":"https:\/\/peoplesphere.be\/fr\/#organization"},"keywords":["concertation sociale","flexibilit\u00e9","manifestation","mobilisation","syndicats"],"articleSection":["Actualit\u00e9s","Digital"],"inLanguage":"fr-FR"},{"@type":"WebPage","@id":"https:\/\/peoplesphere.be\/fr\/mobilisation-generale-le-13-fevrier-la-fgtb-fixe-un-premier-rendez-vous-au-nouveau-gouvernement\/","url":"https:\/\/peoplesphere.be\/fr\/mobilisation-generale-le-13-fevrier-la-fgtb-fixe-un-premier-rendez-vous-au-nouveau-gouvernement\/","name":"Mobilisation g\u00e9n\u00e9rale le 13 f\u00e9vrier: la FGTB fixe un premier rendez-vous au nouveau gouvernement. - Peoplesphere","isPartOf":{"@id":"https:\/\/peoplesphere.be\/fr\/#website"},"datePublished":"2025-02-04T12:54:46+00:00","dateModified":"2025-02-04T12:54:46+00:00","breadcrumb":{"@id":"https:\/\/peoplesphere.be\/fr\/mobilisation-generale-le-13-fevrier-la-fgtb-fixe-un-premier-rendez-vous-au-nouveau-gouvernement\/#breadcrumb"},"inLanguage":"fr-FR","potentialAction":[{"@type":"ReadAction","target":["https:\/\/peoplesphere.be\/fr\/mobilisation-generale-le-13-fevrier-la-fgtb-fixe-un-premier-rendez-vous-au-nouveau-gouvernement\/"]}]},{"@type":"BreadcrumbList","@id":"https:\/\/peoplesphere.be\/fr\/mobilisation-generale-le-13-fevrier-la-fgtb-fixe-un-premier-rendez-vous-au-nouveau-gouvernement\/#breadcrumb","itemListElement":[{"@type":"ListItem","position":1,"name":"Accueil","item":"https:\/\/peoplesphere.be\/fr\/"},{"@type":"ListItem","position":2,"name":"Mobilisation g\u00e9n\u00e9rale le 13 f\u00e9vrier: la FGTB fixe un premier rendez-vous au nouveau gouvernement."}]},{"@type":"WebSite","@id":"https:\/\/peoplesphere.be\/fr\/#website","url":"https:\/\/peoplesphere.be\/fr\/","name":"Peoplesphere","description":"The People Managers Magazine","publisher":{"@id":"https:\/\/peoplesphere.be\/fr\/#organization"},"potentialAction":[{"@type":"SearchAction","target":{"@type":"EntryPoint","urlTemplate":"https:\/\/peoplesphere.be\/fr\/?s={search_term_string}"},"query-input":"required name=search_term_string"}],"inLanguage":"fr-FR"},{"@type":"Organization","@id":"https:\/\/peoplesphere.be\/fr\/#organization","name":"Peoplesphere Company srl","url":"https:\/\/peoplesphere.be\/fr\/","logo":{"@type":"ImageObject","inLanguage":"fr-FR","@id":"https:\/\/peoplesphere.be\/fr\/#\/schema\/logo\/image\/","url":"https:\/\/peoplesphere.be\/fr\/wp-content\/uploads\/2023\/07\/peoplesphere-lgo-new-generik.jpg","contentUrl":"https:\/\/peoplesphere.be\/fr\/wp-content\/uploads\/2023\/07\/peoplesphere-lgo-new-generik.jpg","width":1031,"height":1479,"caption":"Peoplesphere Company srl"},"image":{"@id":"https:\/\/peoplesphere.be\/fr\/#\/schema\/logo\/image\/"},"sameAs":["https:\/\/www.facebook.com\/peoplesphere","https:\/\/twitter.com\/PeoplesphereMag","https:\/\/www.linkedin.com\/company\/7587361?trk","http:\/\/youtube.com\/peoplesphere"]},{"@type":"Person","@id":"https:\/\/peoplesphere.be\/fr\/#\/schema\/person\/7976225ff17988604334abb7b3536a7e","name":"Jean-Paul Erhard","image":{"@type":"ImageObject","inLanguage":"fr-FR","@id":"https:\/\/peoplesphere.be\/fr\/#\/schema\/person\/image\/","url":"https:\/\/secure.gravatar.com\/avatar\/f941e681460179738071629a51574930?s=96&d=mm&r=g","contentUrl":"https:\/\/secure.gravatar.com\/avatar\/f941e681460179738071629a51574930?s=96&d=mm&r=g","caption":"Jean-Paul Erhard"},"url":"https:\/\/peoplesphere.be\/fr\/author\/jpe\/"}]}},"_links":{"self":[{"href":"https:\/\/peoplesphere.be\/fr\/wp-json\/wp\/v2\/posts\/17329"}],"collection":[{"href":"https:\/\/peoplesphere.be\/fr\/wp-json\/wp\/v2\/posts"}],"about":[{"href":"https:\/\/peoplesphere.be\/fr\/wp-json\/wp\/v2\/types\/post"}],"author":[{"embeddable":true,"href":"https:\/\/peoplesphere.be\/fr\/wp-json\/wp\/v2\/users\/2"}],"replies":[{"embeddable":true,"href":"https:\/\/peoplesphere.be\/fr\/wp-json\/wp\/v2\/comments?post=17329"}],"version-history":[{"count":1,"href":"https:\/\/peoplesphere.be\/fr\/wp-json\/wp\/v2\/posts\/17329\/revisions"}],"predecessor-version":[{"id":17330,"href":"https:\/\/peoplesphere.be\/fr\/wp-json\/wp\/v2\/posts\/17329\/revisions\/17330"}],"wp:attachment":[{"href":"https:\/\/peoplesphere.be\/fr\/wp-json\/wp\/v2\/media?parent=17329"}],"wp:term":[{"taxonomy":"category","embeddable":true,"href":"https:\/\/peoplesphere.be\/fr\/wp-json\/wp\/v2\/categories?post=17329"},{"taxonomy":"post_tag","embeddable":true,"href":"https:\/\/peoplesphere.be\/fr\/wp-json\/wp\/v2\/tags?post=17329"}],"curies":[{"name":"wp","href":"https:\/\/api.w.org\/{rel}","templated":true}]}}