









{"id":17331,"date":"2025-02-04T15:18:53","date_gmt":"2025-02-04T13:18:53","guid":{"rendered":"https:\/\/peoplesphere.be\/fr\/?p=17331"},"modified":"2025-02-04T15:18:53","modified_gmt":"2025-02-04T13:18:53","slug":"les-trois-regions-unissent-leurs-forces-pour-soutenir-les-travailleurs-concernes-par-la-fermeture-daudi-brussels","status":"publish","type":"post","link":"https:\/\/peoplesphere.be\/fr\/les-trois-regions-unissent-leurs-forces-pour-soutenir-les-travailleurs-concernes-par-la-fermeture-daudi-brussels\/","title":{"rendered":"Les trois R\u00e9gions unissent leurs forces pour soutenir les travailleurs concern\u00e9s par la fermeture d&rsquo;Audi Brussels."},"content":{"rendered":"<p>\u00c0 l\u2019approche de la fermeture de l\u2019usine Audi Brussels, les R\u00e9gions bruxelloise, wallonne et flamande s\u2019allient pour offrir un accompagnement efficace aux travailleurs et sous-traitants touch\u00e9s. Dans un contexte o\u00f9 le niveau f\u00e9d\u00e9ral tarde \u00e0 proposer une approche concert\u00e9e, les trois R\u00e9gions prennent l\u2019initiative de coordonner leurs actions afin de s\u00e9curiser l\u2019avenir professionnel des personnes concern\u00e9es.<!--more--><\/p>\n<p>Face \u00e0 ce d\u00e9fi majeur, les R\u00e9gions lancent trois dispositifs coordonn\u00e9s\u202f:<\/p>\n<ul>\n<li><strong><em>Cellule pour l\u2019emploi (3\u202f\u2013\u202f17\u202ff\u00e9vrier)<\/em><\/strong><br \/>\nD\u00e8s le 3\u202ff\u00e9vrier, des s\u00e9ances d\u2019information seront organis\u00e9es pour tous les travailleurs licenci\u00e9s. L\u2019objectif est de leur fournir des informations essentielles sur leurs droits, leurs obligations et les dispositifs de reclassement disponibles. Mise en place par Audi Brussels en concertation avec les syndicats et les services de l\u2019emploi de chaque R\u00e9gion, cette cellule garantit un suivi structur\u00e9 avant les premiers licenciements.<\/li>\n<li><strong><em>Permanence physique d\u2019accompagnement (17\u202f\u2013\u202f28\u202ff\u00e9vrier)<\/em><\/strong><br \/>\nUne plateforme d\u2019accueil temporaire sera install\u00e9e pr\u00e8s du site Audi Brussels \u00e0 Forest. Actiris, VDAB, Le Forem, Bruxelles Formation, Audi Brussels et les syndicats y proposeront un accompagnement personnalis\u00e9 sous forme de guichet unique, facilitant ainsi l\u2019acc\u00e8s aux aides et \u00e0 la r\u00e9orientation professionnelle.<\/li>\n<li>Actiris poursuit son travail, en collaboration avec Le Forem, le VDAB, Agoria, VOKA, BECI et AKT pour organiser un <em><strong>Jobday<\/strong><\/em>. Plus de d\u00e9tails suivront prochainement.<\/li>\n<\/ul>\n<p>Les d\u00e9clarations minist\u00e9rielles illustrent la volont\u00e9 des diff\u00e9rents niveaux de pouvoir de mener une action coordonn\u00e9e. Le Ministre Clerfayt rappelle: \u00ab\u00a0<em>Dans ce type de situation, la dispersion des efforts ne sert \u00e0 rien. Unir nos forces, briser les silos institutionnels et travailler ensemble est essentiel pour offrir aux travailleurs des perspectives concr\u00e8tes.\u00a0\u00bb<\/em><\/p>\n<p>De son c\u00f4t\u00e9, Mme la Ministre Demir pr\u00e9cise : <em>\u00ab\u00a0Le site de l\u2019entreprise se situe \u00e0 la crois\u00e9e des diff\u00e9rentes r\u00e9gions. Nous ne pouvons pas abandonner les travailleurs concern\u00e9s et unirons nos forces pour les orienter vers un nouvel emploi. Le march\u00e9 du travail actuel a un besoin criant de profils techniques, nous esp\u00e9rons donc pouvoir activer un maximum de personnes en mobilisant nos m\u00e9diateurs sociaux \u00e0 cet effet.\u00a0\u00bb<\/em><\/p>\n<p>Enfin, M. le Ministre Jeholet conclut:<em> \u00ab\u00a0De nombreux travailleurs des trois r\u00e9gions sont concern\u00e9s par cette fermeture et il est essentiel d\u2019unir nos forces respectives. Nous allons travailler ensemble pour permettre une prise en charge rapide des travailleurs et, avec nos op\u00e9rateurs, leur proposer des pistes concr\u00e8tes d\u2019un retour \u00e0 l\u2019emploi.\u00a0\u00bb<\/em><\/p>\n<p>En unissant leurs forces, les R\u00e9gions bruxelloise, wallonne et flamande r\u00e9affirment leur priorit\u00e9\u202f: accompagner concr\u00e8tement les travailleurs et pr\u00e9server l\u2019emploi, au-del\u00e0 de toute fronti\u00e8re institutionnelle.<\/p>\n","protected":false},"excerpt":{"rendered":"<p>\u00c0 l\u2019approche de la fermeture de l\u2019usine Audi Brussels, les R\u00e9gions bruxelloise, wallonne et flamande s\u2019allient pour offrir un accompagnement efficace aux travailleurs et sous-traitants touch\u00e9s. Dans un contexte o\u00f9 le niveau f\u00e9d\u00e9ral tarde \u00e0 proposer une approche concert\u00e9e, les [&hellip;]<\/p>\n","protected":false},"author":2,"featured_media":0,"comment_status":"closed","ping_status":"open","sticky":false,"template":"","format":"standard","meta":[],"categories":[65,10],"tags":[2475,11,906,321,891,342],"yoast_head":"<!-- This site is optimized with the Yoast SEO plugin v21.0 - https:\/\/yoast.com\/wordpress\/plugins\/seo\/ -->\n<title>Les trois R\u00e9gions unissent leurs forces pour soutenir les travailleurs concern\u00e9s par la fermeture d&#039;Audi Brussels. - Peoplesphere<\/title>\n<meta name=\"robots\" content=\"index, follow, max-snippet:-1, max-image-preview:large, max-video-preview:-1\" \/>\n<link rel=\"canonical\" href=\"https:\/\/peoplesphere.be\/fr\/les-trois-regions-unissent-leurs-forces-pour-soutenir-les-travailleurs-concernes-par-la-fermeture-daudi-brussels\/\" \/>\n<meta property=\"og:locale\" content=\"fr_FR\" \/>\n<meta property=\"og:type\" content=\"article\" \/>\n<meta property=\"og:title\" content=\"Les trois R\u00e9gions unissent leurs forces pour soutenir les travailleurs concern\u00e9s par la fermeture d&#039;Audi Brussels. - Peoplesphere\" \/>\n<meta property=\"og:description\" content=\"\u00c0 l\u2019approche de la fermeture de l\u2019usine Audi Brussels, les R\u00e9gions bruxelloise, wallonne et flamande s\u2019allient pour offrir un accompagnement efficace aux travailleurs et sous-traitants touch\u00e9s. Dans un contexte o\u00f9 le niveau f\u00e9d\u00e9ral tarde \u00e0 proposer une approche concert\u00e9e, les [&hellip;]\" \/>\n<meta property=\"og:url\" content=\"https:\/\/peoplesphere.be\/fr\/les-trois-regions-unissent-leurs-forces-pour-soutenir-les-travailleurs-concernes-par-la-fermeture-daudi-brussels\/\" \/>\n<meta property=\"og:site_name\" content=\"Peoplesphere\" \/>\n<meta property=\"article:publisher\" content=\"https:\/\/www.facebook.com\/peoplesphere\" \/>\n<meta property=\"article:published_time\" content=\"2025-02-04T13:18:53+00:00\" \/>\n<meta property=\"og:image\" content=\"http:\/\/www.peoplesphere.be\/fr\/wp-content\/uploads\/2016\/07\/facebook-default-posting-1200x628px.jpg\" \/>\n<meta name=\"author\" content=\"Jean-Paul Erhard\" \/>\n<meta name=\"twitter:card\" content=\"summary_large_image\" \/>\n<meta name=\"twitter:creator\" content=\"@PeoplesphereMag\" \/>\n<meta name=\"twitter:site\" content=\"@PeoplesphereMag\" \/>\n<meta name=\"twitter:label1\" content=\"\u00c9crit par\" \/>\n\t<meta name=\"twitter:data1\" content=\"Jean-Paul Erhard\" \/>\n\t<meta name=\"twitter:label2\" content=\"Dur\u00e9e de lecture estim\u00e9e\" \/>\n\t<meta name=\"twitter:data2\" content=\"3 minutes\" \/>\n<script type=\"application\/ld+json\" class=\"yoast-schema-graph\">{\"@context\":\"https:\/\/schema.org\",\"@graph\":[{\"@type\":\"Article\",\"@id\":\"https:\/\/peoplesphere.be\/fr\/les-trois-regions-unissent-leurs-forces-pour-soutenir-les-travailleurs-concernes-par-la-fermeture-daudi-brussels\/#article\",\"isPartOf\":{\"@id\":\"https:\/\/peoplesphere.be\/fr\/les-trois-regions-unissent-leurs-forces-pour-soutenir-les-travailleurs-concernes-par-la-fermeture-daudi-brussels\/\"},\"author\":{\"name\":\"Jean-Paul Erhard\",\"@id\":\"https:\/\/peoplesphere.be\/fr\/#\/schema\/person\/7976225ff17988604334abb7b3536a7e\"},\"headline\":\"Les trois R\u00e9gions unissent leurs forces pour soutenir les travailleurs concern\u00e9s par la fermeture d&rsquo;Audi Brussels.\",\"datePublished\":\"2025-02-04T13:18:53+00:00\",\"dateModified\":\"2025-02-04T13:18:53+00:00\",\"mainEntityOfPage\":{\"@id\":\"https:\/\/peoplesphere.be\/fr\/les-trois-regions-unissent-leurs-forces-pour-soutenir-les-travailleurs-concernes-par-la-fermeture-daudi-brussels\/\"},\"wordCount\":473,\"publisher\":{\"@id\":\"https:\/\/peoplesphere.be\/fr\/#organization\"},\"keywords\":[\"Audi Brussels\",\"emploi\",\"fermeture\",\"outplacement\",\"reclassement\",\"restructuration\"],\"articleSection\":[\"Actualit\u00e9s\",\"Digital\"],\"inLanguage\":\"fr-FR\"},{\"@type\":\"WebPage\",\"@id\":\"https:\/\/peoplesphere.be\/fr\/les-trois-regions-unissent-leurs-forces-pour-soutenir-les-travailleurs-concernes-par-la-fermeture-daudi-brussels\/\",\"url\":\"https:\/\/peoplesphere.be\/fr\/les-trois-regions-unissent-leurs-forces-pour-soutenir-les-travailleurs-concernes-par-la-fermeture-daudi-brussels\/\",\"name\":\"Les trois R\u00e9gions unissent leurs forces pour soutenir les travailleurs concern\u00e9s par la fermeture d'Audi Brussels. - Peoplesphere\",\"isPartOf\":{\"@id\":\"https:\/\/peoplesphere.be\/fr\/#website\"},\"datePublished\":\"2025-02-04T13:18:53+00:00\",\"dateModified\":\"2025-02-04T13:18:53+00:00\",\"breadcrumb\":{\"@id\":\"https:\/\/peoplesphere.be\/fr\/les-trois-regions-unissent-leurs-forces-pour-soutenir-les-travailleurs-concernes-par-la-fermeture-daudi-brussels\/#breadcrumb\"},\"inLanguage\":\"fr-FR\",\"potentialAction\":[{\"@type\":\"ReadAction\",\"target\":[\"https:\/\/peoplesphere.be\/fr\/les-trois-regions-unissent-leurs-forces-pour-soutenir-les-travailleurs-concernes-par-la-fermeture-daudi-brussels\/\"]}]},{\"@type\":\"BreadcrumbList\",\"@id\":\"https:\/\/peoplesphere.be\/fr\/les-trois-regions-unissent-leurs-forces-pour-soutenir-les-travailleurs-concernes-par-la-fermeture-daudi-brussels\/#breadcrumb\",\"itemListElement\":[{\"@type\":\"ListItem\",\"position\":1,\"name\":\"Accueil\",\"item\":\"https:\/\/peoplesphere.be\/fr\/\"},{\"@type\":\"ListItem\",\"position\":2,\"name\":\"Les trois R\u00e9gions unissent leurs forces pour soutenir les travailleurs concern\u00e9s par la fermeture d&rsquo;Audi Brussels.\"}]},{\"@type\":\"WebSite\",\"@id\":\"https:\/\/peoplesphere.be\/fr\/#website\",\"url\":\"https:\/\/peoplesphere.be\/fr\/\",\"name\":\"Peoplesphere\",\"description\":\"The People Managers Magazine\",\"publisher\":{\"@id\":\"https:\/\/peoplesphere.be\/fr\/#organization\"},\"potentialAction\":[{\"@type\":\"SearchAction\",\"target\":{\"@type\":\"EntryPoint\",\"urlTemplate\":\"https:\/\/peoplesphere.be\/fr\/?s={search_term_string}\"},\"query-input\":\"required name=search_term_string\"}],\"inLanguage\":\"fr-FR\"},{\"@type\":\"Organization\",\"@id\":\"https:\/\/peoplesphere.be\/fr\/#organization\",\"name\":\"Peoplesphere Company srl\",\"url\":\"https:\/\/peoplesphere.be\/fr\/\",\"logo\":{\"@type\":\"ImageObject\",\"inLanguage\":\"fr-FR\",\"@id\":\"https:\/\/peoplesphere.be\/fr\/#\/schema\/logo\/image\/\",\"url\":\"https:\/\/peoplesphere.be\/fr\/wp-content\/uploads\/2023\/07\/peoplesphere-lgo-new-generik.jpg\",\"contentUrl\":\"https:\/\/peoplesphere.be\/fr\/wp-content\/uploads\/2023\/07\/peoplesphere-lgo-new-generik.jpg\",\"width\":1031,\"height\":1479,\"caption\":\"Peoplesphere Company srl\"},\"image\":{\"@id\":\"https:\/\/peoplesphere.be\/fr\/#\/schema\/logo\/image\/\"},\"sameAs\":[\"https:\/\/www.facebook.com\/peoplesphere\",\"https:\/\/twitter.com\/PeoplesphereMag\",\"https:\/\/www.linkedin.com\/company\/7587361?trk\",\"http:\/\/youtube.com\/peoplesphere\"]},{\"@type\":\"Person\",\"@id\":\"https:\/\/peoplesphere.be\/fr\/#\/schema\/person\/7976225ff17988604334abb7b3536a7e\",\"name\":\"Jean-Paul Erhard\",\"image\":{\"@type\":\"ImageObject\",\"inLanguage\":\"fr-FR\",\"@id\":\"https:\/\/peoplesphere.be\/fr\/#\/schema\/person\/image\/\",\"url\":\"https:\/\/secure.gravatar.com\/avatar\/f941e681460179738071629a51574930?s=96&d=mm&r=g\",\"contentUrl\":\"https:\/\/secure.gravatar.com\/avatar\/f941e681460179738071629a51574930?s=96&d=mm&r=g\",\"caption\":\"Jean-Paul Erhard\"},\"url\":\"https:\/\/peoplesphere.be\/fr\/author\/jpe\/\"}]}<\/script>\n<!-- \/ Yoast SEO plugin. -->","yoast_head_json":{"title":"Les trois R\u00e9gions unissent leurs forces pour soutenir les travailleurs concern\u00e9s par la fermeture d'Audi Brussels. - Peoplesphere","robots":{"index":"index","follow":"follow","max-snippet":"max-snippet:-1","max-image-preview":"max-image-preview:large","max-video-preview":"max-video-preview:-1"},"canonical":"https:\/\/peoplesphere.be\/fr\/les-trois-regions-unissent-leurs-forces-pour-soutenir-les-travailleurs-concernes-par-la-fermeture-daudi-brussels\/","og_locale":"fr_FR","og_type":"article","og_title":"Les trois R\u00e9gions unissent leurs forces pour soutenir les travailleurs concern\u00e9s par la fermeture d'Audi Brussels. - Peoplesphere","og_description":"\u00c0 l\u2019approche de la fermeture de l\u2019usine Audi Brussels, les R\u00e9gions bruxelloise, wallonne et flamande s\u2019allient pour offrir un accompagnement efficace aux travailleurs et sous-traitants touch\u00e9s. Dans un contexte o\u00f9 le niveau f\u00e9d\u00e9ral tarde \u00e0 proposer une approche concert\u00e9e, les [&hellip;]","og_url":"https:\/\/peoplesphere.be\/fr\/les-trois-regions-unissent-leurs-forces-pour-soutenir-les-travailleurs-concernes-par-la-fermeture-daudi-brussels\/","og_site_name":"Peoplesphere","article_publisher":"https:\/\/www.facebook.com\/peoplesphere","article_published_time":"2025-02-04T13:18:53+00:00","og_image":[{"url":"http:\/\/www.peoplesphere.be\/fr\/wp-content\/uploads\/2016\/07\/facebook-default-posting-1200x628px.jpg"}],"author":"Jean-Paul Erhard","twitter_card":"summary_large_image","twitter_creator":"@PeoplesphereMag","twitter_site":"@PeoplesphereMag","twitter_misc":{"\u00c9crit par":"Jean-Paul Erhard","Dur\u00e9e de lecture estim\u00e9e":"3 minutes"},"schema":{"@context":"https:\/\/schema.org","@graph":[{"@type":"Article","@id":"https:\/\/peoplesphere.be\/fr\/les-trois-regions-unissent-leurs-forces-pour-soutenir-les-travailleurs-concernes-par-la-fermeture-daudi-brussels\/#article","isPartOf":{"@id":"https:\/\/peoplesphere.be\/fr\/les-trois-regions-unissent-leurs-forces-pour-soutenir-les-travailleurs-concernes-par-la-fermeture-daudi-brussels\/"},"author":{"name":"Jean-Paul Erhard","@id":"https:\/\/peoplesphere.be\/fr\/#\/schema\/person\/7976225ff17988604334abb7b3536a7e"},"headline":"Les trois R\u00e9gions unissent leurs forces pour soutenir les travailleurs concern\u00e9s par la fermeture d&rsquo;Audi Brussels.","datePublished":"2025-02-04T13:18:53+00:00","dateModified":"2025-02-04T13:18:53+00:00","mainEntityOfPage":{"@id":"https:\/\/peoplesphere.be\/fr\/les-trois-regions-unissent-leurs-forces-pour-soutenir-les-travailleurs-concernes-par-la-fermeture-daudi-brussels\/"},"wordCount":473,"publisher":{"@id":"https:\/\/peoplesphere.be\/fr\/#organization"},"keywords":["Audi Brussels","emploi","fermeture","outplacement","reclassement","restructuration"],"articleSection":["Actualit\u00e9s","Digital"],"inLanguage":"fr-FR"},{"@type":"WebPage","@id":"https:\/\/peoplesphere.be\/fr\/les-trois-regions-unissent-leurs-forces-pour-soutenir-les-travailleurs-concernes-par-la-fermeture-daudi-brussels\/","url":"https:\/\/peoplesphere.be\/fr\/les-trois-regions-unissent-leurs-forces-pour-soutenir-les-travailleurs-concernes-par-la-fermeture-daudi-brussels\/","name":"Les trois R\u00e9gions unissent leurs forces pour soutenir les travailleurs concern\u00e9s par la fermeture d'Audi Brussels. - Peoplesphere","isPartOf":{"@id":"https:\/\/peoplesphere.be\/fr\/#website"},"datePublished":"2025-02-04T13:18:53+00:00","dateModified":"2025-02-04T13:18:53+00:00","breadcrumb":{"@id":"https:\/\/peoplesphere.be\/fr\/les-trois-regions-unissent-leurs-forces-pour-soutenir-les-travailleurs-concernes-par-la-fermeture-daudi-brussels\/#breadcrumb"},"inLanguage":"fr-FR","potentialAction":[{"@type":"ReadAction","target":["https:\/\/peoplesphere.be\/fr\/les-trois-regions-unissent-leurs-forces-pour-soutenir-les-travailleurs-concernes-par-la-fermeture-daudi-brussels\/"]}]},{"@type":"BreadcrumbList","@id":"https:\/\/peoplesphere.be\/fr\/les-trois-regions-unissent-leurs-forces-pour-soutenir-les-travailleurs-concernes-par-la-fermeture-daudi-brussels\/#breadcrumb","itemListElement":[{"@type":"ListItem","position":1,"name":"Accueil","item":"https:\/\/peoplesphere.be\/fr\/"},{"@type":"ListItem","position":2,"name":"Les trois R\u00e9gions unissent leurs forces pour soutenir les travailleurs concern\u00e9s par la fermeture d&rsquo;Audi Brussels."}]},{"@type":"WebSite","@id":"https:\/\/peoplesphere.be\/fr\/#website","url":"https:\/\/peoplesphere.be\/fr\/","name":"Peoplesphere","description":"The People Managers Magazine","publisher":{"@id":"https:\/\/peoplesphere.be\/fr\/#organization"},"potentialAction":[{"@type":"SearchAction","target":{"@type":"EntryPoint","urlTemplate":"https:\/\/peoplesphere.be\/fr\/?s={search_term_string}"},"query-input":"required name=search_term_string"}],"inLanguage":"fr-FR"},{"@type":"Organization","@id":"https:\/\/peoplesphere.be\/fr\/#organization","name":"Peoplesphere Company srl","url":"https:\/\/peoplesphere.be\/fr\/","logo":{"@type":"ImageObject","inLanguage":"fr-FR","@id":"https:\/\/peoplesphere.be\/fr\/#\/schema\/logo\/image\/","url":"https:\/\/peoplesphere.be\/fr\/wp-content\/uploads\/2023\/07\/peoplesphere-lgo-new-generik.jpg","contentUrl":"https:\/\/peoplesphere.be\/fr\/wp-content\/uploads\/2023\/07\/peoplesphere-lgo-new-generik.jpg","width":1031,"height":1479,"caption":"Peoplesphere Company srl"},"image":{"@id":"https:\/\/peoplesphere.be\/fr\/#\/schema\/logo\/image\/"},"sameAs":["https:\/\/www.facebook.com\/peoplesphere","https:\/\/twitter.com\/PeoplesphereMag","https:\/\/www.linkedin.com\/company\/7587361?trk","http:\/\/youtube.com\/peoplesphere"]},{"@type":"Person","@id":"https:\/\/peoplesphere.be\/fr\/#\/schema\/person\/7976225ff17988604334abb7b3536a7e","name":"Jean-Paul Erhard","image":{"@type":"ImageObject","inLanguage":"fr-FR","@id":"https:\/\/peoplesphere.be\/fr\/#\/schema\/person\/image\/","url":"https:\/\/secure.gravatar.com\/avatar\/f941e681460179738071629a51574930?s=96&d=mm&r=g","contentUrl":"https:\/\/secure.gravatar.com\/avatar\/f941e681460179738071629a51574930?s=96&d=mm&r=g","caption":"Jean-Paul Erhard"},"url":"https:\/\/peoplesphere.be\/fr\/author\/jpe\/"}]}},"_links":{"self":[{"href":"https:\/\/peoplesphere.be\/fr\/wp-json\/wp\/v2\/posts\/17331"}],"collection":[{"href":"https:\/\/peoplesphere.be\/fr\/wp-json\/wp\/v2\/posts"}],"about":[{"href":"https:\/\/peoplesphere.be\/fr\/wp-json\/wp\/v2\/types\/post"}],"author":[{"embeddable":true,"href":"https:\/\/peoplesphere.be\/fr\/wp-json\/wp\/v2\/users\/2"}],"replies":[{"embeddable":true,"href":"https:\/\/peoplesphere.be\/fr\/wp-json\/wp\/v2\/comments?post=17331"}],"version-history":[{"count":1,"href":"https:\/\/peoplesphere.be\/fr\/wp-json\/wp\/v2\/posts\/17331\/revisions"}],"predecessor-version":[{"id":17332,"href":"https:\/\/peoplesphere.be\/fr\/wp-json\/wp\/v2\/posts\/17331\/revisions\/17332"}],"wp:attachment":[{"href":"https:\/\/peoplesphere.be\/fr\/wp-json\/wp\/v2\/media?parent=17331"}],"wp:term":[{"taxonomy":"category","embeddable":true,"href":"https:\/\/peoplesphere.be\/fr\/wp-json\/wp\/v2\/categories?post=17331"},{"taxonomy":"post_tag","embeddable":true,"href":"https:\/\/peoplesphere.be\/fr\/wp-json\/wp\/v2\/tags?post=17331"}],"curies":[{"name":"wp","href":"https:\/\/api.w.org\/{rel}","templated":true}]}}