









{"id":17333,"date":"2025-02-05T08:40:00","date_gmt":"2025-02-05T06:40:00","guid":{"rendered":"https:\/\/peoplesphere.be\/fr\/?p=17333"},"modified":"2025-02-05T08:40:00","modified_gmt":"2025-02-05T06:40:00","slug":"le-secteur-des-titres-services-toujours-embourbe-dans-les-negociations-entre-partenaires-sociaux-en-flandre","status":"publish","type":"post","link":"https:\/\/peoplesphere.be\/fr\/le-secteur-des-titres-services-toujours-embourbe-dans-les-negociations-entre-partenaires-sociaux-en-flandre\/","title":{"rendered":"Le secteur des titres services toujours embourb\u00e9 dans les n\u00e9gociations entre partenaires sociaux en Flandre."},"content":{"rendered":"<p>La ministre flamande Zuhal Demir a d\u00e9cid\u00e9 d&rsquo;augmenter d&rsquo;un euro le prix d&rsquo;achat des titres-services et a charg\u00e9 les partenaires sociaux de donner suite \u00e0 la demande de consacrer enti\u00e8rement le budget aux aides-m\u00e9nag\u00e8res. Cependant, les syndicats continuent de revendiquer une proposition qui d\u00e9passe le champ d&rsquo;application, l&rsquo;objectif du gouvernement flamand et le budget pr\u00e9vu par celui-ci, et qui est donc disproportionn\u00e9e. \u00ab\u00a0<em>Notre objectif, dans le cadre du gouvernement flamand, est d&rsquo;augmenter autant que possible le pouvoir d&rsquo;achat des aides-m\u00e9nag\u00e8res qui travaillent avec des titres-services flamands, tout en veillant \u00e0 la viabilit\u00e9 des entreprises titres-services\u00a0\u00bb<\/em>, a d\u00e9clar\u00e9 Ann Cattelain, CEO de Federgon.<!--more--><\/p>\n<p>Le gouvernement flamand a d\u00e9cid\u00e9 d&rsquo;augmenter d&rsquo;un euro le prix d&rsquo;achat d&rsquo;un titre-service et a demand\u00e9 que cet euro soit int\u00e9gralement revers\u00e9 aux aides-m\u00e9nag\u00e8res flamandes. Federgon souligne qu&rsquo;elle soutient pleinement ces conditions et souhaite que le budget &#8211; qui s&rsquo;\u00e9l\u00e8ve \u00e0 environ 84 millions d&rsquo;euros, 84 millions de titres-services \u00e9tant achet\u00e9s chaque ann\u00e9e en Flandre \u2013 revienne en totalit\u00e9 et de la mani\u00e8re la plus avantageuse possible fiscalement aux aides-m\u00e9nag\u00e8res.<\/p>\n<h3><strong><em>Des revendications impayables<\/em><\/strong><\/h3>\n<p>Les syndicats revendiquent une augmentation salariale brute d&rsquo;un euro, non seulement pour les aides-m\u00e9nag\u00e8res flamandes, mais \u00e9galement pour toutes les aides-m\u00e9nag\u00e8res belges. Cela d\u00e9passe de loin le champ d&rsquo;application ainsi que le budget mis \u00e0 disposition par le gouvernement flamand pour les salaires des aides-m\u00e9nag\u00e8res flamandes, et ce pour deux raisons :<\/p>\n<p>1. Il n\u2019y a pas de budget pr\u00e9vu pour financer l\u2019augmentation des salaires des aides-m\u00e9nag\u00e8res wallonnes et bruxelloises, et pour le secteur des titres-services en Wallonie et \u00e0 Bruxelles, cela repr\u00e9senterait un co\u00fbt suppl\u00e9mentaire impayable, d\u2019autant plus que le pr\u00e9c\u00e9dent gouvernement wallon et l&rsquo;actuel gouvernement bruxellois ont interdit aux entreprises de titres-services de facturer des frais administratifs.<\/p>\n<p>2. En outre, une hausse des salaires bruts d\u2019un euro co\u00fbte aux employeurs plus d\u2019un euro, en raison du co\u00fbt salarial qui s&rsquo;ajoute aux salaires bruts. Outre la cotisation de s\u00e9curit\u00e9 sociale, il y a les assurances obligatoires, le p\u00e9cule de vacances, mais aussi le salaire que l&#8217;employeur doit pouvoir garantir pour les heures sans titre-service comme les jours f\u00e9ri\u00e9s, les jours de maladie, etc. Apr\u00e8s conversion, une augmentation des salaires bruts d\u2019un euro correspond \u00e0 une augmentation directe du co\u00fbt salarial d&rsquo;environ 1,70 euro pour l&#8217;employeur.<\/p>\n<p>La demande d&rsquo;une augmentation des salaires bruts au niveau f\u00e9d\u00e9ral reviendrait \u00e0 un co\u00fbt de 219 millions d&rsquo;euros, soit pr\u00e8s du triple du budget pr\u00e9vu par le gouvernement flamand.<\/p>\n<h3><strong><em>Une proposition avantageuse sur le plan fiscal permet aux aides-m\u00e9nag\u00e8res de b\u00e9n\u00e9ficier de la totalit\u00e9 de l\u2019euro suppl\u00e9mentaire net<\/em><\/strong><\/h3>\n<p>La proposition actuelle de Federgon se compose de deux parties :<\/p>\n<ul>\n<li>une indemnit\u00e9 nette de 0,50 euro par titre-service ;<\/li>\n<li>0,50 euro pour constituer un deuxi\u00e8me pilier de pension sectoriel.<\/li>\n<\/ul>\n<p>De cette mani\u00e8re fiscalement avantageuse, les employeurs garantissent un effet de pouvoir d&rsquo;achat maximal pour les aides-m\u00e9nag\u00e8res.<\/p>\n<p>Si le front commun syndical continue de revendiquer une augmentation des salaires bruts, celle-ci ne peut \u00eatre discut\u00e9e que dans le cadre d\u2019un euro par titre-service. Cela reviendrait \u00e0 une augmentation des salaires bruts d&rsquo;environ 0,60 euro \u2013 en net, les aides-m\u00e9nag\u00e8res conserveraient entre 0,40 et 0,50 euro -, soit environ la moiti\u00e9 de ce que les employeurs pr\u00e9voient aujourd\u2019hui dans leur proposition.<\/p>\n<p>Federgon demande au gouvernement flamand d&rsquo;envoyer un signal clair. Les revendications du front commun syndical d\u00e9passent largement les moyens que la Flandre met \u00e0 disposition. \u00ab\u00a0<em>Ces revendications syndicales signifient que chaque entreprise du secteur, sans exception, sera pouss\u00e9e dans le rouge\u00a0\u00bb<\/em>, a d\u00e9clar\u00e9 Ann Cattelain, CEO de Federgon. <em>\u00ab\u00a0Cette proposition est irr\u00e9aliste et impossible \u00e0 mettre en \u0153uvre. Nous demandons au gouvernement flamand de communiquer clairement aux syndicats le cadre de la mesure : un euro par titre-service et avec un champ d\u2019application en Flandre. Nous esp\u00e9rons encore, au sein de la concertation sociale, parvenir \u00e0 un accord viable et r\u00e9aliste dans le cadre fix\u00e9 par le gouvernement flamand.\u00a0\u00bb<\/em><\/p>\n","protected":false},"excerpt":{"rendered":"<p>La ministre flamande Zuhal Demir a d\u00e9cid\u00e9 d&rsquo;augmenter d&rsquo;un euro le prix d&rsquo;achat des titres-services et a charg\u00e9 les partenaires sociaux de donner suite \u00e0 la demande de consacrer enti\u00e8rement le budget aux aides-m\u00e9nag\u00e8res. Cependant, les syndicats continuent de revendiquer [&hellip;]<\/p>\n","protected":false},"author":2,"featured_media":17334,"comment_status":"closed","ping_status":"open","sticky":false,"template":"","format":"standard","meta":[],"categories":[65,10],"tags":[754,157,148,110,826],"yoast_head":"<!-- This site is optimized with the Yoast SEO plugin v21.0 - https:\/\/yoast.com\/wordpress\/plugins\/seo\/ -->\n<title>Le secteur des titres services toujours embourb\u00e9 dans les n\u00e9gociations entre partenaires sociaux en Flandre. - Peoplesphere<\/title>\n<meta name=\"robots\" content=\"index, follow, max-snippet:-1, max-image-preview:large, max-video-preview:-1\" \/>\n<link rel=\"canonical\" href=\"https:\/\/peoplesphere.be\/fr\/le-secteur-des-titres-services-toujours-embourbe-dans-les-negociations-entre-partenaires-sociaux-en-flandre\/\" \/>\n<meta property=\"og:locale\" content=\"fr_FR\" \/>\n<meta property=\"og:type\" content=\"article\" \/>\n<meta property=\"og:title\" content=\"Le secteur des titres services toujours embourb\u00e9 dans les n\u00e9gociations entre partenaires sociaux en Flandre. - Peoplesphere\" \/>\n<meta property=\"og:description\" content=\"La ministre flamande Zuhal Demir a d\u00e9cid\u00e9 d&rsquo;augmenter d&rsquo;un euro le prix d&rsquo;achat des titres-services et a charg\u00e9 les partenaires sociaux de donner suite \u00e0 la demande de consacrer enti\u00e8rement le budget aux aides-m\u00e9nag\u00e8res. Cependant, les syndicats continuent de revendiquer [&hellip;]\" \/>\n<meta property=\"og:url\" content=\"https:\/\/peoplesphere.be\/fr\/le-secteur-des-titres-services-toujours-embourbe-dans-les-negociations-entre-partenaires-sociaux-en-flandre\/\" \/>\n<meta property=\"og:site_name\" content=\"Peoplesphere\" \/>\n<meta property=\"article:publisher\" content=\"https:\/\/www.facebook.com\/peoplesphere\" \/>\n<meta property=\"article:published_time\" content=\"2025-02-05T06:40:00+00:00\" \/>\n<meta property=\"og:image\" content=\"https:\/\/peoplesphere.be\/fr\/wp-content\/uploads\/2025\/02\/20250205titresservices.jpg\" \/>\n\t<meta property=\"og:image:width\" content=\"800\" \/>\n\t<meta property=\"og:image:height\" content=\"534\" \/>\n\t<meta property=\"og:image:type\" content=\"image\/jpeg\" \/>\n<meta name=\"author\" content=\"Jean-Paul Erhard\" \/>\n<meta name=\"twitter:card\" content=\"summary_large_image\" \/>\n<meta name=\"twitter:creator\" content=\"@PeoplesphereMag\" \/>\n<meta name=\"twitter:site\" content=\"@PeoplesphereMag\" \/>\n<meta name=\"twitter:label1\" content=\"\u00c9crit par\" \/>\n\t<meta name=\"twitter:data1\" content=\"Jean-Paul Erhard\" \/>\n\t<meta name=\"twitter:label2\" content=\"Dur\u00e9e de lecture estim\u00e9e\" \/>\n\t<meta name=\"twitter:data2\" content=\"4 minutes\" \/>\n<script type=\"application\/ld+json\" class=\"yoast-schema-graph\">{\"@context\":\"https:\/\/schema.org\",\"@graph\":[{\"@type\":\"Article\",\"@id\":\"https:\/\/peoplesphere.be\/fr\/le-secteur-des-titres-services-toujours-embourbe-dans-les-negociations-entre-partenaires-sociaux-en-flandre\/#article\",\"isPartOf\":{\"@id\":\"https:\/\/peoplesphere.be\/fr\/le-secteur-des-titres-services-toujours-embourbe-dans-les-negociations-entre-partenaires-sociaux-en-flandre\/\"},\"author\":{\"name\":\"Jean-Paul Erhard\",\"@id\":\"https:\/\/peoplesphere.be\/fr\/#\/schema\/person\/7976225ff17988604334abb7b3536a7e\"},\"headline\":\"Le secteur des titres services toujours embourb\u00e9 dans les n\u00e9gociations entre partenaires sociaux en Flandre.\",\"datePublished\":\"2025-02-05T06:40:00+00:00\",\"dateModified\":\"2025-02-05T06:40:00+00:00\",\"mainEntityOfPage\":{\"@id\":\"https:\/\/peoplesphere.be\/fr\/le-secteur-des-titres-services-toujours-embourbe-dans-les-negociations-entre-partenaires-sociaux-en-flandre\/\"},\"wordCount\":704,\"publisher\":{\"@id\":\"https:\/\/peoplesphere.be\/fr\/#organization\"},\"keywords\":[\"inflation\",\"partenaires sociaux\",\"pouvoir d'achat\",\"syndicats\",\"titres-services\"],\"articleSection\":[\"Actualit\u00e9s\",\"Digital\"],\"inLanguage\":\"fr-FR\"},{\"@type\":\"WebPage\",\"@id\":\"https:\/\/peoplesphere.be\/fr\/le-secteur-des-titres-services-toujours-embourbe-dans-les-negociations-entre-partenaires-sociaux-en-flandre\/\",\"url\":\"https:\/\/peoplesphere.be\/fr\/le-secteur-des-titres-services-toujours-embourbe-dans-les-negociations-entre-partenaires-sociaux-en-flandre\/\",\"name\":\"Le secteur des titres services toujours embourb\u00e9 dans les n\u00e9gociations entre partenaires sociaux en Flandre. - Peoplesphere\",\"isPartOf\":{\"@id\":\"https:\/\/peoplesphere.be\/fr\/#website\"},\"datePublished\":\"2025-02-05T06:40:00+00:00\",\"dateModified\":\"2025-02-05T06:40:00+00:00\",\"breadcrumb\":{\"@id\":\"https:\/\/peoplesphere.be\/fr\/le-secteur-des-titres-services-toujours-embourbe-dans-les-negociations-entre-partenaires-sociaux-en-flandre\/#breadcrumb\"},\"inLanguage\":\"fr-FR\",\"potentialAction\":[{\"@type\":\"ReadAction\",\"target\":[\"https:\/\/peoplesphere.be\/fr\/le-secteur-des-titres-services-toujours-embourbe-dans-les-negociations-entre-partenaires-sociaux-en-flandre\/\"]}]},{\"@type\":\"BreadcrumbList\",\"@id\":\"https:\/\/peoplesphere.be\/fr\/le-secteur-des-titres-services-toujours-embourbe-dans-les-negociations-entre-partenaires-sociaux-en-flandre\/#breadcrumb\",\"itemListElement\":[{\"@type\":\"ListItem\",\"position\":1,\"name\":\"Accueil\",\"item\":\"https:\/\/peoplesphere.be\/fr\/\"},{\"@type\":\"ListItem\",\"position\":2,\"name\":\"Le secteur des titres services toujours embourb\u00e9 dans les n\u00e9gociations entre partenaires sociaux en Flandre.\"}]},{\"@type\":\"WebSite\",\"@id\":\"https:\/\/peoplesphere.be\/fr\/#website\",\"url\":\"https:\/\/peoplesphere.be\/fr\/\",\"name\":\"Peoplesphere\",\"description\":\"The People Managers Magazine\",\"publisher\":{\"@id\":\"https:\/\/peoplesphere.be\/fr\/#organization\"},\"potentialAction\":[{\"@type\":\"SearchAction\",\"target\":{\"@type\":\"EntryPoint\",\"urlTemplate\":\"https:\/\/peoplesphere.be\/fr\/?s={search_term_string}\"},\"query-input\":\"required name=search_term_string\"}],\"inLanguage\":\"fr-FR\"},{\"@type\":\"Organization\",\"@id\":\"https:\/\/peoplesphere.be\/fr\/#organization\",\"name\":\"Peoplesphere Company srl\",\"url\":\"https:\/\/peoplesphere.be\/fr\/\",\"logo\":{\"@type\":\"ImageObject\",\"inLanguage\":\"fr-FR\",\"@id\":\"https:\/\/peoplesphere.be\/fr\/#\/schema\/logo\/image\/\",\"url\":\"https:\/\/peoplesphere.be\/fr\/wp-content\/uploads\/2023\/07\/peoplesphere-lgo-new-generik.jpg\",\"contentUrl\":\"https:\/\/peoplesphere.be\/fr\/wp-content\/uploads\/2023\/07\/peoplesphere-lgo-new-generik.jpg\",\"width\":1031,\"height\":1479,\"caption\":\"Peoplesphere Company srl\"},\"image\":{\"@id\":\"https:\/\/peoplesphere.be\/fr\/#\/schema\/logo\/image\/\"},\"sameAs\":[\"https:\/\/www.facebook.com\/peoplesphere\",\"https:\/\/twitter.com\/PeoplesphereMag\",\"https:\/\/www.linkedin.com\/company\/7587361?trk\",\"http:\/\/youtube.com\/peoplesphere\"]},{\"@type\":\"Person\",\"@id\":\"https:\/\/peoplesphere.be\/fr\/#\/schema\/person\/7976225ff17988604334abb7b3536a7e\",\"name\":\"Jean-Paul Erhard\",\"image\":{\"@type\":\"ImageObject\",\"inLanguage\":\"fr-FR\",\"@id\":\"https:\/\/peoplesphere.be\/fr\/#\/schema\/person\/image\/\",\"url\":\"https:\/\/secure.gravatar.com\/avatar\/f941e681460179738071629a51574930?s=96&d=mm&r=g\",\"contentUrl\":\"https:\/\/secure.gravatar.com\/avatar\/f941e681460179738071629a51574930?s=96&d=mm&r=g\",\"caption\":\"Jean-Paul Erhard\"},\"url\":\"https:\/\/peoplesphere.be\/fr\/author\/jpe\/\"}]}<\/script>\n<!-- \/ Yoast SEO plugin. -->","yoast_head_json":{"title":"Le secteur des titres services toujours embourb\u00e9 dans les n\u00e9gociations entre partenaires sociaux en Flandre. - Peoplesphere","robots":{"index":"index","follow":"follow","max-snippet":"max-snippet:-1","max-image-preview":"max-image-preview:large","max-video-preview":"max-video-preview:-1"},"canonical":"https:\/\/peoplesphere.be\/fr\/le-secteur-des-titres-services-toujours-embourbe-dans-les-negociations-entre-partenaires-sociaux-en-flandre\/","og_locale":"fr_FR","og_type":"article","og_title":"Le secteur des titres services toujours embourb\u00e9 dans les n\u00e9gociations entre partenaires sociaux en Flandre. - Peoplesphere","og_description":"La ministre flamande Zuhal Demir a d\u00e9cid\u00e9 d&rsquo;augmenter d&rsquo;un euro le prix d&rsquo;achat des titres-services et a charg\u00e9 les partenaires sociaux de donner suite \u00e0 la demande de consacrer enti\u00e8rement le budget aux aides-m\u00e9nag\u00e8res. Cependant, les syndicats continuent de revendiquer [&hellip;]","og_url":"https:\/\/peoplesphere.be\/fr\/le-secteur-des-titres-services-toujours-embourbe-dans-les-negociations-entre-partenaires-sociaux-en-flandre\/","og_site_name":"Peoplesphere","article_publisher":"https:\/\/www.facebook.com\/peoplesphere","article_published_time":"2025-02-05T06:40:00+00:00","og_image":[{"width":800,"height":534,"url":"https:\/\/peoplesphere.be\/fr\/wp-content\/uploads\/2025\/02\/20250205titresservices.jpg","type":"image\/jpeg"}],"author":"Jean-Paul Erhard","twitter_card":"summary_large_image","twitter_creator":"@PeoplesphereMag","twitter_site":"@PeoplesphereMag","twitter_misc":{"\u00c9crit par":"Jean-Paul Erhard","Dur\u00e9e de lecture estim\u00e9e":"4 minutes"},"schema":{"@context":"https:\/\/schema.org","@graph":[{"@type":"Article","@id":"https:\/\/peoplesphere.be\/fr\/le-secteur-des-titres-services-toujours-embourbe-dans-les-negociations-entre-partenaires-sociaux-en-flandre\/#article","isPartOf":{"@id":"https:\/\/peoplesphere.be\/fr\/le-secteur-des-titres-services-toujours-embourbe-dans-les-negociations-entre-partenaires-sociaux-en-flandre\/"},"author":{"name":"Jean-Paul Erhard","@id":"https:\/\/peoplesphere.be\/fr\/#\/schema\/person\/7976225ff17988604334abb7b3536a7e"},"headline":"Le secteur des titres services toujours embourb\u00e9 dans les n\u00e9gociations entre partenaires sociaux en Flandre.","datePublished":"2025-02-05T06:40:00+00:00","dateModified":"2025-02-05T06:40:00+00:00","mainEntityOfPage":{"@id":"https:\/\/peoplesphere.be\/fr\/le-secteur-des-titres-services-toujours-embourbe-dans-les-negociations-entre-partenaires-sociaux-en-flandre\/"},"wordCount":704,"publisher":{"@id":"https:\/\/peoplesphere.be\/fr\/#organization"},"keywords":["inflation","partenaires sociaux","pouvoir d'achat","syndicats","titres-services"],"articleSection":["Actualit\u00e9s","Digital"],"inLanguage":"fr-FR"},{"@type":"WebPage","@id":"https:\/\/peoplesphere.be\/fr\/le-secteur-des-titres-services-toujours-embourbe-dans-les-negociations-entre-partenaires-sociaux-en-flandre\/","url":"https:\/\/peoplesphere.be\/fr\/le-secteur-des-titres-services-toujours-embourbe-dans-les-negociations-entre-partenaires-sociaux-en-flandre\/","name":"Le secteur des titres services toujours embourb\u00e9 dans les n\u00e9gociations entre partenaires sociaux en Flandre. - Peoplesphere","isPartOf":{"@id":"https:\/\/peoplesphere.be\/fr\/#website"},"datePublished":"2025-02-05T06:40:00+00:00","dateModified":"2025-02-05T06:40:00+00:00","breadcrumb":{"@id":"https:\/\/peoplesphere.be\/fr\/le-secteur-des-titres-services-toujours-embourbe-dans-les-negociations-entre-partenaires-sociaux-en-flandre\/#breadcrumb"},"inLanguage":"fr-FR","potentialAction":[{"@type":"ReadAction","target":["https:\/\/peoplesphere.be\/fr\/le-secteur-des-titres-services-toujours-embourbe-dans-les-negociations-entre-partenaires-sociaux-en-flandre\/"]}]},{"@type":"BreadcrumbList","@id":"https:\/\/peoplesphere.be\/fr\/le-secteur-des-titres-services-toujours-embourbe-dans-les-negociations-entre-partenaires-sociaux-en-flandre\/#breadcrumb","itemListElement":[{"@type":"ListItem","position":1,"name":"Accueil","item":"https:\/\/peoplesphere.be\/fr\/"},{"@type":"ListItem","position":2,"name":"Le secteur des titres services toujours embourb\u00e9 dans les n\u00e9gociations entre partenaires sociaux en Flandre."}]},{"@type":"WebSite","@id":"https:\/\/peoplesphere.be\/fr\/#website","url":"https:\/\/peoplesphere.be\/fr\/","name":"Peoplesphere","description":"The People Managers Magazine","publisher":{"@id":"https:\/\/peoplesphere.be\/fr\/#organization"},"potentialAction":[{"@type":"SearchAction","target":{"@type":"EntryPoint","urlTemplate":"https:\/\/peoplesphere.be\/fr\/?s={search_term_string}"},"query-input":"required name=search_term_string"}],"inLanguage":"fr-FR"},{"@type":"Organization","@id":"https:\/\/peoplesphere.be\/fr\/#organization","name":"Peoplesphere Company srl","url":"https:\/\/peoplesphere.be\/fr\/","logo":{"@type":"ImageObject","inLanguage":"fr-FR","@id":"https:\/\/peoplesphere.be\/fr\/#\/schema\/logo\/image\/","url":"https:\/\/peoplesphere.be\/fr\/wp-content\/uploads\/2023\/07\/peoplesphere-lgo-new-generik.jpg","contentUrl":"https:\/\/peoplesphere.be\/fr\/wp-content\/uploads\/2023\/07\/peoplesphere-lgo-new-generik.jpg","width":1031,"height":1479,"caption":"Peoplesphere Company srl"},"image":{"@id":"https:\/\/peoplesphere.be\/fr\/#\/schema\/logo\/image\/"},"sameAs":["https:\/\/www.facebook.com\/peoplesphere","https:\/\/twitter.com\/PeoplesphereMag","https:\/\/www.linkedin.com\/company\/7587361?trk","http:\/\/youtube.com\/peoplesphere"]},{"@type":"Person","@id":"https:\/\/peoplesphere.be\/fr\/#\/schema\/person\/7976225ff17988604334abb7b3536a7e","name":"Jean-Paul Erhard","image":{"@type":"ImageObject","inLanguage":"fr-FR","@id":"https:\/\/peoplesphere.be\/fr\/#\/schema\/person\/image\/","url":"https:\/\/secure.gravatar.com\/avatar\/f941e681460179738071629a51574930?s=96&d=mm&r=g","contentUrl":"https:\/\/secure.gravatar.com\/avatar\/f941e681460179738071629a51574930?s=96&d=mm&r=g","caption":"Jean-Paul Erhard"},"url":"https:\/\/peoplesphere.be\/fr\/author\/jpe\/"}]}},"_links":{"self":[{"href":"https:\/\/peoplesphere.be\/fr\/wp-json\/wp\/v2\/posts\/17333"}],"collection":[{"href":"https:\/\/peoplesphere.be\/fr\/wp-json\/wp\/v2\/posts"}],"about":[{"href":"https:\/\/peoplesphere.be\/fr\/wp-json\/wp\/v2\/types\/post"}],"author":[{"embeddable":true,"href":"https:\/\/peoplesphere.be\/fr\/wp-json\/wp\/v2\/users\/2"}],"replies":[{"embeddable":true,"href":"https:\/\/peoplesphere.be\/fr\/wp-json\/wp\/v2\/comments?post=17333"}],"version-history":[{"count":1,"href":"https:\/\/peoplesphere.be\/fr\/wp-json\/wp\/v2\/posts\/17333\/revisions"}],"predecessor-version":[{"id":17335,"href":"https:\/\/peoplesphere.be\/fr\/wp-json\/wp\/v2\/posts\/17333\/revisions\/17335"}],"wp:featuredmedia":[{"embeddable":true,"href":"https:\/\/peoplesphere.be\/fr\/wp-json\/wp\/v2\/media\/17334"}],"wp:attachment":[{"href":"https:\/\/peoplesphere.be\/fr\/wp-json\/wp\/v2\/media?parent=17333"}],"wp:term":[{"taxonomy":"category","embeddable":true,"href":"https:\/\/peoplesphere.be\/fr\/wp-json\/wp\/v2\/categories?post=17333"},{"taxonomy":"post_tag","embeddable":true,"href":"https:\/\/peoplesphere.be\/fr\/wp-json\/wp\/v2\/tags?post=17333"}],"curies":[{"name":"wp","href":"https:\/\/api.w.org\/{rel}","templated":true}]}}