









{"id":17339,"date":"2025-02-05T22:02:01","date_gmt":"2025-02-05T20:02:01","guid":{"rendered":"https:\/\/peoplesphere.be\/fr\/?p=17339"},"modified":"2025-02-05T22:02:01","modified_gmt":"2025-02-05T20:02:01","slug":"petit-dej-de-ladp-liege-le-14-fevrier-lamour-au-travail-quelles-balises-mettre-sur-les-affaires-de-coeurs","status":"publish","type":"post","link":"https:\/\/peoplesphere.be\/fr\/petit-dej-de-ladp-liege-le-14-fevrier-lamour-au-travail-quelles-balises-mettre-sur-les-affaires-de-coeurs\/","title":{"rendered":"Petit-d\u00e9j. de l&rsquo;ADP Li\u00e8ge le 14 f\u00e9vrier: \u00ab\u00a0L&rsquo;amour au travail, quelles balises mettre sur les affaires de c\u0153urs?\u00a0\u00bb"},"content":{"rendered":"<p>Le prochain \u00ab\u00a0Petit D\u00e9jeuner Ressources Humaines\u00a0\u00bb organis\u00e9 par l&rsquo;ADP Li\u00e8ge se tiendra le vendredi 14 f\u00e9vrier 2025 de 8h30 \u00e0 10h00 (accueil d\u00e8s 8h). Et forc\u00e9ment, au menu : \u00a0\u00ab\u00a0<em>L&rsquo;amour au travail, quelles balises mettre sur les affaires de c\u0153urs\u00a0\u00bb<\/em>&#8230;<!--more--><\/p>\n<p>Les histoires d\u2019amour au travail font souvent sourire\u2026 ou pas ! On passe une grande partie de notre vie au travail, il est donc normal d\u2019y voir des couples qui s\u2019y font et s\u2019y d\u00e9font. La gestion de cette question des relations amoureuses sur le lieu de travail incombe souvent au Responsable RH et\/ou au patron de l\u2019entreprise, avec r\u00e9guli\u00e8rement la difficult\u00e9 de trouver le juste \u00e9quilibre entre la bonne marche de l\u2019organisation et le respect de la vie priv\u00e9e des travailleurs.<\/p>\n<p>Au travers d\u2019exemples et cas v\u00e9cus, rejoignez-nous pour d\u00e9couvrir, gr\u00e2ce \u00e0 nos orateurs, leur grille d\u2019analyse, trucs et astuces, ainsi que leurs r\u00e9ponses \u00e0 ces questions<\/p>\n<p>Par : Jean-Luc Hostert, consultant en management organisationnel et coaching des leaders, et professeur en PNL et psychoth\u00e9rapeute<br \/>\net : Jean-Paul Lacomble, Avocat &#8211; Associ\u00e9 chez Claeys &amp; Engels<\/p>\n<ul>\n<li>Comment les travailleurs concern\u00e9s vivent-ils ce moment o\u00f9 s\u2019entrechoquent vie professionnelle et vie priv\u00e9e ?<\/li>\n<li>Quelles bonnes pratiques mettre en place dans l\u2019entreprise pour garantir un traitement objectif des situations ?<\/li>\n<li>Quelles r\u00e8gles peut-on l\u00e9galement mettre en place ?<\/li>\n<li>L\u2019expos\u00e9 sera pr\u00e9c\u00e9d\u00e9 des traditionnelles \u00ab10 minutes d\u2019actualit\u00e9s socio-juridiques\u00bb pr\u00e9sent\u00e9es par Jean-Paul Lacomble, avocat associ\u00e9 chez Claeys &amp; Engels.<\/li>\n<\/ul>\n<p>INSCRIPTION OBLIGATOIRE via <a href=\"https:\/\/docs.google.com\/forms\/d\/e\/1FAIpQLScufcWb1eY_79jXdMCuPqRBjLWqQHlzQqO_uYV-NE5dVHUFRQ\/viewform\">ADP-Liege\/Inscription petit-d\u00e9jeuner<\/a><\/p>\n<p>Participation aux frais : gratuit pour les membres ADP, leurs invit\u00e9s et partenaires et les participants en ligne, 25,00\u20ac pour les non-membres en pr\u00e9sentiel.<\/p>\n<p>Le montant est \u00e0 verser ANTICIPATIVEMENT sur le compte BE40 0689 3870 1763 de l&rsquo;ADP avec mention: \u00abPetit D\u00e9jeuner ADP 14.02.2025 NOM et Pr\u00e9nom\u00bb. Toute inscription enregistr\u00e9e qui n\u2019est pas annul\u00e9e 24 heures avant sera factur\u00e9e 25\u20ac. Les inscriptions seront cl\u00f4tur\u00e9es le jeudi 13 f\u00e9vrier 2025 \u00e0 midi.<\/p>\n<p><a href=\"https:\/\/docs.google.com\/forms\/d\/e\/1FAIpQLScufcWb1eY_79jXdMCuPqRBjLWqQHlzQqO_uYV-NE5dVHUFRQ\/viewform?pli=1\">Je m&rsquo;inscris<\/a><\/p>\n<p>&nbsp;<\/p>\n","protected":false},"excerpt":{"rendered":"<p>Le prochain \u00ab\u00a0Petit D\u00e9jeuner Ressources Humaines\u00a0\u00bb organis\u00e9 par l&rsquo;ADP Li\u00e8ge se tiendra le vendredi 14 f\u00e9vrier 2025 de 8h30 \u00e0 10h00 (accueil d\u00e8s 8h). Et forc\u00e9ment, au menu : \u00a0\u00ab\u00a0L&rsquo;amour au travail, quelles balises mettre sur les affaires de c\u0153urs\u00a0\u00bb&#8230;<\/p>\n","protected":false},"author":2,"featured_media":17340,"comment_status":"closed","ping_status":"open","sticky":false,"template":"","format":"standard","meta":[],"categories":[65,67,10,8],"tags":[274,4238],"yoast_head":"<!-- This site is optimized with the Yoast SEO plugin v21.0 - https:\/\/yoast.com\/wordpress\/plugins\/seo\/ -->\n<title>Petit-d\u00e9j. de l&#039;ADP Li\u00e8ge le 14 f\u00e9vrier: &quot;L&#039;amour au travail, quelles balises mettre sur les affaires de c\u0153urs?&quot; - Peoplesphere<\/title>\n<meta name=\"robots\" content=\"index, follow, max-snippet:-1, max-image-preview:large, max-video-preview:-1\" \/>\n<link rel=\"canonical\" href=\"https:\/\/peoplesphere.be\/fr\/petit-dej-de-ladp-liege-le-14-fevrier-lamour-au-travail-quelles-balises-mettre-sur-les-affaires-de-coeurs\/\" \/>\n<meta property=\"og:locale\" content=\"fr_FR\" \/>\n<meta property=\"og:type\" content=\"article\" \/>\n<meta property=\"og:title\" content=\"Petit-d\u00e9j. de l&#039;ADP Li\u00e8ge le 14 f\u00e9vrier: &quot;L&#039;amour au travail, quelles balises mettre sur les affaires de c\u0153urs?&quot; - Peoplesphere\" \/>\n<meta property=\"og:description\" content=\"Le prochain \u00ab\u00a0Petit D\u00e9jeuner Ressources Humaines\u00a0\u00bb organis\u00e9 par l&rsquo;ADP Li\u00e8ge se tiendra le vendredi 14 f\u00e9vrier 2025 de 8h30 \u00e0 10h00 (accueil d\u00e8s 8h). Et forc\u00e9ment, au menu : \u00a0\u00ab\u00a0L&rsquo;amour au travail, quelles balises mettre sur les affaires de c\u0153urs\u00a0\u00bb&#8230;\" \/>\n<meta property=\"og:url\" content=\"https:\/\/peoplesphere.be\/fr\/petit-dej-de-ladp-liege-le-14-fevrier-lamour-au-travail-quelles-balises-mettre-sur-les-affaires-de-coeurs\/\" \/>\n<meta property=\"og:site_name\" content=\"Peoplesphere\" \/>\n<meta property=\"article:publisher\" content=\"https:\/\/www.facebook.com\/peoplesphere\" \/>\n<meta property=\"article:published_time\" content=\"2025-02-05T20:02:01+00:00\" \/>\n<meta property=\"og:image\" content=\"https:\/\/peoplesphere.be\/fr\/wp-content\/uploads\/2025\/02\/20250205loveatwork.jpg\" \/>\n\t<meta property=\"og:image:width\" content=\"450\" \/>\n\t<meta property=\"og:image:height\" content=\"280\" \/>\n\t<meta property=\"og:image:type\" content=\"image\/jpeg\" \/>\n<meta name=\"author\" content=\"Jean-Paul Erhard\" \/>\n<meta name=\"twitter:card\" content=\"summary_large_image\" \/>\n<meta name=\"twitter:creator\" content=\"@PeoplesphereMag\" \/>\n<meta name=\"twitter:site\" content=\"@PeoplesphereMag\" \/>\n<meta name=\"twitter:label1\" content=\"\u00c9crit par\" \/>\n\t<meta name=\"twitter:data1\" content=\"Jean-Paul Erhard\" \/>\n\t<meta name=\"twitter:label2\" content=\"Dur\u00e9e de lecture estim\u00e9e\" \/>\n\t<meta name=\"twitter:data2\" content=\"2 minutes\" \/>\n<script type=\"application\/ld+json\" class=\"yoast-schema-graph\">{\"@context\":\"https:\/\/schema.org\",\"@graph\":[{\"@type\":\"Article\",\"@id\":\"https:\/\/peoplesphere.be\/fr\/petit-dej-de-ladp-liege-le-14-fevrier-lamour-au-travail-quelles-balises-mettre-sur-les-affaires-de-coeurs\/#article\",\"isPartOf\":{\"@id\":\"https:\/\/peoplesphere.be\/fr\/petit-dej-de-ladp-liege-le-14-fevrier-lamour-au-travail-quelles-balises-mettre-sur-les-affaires-de-coeurs\/\"},\"author\":{\"name\":\"Jean-Paul Erhard\",\"@id\":\"https:\/\/peoplesphere.be\/fr\/#\/schema\/person\/7976225ff17988604334abb7b3536a7e\"},\"headline\":\"Petit-d\u00e9j. de l&rsquo;ADP Li\u00e8ge le 14 f\u00e9vrier: \u00ab\u00a0L&rsquo;amour au travail, quelles balises mettre sur les affaires de c\u0153urs?\u00a0\u00bb\",\"datePublished\":\"2025-02-05T20:02:01+00:00\",\"dateModified\":\"2025-02-05T20:02:01+00:00\",\"mainEntityOfPage\":{\"@id\":\"https:\/\/peoplesphere.be\/fr\/petit-dej-de-ladp-liege-le-14-fevrier-lamour-au-travail-quelles-balises-mettre-sur-les-affaires-de-coeurs\/\"},\"wordCount\":361,\"publisher\":{\"@id\":\"https:\/\/peoplesphere.be\/fr\/#organization\"},\"keywords\":[\"ADP Li\u00e8ge\",\"Saint-Valentin\"],\"articleSection\":[\"Actualit\u00e9s\",\"Calendrier\",\"Digital\",\"Events\"],\"inLanguage\":\"fr-FR\"},{\"@type\":\"WebPage\",\"@id\":\"https:\/\/peoplesphere.be\/fr\/petit-dej-de-ladp-liege-le-14-fevrier-lamour-au-travail-quelles-balises-mettre-sur-les-affaires-de-coeurs\/\",\"url\":\"https:\/\/peoplesphere.be\/fr\/petit-dej-de-ladp-liege-le-14-fevrier-lamour-au-travail-quelles-balises-mettre-sur-les-affaires-de-coeurs\/\",\"name\":\"Petit-d\u00e9j. de l'ADP Li\u00e8ge le 14 f\u00e9vrier: \\\"L'amour au travail, quelles balises mettre sur les affaires de c\u0153urs?\\\" - Peoplesphere\",\"isPartOf\":{\"@id\":\"https:\/\/peoplesphere.be\/fr\/#website\"},\"datePublished\":\"2025-02-05T20:02:01+00:00\",\"dateModified\":\"2025-02-05T20:02:01+00:00\",\"breadcrumb\":{\"@id\":\"https:\/\/peoplesphere.be\/fr\/petit-dej-de-ladp-liege-le-14-fevrier-lamour-au-travail-quelles-balises-mettre-sur-les-affaires-de-coeurs\/#breadcrumb\"},\"inLanguage\":\"fr-FR\",\"potentialAction\":[{\"@type\":\"ReadAction\",\"target\":[\"https:\/\/peoplesphere.be\/fr\/petit-dej-de-ladp-liege-le-14-fevrier-lamour-au-travail-quelles-balises-mettre-sur-les-affaires-de-coeurs\/\"]}]},{\"@type\":\"BreadcrumbList\",\"@id\":\"https:\/\/peoplesphere.be\/fr\/petit-dej-de-ladp-liege-le-14-fevrier-lamour-au-travail-quelles-balises-mettre-sur-les-affaires-de-coeurs\/#breadcrumb\",\"itemListElement\":[{\"@type\":\"ListItem\",\"position\":1,\"name\":\"Accueil\",\"item\":\"https:\/\/peoplesphere.be\/fr\/\"},{\"@type\":\"ListItem\",\"position\":2,\"name\":\"Petit-d\u00e9j. de l&rsquo;ADP Li\u00e8ge le 14 f\u00e9vrier: \u00ab\u00a0L&rsquo;amour au travail, quelles balises mettre sur les affaires de c\u0153urs?\u00a0\u00bb\"}]},{\"@type\":\"WebSite\",\"@id\":\"https:\/\/peoplesphere.be\/fr\/#website\",\"url\":\"https:\/\/peoplesphere.be\/fr\/\",\"name\":\"Peoplesphere\",\"description\":\"The People Managers Magazine\",\"publisher\":{\"@id\":\"https:\/\/peoplesphere.be\/fr\/#organization\"},\"potentialAction\":[{\"@type\":\"SearchAction\",\"target\":{\"@type\":\"EntryPoint\",\"urlTemplate\":\"https:\/\/peoplesphere.be\/fr\/?s={search_term_string}\"},\"query-input\":\"required name=search_term_string\"}],\"inLanguage\":\"fr-FR\"},{\"@type\":\"Organization\",\"@id\":\"https:\/\/peoplesphere.be\/fr\/#organization\",\"name\":\"Peoplesphere Company srl\",\"url\":\"https:\/\/peoplesphere.be\/fr\/\",\"logo\":{\"@type\":\"ImageObject\",\"inLanguage\":\"fr-FR\",\"@id\":\"https:\/\/peoplesphere.be\/fr\/#\/schema\/logo\/image\/\",\"url\":\"https:\/\/peoplesphere.be\/fr\/wp-content\/uploads\/2023\/07\/peoplesphere-lgo-new-generik.jpg\",\"contentUrl\":\"https:\/\/peoplesphere.be\/fr\/wp-content\/uploads\/2023\/07\/peoplesphere-lgo-new-generik.jpg\",\"width\":1031,\"height\":1479,\"caption\":\"Peoplesphere Company srl\"},\"image\":{\"@id\":\"https:\/\/peoplesphere.be\/fr\/#\/schema\/logo\/image\/\"},\"sameAs\":[\"https:\/\/www.facebook.com\/peoplesphere\",\"https:\/\/twitter.com\/PeoplesphereMag\",\"https:\/\/www.linkedin.com\/company\/7587361?trk\",\"http:\/\/youtube.com\/peoplesphere\"]},{\"@type\":\"Person\",\"@id\":\"https:\/\/peoplesphere.be\/fr\/#\/schema\/person\/7976225ff17988604334abb7b3536a7e\",\"name\":\"Jean-Paul Erhard\",\"image\":{\"@type\":\"ImageObject\",\"inLanguage\":\"fr-FR\",\"@id\":\"https:\/\/peoplesphere.be\/fr\/#\/schema\/person\/image\/\",\"url\":\"https:\/\/secure.gravatar.com\/avatar\/f941e681460179738071629a51574930?s=96&d=mm&r=g\",\"contentUrl\":\"https:\/\/secure.gravatar.com\/avatar\/f941e681460179738071629a51574930?s=96&d=mm&r=g\",\"caption\":\"Jean-Paul Erhard\"},\"url\":\"https:\/\/peoplesphere.be\/fr\/author\/jpe\/\"}]}<\/script>\n<!-- \/ Yoast SEO plugin. -->","yoast_head_json":{"title":"Petit-d\u00e9j. de l'ADP Li\u00e8ge le 14 f\u00e9vrier: \"L'amour au travail, quelles balises mettre sur les affaires de c\u0153urs?\" - Peoplesphere","robots":{"index":"index","follow":"follow","max-snippet":"max-snippet:-1","max-image-preview":"max-image-preview:large","max-video-preview":"max-video-preview:-1"},"canonical":"https:\/\/peoplesphere.be\/fr\/petit-dej-de-ladp-liege-le-14-fevrier-lamour-au-travail-quelles-balises-mettre-sur-les-affaires-de-coeurs\/","og_locale":"fr_FR","og_type":"article","og_title":"Petit-d\u00e9j. de l'ADP Li\u00e8ge le 14 f\u00e9vrier: \"L'amour au travail, quelles balises mettre sur les affaires de c\u0153urs?\" - Peoplesphere","og_description":"Le prochain \u00ab\u00a0Petit D\u00e9jeuner Ressources Humaines\u00a0\u00bb organis\u00e9 par l&rsquo;ADP Li\u00e8ge se tiendra le vendredi 14 f\u00e9vrier 2025 de 8h30 \u00e0 10h00 (accueil d\u00e8s 8h). Et forc\u00e9ment, au menu : \u00a0\u00ab\u00a0L&rsquo;amour au travail, quelles balises mettre sur les affaires de c\u0153urs\u00a0\u00bb&#8230;","og_url":"https:\/\/peoplesphere.be\/fr\/petit-dej-de-ladp-liege-le-14-fevrier-lamour-au-travail-quelles-balises-mettre-sur-les-affaires-de-coeurs\/","og_site_name":"Peoplesphere","article_publisher":"https:\/\/www.facebook.com\/peoplesphere","article_published_time":"2025-02-05T20:02:01+00:00","og_image":[{"width":450,"height":280,"url":"https:\/\/peoplesphere.be\/fr\/wp-content\/uploads\/2025\/02\/20250205loveatwork.jpg","type":"image\/jpeg"}],"author":"Jean-Paul Erhard","twitter_card":"summary_large_image","twitter_creator":"@PeoplesphereMag","twitter_site":"@PeoplesphereMag","twitter_misc":{"\u00c9crit par":"Jean-Paul Erhard","Dur\u00e9e de lecture estim\u00e9e":"2 minutes"},"schema":{"@context":"https:\/\/schema.org","@graph":[{"@type":"Article","@id":"https:\/\/peoplesphere.be\/fr\/petit-dej-de-ladp-liege-le-14-fevrier-lamour-au-travail-quelles-balises-mettre-sur-les-affaires-de-coeurs\/#article","isPartOf":{"@id":"https:\/\/peoplesphere.be\/fr\/petit-dej-de-ladp-liege-le-14-fevrier-lamour-au-travail-quelles-balises-mettre-sur-les-affaires-de-coeurs\/"},"author":{"name":"Jean-Paul Erhard","@id":"https:\/\/peoplesphere.be\/fr\/#\/schema\/person\/7976225ff17988604334abb7b3536a7e"},"headline":"Petit-d\u00e9j. de l&rsquo;ADP Li\u00e8ge le 14 f\u00e9vrier: \u00ab\u00a0L&rsquo;amour au travail, quelles balises mettre sur les affaires de c\u0153urs?\u00a0\u00bb","datePublished":"2025-02-05T20:02:01+00:00","dateModified":"2025-02-05T20:02:01+00:00","mainEntityOfPage":{"@id":"https:\/\/peoplesphere.be\/fr\/petit-dej-de-ladp-liege-le-14-fevrier-lamour-au-travail-quelles-balises-mettre-sur-les-affaires-de-coeurs\/"},"wordCount":361,"publisher":{"@id":"https:\/\/peoplesphere.be\/fr\/#organization"},"keywords":["ADP Li\u00e8ge","Saint-Valentin"],"articleSection":["Actualit\u00e9s","Calendrier","Digital","Events"],"inLanguage":"fr-FR"},{"@type":"WebPage","@id":"https:\/\/peoplesphere.be\/fr\/petit-dej-de-ladp-liege-le-14-fevrier-lamour-au-travail-quelles-balises-mettre-sur-les-affaires-de-coeurs\/","url":"https:\/\/peoplesphere.be\/fr\/petit-dej-de-ladp-liege-le-14-fevrier-lamour-au-travail-quelles-balises-mettre-sur-les-affaires-de-coeurs\/","name":"Petit-d\u00e9j. de l'ADP Li\u00e8ge le 14 f\u00e9vrier: \"L'amour au travail, quelles balises mettre sur les affaires de c\u0153urs?\" - Peoplesphere","isPartOf":{"@id":"https:\/\/peoplesphere.be\/fr\/#website"},"datePublished":"2025-02-05T20:02:01+00:00","dateModified":"2025-02-05T20:02:01+00:00","breadcrumb":{"@id":"https:\/\/peoplesphere.be\/fr\/petit-dej-de-ladp-liege-le-14-fevrier-lamour-au-travail-quelles-balises-mettre-sur-les-affaires-de-coeurs\/#breadcrumb"},"inLanguage":"fr-FR","potentialAction":[{"@type":"ReadAction","target":["https:\/\/peoplesphere.be\/fr\/petit-dej-de-ladp-liege-le-14-fevrier-lamour-au-travail-quelles-balises-mettre-sur-les-affaires-de-coeurs\/"]}]},{"@type":"BreadcrumbList","@id":"https:\/\/peoplesphere.be\/fr\/petit-dej-de-ladp-liege-le-14-fevrier-lamour-au-travail-quelles-balises-mettre-sur-les-affaires-de-coeurs\/#breadcrumb","itemListElement":[{"@type":"ListItem","position":1,"name":"Accueil","item":"https:\/\/peoplesphere.be\/fr\/"},{"@type":"ListItem","position":2,"name":"Petit-d\u00e9j. de l&rsquo;ADP Li\u00e8ge le 14 f\u00e9vrier: \u00ab\u00a0L&rsquo;amour au travail, quelles balises mettre sur les affaires de c\u0153urs?\u00a0\u00bb"}]},{"@type":"WebSite","@id":"https:\/\/peoplesphere.be\/fr\/#website","url":"https:\/\/peoplesphere.be\/fr\/","name":"Peoplesphere","description":"The People Managers Magazine","publisher":{"@id":"https:\/\/peoplesphere.be\/fr\/#organization"},"potentialAction":[{"@type":"SearchAction","target":{"@type":"EntryPoint","urlTemplate":"https:\/\/peoplesphere.be\/fr\/?s={search_term_string}"},"query-input":"required name=search_term_string"}],"inLanguage":"fr-FR"},{"@type":"Organization","@id":"https:\/\/peoplesphere.be\/fr\/#organization","name":"Peoplesphere Company srl","url":"https:\/\/peoplesphere.be\/fr\/","logo":{"@type":"ImageObject","inLanguage":"fr-FR","@id":"https:\/\/peoplesphere.be\/fr\/#\/schema\/logo\/image\/","url":"https:\/\/peoplesphere.be\/fr\/wp-content\/uploads\/2023\/07\/peoplesphere-lgo-new-generik.jpg","contentUrl":"https:\/\/peoplesphere.be\/fr\/wp-content\/uploads\/2023\/07\/peoplesphere-lgo-new-generik.jpg","width":1031,"height":1479,"caption":"Peoplesphere Company srl"},"image":{"@id":"https:\/\/peoplesphere.be\/fr\/#\/schema\/logo\/image\/"},"sameAs":["https:\/\/www.facebook.com\/peoplesphere","https:\/\/twitter.com\/PeoplesphereMag","https:\/\/www.linkedin.com\/company\/7587361?trk","http:\/\/youtube.com\/peoplesphere"]},{"@type":"Person","@id":"https:\/\/peoplesphere.be\/fr\/#\/schema\/person\/7976225ff17988604334abb7b3536a7e","name":"Jean-Paul Erhard","image":{"@type":"ImageObject","inLanguage":"fr-FR","@id":"https:\/\/peoplesphere.be\/fr\/#\/schema\/person\/image\/","url":"https:\/\/secure.gravatar.com\/avatar\/f941e681460179738071629a51574930?s=96&d=mm&r=g","contentUrl":"https:\/\/secure.gravatar.com\/avatar\/f941e681460179738071629a51574930?s=96&d=mm&r=g","caption":"Jean-Paul Erhard"},"url":"https:\/\/peoplesphere.be\/fr\/author\/jpe\/"}]}},"_links":{"self":[{"href":"https:\/\/peoplesphere.be\/fr\/wp-json\/wp\/v2\/posts\/17339"}],"collection":[{"href":"https:\/\/peoplesphere.be\/fr\/wp-json\/wp\/v2\/posts"}],"about":[{"href":"https:\/\/peoplesphere.be\/fr\/wp-json\/wp\/v2\/types\/post"}],"author":[{"embeddable":true,"href":"https:\/\/peoplesphere.be\/fr\/wp-json\/wp\/v2\/users\/2"}],"replies":[{"embeddable":true,"href":"https:\/\/peoplesphere.be\/fr\/wp-json\/wp\/v2\/comments?post=17339"}],"version-history":[{"count":1,"href":"https:\/\/peoplesphere.be\/fr\/wp-json\/wp\/v2\/posts\/17339\/revisions"}],"predecessor-version":[{"id":17341,"href":"https:\/\/peoplesphere.be\/fr\/wp-json\/wp\/v2\/posts\/17339\/revisions\/17341"}],"wp:featuredmedia":[{"embeddable":true,"href":"https:\/\/peoplesphere.be\/fr\/wp-json\/wp\/v2\/media\/17340"}],"wp:attachment":[{"href":"https:\/\/peoplesphere.be\/fr\/wp-json\/wp\/v2\/media?parent=17339"}],"wp:term":[{"taxonomy":"category","embeddable":true,"href":"https:\/\/peoplesphere.be\/fr\/wp-json\/wp\/v2\/categories?post=17339"},{"taxonomy":"post_tag","embeddable":true,"href":"https:\/\/peoplesphere.be\/fr\/wp-json\/wp\/v2\/tags?post=17339"}],"curies":[{"name":"wp","href":"https:\/\/api.w.org\/{rel}","templated":true}]}}