









{"id":17384,"date":"2025-02-18T08:39:46","date_gmt":"2025-02-18T06:39:46","guid":{"rendered":"https:\/\/peoplesphere.be\/fr\/?p=17384"},"modified":"2025-02-18T08:39:46","modified_gmt":"2025-02-18T06:39:46","slug":"restrictions-autour-du-rcc-pour-faire-face-aux-penuries-de-main-doeuvre-la-mesure-ne-beneficie-pourtant-qua-4-des-travailleurs-les-plus-ages","status":"publish","type":"post","link":"https:\/\/peoplesphere.be\/fr\/restrictions-autour-du-rcc-pour-faire-face-aux-penuries-de-main-doeuvre-la-mesure-ne-beneficie-pourtant-qua-4-des-travailleurs-les-plus-ages\/","title":{"rendered":"Restrictions autour du RCC pour faire face aux p\u00e9nuries de main d&rsquo;oeuvre? La mesure ne b\u00e9n\u00e9ficie pourtant qu&rsquo;\u00e0 4% des travailleurs les plus \u00e2g\u00e9s."},"content":{"rendered":"<p>En 2024, 1\u202ftravailleur de plus de 58\u202fans sur\u202f25 a quitt\u00e9 le march\u00e9 du travail par le biais du RCC, le r\u00e9gime de ch\u00f4mage avec compl\u00e9ment d\u2019entreprise. Dans le cadre de ce r\u00e9gime, les travailleurs licenci\u00e9s doivent encore se tenir disponibles pour un nouvel emploi, mais de mani\u00e8re limit\u00e9e, jusqu\u2019\u00e0 ce qu\u2019ils puissent prendre leur pension anticip\u00e9e ou l\u00e9gale. La majorit\u00e9 des travailleurs b\u00e9n\u00e9ficiant du RCC sont des ouvriers (87%).<!--more--><\/p>\n<p>Le RCC, le r\u00e9gime de ch\u00f4mage avec compl\u00e9ment d\u2019entreprise (anciennement la pr\u00e9pension), est un r\u00e9gime par lequel les travailleurs plus \u00e2g\u00e9s re\u00e7oivent des allocations de ch\u00f4mage et un suppl\u00e9ment d\u2019entreprise apr\u00e8s avoir \u00e9t\u00e9 licenci\u00e9s. Le RCC est soumis \u00e0 des conditions strictes, mais le r\u00e9gime est r\u00e9guli\u00e8rement remis en question, notamment en raison de la p\u00e9nurie de main-d\u2019\u0153uvre. L\u2019accord de gouvernement f\u00e9d\u00e9ral stipule d\u00e9sormais que les travailleurs ne peuvent plus passer au RCC \u00e0 partir du 31\u202fjanvier\u202f2025. Toutefois, des exceptions seront toujours possibles, par exemple pour des raisons m\u00e9dicales.<\/p>\n<h3><strong><em>4% des travailleurs quittent le march\u00e9 du travail par le biais du RCC<\/em><\/strong><\/h3>\n<p>\u00c0 quelle fr\u00e9quence le RCC a-t-il \u00e9t\u00e9 utilis\u00e9 ces derni\u00e8res ann\u00e9es\u2009? Selon les chiffres d\u2019Acerta Consult, qui peut s\u2019appuyer sur les donn\u00e9es r\u00e9elles d\u2019environ 574.000\u202ftravailleurs en service aupr\u00e8s de plus de 44.000\u202fentreprises priv\u00e9es, 4,02% des travailleurs \u00e2g\u00e9s de plus de 58\u202fans ont quitt\u00e9 le march\u00e9 du travail par le biais du RCC en 2024. Le taux le plus \u00e9lev\u00e9 des quatre derni\u00e8res ann\u00e9es \u00e9tait de 5,08%. Nous constatons que ce sont surtout les ouvriers qui sortent de service par le biais du RCC\u2009; en 2024, par exemple, ils repr\u00e9sentaient 87% de tous les b\u00e9n\u00e9ficiaires du RCC. Le RCC est le plus souvent utilis\u00e9 dans l\u2019industrie m\u00e9tallurgique et manufacturi\u00e8re, dans l\u2019alimentation et dans la construction.<br \/>\nIllustration\u202f1\u202f: Pourcentage de RCC parmi les travailleurs \u00e2g\u00e9s de 58\u202fans et plus qui ont pris leur pension \u2013 2021 \u00e0 2024, tous, r\u00e9partition ouvriers\/employ\u00e9s, et tous par secteur.<\/p>\n<p>Amandine Boseret, experte juridique du Centre de connaissances d\u2019Acerta Consult, explique\u202f: \u00ab\u00a0<em>Pour certaines professions et dans certains secteurs, nous constatons que les travailleurs restent moins longtemps actifs. Cette diff\u00e9rence concerne particuli\u00e8rement les ouvriers. Nous constatons \u00e9galement cette diff\u00e9rence lorsque nous examinons les chiffres du RCC pour chaque secteur s\u00e9par\u00e9ment. Dans les secteurs o\u00f9 il y a plus d\u2019ouvriers, le pourcentage de RCC est nettement plus \u00e9lev\u00e9, par exemple dans la construction et la m\u00e9tallurgie. Il s\u2019agit donc typiquement de secteurs o\u00f9 les m\u00e9tiers sont plus souvent reconnus comme \u201clourds\u201d et o\u00f9 les travailleurs entrent sur le march\u00e9 du travail \u00e0 un (plus) jeune \u00e2ge. Les r\u00e9percussions des changements du r\u00e9gime RCC seront donc plus importantes pour ces secteurs.\u00a0\u00bb<\/em><\/p>\n<p>Par ailleurs, l\u2019ann\u00e9e derni\u00e8re, la part des ouvriers au RCC \u00e9tait de 88% en R\u00e9gion flamande, de 57% en Wallonie et de 89% \u00e0 Bruxelles. Ces diff\u00e9rences s\u2019expliquent par la composition sectorielle du march\u00e9 du travail et les politiques r\u00e9gionales en la mati\u00e8re.<\/p>\n<h3><strong><em>RCC dans l\u2019accord de gouvernement<\/em><\/strong><\/h3>\n<p>Pour b\u00e9n\u00e9ficier du RCC, le travailleur licenci\u00e9 doit remplir des conditions d\u2019\u00e2ge et de carri\u00e8re qui peuvent varier. Les conditions du r\u00e9gime RCC g\u00e9n\u00e9ral sont les suivantes\u202f: avoir 62\u202fans et une carri\u00e8re de 40\u202fans. Il existe \u00e9galement des r\u00e9gimes particuliers \u2013 m\u00e9tier lourd, raison m\u00e9dicale, organisation en difficult\u00e9 ou restructuration, entre autres \u2013 pour lesquels des conditions d\u2019\u00e2ge et de carri\u00e8re diff\u00e9rentes s\u2019appliquent. Selon le texte de l\u2019accord de gouvernement f\u00e9d\u00e9ral, ces r\u00e9gimes particuliers continueront d\u2019exister pour les travailleurs qui en b\u00e9n\u00e9ficient. L\u2019accord de gouvernement f\u00e9d\u00e9ral stipule en outre que plus personne ne peut entrer dans le RCC depuis le 31\u202fjanvier\u202f2025. Des exceptions sont toutefois possibles, par exemple pour des raisons m\u00e9dicales ou pour les entreprises en difficult\u00e9 ou en restructuration dont la d\u00e9claration d\u2019intention est dat\u00e9e d\u2019avant le 31\u202fjanvier\u202f2025. \u200b \u200b<\/p>\n<p>&nbsp;<\/p>\n<p><em>Source: cette enqu\u00eate est bas\u00e9e sur les donn\u00e9es r\u00e9elles de quelque 574.000\u202ftravailleurs (ouvriers et employ\u00e9s) sous contrat \u00e0 dur\u00e9e ind\u00e9termin\u00e9e en service aupr\u00e8s d\u2019environ 44.000\u202femployeurs du secteur priv\u00e9. L\u2019\u00e9chantillon refl\u00e8te le march\u00e9 du travail du secteur priv\u00e9 en Belgique en ce qui concerne le statut, le genre, l\u2019\u00e2ge, le r\u00e9gime de travail, la r\u00e9gion et la taille des entreprises.<\/em><\/p>\n","protected":false},"excerpt":{"rendered":"<p>En 2024, 1\u202ftravailleur de plus de 58\u202fans sur\u202f25 a quitt\u00e9 le march\u00e9 du travail par le biais du RCC, le r\u00e9gime de ch\u00f4mage avec compl\u00e9ment d\u2019entreprise. Dans le cadre de ce r\u00e9gime, les travailleurs licenci\u00e9s doivent encore se tenir disponibles [&hellip;]<\/p>\n","protected":false},"author":2,"featured_media":17385,"comment_status":"closed","ping_status":"open","sticky":false,"template":"","format":"standard","meta":[],"categories":[65,10],"tags":[586,264,4243,1101,123],"yoast_head":"<!-- This site is optimized with the Yoast SEO plugin v21.0 - https:\/\/yoast.com\/wordpress\/plugins\/seo\/ -->\n<title>Restrictions autour du RCC pour faire face aux p\u00e9nuries de main d&#039;oeuvre? La mesure ne b\u00e9n\u00e9ficie pourtant qu&#039;\u00e0 4% des travailleurs les plus \u00e2g\u00e9s. - Peoplesphere<\/title>\n<meta name=\"robots\" content=\"index, follow, max-snippet:-1, max-image-preview:large, max-video-preview:-1\" \/>\n<link rel=\"canonical\" href=\"https:\/\/peoplesphere.be\/fr\/restrictions-autour-du-rcc-pour-faire-face-aux-penuries-de-main-doeuvre-la-mesure-ne-beneficie-pourtant-qua-4-des-travailleurs-les-plus-ages\/\" \/>\n<meta property=\"og:locale\" content=\"fr_FR\" \/>\n<meta property=\"og:type\" content=\"article\" \/>\n<meta property=\"og:title\" content=\"Restrictions autour du RCC pour faire face aux p\u00e9nuries de main d&#039;oeuvre? La mesure ne b\u00e9n\u00e9ficie pourtant qu&#039;\u00e0 4% des travailleurs les plus \u00e2g\u00e9s. - Peoplesphere\" \/>\n<meta property=\"og:description\" content=\"En 2024, 1\u202ftravailleur de plus de 58\u202fans sur\u202f25 a quitt\u00e9 le march\u00e9 du travail par le biais du RCC, le r\u00e9gime de ch\u00f4mage avec compl\u00e9ment d\u2019entreprise. Dans le cadre de ce r\u00e9gime, les travailleurs licenci\u00e9s doivent encore se tenir disponibles [&hellip;]\" \/>\n<meta property=\"og:url\" content=\"https:\/\/peoplesphere.be\/fr\/restrictions-autour-du-rcc-pour-faire-face-aux-penuries-de-main-doeuvre-la-mesure-ne-beneficie-pourtant-qua-4-des-travailleurs-les-plus-ages\/\" \/>\n<meta property=\"og:site_name\" content=\"Peoplesphere\" \/>\n<meta property=\"article:publisher\" content=\"https:\/\/www.facebook.com\/peoplesphere\" \/>\n<meta property=\"article:published_time\" content=\"2025-02-18T06:39:46+00:00\" \/>\n<meta property=\"og:image\" content=\"https:\/\/peoplesphere.be\/fr\/wp-content\/uploads\/2025\/02\/20250218travailleursRCC.jpg\" \/>\n\t<meta property=\"og:image:width\" content=\"640\" \/>\n\t<meta property=\"og:image:height\" content=\"426\" \/>\n\t<meta property=\"og:image:type\" content=\"image\/jpeg\" \/>\n<meta name=\"author\" content=\"Jean-Paul Erhard\" \/>\n<meta name=\"twitter:card\" content=\"summary_large_image\" \/>\n<meta name=\"twitter:creator\" content=\"@PeoplesphereMag\" \/>\n<meta name=\"twitter:site\" content=\"@PeoplesphereMag\" \/>\n<meta name=\"twitter:label1\" content=\"\u00c9crit par\" \/>\n\t<meta name=\"twitter:data1\" content=\"Jean-Paul Erhard\" \/>\n\t<meta name=\"twitter:label2\" content=\"Dur\u00e9e de lecture estim\u00e9e\" \/>\n\t<meta name=\"twitter:data2\" content=\"4 minutes\" \/>\n<script type=\"application\/ld+json\" class=\"yoast-schema-graph\">{\"@context\":\"https:\/\/schema.org\",\"@graph\":[{\"@type\":\"Article\",\"@id\":\"https:\/\/peoplesphere.be\/fr\/restrictions-autour-du-rcc-pour-faire-face-aux-penuries-de-main-doeuvre-la-mesure-ne-beneficie-pourtant-qua-4-des-travailleurs-les-plus-ages\/#article\",\"isPartOf\":{\"@id\":\"https:\/\/peoplesphere.be\/fr\/restrictions-autour-du-rcc-pour-faire-face-aux-penuries-de-main-doeuvre-la-mesure-ne-beneficie-pourtant-qua-4-des-travailleurs-les-plus-ages\/\"},\"author\":{\"name\":\"Jean-Paul Erhard\",\"@id\":\"https:\/\/peoplesphere.be\/fr\/#\/schema\/person\/7976225ff17988604334abb7b3536a7e\"},\"headline\":\"Restrictions autour du RCC pour faire face aux p\u00e9nuries de main d&rsquo;oeuvre? La mesure ne b\u00e9n\u00e9ficie pourtant qu&rsquo;\u00e0 4% des travailleurs les plus \u00e2g\u00e9s.\",\"datePublished\":\"2025-02-18T06:39:46+00:00\",\"dateModified\":\"2025-02-18T06:39:46+00:00\",\"mainEntityOfPage\":{\"@id\":\"https:\/\/peoplesphere.be\/fr\/restrictions-autour-du-rcc-pour-faire-face-aux-penuries-de-main-doeuvre-la-mesure-ne-beneficie-pourtant-qua-4-des-travailleurs-les-plus-ages\/\"},\"wordCount\":799,\"publisher\":{\"@id\":\"https:\/\/peoplesphere.be\/fr\/#organization\"},\"keywords\":[\"main d'oeuvre\",\"p\u00e9nuries\",\"propension\",\"RCC\",\"seniors\"],\"articleSection\":[\"Actualit\u00e9s\",\"Digital\"],\"inLanguage\":\"fr-FR\"},{\"@type\":\"WebPage\",\"@id\":\"https:\/\/peoplesphere.be\/fr\/restrictions-autour-du-rcc-pour-faire-face-aux-penuries-de-main-doeuvre-la-mesure-ne-beneficie-pourtant-qua-4-des-travailleurs-les-plus-ages\/\",\"url\":\"https:\/\/peoplesphere.be\/fr\/restrictions-autour-du-rcc-pour-faire-face-aux-penuries-de-main-doeuvre-la-mesure-ne-beneficie-pourtant-qua-4-des-travailleurs-les-plus-ages\/\",\"name\":\"Restrictions autour du RCC pour faire face aux p\u00e9nuries de main d'oeuvre? La mesure ne b\u00e9n\u00e9ficie pourtant qu'\u00e0 4% des travailleurs les plus \u00e2g\u00e9s. - Peoplesphere\",\"isPartOf\":{\"@id\":\"https:\/\/peoplesphere.be\/fr\/#website\"},\"datePublished\":\"2025-02-18T06:39:46+00:00\",\"dateModified\":\"2025-02-18T06:39:46+00:00\",\"breadcrumb\":{\"@id\":\"https:\/\/peoplesphere.be\/fr\/restrictions-autour-du-rcc-pour-faire-face-aux-penuries-de-main-doeuvre-la-mesure-ne-beneficie-pourtant-qua-4-des-travailleurs-les-plus-ages\/#breadcrumb\"},\"inLanguage\":\"fr-FR\",\"potentialAction\":[{\"@type\":\"ReadAction\",\"target\":[\"https:\/\/peoplesphere.be\/fr\/restrictions-autour-du-rcc-pour-faire-face-aux-penuries-de-main-doeuvre-la-mesure-ne-beneficie-pourtant-qua-4-des-travailleurs-les-plus-ages\/\"]}]},{\"@type\":\"BreadcrumbList\",\"@id\":\"https:\/\/peoplesphere.be\/fr\/restrictions-autour-du-rcc-pour-faire-face-aux-penuries-de-main-doeuvre-la-mesure-ne-beneficie-pourtant-qua-4-des-travailleurs-les-plus-ages\/#breadcrumb\",\"itemListElement\":[{\"@type\":\"ListItem\",\"position\":1,\"name\":\"Accueil\",\"item\":\"https:\/\/peoplesphere.be\/fr\/\"},{\"@type\":\"ListItem\",\"position\":2,\"name\":\"Restrictions autour du RCC pour faire face aux p\u00e9nuries de main d&rsquo;oeuvre? La mesure ne b\u00e9n\u00e9ficie pourtant qu&rsquo;\u00e0 4% des travailleurs les plus \u00e2g\u00e9s.\"}]},{\"@type\":\"WebSite\",\"@id\":\"https:\/\/peoplesphere.be\/fr\/#website\",\"url\":\"https:\/\/peoplesphere.be\/fr\/\",\"name\":\"Peoplesphere\",\"description\":\"The People Managers Magazine\",\"publisher\":{\"@id\":\"https:\/\/peoplesphere.be\/fr\/#organization\"},\"potentialAction\":[{\"@type\":\"SearchAction\",\"target\":{\"@type\":\"EntryPoint\",\"urlTemplate\":\"https:\/\/peoplesphere.be\/fr\/?s={search_term_string}\"},\"query-input\":\"required name=search_term_string\"}],\"inLanguage\":\"fr-FR\"},{\"@type\":\"Organization\",\"@id\":\"https:\/\/peoplesphere.be\/fr\/#organization\",\"name\":\"Peoplesphere Company srl\",\"url\":\"https:\/\/peoplesphere.be\/fr\/\",\"logo\":{\"@type\":\"ImageObject\",\"inLanguage\":\"fr-FR\",\"@id\":\"https:\/\/peoplesphere.be\/fr\/#\/schema\/logo\/image\/\",\"url\":\"https:\/\/peoplesphere.be\/fr\/wp-content\/uploads\/2023\/07\/peoplesphere-lgo-new-generik.jpg\",\"contentUrl\":\"https:\/\/peoplesphere.be\/fr\/wp-content\/uploads\/2023\/07\/peoplesphere-lgo-new-generik.jpg\",\"width\":1031,\"height\":1479,\"caption\":\"Peoplesphere Company srl\"},\"image\":{\"@id\":\"https:\/\/peoplesphere.be\/fr\/#\/schema\/logo\/image\/\"},\"sameAs\":[\"https:\/\/www.facebook.com\/peoplesphere\",\"https:\/\/twitter.com\/PeoplesphereMag\",\"https:\/\/www.linkedin.com\/company\/7587361?trk\",\"http:\/\/youtube.com\/peoplesphere\"]},{\"@type\":\"Person\",\"@id\":\"https:\/\/peoplesphere.be\/fr\/#\/schema\/person\/7976225ff17988604334abb7b3536a7e\",\"name\":\"Jean-Paul Erhard\",\"image\":{\"@type\":\"ImageObject\",\"inLanguage\":\"fr-FR\",\"@id\":\"https:\/\/peoplesphere.be\/fr\/#\/schema\/person\/image\/\",\"url\":\"https:\/\/secure.gravatar.com\/avatar\/f941e681460179738071629a51574930?s=96&d=mm&r=g\",\"contentUrl\":\"https:\/\/secure.gravatar.com\/avatar\/f941e681460179738071629a51574930?s=96&d=mm&r=g\",\"caption\":\"Jean-Paul Erhard\"},\"url\":\"https:\/\/peoplesphere.be\/fr\/author\/jpe\/\"}]}<\/script>\n<!-- \/ Yoast SEO plugin. -->","yoast_head_json":{"title":"Restrictions autour du RCC pour faire face aux p\u00e9nuries de main d'oeuvre? La mesure ne b\u00e9n\u00e9ficie pourtant qu'\u00e0 4% des travailleurs les plus \u00e2g\u00e9s. - Peoplesphere","robots":{"index":"index","follow":"follow","max-snippet":"max-snippet:-1","max-image-preview":"max-image-preview:large","max-video-preview":"max-video-preview:-1"},"canonical":"https:\/\/peoplesphere.be\/fr\/restrictions-autour-du-rcc-pour-faire-face-aux-penuries-de-main-doeuvre-la-mesure-ne-beneficie-pourtant-qua-4-des-travailleurs-les-plus-ages\/","og_locale":"fr_FR","og_type":"article","og_title":"Restrictions autour du RCC pour faire face aux p\u00e9nuries de main d'oeuvre? La mesure ne b\u00e9n\u00e9ficie pourtant qu'\u00e0 4% des travailleurs les plus \u00e2g\u00e9s. - Peoplesphere","og_description":"En 2024, 1\u202ftravailleur de plus de 58\u202fans sur\u202f25 a quitt\u00e9 le march\u00e9 du travail par le biais du RCC, le r\u00e9gime de ch\u00f4mage avec compl\u00e9ment d\u2019entreprise. Dans le cadre de ce r\u00e9gime, les travailleurs licenci\u00e9s doivent encore se tenir disponibles [&hellip;]","og_url":"https:\/\/peoplesphere.be\/fr\/restrictions-autour-du-rcc-pour-faire-face-aux-penuries-de-main-doeuvre-la-mesure-ne-beneficie-pourtant-qua-4-des-travailleurs-les-plus-ages\/","og_site_name":"Peoplesphere","article_publisher":"https:\/\/www.facebook.com\/peoplesphere","article_published_time":"2025-02-18T06:39:46+00:00","og_image":[{"width":640,"height":426,"url":"https:\/\/peoplesphere.be\/fr\/wp-content\/uploads\/2025\/02\/20250218travailleursRCC.jpg","type":"image\/jpeg"}],"author":"Jean-Paul Erhard","twitter_card":"summary_large_image","twitter_creator":"@PeoplesphereMag","twitter_site":"@PeoplesphereMag","twitter_misc":{"\u00c9crit par":"Jean-Paul Erhard","Dur\u00e9e de lecture estim\u00e9e":"4 minutes"},"schema":{"@context":"https:\/\/schema.org","@graph":[{"@type":"Article","@id":"https:\/\/peoplesphere.be\/fr\/restrictions-autour-du-rcc-pour-faire-face-aux-penuries-de-main-doeuvre-la-mesure-ne-beneficie-pourtant-qua-4-des-travailleurs-les-plus-ages\/#article","isPartOf":{"@id":"https:\/\/peoplesphere.be\/fr\/restrictions-autour-du-rcc-pour-faire-face-aux-penuries-de-main-doeuvre-la-mesure-ne-beneficie-pourtant-qua-4-des-travailleurs-les-plus-ages\/"},"author":{"name":"Jean-Paul Erhard","@id":"https:\/\/peoplesphere.be\/fr\/#\/schema\/person\/7976225ff17988604334abb7b3536a7e"},"headline":"Restrictions autour du RCC pour faire face aux p\u00e9nuries de main d&rsquo;oeuvre? La mesure ne b\u00e9n\u00e9ficie pourtant qu&rsquo;\u00e0 4% des travailleurs les plus \u00e2g\u00e9s.","datePublished":"2025-02-18T06:39:46+00:00","dateModified":"2025-02-18T06:39:46+00:00","mainEntityOfPage":{"@id":"https:\/\/peoplesphere.be\/fr\/restrictions-autour-du-rcc-pour-faire-face-aux-penuries-de-main-doeuvre-la-mesure-ne-beneficie-pourtant-qua-4-des-travailleurs-les-plus-ages\/"},"wordCount":799,"publisher":{"@id":"https:\/\/peoplesphere.be\/fr\/#organization"},"keywords":["main d'oeuvre","p\u00e9nuries","propension","RCC","seniors"],"articleSection":["Actualit\u00e9s","Digital"],"inLanguage":"fr-FR"},{"@type":"WebPage","@id":"https:\/\/peoplesphere.be\/fr\/restrictions-autour-du-rcc-pour-faire-face-aux-penuries-de-main-doeuvre-la-mesure-ne-beneficie-pourtant-qua-4-des-travailleurs-les-plus-ages\/","url":"https:\/\/peoplesphere.be\/fr\/restrictions-autour-du-rcc-pour-faire-face-aux-penuries-de-main-doeuvre-la-mesure-ne-beneficie-pourtant-qua-4-des-travailleurs-les-plus-ages\/","name":"Restrictions autour du RCC pour faire face aux p\u00e9nuries de main d'oeuvre? La mesure ne b\u00e9n\u00e9ficie pourtant qu'\u00e0 4% des travailleurs les plus \u00e2g\u00e9s. - Peoplesphere","isPartOf":{"@id":"https:\/\/peoplesphere.be\/fr\/#website"},"datePublished":"2025-02-18T06:39:46+00:00","dateModified":"2025-02-18T06:39:46+00:00","breadcrumb":{"@id":"https:\/\/peoplesphere.be\/fr\/restrictions-autour-du-rcc-pour-faire-face-aux-penuries-de-main-doeuvre-la-mesure-ne-beneficie-pourtant-qua-4-des-travailleurs-les-plus-ages\/#breadcrumb"},"inLanguage":"fr-FR","potentialAction":[{"@type":"ReadAction","target":["https:\/\/peoplesphere.be\/fr\/restrictions-autour-du-rcc-pour-faire-face-aux-penuries-de-main-doeuvre-la-mesure-ne-beneficie-pourtant-qua-4-des-travailleurs-les-plus-ages\/"]}]},{"@type":"BreadcrumbList","@id":"https:\/\/peoplesphere.be\/fr\/restrictions-autour-du-rcc-pour-faire-face-aux-penuries-de-main-doeuvre-la-mesure-ne-beneficie-pourtant-qua-4-des-travailleurs-les-plus-ages\/#breadcrumb","itemListElement":[{"@type":"ListItem","position":1,"name":"Accueil","item":"https:\/\/peoplesphere.be\/fr\/"},{"@type":"ListItem","position":2,"name":"Restrictions autour du RCC pour faire face aux p\u00e9nuries de main d&rsquo;oeuvre? La mesure ne b\u00e9n\u00e9ficie pourtant qu&rsquo;\u00e0 4% des travailleurs les plus \u00e2g\u00e9s."}]},{"@type":"WebSite","@id":"https:\/\/peoplesphere.be\/fr\/#website","url":"https:\/\/peoplesphere.be\/fr\/","name":"Peoplesphere","description":"The People Managers Magazine","publisher":{"@id":"https:\/\/peoplesphere.be\/fr\/#organization"},"potentialAction":[{"@type":"SearchAction","target":{"@type":"EntryPoint","urlTemplate":"https:\/\/peoplesphere.be\/fr\/?s={search_term_string}"},"query-input":"required name=search_term_string"}],"inLanguage":"fr-FR"},{"@type":"Organization","@id":"https:\/\/peoplesphere.be\/fr\/#organization","name":"Peoplesphere Company srl","url":"https:\/\/peoplesphere.be\/fr\/","logo":{"@type":"ImageObject","inLanguage":"fr-FR","@id":"https:\/\/peoplesphere.be\/fr\/#\/schema\/logo\/image\/","url":"https:\/\/peoplesphere.be\/fr\/wp-content\/uploads\/2023\/07\/peoplesphere-lgo-new-generik.jpg","contentUrl":"https:\/\/peoplesphere.be\/fr\/wp-content\/uploads\/2023\/07\/peoplesphere-lgo-new-generik.jpg","width":1031,"height":1479,"caption":"Peoplesphere Company srl"},"image":{"@id":"https:\/\/peoplesphere.be\/fr\/#\/schema\/logo\/image\/"},"sameAs":["https:\/\/www.facebook.com\/peoplesphere","https:\/\/twitter.com\/PeoplesphereMag","https:\/\/www.linkedin.com\/company\/7587361?trk","http:\/\/youtube.com\/peoplesphere"]},{"@type":"Person","@id":"https:\/\/peoplesphere.be\/fr\/#\/schema\/person\/7976225ff17988604334abb7b3536a7e","name":"Jean-Paul Erhard","image":{"@type":"ImageObject","inLanguage":"fr-FR","@id":"https:\/\/peoplesphere.be\/fr\/#\/schema\/person\/image\/","url":"https:\/\/secure.gravatar.com\/avatar\/f941e681460179738071629a51574930?s=96&d=mm&r=g","contentUrl":"https:\/\/secure.gravatar.com\/avatar\/f941e681460179738071629a51574930?s=96&d=mm&r=g","caption":"Jean-Paul Erhard"},"url":"https:\/\/peoplesphere.be\/fr\/author\/jpe\/"}]}},"_links":{"self":[{"href":"https:\/\/peoplesphere.be\/fr\/wp-json\/wp\/v2\/posts\/17384"}],"collection":[{"href":"https:\/\/peoplesphere.be\/fr\/wp-json\/wp\/v2\/posts"}],"about":[{"href":"https:\/\/peoplesphere.be\/fr\/wp-json\/wp\/v2\/types\/post"}],"author":[{"embeddable":true,"href":"https:\/\/peoplesphere.be\/fr\/wp-json\/wp\/v2\/users\/2"}],"replies":[{"embeddable":true,"href":"https:\/\/peoplesphere.be\/fr\/wp-json\/wp\/v2\/comments?post=17384"}],"version-history":[{"count":1,"href":"https:\/\/peoplesphere.be\/fr\/wp-json\/wp\/v2\/posts\/17384\/revisions"}],"predecessor-version":[{"id":17386,"href":"https:\/\/peoplesphere.be\/fr\/wp-json\/wp\/v2\/posts\/17384\/revisions\/17386"}],"wp:featuredmedia":[{"embeddable":true,"href":"https:\/\/peoplesphere.be\/fr\/wp-json\/wp\/v2\/media\/17385"}],"wp:attachment":[{"href":"https:\/\/peoplesphere.be\/fr\/wp-json\/wp\/v2\/media?parent=17384"}],"wp:term":[{"taxonomy":"category","embeddable":true,"href":"https:\/\/peoplesphere.be\/fr\/wp-json\/wp\/v2\/categories?post=17384"},{"taxonomy":"post_tag","embeddable":true,"href":"https:\/\/peoplesphere.be\/fr\/wp-json\/wp\/v2\/tags?post=17384"}],"curies":[{"name":"wp","href":"https:\/\/api.w.org\/{rel}","templated":true}]}}