









{"id":17404,"date":"2025-02-21T11:37:43","date_gmt":"2025-02-21T09:37:43","guid":{"rendered":"https:\/\/peoplesphere.be\/fr\/?p=17404"},"modified":"2025-02-21T11:37:43","modified_gmt":"2025-02-21T09:37:43","slug":"la-region-bruxelloise-inquiete-face-a-la-prochaine-limitation-de-la-duree-des-allocations-de-chomage","status":"publish","type":"post","link":"https:\/\/peoplesphere.be\/fr\/la-region-bruxelloise-inquiete-face-a-la-prochaine-limitation-de-la-duree-des-allocations-de-chomage\/","title":{"rendered":"La R\u00e9gion Bruxelloise inqui\u00e8te face \u00e0 la prochaine limitation de la dur\u00e9e des allocations de ch\u00f4mage."},"content":{"rendered":"<p>L&rsquo;impact de la r\u00e9forme Arizona sur le march\u00e9 de l\u2019emploi bruxellois impose une concertation urgente des R\u00e9gions selon le Cabinet du Ministre B. Clerfayt en charge de l&#8217;emploi. L\u2019Arizona pr\u00e9voit en effet de limiter la dur\u00e9e des allocations de ch\u00f4mage \u00e0 deux ans d\u00e8s 2025. <em>\u00ab\u00a0Une telle mesure, appliqu\u00e9e sans concertation et sans alternative claire, est inadapt\u00e9e \u00e0 la r\u00e9alit\u00e9 du march\u00e9 de l\u2019emploi bruxellois. Plut\u00f4t que de favoriser l\u2019emploi, elle risque d\u2019aggraver la pr\u00e9carit\u00e9 et de d\u00e9sorganiser les services d\u2019accompagnement et de formation des chercheurs d\u2019emploi.\u00a0\u00bb<\/em><!--more--><\/p>\n<p>Le gouvernement f\u00e9d\u00e9ral affiche un objectif de 80% de taux d\u2019emploi d&rsquo;ici \u00e0 2030, mais cet objectif ne peut \u00eatre uniforme pour toutes les R\u00e9gions. Le Conseil sup\u00e9rieur de l\u2019Emploi (2022) estime que si la Belgique atteint un taux d\u2019emploi de 80%, Bruxelles atteindra 73,4% en 2030, en tenant compte de ses sp\u00e9cificit\u00e9s r\u00e9gionales. Si une progression plus forte dans une r\u00e9gion peut compenser une augmentation plus faible ailleurs, les r\u00e9gions en retard, comme Bruxelles, doivent fournir un effort plus important. Or, la r\u00e9forme Arizona ne pr\u00e9voit aucune mesure permettant de cr\u00e9er les emplois n\u00e9cessaires \u00e0 cette progression.<\/p>\n<h3><strong><em>Former avant de sanctionner : un \u00e9quilibre n\u00e9cessaire<\/em><\/strong><\/h3>\n<p>Le principal enjeu \u00e0 Bruxelles est l\u2019inad\u00e9quation entre l\u2019offre et la demande de travail : de nombreux chercheurs d\u2019emploi sont peu qualifi\u00e9s (pr\u00e8s de 60%), alors que les postes vacants n\u00e9cessitent des comp\u00e9tences sp\u00e9cifiques. Selon Statbel (2024), Bruxelles compte 22.000 postes vacants, principalement dans des secteurs qualifi\u00e9s. Pourtant, ces emplois restent inaccessibles \u00e0 la majorit\u00e9 des chercheurs d\u2019emploi bruxellois sans une formation ad\u00e9quate, qui prend g\u00e9n\u00e9ralement entre deux et trois ans. Dans le m\u00eame temps, les mesures d\u2019incitation au travail par le rehaussement de l\u2019\u00e9cart entre le revenu du travail et les revenus de remplacement d\u2019au moins 500\u20ac ne sont annonc\u00e9s que pour 2028 ou 2029.<\/p>\n<p>C\u2019est dans cette perspective que l\u2019OCDE, dans sa derni\u00e8re \u00e9tude command\u00e9e en 2023 par le cabinet du Ministre, formule des recommandations visant \u00e0 renforcer l\u2019acc\u00e8s \u00e0 l\u2019emploi et \u00e0 adapter les comp\u00e9tences des Bruxellois aux besoins du march\u00e9 du travail.<\/p>\n<p>Toute politique d\u2019activation efficace doit donc articuler obligations et incitants, en garantissant un accompagnement et une formation renforc\u00e9s. Prendre une mesure de sanction imm\u00e9diate (qui pourrait concerner jusqu&rsquo;\u00e0 44.000 chercheurs d&#8217;emplois bruxellois), sans offrir simultan\u00e9ment les outils n\u00e9cessaires \u00e0 l\u2019insertion, est contre-productif. Cette mesure n\u2019aura pas d\u2019effet de hausse du taux d\u2019emploi, mais bien du taux de pauvret\u00e9.<\/p>\n<h3><strong><em>Des cons\u00e9quences lourdes pour Bruxelles<\/em><\/strong><\/h3>\n<p>Outre son impact direct sur les chercheurs d\u2019emploi, cette r\u00e9forme risque d\u2019alourdir la charge des services publics r\u00e9gionaux. Particuli\u00e8rement, le service public de l\u2019emploi bruxellois, Actiris devra adapter ses dispositifs d\u2019accompagnement et de contr\u00f4le, tandis que les CPAS pourraient \u00eatre confront\u00e9s \u00e0 un afflux de nouveaux b\u00e9n\u00e9ficiaires du revenu d\u2019int\u00e9gration sociale qu\u2019on estime environ \u00e0 13.000 (soit une hausse de 28 %). Sans coordination pr\u00e9alable, l\u2019effet sera in\u00e9vitablement un transfert de charge vers les communes, sans am\u00e9lioration significative du taux d\u2019emploi.<\/p>\n<p>Bernard Clerfayt appelle donc \u00e0 une concertation imm\u00e9diate avec les R\u00e9gions : <em>\u00ab\u00a0La r\u00e9forme Arizona doit s\u2019adapter \u00e0 la r\u00e9alit\u00e9 bruxelloise et non l\u2019inverse. Sans une approche coordonn\u00e9e et un cadre garantissant formation et cr\u00e9ation d\u2019emploi, elle ne fera qu\u2019aggraver les in\u00e9galit\u00e9s. Il est imp\u00e9ratif que le gouvernement f\u00e9d\u00e9ral engage un dialogue avec les R\u00e9gions pour assurer une mise en \u0153uvre \u00e9quilibr\u00e9e.\u00a0\u00bb<\/em><\/p>\n<h3><strong><em>Des r\u00e9formes n\u00e9cessaires \u00e0 tous les niveaux<\/em><\/strong><\/h3>\n<p>Pour assurer une activation efficace des chercheurs d\u2019emploi, le Ministre sortant propose les mesures concr\u00e8tes suivantes :<\/p>\n<p><strong><em><span style=\"text-decoration: underline;\">Au niveau du futur gouvernement r\u00e9gional :<\/span><\/em><\/strong><\/p>\n<ul>\n<li>Acc\u00e9l\u00e9rer le suivi des chercheurs d\u2019emploi en r\u00e9formant le contr\u00f4le de leur disponibilit\u00e9.<\/li>\n<li>Rendre obligatoire le bilan de comp\u00e9tences \u00e0 tout chercheur d\u2019emploi d\u00e8s son inscription chez Actiris<\/li>\n<li>Mettre en \u0153uvre l\u2019obligation de formation au plus tard apr\u00e8s un an de ch\u00f4mage.<\/li>\n<\/ul>\n<p><strong><em><span style=\"text-decoration: underline;\">Au niveau f\u00e9d\u00e9ral :<\/span><\/em><\/strong><\/p>\n<ul>\n<li>Organiser une concertation imm\u00e9diate avec les R\u00e9gions.<\/li>\n<li>Assurer une mise en \u0153uvre concomitante de la sanction (limitation allocations de ch\u00f4mage dans le temps) et de l\u2019incitant (augmentation du salaire net de 500 euros)<\/li>\n<\/ul>\n<p>Une activation efficace ne peut se limiter \u00e0 une logique de sanction. Il est essentiel de combiner exigences et accompagnement, pour garantir \u00e0 chaque chercheur d\u2019emploi une v\u00e9ritable chance de retrouver une activit\u00e9. Une r\u00e9forme pr\u00e9cipit\u00e9e, sans coordination avec les R\u00e9gions, ne r\u00e9soudra pas les d\u00e9fis de l\u2019emploi \u00e0 Bruxelles et ne fera qu\u2019aggraver l\u2019appauvrissement des finances communales et des citoyens.<\/p>\n","protected":false},"excerpt":{"rendered":"<p>L&rsquo;impact de la r\u00e9forme Arizona sur le march\u00e9 de l\u2019emploi bruxellois impose une concertation urgente des R\u00e9gions selon le Cabinet du Ministre B. Clerfayt en charge de l&#8217;emploi. L\u2019Arizona pr\u00e9voit en effet de limiter la dur\u00e9e des allocations de ch\u00f4mage [&hellip;]<\/p>\n","protected":false},"author":2,"featured_media":0,"comment_status":"closed","ping_status":"open","sticky":false,"template":"","format":"standard","meta":[],"categories":[65,10],"tags":[889,4245,2720,92],"yoast_head":"<!-- This site is optimized with the Yoast SEO plugin v21.0 - https:\/\/yoast.com\/wordpress\/plugins\/seo\/ -->\n<title>La R\u00e9gion Bruxelloise inqui\u00e8te face \u00e0 la prochaine limitation de la dur\u00e9e des allocations de ch\u00f4mage. - Peoplesphere<\/title>\n<meta name=\"robots\" content=\"index, follow, max-snippet:-1, max-image-preview:large, max-video-preview:-1\" \/>\n<link rel=\"canonical\" href=\"https:\/\/peoplesphere.be\/fr\/la-region-bruxelloise-inquiete-face-a-la-prochaine-limitation-de-la-duree-des-allocations-de-chomage\/\" \/>\n<meta property=\"og:locale\" content=\"fr_FR\" \/>\n<meta property=\"og:type\" content=\"article\" \/>\n<meta property=\"og:title\" content=\"La R\u00e9gion Bruxelloise inqui\u00e8te face \u00e0 la prochaine limitation de la dur\u00e9e des allocations de ch\u00f4mage. - Peoplesphere\" \/>\n<meta property=\"og:description\" content=\"L&rsquo;impact de la r\u00e9forme Arizona sur le march\u00e9 de l\u2019emploi bruxellois impose une concertation urgente des R\u00e9gions selon le Cabinet du Ministre B. Clerfayt en charge de l&#8217;emploi. L\u2019Arizona pr\u00e9voit en effet de limiter la dur\u00e9e des allocations de ch\u00f4mage [&hellip;]\" \/>\n<meta property=\"og:url\" content=\"https:\/\/peoplesphere.be\/fr\/la-region-bruxelloise-inquiete-face-a-la-prochaine-limitation-de-la-duree-des-allocations-de-chomage\/\" \/>\n<meta property=\"og:site_name\" content=\"Peoplesphere\" \/>\n<meta property=\"article:publisher\" content=\"https:\/\/www.facebook.com\/peoplesphere\" \/>\n<meta property=\"article:published_time\" content=\"2025-02-21T09:37:43+00:00\" \/>\n<meta property=\"og:image\" content=\"http:\/\/www.peoplesphere.be\/fr\/wp-content\/uploads\/2016\/07\/facebook-default-posting-1200x628px.jpg\" \/>\n<meta name=\"author\" content=\"Jean-Paul Erhard\" \/>\n<meta name=\"twitter:card\" content=\"summary_large_image\" \/>\n<meta name=\"twitter:creator\" content=\"@PeoplesphereMag\" \/>\n<meta name=\"twitter:site\" content=\"@PeoplesphereMag\" \/>\n<meta name=\"twitter:label1\" content=\"\u00c9crit par\" \/>\n\t<meta name=\"twitter:data1\" content=\"Jean-Paul Erhard\" \/>\n\t<meta name=\"twitter:label2\" content=\"Dur\u00e9e de lecture estim\u00e9e\" \/>\n\t<meta name=\"twitter:data2\" content=\"4 minutes\" \/>\n<script type=\"application\/ld+json\" class=\"yoast-schema-graph\">{\"@context\":\"https:\/\/schema.org\",\"@graph\":[{\"@type\":\"Article\",\"@id\":\"https:\/\/peoplesphere.be\/fr\/la-region-bruxelloise-inquiete-face-a-la-prochaine-limitation-de-la-duree-des-allocations-de-chomage\/#article\",\"isPartOf\":{\"@id\":\"https:\/\/peoplesphere.be\/fr\/la-region-bruxelloise-inquiete-face-a-la-prochaine-limitation-de-la-duree-des-allocations-de-chomage\/\"},\"author\":{\"name\":\"Jean-Paul Erhard\",\"@id\":\"https:\/\/peoplesphere.be\/fr\/#\/schema\/person\/7976225ff17988604334abb7b3536a7e\"},\"headline\":\"La R\u00e9gion Bruxelloise inqui\u00e8te face \u00e0 la prochaine limitation de la dur\u00e9e des allocations de ch\u00f4mage.\",\"datePublished\":\"2025-02-21T09:37:43+00:00\",\"dateModified\":\"2025-02-21T09:37:43+00:00\",\"mainEntityOfPage\":{\"@id\":\"https:\/\/peoplesphere.be\/fr\/la-region-bruxelloise-inquiete-face-a-la-prochaine-limitation-de-la-duree-des-allocations-de-chomage\/\"},\"wordCount\":833,\"publisher\":{\"@id\":\"https:\/\/peoplesphere.be\/fr\/#organization\"},\"keywords\":[\"allocations\",\"Arizona\",\"bernard clerfayt\",\"ch\u00f4mage\"],\"articleSection\":[\"Actualit\u00e9s\",\"Digital\"],\"inLanguage\":\"fr-FR\"},{\"@type\":\"WebPage\",\"@id\":\"https:\/\/peoplesphere.be\/fr\/la-region-bruxelloise-inquiete-face-a-la-prochaine-limitation-de-la-duree-des-allocations-de-chomage\/\",\"url\":\"https:\/\/peoplesphere.be\/fr\/la-region-bruxelloise-inquiete-face-a-la-prochaine-limitation-de-la-duree-des-allocations-de-chomage\/\",\"name\":\"La R\u00e9gion Bruxelloise inqui\u00e8te face \u00e0 la prochaine limitation de la dur\u00e9e des allocations de ch\u00f4mage. - Peoplesphere\",\"isPartOf\":{\"@id\":\"https:\/\/peoplesphere.be\/fr\/#website\"},\"datePublished\":\"2025-02-21T09:37:43+00:00\",\"dateModified\":\"2025-02-21T09:37:43+00:00\",\"breadcrumb\":{\"@id\":\"https:\/\/peoplesphere.be\/fr\/la-region-bruxelloise-inquiete-face-a-la-prochaine-limitation-de-la-duree-des-allocations-de-chomage\/#breadcrumb\"},\"inLanguage\":\"fr-FR\",\"potentialAction\":[{\"@type\":\"ReadAction\",\"target\":[\"https:\/\/peoplesphere.be\/fr\/la-region-bruxelloise-inquiete-face-a-la-prochaine-limitation-de-la-duree-des-allocations-de-chomage\/\"]}]},{\"@type\":\"BreadcrumbList\",\"@id\":\"https:\/\/peoplesphere.be\/fr\/la-region-bruxelloise-inquiete-face-a-la-prochaine-limitation-de-la-duree-des-allocations-de-chomage\/#breadcrumb\",\"itemListElement\":[{\"@type\":\"ListItem\",\"position\":1,\"name\":\"Accueil\",\"item\":\"https:\/\/peoplesphere.be\/fr\/\"},{\"@type\":\"ListItem\",\"position\":2,\"name\":\"La R\u00e9gion Bruxelloise inqui\u00e8te face \u00e0 la prochaine limitation de la dur\u00e9e des allocations de ch\u00f4mage.\"}]},{\"@type\":\"WebSite\",\"@id\":\"https:\/\/peoplesphere.be\/fr\/#website\",\"url\":\"https:\/\/peoplesphere.be\/fr\/\",\"name\":\"Peoplesphere\",\"description\":\"The People Managers Magazine\",\"publisher\":{\"@id\":\"https:\/\/peoplesphere.be\/fr\/#organization\"},\"potentialAction\":[{\"@type\":\"SearchAction\",\"target\":{\"@type\":\"EntryPoint\",\"urlTemplate\":\"https:\/\/peoplesphere.be\/fr\/?s={search_term_string}\"},\"query-input\":\"required name=search_term_string\"}],\"inLanguage\":\"fr-FR\"},{\"@type\":\"Organization\",\"@id\":\"https:\/\/peoplesphere.be\/fr\/#organization\",\"name\":\"Peoplesphere Company srl\",\"url\":\"https:\/\/peoplesphere.be\/fr\/\",\"logo\":{\"@type\":\"ImageObject\",\"inLanguage\":\"fr-FR\",\"@id\":\"https:\/\/peoplesphere.be\/fr\/#\/schema\/logo\/image\/\",\"url\":\"https:\/\/peoplesphere.be\/fr\/wp-content\/uploads\/2023\/07\/peoplesphere-lgo-new-generik.jpg\",\"contentUrl\":\"https:\/\/peoplesphere.be\/fr\/wp-content\/uploads\/2023\/07\/peoplesphere-lgo-new-generik.jpg\",\"width\":1031,\"height\":1479,\"caption\":\"Peoplesphere Company srl\"},\"image\":{\"@id\":\"https:\/\/peoplesphere.be\/fr\/#\/schema\/logo\/image\/\"},\"sameAs\":[\"https:\/\/www.facebook.com\/peoplesphere\",\"https:\/\/twitter.com\/PeoplesphereMag\",\"https:\/\/www.linkedin.com\/company\/7587361?trk\",\"http:\/\/youtube.com\/peoplesphere\"]},{\"@type\":\"Person\",\"@id\":\"https:\/\/peoplesphere.be\/fr\/#\/schema\/person\/7976225ff17988604334abb7b3536a7e\",\"name\":\"Jean-Paul Erhard\",\"image\":{\"@type\":\"ImageObject\",\"inLanguage\":\"fr-FR\",\"@id\":\"https:\/\/peoplesphere.be\/fr\/#\/schema\/person\/image\/\",\"url\":\"https:\/\/secure.gravatar.com\/avatar\/f941e681460179738071629a51574930?s=96&d=mm&r=g\",\"contentUrl\":\"https:\/\/secure.gravatar.com\/avatar\/f941e681460179738071629a51574930?s=96&d=mm&r=g\",\"caption\":\"Jean-Paul Erhard\"},\"url\":\"https:\/\/peoplesphere.be\/fr\/author\/jpe\/\"}]}<\/script>\n<!-- \/ Yoast SEO plugin. -->","yoast_head_json":{"title":"La R\u00e9gion Bruxelloise inqui\u00e8te face \u00e0 la prochaine limitation de la dur\u00e9e des allocations de ch\u00f4mage. - Peoplesphere","robots":{"index":"index","follow":"follow","max-snippet":"max-snippet:-1","max-image-preview":"max-image-preview:large","max-video-preview":"max-video-preview:-1"},"canonical":"https:\/\/peoplesphere.be\/fr\/la-region-bruxelloise-inquiete-face-a-la-prochaine-limitation-de-la-duree-des-allocations-de-chomage\/","og_locale":"fr_FR","og_type":"article","og_title":"La R\u00e9gion Bruxelloise inqui\u00e8te face \u00e0 la prochaine limitation de la dur\u00e9e des allocations de ch\u00f4mage. - Peoplesphere","og_description":"L&rsquo;impact de la r\u00e9forme Arizona sur le march\u00e9 de l\u2019emploi bruxellois impose une concertation urgente des R\u00e9gions selon le Cabinet du Ministre B. Clerfayt en charge de l&#8217;emploi. L\u2019Arizona pr\u00e9voit en effet de limiter la dur\u00e9e des allocations de ch\u00f4mage [&hellip;]","og_url":"https:\/\/peoplesphere.be\/fr\/la-region-bruxelloise-inquiete-face-a-la-prochaine-limitation-de-la-duree-des-allocations-de-chomage\/","og_site_name":"Peoplesphere","article_publisher":"https:\/\/www.facebook.com\/peoplesphere","article_published_time":"2025-02-21T09:37:43+00:00","og_image":[{"url":"http:\/\/www.peoplesphere.be\/fr\/wp-content\/uploads\/2016\/07\/facebook-default-posting-1200x628px.jpg"}],"author":"Jean-Paul Erhard","twitter_card":"summary_large_image","twitter_creator":"@PeoplesphereMag","twitter_site":"@PeoplesphereMag","twitter_misc":{"\u00c9crit par":"Jean-Paul Erhard","Dur\u00e9e de lecture estim\u00e9e":"4 minutes"},"schema":{"@context":"https:\/\/schema.org","@graph":[{"@type":"Article","@id":"https:\/\/peoplesphere.be\/fr\/la-region-bruxelloise-inquiete-face-a-la-prochaine-limitation-de-la-duree-des-allocations-de-chomage\/#article","isPartOf":{"@id":"https:\/\/peoplesphere.be\/fr\/la-region-bruxelloise-inquiete-face-a-la-prochaine-limitation-de-la-duree-des-allocations-de-chomage\/"},"author":{"name":"Jean-Paul Erhard","@id":"https:\/\/peoplesphere.be\/fr\/#\/schema\/person\/7976225ff17988604334abb7b3536a7e"},"headline":"La R\u00e9gion Bruxelloise inqui\u00e8te face \u00e0 la prochaine limitation de la dur\u00e9e des allocations de ch\u00f4mage.","datePublished":"2025-02-21T09:37:43+00:00","dateModified":"2025-02-21T09:37:43+00:00","mainEntityOfPage":{"@id":"https:\/\/peoplesphere.be\/fr\/la-region-bruxelloise-inquiete-face-a-la-prochaine-limitation-de-la-duree-des-allocations-de-chomage\/"},"wordCount":833,"publisher":{"@id":"https:\/\/peoplesphere.be\/fr\/#organization"},"keywords":["allocations","Arizona","bernard clerfayt","ch\u00f4mage"],"articleSection":["Actualit\u00e9s","Digital"],"inLanguage":"fr-FR"},{"@type":"WebPage","@id":"https:\/\/peoplesphere.be\/fr\/la-region-bruxelloise-inquiete-face-a-la-prochaine-limitation-de-la-duree-des-allocations-de-chomage\/","url":"https:\/\/peoplesphere.be\/fr\/la-region-bruxelloise-inquiete-face-a-la-prochaine-limitation-de-la-duree-des-allocations-de-chomage\/","name":"La R\u00e9gion Bruxelloise inqui\u00e8te face \u00e0 la prochaine limitation de la dur\u00e9e des allocations de ch\u00f4mage. - Peoplesphere","isPartOf":{"@id":"https:\/\/peoplesphere.be\/fr\/#website"},"datePublished":"2025-02-21T09:37:43+00:00","dateModified":"2025-02-21T09:37:43+00:00","breadcrumb":{"@id":"https:\/\/peoplesphere.be\/fr\/la-region-bruxelloise-inquiete-face-a-la-prochaine-limitation-de-la-duree-des-allocations-de-chomage\/#breadcrumb"},"inLanguage":"fr-FR","potentialAction":[{"@type":"ReadAction","target":["https:\/\/peoplesphere.be\/fr\/la-region-bruxelloise-inquiete-face-a-la-prochaine-limitation-de-la-duree-des-allocations-de-chomage\/"]}]},{"@type":"BreadcrumbList","@id":"https:\/\/peoplesphere.be\/fr\/la-region-bruxelloise-inquiete-face-a-la-prochaine-limitation-de-la-duree-des-allocations-de-chomage\/#breadcrumb","itemListElement":[{"@type":"ListItem","position":1,"name":"Accueil","item":"https:\/\/peoplesphere.be\/fr\/"},{"@type":"ListItem","position":2,"name":"La R\u00e9gion Bruxelloise inqui\u00e8te face \u00e0 la prochaine limitation de la dur\u00e9e des allocations de ch\u00f4mage."}]},{"@type":"WebSite","@id":"https:\/\/peoplesphere.be\/fr\/#website","url":"https:\/\/peoplesphere.be\/fr\/","name":"Peoplesphere","description":"The People Managers Magazine","publisher":{"@id":"https:\/\/peoplesphere.be\/fr\/#organization"},"potentialAction":[{"@type":"SearchAction","target":{"@type":"EntryPoint","urlTemplate":"https:\/\/peoplesphere.be\/fr\/?s={search_term_string}"},"query-input":"required name=search_term_string"}],"inLanguage":"fr-FR"},{"@type":"Organization","@id":"https:\/\/peoplesphere.be\/fr\/#organization","name":"Peoplesphere Company srl","url":"https:\/\/peoplesphere.be\/fr\/","logo":{"@type":"ImageObject","inLanguage":"fr-FR","@id":"https:\/\/peoplesphere.be\/fr\/#\/schema\/logo\/image\/","url":"https:\/\/peoplesphere.be\/fr\/wp-content\/uploads\/2023\/07\/peoplesphere-lgo-new-generik.jpg","contentUrl":"https:\/\/peoplesphere.be\/fr\/wp-content\/uploads\/2023\/07\/peoplesphere-lgo-new-generik.jpg","width":1031,"height":1479,"caption":"Peoplesphere Company srl"},"image":{"@id":"https:\/\/peoplesphere.be\/fr\/#\/schema\/logo\/image\/"},"sameAs":["https:\/\/www.facebook.com\/peoplesphere","https:\/\/twitter.com\/PeoplesphereMag","https:\/\/www.linkedin.com\/company\/7587361?trk","http:\/\/youtube.com\/peoplesphere"]},{"@type":"Person","@id":"https:\/\/peoplesphere.be\/fr\/#\/schema\/person\/7976225ff17988604334abb7b3536a7e","name":"Jean-Paul Erhard","image":{"@type":"ImageObject","inLanguage":"fr-FR","@id":"https:\/\/peoplesphere.be\/fr\/#\/schema\/person\/image\/","url":"https:\/\/secure.gravatar.com\/avatar\/f941e681460179738071629a51574930?s=96&d=mm&r=g","contentUrl":"https:\/\/secure.gravatar.com\/avatar\/f941e681460179738071629a51574930?s=96&d=mm&r=g","caption":"Jean-Paul Erhard"},"url":"https:\/\/peoplesphere.be\/fr\/author\/jpe\/"}]}},"_links":{"self":[{"href":"https:\/\/peoplesphere.be\/fr\/wp-json\/wp\/v2\/posts\/17404"}],"collection":[{"href":"https:\/\/peoplesphere.be\/fr\/wp-json\/wp\/v2\/posts"}],"about":[{"href":"https:\/\/peoplesphere.be\/fr\/wp-json\/wp\/v2\/types\/post"}],"author":[{"embeddable":true,"href":"https:\/\/peoplesphere.be\/fr\/wp-json\/wp\/v2\/users\/2"}],"replies":[{"embeddable":true,"href":"https:\/\/peoplesphere.be\/fr\/wp-json\/wp\/v2\/comments?post=17404"}],"version-history":[{"count":1,"href":"https:\/\/peoplesphere.be\/fr\/wp-json\/wp\/v2\/posts\/17404\/revisions"}],"predecessor-version":[{"id":17405,"href":"https:\/\/peoplesphere.be\/fr\/wp-json\/wp\/v2\/posts\/17404\/revisions\/17405"}],"wp:attachment":[{"href":"https:\/\/peoplesphere.be\/fr\/wp-json\/wp\/v2\/media?parent=17404"}],"wp:term":[{"taxonomy":"category","embeddable":true,"href":"https:\/\/peoplesphere.be\/fr\/wp-json\/wp\/v2\/categories?post=17404"},{"taxonomy":"post_tag","embeddable":true,"href":"https:\/\/peoplesphere.be\/fr\/wp-json\/wp\/v2\/tags?post=17404"}],"curies":[{"name":"wp","href":"https:\/\/api.w.org\/{rel}","templated":true}]}}