









{"id":17406,"date":"2025-02-24T11:59:50","date_gmt":"2025-02-24T09:59:50","guid":{"rendered":"https:\/\/peoplesphere.be\/fr\/?p=17406"},"modified":"2025-02-24T11:59:50","modified_gmt":"2025-02-24T09:59:50","slug":"enquete-sur-les-pensions-lage-moyen-de-depart-a-la-retraite-est-a-63-ans-y-compris-pour-les-entrepreneurs","status":"publish","type":"post","link":"https:\/\/peoplesphere.be\/fr\/enquete-sur-les-pensions-lage-moyen-de-depart-a-la-retraite-est-a-63-ans-y-compris-pour-les-entrepreneurs\/","title":{"rendered":"Enqu\u00eate sur les pensions: l&rsquo;\u00e2ge moyen de d\u00e9part \u00e0 la retraite est \u00e0 63 ans, y compris pour les entrepreneurs."},"content":{"rendered":"<p>Un nombre record de travailleurs prennent leur pension avant 65 ans. La tendance est invers\u00e9e pour les ind\u00e9pendants\u202f: l\u2019\u00e2ge moyen auquel les entrepreneurs cessent de travailler est pass\u00e9 de 63,1 \u00e0 63,6\u202fans l\u2019ann\u00e9e derni\u00e8re. C\u2019est ce que r\u00e9v\u00e8le l\u2019enqu\u00eate annuelle sur les pensions r\u00e9alis\u00e9e par l\u2019expert en RH Acerta sur la base des donn\u00e9es de plus de 570.000\u202ftravailleurs et de 190.000\u202find\u00e9pendants \u00e0 titre principal.<!--more--><\/p>\n<p>Un peu plus de quatre travailleurs sur dix (42,8%) qui ont pris leur pension en 2024 l\u2019ont fait avant 65\u202fans, l\u2019\u00e2ge l\u00e9gal de la pension jusqu\u2019en 2025. Ils n\u2019avaient encore jamais \u00e9t\u00e9 aussi nombreux auparavant. Il s\u2019agit d\u2019une hausse de pr\u00e8s de 3% par rapport \u00e0 l\u2019ann\u00e9e pr\u00e9c\u00e9dente. L\u2019\u00e2ge moyen de d\u00e9part \u00e0 la pension des travailleurs dans notre pays est donc de 63\u202fans et 5\u202fmois. Les mesures actuelles visant \u00e0 encourager les gens \u00e0 repousser la date de leur d\u00e9part \u00e0 la pension n\u2019ont pas l\u2019effet escompt\u00e9. Il reste \u00e0 voir si les mesures de l\u2019accord de gouvernement auront des r\u00e9percussions sur cette situation. \u200b<\/p>\n<p>Laura Couchard, experte juridique chez Acerta\u202fConsult, explique\u202f: \u00ab\u00a0<em>Avec le recul progressif de l\u2019\u00e2ge l\u00e9gal de la pension, on peut s\u2019attendre \u00e0 ce que le pic des d\u00e9parts \u00e0 la pension suive la m\u00eame tendance \u00e0 l\u2019avenir. De plus, depuis le 1er\u202fjuillet\u202f2024, les travailleurs accumulent un bonus de pension en continuant \u00e0 travailler au-del\u00e0 de leur date de d\u00e9part \u00e0 la pension la plus proche. La p\u00e9riode d\u2019application de cette mesure est encore trop courte pour en constater les effets. Le nouveau gouvernement modifie certaines conditions d\u2019acc\u00e8s \u00e0 la pension anticip\u00e9e. \u00c0 partir de 2026, le syst\u00e8me sera d\u2019ailleurs remplac\u00e9 par un syst\u00e8me de bonus-malus. Le bonus de pension tel qu\u2019il a \u00e9t\u00e9 introduit l\u2019ann\u00e9e derni\u00e8re dispara\u00eetra donc. Il reste donc \u00e0 voir quelles seront les r\u00e9percussions du nouveau syst\u00e8me sur les chiffres. En ce qui concerne les flexi-jobs, il existe depuis cette ann\u00e9e un plafond suppl\u00e9mentaire sur ce qui peut \u00eatre gagn\u00e9 si le travailleur a pris sa pension anticip\u00e9e, ainsi qu\u2019une p\u00e9riode d\u2019attente, afin d\u2019\u00e9viter que le syst\u00e8me ne mette \u00e0 mal les occupations classiques, ce qui, nous pouvons le supposer, aura peu d\u2019effet sur les plans de pension des travailleurs.\u00a0\u00bb<\/em><\/p>\n<h3><strong><em>D\u00e9parts \u00e0 la pension plus t\u00f4t, surtout dans la construction, la logistique et le transport<\/em><\/strong><\/h3>\n<p>Dans certains secteurs, davantage de personnes prennent leur pension plus t\u00f4t. C\u2019est dans le secteur de la construction que ce ph\u00e9nom\u00e8ne est le plus frappant, puisque 58,3% des d\u00e9parts \u00e0 la pension ont lieu avant l\u2019\u00e2ge de 65\u202fans. Dans le secteur de la logistique et du transport, ce nombre s\u2019\u00e9l\u00e8ve \u00e0 57,8%. Il existe par ailleurs des secteurs o\u00f9 l\u2019on attend la pension un peu plus longtemps. C\u2019est particuli\u00e8rement le cas dans le secteur non marchand (notamment les h\u00f4pitaux et les maisons de repos et de soins)\u202f: un peu moins de 34% des travailleurs qui ont pris leur pension en 2024 avaient moins de 65\u202fans. \u200b \u200b<\/p>\n<p>Certaines diff\u00e9rences sont aussi li\u00e9es au genre et au statut. En moyenne, les femmes prennent leur pension plus tard\u202f: en 2024, un peu moins de 40% des femmes qui ont pris leur pension avaient moins de 65\u202fans, contre 46% pour les hommes. En moyenne, les ouvriers prennent leur pension plus t\u00f4t que les employ\u00e9s\u202f: 56% des ouvriers qui ont pris leur pension en 2024 avaient moins de 65\u202fans, contre 34% environ pour les employ\u00e9s.<\/p>\n<p>Laura Couchard poursuit\u202f: \u00ab\u00a0<em>Une sortie anticip\u00e9e du march\u00e9 du travail correspond g\u00e9n\u00e9ralement et logiquement \u00e0 un d\u00e9but de carri\u00e8re pr\u00e9coce. C\u2019est le cas, par exemple, dans les secteurs de la construction et du transport. La plupart des travailleurs peuvent prendre leur pension avant l\u2019\u00e2ge de 65\u202fans parce qu\u2019ils ont d\u00e9j\u00e0 accompli une longue carri\u00e8re. Inversement, ceux qui poursuivent leurs \u00e9tudes et entrent donc sur le march\u00e9 du travail \u00e0 un \u00e2ge plus avanc\u00e9 prendront \u00e9galement leur pension plus tard. C\u2019est plus souvent le cas pour les employ\u00e9s que pour les ouvriers. Le fait que les femmes tendent \u00e0 prendre leur pension plus tard que les hommes peut \u00eatre li\u00e9 au fait qu\u2019elles sont plus susceptibles d\u2019interrompre leurs carri\u00e8res, notamment en raison des diff\u00e9rents r\u00e9gimes de cong\u00e9 qu\u2019elles sont plus enclines \u00e0 utiliser ou parce qu\u2019elles sont plus susceptibles de travailler \u00e0 temps partiel.\u00a0\u00bb<\/em><\/p>\n<h3><strong><em>Les ind\u00e9pendants prennent g\u00e9n\u00e9ralement leur pension plus t\u00f4t que les travailleurs<\/em><\/strong><\/h3>\n<p>Par rapport aux travailleurs, les ind\u00e9pendants arr\u00eatent g\u00e9n\u00e9ralement de travailler plus t\u00f4t. En 2024, 53,7% des ind\u00e9pendants qui ont pris leur pension l\u2019ont fait avant l\u2019\u00e2ge de 65\u202fans. C\u2019est certes moins que les deux derni\u00e8res ann\u00e9es, o\u00f9 55% (2022) et 64,5% (2023) des ind\u00e9pendants qui avaient pris leur pension avaient moins de 65\u202fans. Comme pour les travailleurs, on observe \u00e9galement un pic de d\u00e9parts \u00e0 la pension chez les ind\u00e9pendants \u00e0 l\u2019\u00e2ge exact de 65\u202fans. L\u2019\u00e2ge moyen du d\u00e9part \u00e0 la pension des ind\u00e9pendants en 2024 \u00e9tait de 63,6\u202fans, soit l\u00e9g\u00e8rement plus tard que l\u2019ann\u00e9e pr\u00e9c\u00e9dente (63,1\u202fans). \u200b<\/p>\n<p>Olivia Legradi, experte starters et ind\u00e9pendants chez Acerta poursuit\u202f: \u00ab\u00a0<em>Prendre une pension anticip\u00e9e en tant qu\u2019ind\u00e9pendant a toujours des cons\u00e9quences financi\u00e8res\u202f: le montant de la pension est plus faible, l\u2019imp\u00f4t sur la pension compl\u00e9mentaire est plus \u00e9lev\u00e9 et les revenus apr\u00e8s la pension sont limit\u00e9s jusqu\u2019\u00e0 l\u2019\u00e2ge l\u00e9gal de la pension. Pourtant, nous constatons que plus de la moiti\u00e9 des ind\u00e9pendants qui ont pris leur pension en 2024 avaient moins de 65\u202fans. Le fait que les ind\u00e9pendants ne peuvent pas arr\u00eater progressivement leur carri\u00e8re entre en ligne de compte\u202f: il n\u2019existe pas d\u2019emplois de fin de carri\u00e8re pour les ind\u00e9pendants. Il reste \u00e0 voir comment l\u2019\u00e2ge de la pension des ind\u00e9pendants \u00e9voluera en 2025 et les ann\u00e9es suivantes. La question est de savoir si les mesures de l\u2019accord de gouvernement (le nouveau syst\u00e8me de bonus-malus) entra\u00eeneront un recul de l\u2019\u00e2ge effectif de la pension. On peut s\u2019attendre \u00e0 ce que les gens envisagent \u00e0 nouveau un plan de pension.\u00a0\u00bb<\/em><\/p>\n<p>&nbsp;<\/p>\n<p><em>Source: cette enqu\u00eate est bas\u00e9e sur les donn\u00e9es r\u00e9elles de 190.000\u202find\u00e9pendants \u00e0 titre principal et de quelque 574.000\u202ftravailleurs (ouvriers et employ\u00e9s) sous contrat \u00e0 dur\u00e9e ind\u00e9termin\u00e9e en service aupr\u00e8s d\u2019environ 44.000\u202femployeurs du secteur priv\u00e9. Ensemble, ils refl\u00e8tent le march\u00e9 du travail du secteur priv\u00e9 en Belgique en ce qui concerne le statut, le genre, l\u2019\u00e2ge, le r\u00e9gime de travail, la r\u00e9gion et la taille des entreprises.<\/em><\/p>\n","protected":false},"excerpt":{"rendered":"<p>Un nombre record de travailleurs prennent leur pension avant 65 ans. La tendance est invers\u00e9e pour les ind\u00e9pendants\u202f: l\u2019\u00e2ge moyen auquel les entrepreneurs cessent de travailler est pass\u00e9 de 63,1 \u00e0 63,6\u202fans l\u2019ann\u00e9e derni\u00e8re. C\u2019est ce que r\u00e9v\u00e8le l\u2019enqu\u00eate annuelle [&hellip;]<\/p>\n","protected":false},"author":2,"featured_media":0,"comment_status":"closed","ping_status":"open","sticky":false,"template":"","format":"standard","meta":[],"categories":[65,10],"tags":[2759,96,285,57,688,17],"yoast_head":"<!-- This site is optimized with the Yoast SEO plugin v21.0 - https:\/\/yoast.com\/wordpress\/plugins\/seo\/ -->\n<title>Enqu\u00eate sur les pensions: l&#039;\u00e2ge moyen de d\u00e9part \u00e0 la retraite est \u00e0 63 ans, y compris pour les entrepreneurs. - Peoplesphere<\/title>\n<meta name=\"robots\" content=\"index, follow, max-snippet:-1, max-image-preview:large, max-video-preview:-1\" \/>\n<link rel=\"canonical\" href=\"https:\/\/peoplesphere.be\/fr\/enquete-sur-les-pensions-lage-moyen-de-depart-a-la-retraite-est-a-63-ans-y-compris-pour-les-entrepreneurs\/\" \/>\n<meta property=\"og:locale\" content=\"fr_FR\" \/>\n<meta property=\"og:type\" content=\"article\" \/>\n<meta property=\"og:title\" content=\"Enqu\u00eate sur les pensions: l&#039;\u00e2ge moyen de d\u00e9part \u00e0 la retraite est \u00e0 63 ans, y compris pour les entrepreneurs. - Peoplesphere\" \/>\n<meta property=\"og:description\" content=\"Un nombre record de travailleurs prennent leur pension avant 65 ans. La tendance est invers\u00e9e pour les ind\u00e9pendants\u202f: l\u2019\u00e2ge moyen auquel les entrepreneurs cessent de travailler est pass\u00e9 de 63,1 \u00e0 63,6\u202fans l\u2019ann\u00e9e derni\u00e8re. C\u2019est ce que r\u00e9v\u00e8le l\u2019enqu\u00eate annuelle [&hellip;]\" \/>\n<meta property=\"og:url\" content=\"https:\/\/peoplesphere.be\/fr\/enquete-sur-les-pensions-lage-moyen-de-depart-a-la-retraite-est-a-63-ans-y-compris-pour-les-entrepreneurs\/\" \/>\n<meta property=\"og:site_name\" content=\"Peoplesphere\" \/>\n<meta property=\"article:publisher\" content=\"https:\/\/www.facebook.com\/peoplesphere\" \/>\n<meta property=\"article:published_time\" content=\"2025-02-24T09:59:50+00:00\" \/>\n<meta property=\"og:image\" content=\"http:\/\/www.peoplesphere.be\/fr\/wp-content\/uploads\/2016\/07\/facebook-default-posting-1200x628px.jpg\" \/>\n<meta name=\"author\" content=\"Jean-Paul Erhard\" \/>\n<meta name=\"twitter:card\" content=\"summary_large_image\" \/>\n<meta name=\"twitter:creator\" content=\"@PeoplesphereMag\" \/>\n<meta name=\"twitter:site\" content=\"@PeoplesphereMag\" \/>\n<meta name=\"twitter:label1\" content=\"\u00c9crit par\" \/>\n\t<meta name=\"twitter:data1\" content=\"Jean-Paul Erhard\" \/>\n\t<meta name=\"twitter:label2\" content=\"Dur\u00e9e de lecture estim\u00e9e\" \/>\n\t<meta name=\"twitter:data2\" content=\"6 minutes\" \/>\n<script type=\"application\/ld+json\" class=\"yoast-schema-graph\">{\"@context\":\"https:\/\/schema.org\",\"@graph\":[{\"@type\":\"Article\",\"@id\":\"https:\/\/peoplesphere.be\/fr\/enquete-sur-les-pensions-lage-moyen-de-depart-a-la-retraite-est-a-63-ans-y-compris-pour-les-entrepreneurs\/#article\",\"isPartOf\":{\"@id\":\"https:\/\/peoplesphere.be\/fr\/enquete-sur-les-pensions-lage-moyen-de-depart-a-la-retraite-est-a-63-ans-y-compris-pour-les-entrepreneurs\/\"},\"author\":{\"name\":\"Jean-Paul Erhard\",\"@id\":\"https:\/\/peoplesphere.be\/fr\/#\/schema\/person\/7976225ff17988604334abb7b3536a7e\"},\"headline\":\"Enqu\u00eate sur les pensions: l&rsquo;\u00e2ge moyen de d\u00e9part \u00e0 la retraite est \u00e0 63 ans, y compris pour les entrepreneurs.\",\"datePublished\":\"2025-02-24T09:59:50+00:00\",\"dateModified\":\"2025-02-24T09:59:50+00:00\",\"mainEntityOfPage\":{\"@id\":\"https:\/\/peoplesphere.be\/fr\/enquete-sur-les-pensions-lage-moyen-de-depart-a-la-retraite-est-a-63-ans-y-compris-pour-les-entrepreneurs\/\"},\"wordCount\":1172,\"publisher\":{\"@id\":\"https:\/\/peoplesphere.be\/fr\/#organization\"},\"keywords\":[\"\u00e2ge moyen\",\"bien-\u00eatre\",\"ind\u00e9pendants\",\"pensions\",\"retraite\",\"Sant\u00e9\"],\"articleSection\":[\"Actualit\u00e9s\",\"Digital\"],\"inLanguage\":\"fr-FR\"},{\"@type\":\"WebPage\",\"@id\":\"https:\/\/peoplesphere.be\/fr\/enquete-sur-les-pensions-lage-moyen-de-depart-a-la-retraite-est-a-63-ans-y-compris-pour-les-entrepreneurs\/\",\"url\":\"https:\/\/peoplesphere.be\/fr\/enquete-sur-les-pensions-lage-moyen-de-depart-a-la-retraite-est-a-63-ans-y-compris-pour-les-entrepreneurs\/\",\"name\":\"Enqu\u00eate sur les pensions: l'\u00e2ge moyen de d\u00e9part \u00e0 la retraite est \u00e0 63 ans, y compris pour les entrepreneurs. - Peoplesphere\",\"isPartOf\":{\"@id\":\"https:\/\/peoplesphere.be\/fr\/#website\"},\"datePublished\":\"2025-02-24T09:59:50+00:00\",\"dateModified\":\"2025-02-24T09:59:50+00:00\",\"breadcrumb\":{\"@id\":\"https:\/\/peoplesphere.be\/fr\/enquete-sur-les-pensions-lage-moyen-de-depart-a-la-retraite-est-a-63-ans-y-compris-pour-les-entrepreneurs\/#breadcrumb\"},\"inLanguage\":\"fr-FR\",\"potentialAction\":[{\"@type\":\"ReadAction\",\"target\":[\"https:\/\/peoplesphere.be\/fr\/enquete-sur-les-pensions-lage-moyen-de-depart-a-la-retraite-est-a-63-ans-y-compris-pour-les-entrepreneurs\/\"]}]},{\"@type\":\"BreadcrumbList\",\"@id\":\"https:\/\/peoplesphere.be\/fr\/enquete-sur-les-pensions-lage-moyen-de-depart-a-la-retraite-est-a-63-ans-y-compris-pour-les-entrepreneurs\/#breadcrumb\",\"itemListElement\":[{\"@type\":\"ListItem\",\"position\":1,\"name\":\"Accueil\",\"item\":\"https:\/\/peoplesphere.be\/fr\/\"},{\"@type\":\"ListItem\",\"position\":2,\"name\":\"Enqu\u00eate sur les pensions: l&rsquo;\u00e2ge moyen de d\u00e9part \u00e0 la retraite est \u00e0 63 ans, y compris pour les entrepreneurs.\"}]},{\"@type\":\"WebSite\",\"@id\":\"https:\/\/peoplesphere.be\/fr\/#website\",\"url\":\"https:\/\/peoplesphere.be\/fr\/\",\"name\":\"Peoplesphere\",\"description\":\"The People Managers Magazine\",\"publisher\":{\"@id\":\"https:\/\/peoplesphere.be\/fr\/#organization\"},\"potentialAction\":[{\"@type\":\"SearchAction\",\"target\":{\"@type\":\"EntryPoint\",\"urlTemplate\":\"https:\/\/peoplesphere.be\/fr\/?s={search_term_string}\"},\"query-input\":\"required name=search_term_string\"}],\"inLanguage\":\"fr-FR\"},{\"@type\":\"Organization\",\"@id\":\"https:\/\/peoplesphere.be\/fr\/#organization\",\"name\":\"Peoplesphere Company srl\",\"url\":\"https:\/\/peoplesphere.be\/fr\/\",\"logo\":{\"@type\":\"ImageObject\",\"inLanguage\":\"fr-FR\",\"@id\":\"https:\/\/peoplesphere.be\/fr\/#\/schema\/logo\/image\/\",\"url\":\"https:\/\/peoplesphere.be\/fr\/wp-content\/uploads\/2023\/07\/peoplesphere-lgo-new-generik.jpg\",\"contentUrl\":\"https:\/\/peoplesphere.be\/fr\/wp-content\/uploads\/2023\/07\/peoplesphere-lgo-new-generik.jpg\",\"width\":1031,\"height\":1479,\"caption\":\"Peoplesphere Company srl\"},\"image\":{\"@id\":\"https:\/\/peoplesphere.be\/fr\/#\/schema\/logo\/image\/\"},\"sameAs\":[\"https:\/\/www.facebook.com\/peoplesphere\",\"https:\/\/twitter.com\/PeoplesphereMag\",\"https:\/\/www.linkedin.com\/company\/7587361?trk\",\"http:\/\/youtube.com\/peoplesphere\"]},{\"@type\":\"Person\",\"@id\":\"https:\/\/peoplesphere.be\/fr\/#\/schema\/person\/7976225ff17988604334abb7b3536a7e\",\"name\":\"Jean-Paul Erhard\",\"image\":{\"@type\":\"ImageObject\",\"inLanguage\":\"fr-FR\",\"@id\":\"https:\/\/peoplesphere.be\/fr\/#\/schema\/person\/image\/\",\"url\":\"https:\/\/secure.gravatar.com\/avatar\/f941e681460179738071629a51574930?s=96&d=mm&r=g\",\"contentUrl\":\"https:\/\/secure.gravatar.com\/avatar\/f941e681460179738071629a51574930?s=96&d=mm&r=g\",\"caption\":\"Jean-Paul Erhard\"},\"url\":\"https:\/\/peoplesphere.be\/fr\/author\/jpe\/\"}]}<\/script>\n<!-- \/ Yoast SEO plugin. -->","yoast_head_json":{"title":"Enqu\u00eate sur les pensions: l'\u00e2ge moyen de d\u00e9part \u00e0 la retraite est \u00e0 63 ans, y compris pour les entrepreneurs. - Peoplesphere","robots":{"index":"index","follow":"follow","max-snippet":"max-snippet:-1","max-image-preview":"max-image-preview:large","max-video-preview":"max-video-preview:-1"},"canonical":"https:\/\/peoplesphere.be\/fr\/enquete-sur-les-pensions-lage-moyen-de-depart-a-la-retraite-est-a-63-ans-y-compris-pour-les-entrepreneurs\/","og_locale":"fr_FR","og_type":"article","og_title":"Enqu\u00eate sur les pensions: l'\u00e2ge moyen de d\u00e9part \u00e0 la retraite est \u00e0 63 ans, y compris pour les entrepreneurs. - Peoplesphere","og_description":"Un nombre record de travailleurs prennent leur pension avant 65 ans. La tendance est invers\u00e9e pour les ind\u00e9pendants\u202f: l\u2019\u00e2ge moyen auquel les entrepreneurs cessent de travailler est pass\u00e9 de 63,1 \u00e0 63,6\u202fans l\u2019ann\u00e9e derni\u00e8re. C\u2019est ce que r\u00e9v\u00e8le l\u2019enqu\u00eate annuelle [&hellip;]","og_url":"https:\/\/peoplesphere.be\/fr\/enquete-sur-les-pensions-lage-moyen-de-depart-a-la-retraite-est-a-63-ans-y-compris-pour-les-entrepreneurs\/","og_site_name":"Peoplesphere","article_publisher":"https:\/\/www.facebook.com\/peoplesphere","article_published_time":"2025-02-24T09:59:50+00:00","og_image":[{"url":"http:\/\/www.peoplesphere.be\/fr\/wp-content\/uploads\/2016\/07\/facebook-default-posting-1200x628px.jpg"}],"author":"Jean-Paul Erhard","twitter_card":"summary_large_image","twitter_creator":"@PeoplesphereMag","twitter_site":"@PeoplesphereMag","twitter_misc":{"\u00c9crit par":"Jean-Paul Erhard","Dur\u00e9e de lecture estim\u00e9e":"6 minutes"},"schema":{"@context":"https:\/\/schema.org","@graph":[{"@type":"Article","@id":"https:\/\/peoplesphere.be\/fr\/enquete-sur-les-pensions-lage-moyen-de-depart-a-la-retraite-est-a-63-ans-y-compris-pour-les-entrepreneurs\/#article","isPartOf":{"@id":"https:\/\/peoplesphere.be\/fr\/enquete-sur-les-pensions-lage-moyen-de-depart-a-la-retraite-est-a-63-ans-y-compris-pour-les-entrepreneurs\/"},"author":{"name":"Jean-Paul Erhard","@id":"https:\/\/peoplesphere.be\/fr\/#\/schema\/person\/7976225ff17988604334abb7b3536a7e"},"headline":"Enqu\u00eate sur les pensions: l&rsquo;\u00e2ge moyen de d\u00e9part \u00e0 la retraite est \u00e0 63 ans, y compris pour les entrepreneurs.","datePublished":"2025-02-24T09:59:50+00:00","dateModified":"2025-02-24T09:59:50+00:00","mainEntityOfPage":{"@id":"https:\/\/peoplesphere.be\/fr\/enquete-sur-les-pensions-lage-moyen-de-depart-a-la-retraite-est-a-63-ans-y-compris-pour-les-entrepreneurs\/"},"wordCount":1172,"publisher":{"@id":"https:\/\/peoplesphere.be\/fr\/#organization"},"keywords":["\u00e2ge moyen","bien-\u00eatre","ind\u00e9pendants","pensions","retraite","Sant\u00e9"],"articleSection":["Actualit\u00e9s","Digital"],"inLanguage":"fr-FR"},{"@type":"WebPage","@id":"https:\/\/peoplesphere.be\/fr\/enquete-sur-les-pensions-lage-moyen-de-depart-a-la-retraite-est-a-63-ans-y-compris-pour-les-entrepreneurs\/","url":"https:\/\/peoplesphere.be\/fr\/enquete-sur-les-pensions-lage-moyen-de-depart-a-la-retraite-est-a-63-ans-y-compris-pour-les-entrepreneurs\/","name":"Enqu\u00eate sur les pensions: l'\u00e2ge moyen de d\u00e9part \u00e0 la retraite est \u00e0 63 ans, y compris pour les entrepreneurs. - Peoplesphere","isPartOf":{"@id":"https:\/\/peoplesphere.be\/fr\/#website"},"datePublished":"2025-02-24T09:59:50+00:00","dateModified":"2025-02-24T09:59:50+00:00","breadcrumb":{"@id":"https:\/\/peoplesphere.be\/fr\/enquete-sur-les-pensions-lage-moyen-de-depart-a-la-retraite-est-a-63-ans-y-compris-pour-les-entrepreneurs\/#breadcrumb"},"inLanguage":"fr-FR","potentialAction":[{"@type":"ReadAction","target":["https:\/\/peoplesphere.be\/fr\/enquete-sur-les-pensions-lage-moyen-de-depart-a-la-retraite-est-a-63-ans-y-compris-pour-les-entrepreneurs\/"]}]},{"@type":"BreadcrumbList","@id":"https:\/\/peoplesphere.be\/fr\/enquete-sur-les-pensions-lage-moyen-de-depart-a-la-retraite-est-a-63-ans-y-compris-pour-les-entrepreneurs\/#breadcrumb","itemListElement":[{"@type":"ListItem","position":1,"name":"Accueil","item":"https:\/\/peoplesphere.be\/fr\/"},{"@type":"ListItem","position":2,"name":"Enqu\u00eate sur les pensions: l&rsquo;\u00e2ge moyen de d\u00e9part \u00e0 la retraite est \u00e0 63 ans, y compris pour les entrepreneurs."}]},{"@type":"WebSite","@id":"https:\/\/peoplesphere.be\/fr\/#website","url":"https:\/\/peoplesphere.be\/fr\/","name":"Peoplesphere","description":"The People Managers Magazine","publisher":{"@id":"https:\/\/peoplesphere.be\/fr\/#organization"},"potentialAction":[{"@type":"SearchAction","target":{"@type":"EntryPoint","urlTemplate":"https:\/\/peoplesphere.be\/fr\/?s={search_term_string}"},"query-input":"required name=search_term_string"}],"inLanguage":"fr-FR"},{"@type":"Organization","@id":"https:\/\/peoplesphere.be\/fr\/#organization","name":"Peoplesphere Company srl","url":"https:\/\/peoplesphere.be\/fr\/","logo":{"@type":"ImageObject","inLanguage":"fr-FR","@id":"https:\/\/peoplesphere.be\/fr\/#\/schema\/logo\/image\/","url":"https:\/\/peoplesphere.be\/fr\/wp-content\/uploads\/2023\/07\/peoplesphere-lgo-new-generik.jpg","contentUrl":"https:\/\/peoplesphere.be\/fr\/wp-content\/uploads\/2023\/07\/peoplesphere-lgo-new-generik.jpg","width":1031,"height":1479,"caption":"Peoplesphere Company srl"},"image":{"@id":"https:\/\/peoplesphere.be\/fr\/#\/schema\/logo\/image\/"},"sameAs":["https:\/\/www.facebook.com\/peoplesphere","https:\/\/twitter.com\/PeoplesphereMag","https:\/\/www.linkedin.com\/company\/7587361?trk","http:\/\/youtube.com\/peoplesphere"]},{"@type":"Person","@id":"https:\/\/peoplesphere.be\/fr\/#\/schema\/person\/7976225ff17988604334abb7b3536a7e","name":"Jean-Paul Erhard","image":{"@type":"ImageObject","inLanguage":"fr-FR","@id":"https:\/\/peoplesphere.be\/fr\/#\/schema\/person\/image\/","url":"https:\/\/secure.gravatar.com\/avatar\/f941e681460179738071629a51574930?s=96&d=mm&r=g","contentUrl":"https:\/\/secure.gravatar.com\/avatar\/f941e681460179738071629a51574930?s=96&d=mm&r=g","caption":"Jean-Paul Erhard"},"url":"https:\/\/peoplesphere.be\/fr\/author\/jpe\/"}]}},"_links":{"self":[{"href":"https:\/\/peoplesphere.be\/fr\/wp-json\/wp\/v2\/posts\/17406"}],"collection":[{"href":"https:\/\/peoplesphere.be\/fr\/wp-json\/wp\/v2\/posts"}],"about":[{"href":"https:\/\/peoplesphere.be\/fr\/wp-json\/wp\/v2\/types\/post"}],"author":[{"embeddable":true,"href":"https:\/\/peoplesphere.be\/fr\/wp-json\/wp\/v2\/users\/2"}],"replies":[{"embeddable":true,"href":"https:\/\/peoplesphere.be\/fr\/wp-json\/wp\/v2\/comments?post=17406"}],"version-history":[{"count":1,"href":"https:\/\/peoplesphere.be\/fr\/wp-json\/wp\/v2\/posts\/17406\/revisions"}],"predecessor-version":[{"id":17407,"href":"https:\/\/peoplesphere.be\/fr\/wp-json\/wp\/v2\/posts\/17406\/revisions\/17407"}],"wp:attachment":[{"href":"https:\/\/peoplesphere.be\/fr\/wp-json\/wp\/v2\/media?parent=17406"}],"wp:term":[{"taxonomy":"category","embeddable":true,"href":"https:\/\/peoplesphere.be\/fr\/wp-json\/wp\/v2\/categories?post=17406"},{"taxonomy":"post_tag","embeddable":true,"href":"https:\/\/peoplesphere.be\/fr\/wp-json\/wp\/v2\/tags?post=17406"}],"curies":[{"name":"wp","href":"https:\/\/api.w.org\/{rel}","templated":true}]}}