









{"id":17415,"date":"2025-02-25T15:52:06","date_gmt":"2025-02-25T13:52:06","guid":{"rendered":"https:\/\/peoplesphere.be\/fr\/?p=17415"},"modified":"2025-02-25T15:52:06","modified_gmt":"2025-02-25T13:52:06","slug":"debut-dannee-difficile-dans-lactivite-interimaire-en-recul-depuis-plusieurs-mois","status":"publish","type":"post","link":"https:\/\/peoplesphere.be\/fr\/debut-dannee-difficile-dans-lactivite-interimaire-en-recul-depuis-plusieurs-mois\/","title":{"rendered":"D\u00e9but d&rsquo;ann\u00e9e difficile dans l&rsquo;activit\u00e9 int\u00e9rimaire en recul depuis plusieurs mois."},"content":{"rendered":"<p>Au mois de janvier 2025, le nombre d\u2019heures d\u2019int\u00e9rim prest\u00e9es a diminu\u00e9 de -0,87% par rapport au mois pr\u00e9c\u00e9dent (en donn\u00e9es corrig\u00e9es des variations saisonni\u00e8res et des effets de calendrier). Ce chiffre r\u00e9sulte d\u2019une \u00e9volution n\u00e9gative dans les deux segments: le nombre d\u2019heures prest\u00e9es a diminu\u00e9 de -0,96% du c\u00f4t\u00e9 des employ\u00e9s et de -0,24% du c\u00f4t\u00e9 des ouvriers.<!--more--><\/p>\n<p>Par rapport au mois de janvier de l\u2019ann\u00e9e pr\u00e9c\u00e9dente, le secteur de l\u2019int\u00e9rim affiche une baisse de -3,02%. Ce chiffre r\u00e9sulte d\u2019une diminution de -4,31% dans le segment des employ\u00e9s, et de -1,99% dans le segment des ouvriers.<\/p>\n<p>L\u2019indice Federgon a atteint 88,60 points en janvier 2025 contre 89,3 points le mois pr\u00e9c\u00e9dent. Cet indice rend compte du niveau de l\u2019activit\u00e9 au cours du mois \u00e9tudi\u00e9 par rapport au mois de janvier 2007 (base 100), en chiffres d\u00e9saisonnalis\u00e9s.<\/p>\n<p><em>\u00ab\u00a0L&rsquo;activit\u00e9 int\u00e9rimaire continue de reculer au d\u00e9but de 2025. La tendance des derniers mois, \u00e0 savoir une baisse plus mod\u00e9r\u00e9e chez les ouvriers que chez les employ\u00e9s, se poursuit \u00e9galement. En outre, la Wallonie se distingue par des performances relativement meilleures.<\/em>\u00a0\u00bb explique Paul Verschueren, Directeur Research &amp; Economic Affairs @Federgon.<\/p>\n","protected":false},"excerpt":{"rendered":"<p>Au mois de janvier 2025, le nombre d\u2019heures d\u2019int\u00e9rim prest\u00e9es a diminu\u00e9 de -0,87% par rapport au mois pr\u00e9c\u00e9dent (en donn\u00e9es corrig\u00e9es des variations saisonni\u00e8res et des effets de calendrier). Ce chiffre r\u00e9sulte d\u2019une \u00e9volution n\u00e9gative dans les deux segments: [&hellip;]<\/p>\n","protected":false},"author":2,"featured_media":0,"comment_status":"closed","ping_status":"open","sticky":false,"template":"","format":"standard","meta":[],"categories":[65,10],"tags":[198,12,585],"yoast_head":"<!-- This site is optimized with the Yoast SEO plugin v21.0 - https:\/\/yoast.com\/wordpress\/plugins\/seo\/ -->\n<title>D\u00e9but d&#039;ann\u00e9e difficile dans l&#039;activit\u00e9 int\u00e9rimaire en recul depuis plusieurs mois. - Peoplesphere<\/title>\n<meta name=\"robots\" content=\"index, follow, max-snippet:-1, max-image-preview:large, max-video-preview:-1\" \/>\n<link rel=\"canonical\" href=\"https:\/\/peoplesphere.be\/fr\/debut-dannee-difficile-dans-lactivite-interimaire-en-recul-depuis-plusieurs-mois\/\" \/>\n<meta property=\"og:locale\" content=\"fr_FR\" \/>\n<meta property=\"og:type\" content=\"article\" \/>\n<meta property=\"og:title\" content=\"D\u00e9but d&#039;ann\u00e9e difficile dans l&#039;activit\u00e9 int\u00e9rimaire en recul depuis plusieurs mois. - Peoplesphere\" \/>\n<meta property=\"og:description\" content=\"Au mois de janvier 2025, le nombre d\u2019heures d\u2019int\u00e9rim prest\u00e9es a diminu\u00e9 de -0,87% par rapport au mois pr\u00e9c\u00e9dent (en donn\u00e9es corrig\u00e9es des variations saisonni\u00e8res et des effets de calendrier). Ce chiffre r\u00e9sulte d\u2019une \u00e9volution n\u00e9gative dans les deux segments: [&hellip;]\" \/>\n<meta property=\"og:url\" content=\"https:\/\/peoplesphere.be\/fr\/debut-dannee-difficile-dans-lactivite-interimaire-en-recul-depuis-plusieurs-mois\/\" \/>\n<meta property=\"og:site_name\" content=\"Peoplesphere\" \/>\n<meta property=\"article:publisher\" content=\"https:\/\/www.facebook.com\/peoplesphere\" \/>\n<meta property=\"article:published_time\" content=\"2025-02-25T13:52:06+00:00\" \/>\n<meta property=\"og:image\" content=\"http:\/\/www.peoplesphere.be\/fr\/wp-content\/uploads\/2016\/07\/facebook-default-posting-1200x628px.jpg\" \/>\n<meta name=\"author\" content=\"Jean-Paul Erhard\" \/>\n<meta name=\"twitter:card\" content=\"summary_large_image\" \/>\n<meta name=\"twitter:creator\" content=\"@PeoplesphereMag\" \/>\n<meta name=\"twitter:site\" content=\"@PeoplesphereMag\" \/>\n<meta name=\"twitter:label1\" content=\"\u00c9crit par\" \/>\n\t<meta name=\"twitter:data1\" content=\"Jean-Paul Erhard\" \/>\n\t<meta name=\"twitter:label2\" content=\"Dur\u00e9e de lecture estim\u00e9e\" \/>\n\t<meta name=\"twitter:data2\" content=\"1 minute\" \/>\n<script type=\"application\/ld+json\" class=\"yoast-schema-graph\">{\"@context\":\"https:\/\/schema.org\",\"@graph\":[{\"@type\":\"Article\",\"@id\":\"https:\/\/peoplesphere.be\/fr\/debut-dannee-difficile-dans-lactivite-interimaire-en-recul-depuis-plusieurs-mois\/#article\",\"isPartOf\":{\"@id\":\"https:\/\/peoplesphere.be\/fr\/debut-dannee-difficile-dans-lactivite-interimaire-en-recul-depuis-plusieurs-mois\/\"},\"author\":{\"name\":\"Jean-Paul Erhard\",\"@id\":\"https:\/\/peoplesphere.be\/fr\/#\/schema\/person\/7976225ff17988604334abb7b3536a7e\"},\"headline\":\"D\u00e9but d&rsquo;ann\u00e9e difficile dans l&rsquo;activit\u00e9 int\u00e9rimaire en recul depuis plusieurs mois.\",\"datePublished\":\"2025-02-25T13:52:06+00:00\",\"dateModified\":\"2025-02-25T13:52:06+00:00\",\"mainEntityOfPage\":{\"@id\":\"https:\/\/peoplesphere.be\/fr\/debut-dannee-difficile-dans-lactivite-interimaire-en-recul-depuis-plusieurs-mois\/\"},\"wordCount\":230,\"publisher\":{\"@id\":\"https:\/\/peoplesphere.be\/fr\/#organization\"},\"keywords\":[\"federgon\",\"int\u00e9rim\",\"march\u00e9 du travail\"],\"articleSection\":[\"Actualit\u00e9s\",\"Digital\"],\"inLanguage\":\"fr-FR\"},{\"@type\":\"WebPage\",\"@id\":\"https:\/\/peoplesphere.be\/fr\/debut-dannee-difficile-dans-lactivite-interimaire-en-recul-depuis-plusieurs-mois\/\",\"url\":\"https:\/\/peoplesphere.be\/fr\/debut-dannee-difficile-dans-lactivite-interimaire-en-recul-depuis-plusieurs-mois\/\",\"name\":\"D\u00e9but d'ann\u00e9e difficile dans l'activit\u00e9 int\u00e9rimaire en recul depuis plusieurs mois. - Peoplesphere\",\"isPartOf\":{\"@id\":\"https:\/\/peoplesphere.be\/fr\/#website\"},\"datePublished\":\"2025-02-25T13:52:06+00:00\",\"dateModified\":\"2025-02-25T13:52:06+00:00\",\"breadcrumb\":{\"@id\":\"https:\/\/peoplesphere.be\/fr\/debut-dannee-difficile-dans-lactivite-interimaire-en-recul-depuis-plusieurs-mois\/#breadcrumb\"},\"inLanguage\":\"fr-FR\",\"potentialAction\":[{\"@type\":\"ReadAction\",\"target\":[\"https:\/\/peoplesphere.be\/fr\/debut-dannee-difficile-dans-lactivite-interimaire-en-recul-depuis-plusieurs-mois\/\"]}]},{\"@type\":\"BreadcrumbList\",\"@id\":\"https:\/\/peoplesphere.be\/fr\/debut-dannee-difficile-dans-lactivite-interimaire-en-recul-depuis-plusieurs-mois\/#breadcrumb\",\"itemListElement\":[{\"@type\":\"ListItem\",\"position\":1,\"name\":\"Accueil\",\"item\":\"https:\/\/peoplesphere.be\/fr\/\"},{\"@type\":\"ListItem\",\"position\":2,\"name\":\"D\u00e9but d&rsquo;ann\u00e9e difficile dans l&rsquo;activit\u00e9 int\u00e9rimaire en recul depuis plusieurs mois.\"}]},{\"@type\":\"WebSite\",\"@id\":\"https:\/\/peoplesphere.be\/fr\/#website\",\"url\":\"https:\/\/peoplesphere.be\/fr\/\",\"name\":\"Peoplesphere\",\"description\":\"The People Managers Magazine\",\"publisher\":{\"@id\":\"https:\/\/peoplesphere.be\/fr\/#organization\"},\"potentialAction\":[{\"@type\":\"SearchAction\",\"target\":{\"@type\":\"EntryPoint\",\"urlTemplate\":\"https:\/\/peoplesphere.be\/fr\/?s={search_term_string}\"},\"query-input\":\"required name=search_term_string\"}],\"inLanguage\":\"fr-FR\"},{\"@type\":\"Organization\",\"@id\":\"https:\/\/peoplesphere.be\/fr\/#organization\",\"name\":\"Peoplesphere Company srl\",\"url\":\"https:\/\/peoplesphere.be\/fr\/\",\"logo\":{\"@type\":\"ImageObject\",\"inLanguage\":\"fr-FR\",\"@id\":\"https:\/\/peoplesphere.be\/fr\/#\/schema\/logo\/image\/\",\"url\":\"https:\/\/peoplesphere.be\/fr\/wp-content\/uploads\/2023\/07\/peoplesphere-lgo-new-generik.jpg\",\"contentUrl\":\"https:\/\/peoplesphere.be\/fr\/wp-content\/uploads\/2023\/07\/peoplesphere-lgo-new-generik.jpg\",\"width\":1031,\"height\":1479,\"caption\":\"Peoplesphere Company srl\"},\"image\":{\"@id\":\"https:\/\/peoplesphere.be\/fr\/#\/schema\/logo\/image\/\"},\"sameAs\":[\"https:\/\/www.facebook.com\/peoplesphere\",\"https:\/\/twitter.com\/PeoplesphereMag\",\"https:\/\/www.linkedin.com\/company\/7587361?trk\",\"http:\/\/youtube.com\/peoplesphere\"]},{\"@type\":\"Person\",\"@id\":\"https:\/\/peoplesphere.be\/fr\/#\/schema\/person\/7976225ff17988604334abb7b3536a7e\",\"name\":\"Jean-Paul Erhard\",\"image\":{\"@type\":\"ImageObject\",\"inLanguage\":\"fr-FR\",\"@id\":\"https:\/\/peoplesphere.be\/fr\/#\/schema\/person\/image\/\",\"url\":\"https:\/\/secure.gravatar.com\/avatar\/f941e681460179738071629a51574930?s=96&d=mm&r=g\",\"contentUrl\":\"https:\/\/secure.gravatar.com\/avatar\/f941e681460179738071629a51574930?s=96&d=mm&r=g\",\"caption\":\"Jean-Paul Erhard\"},\"url\":\"https:\/\/peoplesphere.be\/fr\/author\/jpe\/\"}]}<\/script>\n<!-- \/ Yoast SEO plugin. -->","yoast_head_json":{"title":"D\u00e9but d'ann\u00e9e difficile dans l'activit\u00e9 int\u00e9rimaire en recul depuis plusieurs mois. - Peoplesphere","robots":{"index":"index","follow":"follow","max-snippet":"max-snippet:-1","max-image-preview":"max-image-preview:large","max-video-preview":"max-video-preview:-1"},"canonical":"https:\/\/peoplesphere.be\/fr\/debut-dannee-difficile-dans-lactivite-interimaire-en-recul-depuis-plusieurs-mois\/","og_locale":"fr_FR","og_type":"article","og_title":"D\u00e9but d'ann\u00e9e difficile dans l'activit\u00e9 int\u00e9rimaire en recul depuis plusieurs mois. - Peoplesphere","og_description":"Au mois de janvier 2025, le nombre d\u2019heures d\u2019int\u00e9rim prest\u00e9es a diminu\u00e9 de -0,87% par rapport au mois pr\u00e9c\u00e9dent (en donn\u00e9es corrig\u00e9es des variations saisonni\u00e8res et des effets de calendrier). Ce chiffre r\u00e9sulte d\u2019une \u00e9volution n\u00e9gative dans les deux segments: [&hellip;]","og_url":"https:\/\/peoplesphere.be\/fr\/debut-dannee-difficile-dans-lactivite-interimaire-en-recul-depuis-plusieurs-mois\/","og_site_name":"Peoplesphere","article_publisher":"https:\/\/www.facebook.com\/peoplesphere","article_published_time":"2025-02-25T13:52:06+00:00","og_image":[{"url":"http:\/\/www.peoplesphere.be\/fr\/wp-content\/uploads\/2016\/07\/facebook-default-posting-1200x628px.jpg"}],"author":"Jean-Paul Erhard","twitter_card":"summary_large_image","twitter_creator":"@PeoplesphereMag","twitter_site":"@PeoplesphereMag","twitter_misc":{"\u00c9crit par":"Jean-Paul Erhard","Dur\u00e9e de lecture estim\u00e9e":"1 minute"},"schema":{"@context":"https:\/\/schema.org","@graph":[{"@type":"Article","@id":"https:\/\/peoplesphere.be\/fr\/debut-dannee-difficile-dans-lactivite-interimaire-en-recul-depuis-plusieurs-mois\/#article","isPartOf":{"@id":"https:\/\/peoplesphere.be\/fr\/debut-dannee-difficile-dans-lactivite-interimaire-en-recul-depuis-plusieurs-mois\/"},"author":{"name":"Jean-Paul Erhard","@id":"https:\/\/peoplesphere.be\/fr\/#\/schema\/person\/7976225ff17988604334abb7b3536a7e"},"headline":"D\u00e9but d&rsquo;ann\u00e9e difficile dans l&rsquo;activit\u00e9 int\u00e9rimaire en recul depuis plusieurs mois.","datePublished":"2025-02-25T13:52:06+00:00","dateModified":"2025-02-25T13:52:06+00:00","mainEntityOfPage":{"@id":"https:\/\/peoplesphere.be\/fr\/debut-dannee-difficile-dans-lactivite-interimaire-en-recul-depuis-plusieurs-mois\/"},"wordCount":230,"publisher":{"@id":"https:\/\/peoplesphere.be\/fr\/#organization"},"keywords":["federgon","int\u00e9rim","march\u00e9 du travail"],"articleSection":["Actualit\u00e9s","Digital"],"inLanguage":"fr-FR"},{"@type":"WebPage","@id":"https:\/\/peoplesphere.be\/fr\/debut-dannee-difficile-dans-lactivite-interimaire-en-recul-depuis-plusieurs-mois\/","url":"https:\/\/peoplesphere.be\/fr\/debut-dannee-difficile-dans-lactivite-interimaire-en-recul-depuis-plusieurs-mois\/","name":"D\u00e9but d'ann\u00e9e difficile dans l'activit\u00e9 int\u00e9rimaire en recul depuis plusieurs mois. - Peoplesphere","isPartOf":{"@id":"https:\/\/peoplesphere.be\/fr\/#website"},"datePublished":"2025-02-25T13:52:06+00:00","dateModified":"2025-02-25T13:52:06+00:00","breadcrumb":{"@id":"https:\/\/peoplesphere.be\/fr\/debut-dannee-difficile-dans-lactivite-interimaire-en-recul-depuis-plusieurs-mois\/#breadcrumb"},"inLanguage":"fr-FR","potentialAction":[{"@type":"ReadAction","target":["https:\/\/peoplesphere.be\/fr\/debut-dannee-difficile-dans-lactivite-interimaire-en-recul-depuis-plusieurs-mois\/"]}]},{"@type":"BreadcrumbList","@id":"https:\/\/peoplesphere.be\/fr\/debut-dannee-difficile-dans-lactivite-interimaire-en-recul-depuis-plusieurs-mois\/#breadcrumb","itemListElement":[{"@type":"ListItem","position":1,"name":"Accueil","item":"https:\/\/peoplesphere.be\/fr\/"},{"@type":"ListItem","position":2,"name":"D\u00e9but d&rsquo;ann\u00e9e difficile dans l&rsquo;activit\u00e9 int\u00e9rimaire en recul depuis plusieurs mois."}]},{"@type":"WebSite","@id":"https:\/\/peoplesphere.be\/fr\/#website","url":"https:\/\/peoplesphere.be\/fr\/","name":"Peoplesphere","description":"The People Managers Magazine","publisher":{"@id":"https:\/\/peoplesphere.be\/fr\/#organization"},"potentialAction":[{"@type":"SearchAction","target":{"@type":"EntryPoint","urlTemplate":"https:\/\/peoplesphere.be\/fr\/?s={search_term_string}"},"query-input":"required name=search_term_string"}],"inLanguage":"fr-FR"},{"@type":"Organization","@id":"https:\/\/peoplesphere.be\/fr\/#organization","name":"Peoplesphere Company srl","url":"https:\/\/peoplesphere.be\/fr\/","logo":{"@type":"ImageObject","inLanguage":"fr-FR","@id":"https:\/\/peoplesphere.be\/fr\/#\/schema\/logo\/image\/","url":"https:\/\/peoplesphere.be\/fr\/wp-content\/uploads\/2023\/07\/peoplesphere-lgo-new-generik.jpg","contentUrl":"https:\/\/peoplesphere.be\/fr\/wp-content\/uploads\/2023\/07\/peoplesphere-lgo-new-generik.jpg","width":1031,"height":1479,"caption":"Peoplesphere Company srl"},"image":{"@id":"https:\/\/peoplesphere.be\/fr\/#\/schema\/logo\/image\/"},"sameAs":["https:\/\/www.facebook.com\/peoplesphere","https:\/\/twitter.com\/PeoplesphereMag","https:\/\/www.linkedin.com\/company\/7587361?trk","http:\/\/youtube.com\/peoplesphere"]},{"@type":"Person","@id":"https:\/\/peoplesphere.be\/fr\/#\/schema\/person\/7976225ff17988604334abb7b3536a7e","name":"Jean-Paul Erhard","image":{"@type":"ImageObject","inLanguage":"fr-FR","@id":"https:\/\/peoplesphere.be\/fr\/#\/schema\/person\/image\/","url":"https:\/\/secure.gravatar.com\/avatar\/f941e681460179738071629a51574930?s=96&d=mm&r=g","contentUrl":"https:\/\/secure.gravatar.com\/avatar\/f941e681460179738071629a51574930?s=96&d=mm&r=g","caption":"Jean-Paul Erhard"},"url":"https:\/\/peoplesphere.be\/fr\/author\/jpe\/"}]}},"_links":{"self":[{"href":"https:\/\/peoplesphere.be\/fr\/wp-json\/wp\/v2\/posts\/17415"}],"collection":[{"href":"https:\/\/peoplesphere.be\/fr\/wp-json\/wp\/v2\/posts"}],"about":[{"href":"https:\/\/peoplesphere.be\/fr\/wp-json\/wp\/v2\/types\/post"}],"author":[{"embeddable":true,"href":"https:\/\/peoplesphere.be\/fr\/wp-json\/wp\/v2\/users\/2"}],"replies":[{"embeddable":true,"href":"https:\/\/peoplesphere.be\/fr\/wp-json\/wp\/v2\/comments?post=17415"}],"version-history":[{"count":1,"href":"https:\/\/peoplesphere.be\/fr\/wp-json\/wp\/v2\/posts\/17415\/revisions"}],"predecessor-version":[{"id":17416,"href":"https:\/\/peoplesphere.be\/fr\/wp-json\/wp\/v2\/posts\/17415\/revisions\/17416"}],"wp:attachment":[{"href":"https:\/\/peoplesphere.be\/fr\/wp-json\/wp\/v2\/media?parent=17415"}],"wp:term":[{"taxonomy":"category","embeddable":true,"href":"https:\/\/peoplesphere.be\/fr\/wp-json\/wp\/v2\/categories?post=17415"},{"taxonomy":"post_tag","embeddable":true,"href":"https:\/\/peoplesphere.be\/fr\/wp-json\/wp\/v2\/tags?post=17415"}],"curies":[{"name":"wp","href":"https:\/\/api.w.org\/{rel}","templated":true}]}}