









{"id":17420,"date":"2025-02-26T09:21:58","date_gmt":"2025-02-26T07:21:58","guid":{"rendered":"https:\/\/peoplesphere.be\/fr\/?p=17420"},"modified":"2025-02-26T09:21:58","modified_gmt":"2025-02-26T07:21:58","slug":"les-recrutements-internationaux-en-belgique-connaissent-une-forte-hausse-les-entreprises-ciblent-la-genz-mais-aussi-la-generation-x","status":"publish","type":"post","link":"https:\/\/peoplesphere.be\/fr\/les-recrutements-internationaux-en-belgique-connaissent-une-forte-hausse-les-entreprises-ciblent-la-genz-mais-aussi-la-generation-x\/","title":{"rendered":"Les recrutements internationaux en Belgique connaissent une forte hausse : les entreprises ciblent la GenZ mais aussi la g\u00e9n\u00e9ration X."},"content":{"rendered":"<p>Dans son rapport &lsquo;State of Global Compensation Rapport 2024&rsquo;, la plateforme payroll\/HR Deel a analys\u00e9 plus de 1 million de contrats de travail de collaborateurs \u00e0 temps plein qu\u2019elle g\u00e8re pour plus de 35.000 clients dans plus de 150 pays. Ces donn\u00e9es fournissent des informations pr\u00e9cieuses sur l\u2019\u00e9volution de la r\u00e9mun\u00e9ration et des strat\u00e9gies de recrutement internationales et donnent un aper\u00e7u de la mani\u00e8re dont les entreprises belges g\u00e8rent l\u2019acquisition de talents dans un march\u00e9 du travail en mutation.<!--more--><\/p>\n<p>Le rapport montre que les entreprises belges ont attir\u00e9 beaucoup plus de talents internationaux en 2024. Alors qu\u2019au niveau mondial, l\u2019accent a \u00e9t\u00e9 mis davantage sur les recrutements nationaux (+104% de recrutements nationaux contre +42% de recrutements internationaux), le nombre de recrutements internationaux a augment\u00e9 de pas moins de 151% en Belgique. Curieusement, le nombre de recrutements nationaux en Belgique est rest\u00e9 stable.<\/p>\n<p>En particulier, la g\u00e9n\u00e9ration Z (+160%) et la g\u00e9n\u00e9ration X (+214%) ont \u00e9t\u00e9 recrut\u00e9es plus fr\u00e9quemment depuis l\u2019\u00e9tranger. Cela sugg\u00e8re une pr\u00e9f\u00e9rence croissante des entreprises belges pour les jeunes talents poss\u00e9dant des comp\u00e9tences num\u00e9riques, ainsi que pour les professionnels exp\u00e9riment\u00e9s qui apportent une expertise strat\u00e9gique suppl\u00e9mentaire aux entreprises.<\/p>\n<p><em>\u00ab\u00a0La g\u00e9n\u00e9ration Z apporte les comp\u00e9tences des natifs num\u00e9riques, privil\u00e9gie l\u2019objectif plut\u00f4t que le salaire et souhaite une personnalisation et un d\u00e9veloppement de carri\u00e8re sur le lieu de travail. Ces caract\u00e9ristiques se traduisent bien dans le cadre du travail distribu\u00e9, ce qui permet souvent un haut degr\u00e9 de personnalisation concernant le moment, le lieu et la fa\u00e7on dont les gens travaillent. Les organisations peuvent choyer ce groupe en leur offrant de la flexibilit\u00e9 tout en continuant \u00e0 investir dans leur d\u00e9veloppement et leur \u00e9volution de carri\u00e8re\u00a0\u00bb<\/em>, explique Alice Burks, Director of People Success chez Deel.<\/p>\n<h3><strong><em>Les salaires belges restent \u00e9lev\u00e9s par rapport aux pays voisins<\/em><\/strong><\/h3>\n<p>Le rapport confirme que la Belgique reste l\u2019un des march\u00e9s du travail les plus chers d\u2019Europe. Le co\u00fbt salarial annuel moyen par travailleur en Belgique s\u2019\u00e9l\u00e8ve \u00e0 92 964\u20ac, ce qui est nettement plus \u00e9lev\u00e9 qu\u2019aux Pays-Bas (81 934\u20ac), en France (70 958\u20ac) et en Allemagne (70 727\u20ac). Cela souligne les d\u00e9fis auxquels les employeurs belges sont confront\u00e9s pour rivaliser sur un march\u00e9 du travail international.<\/p>\n<p>En outre, il appara\u00eet que les travailleurs recrut\u00e9s \u00e0 l\u2019\u00e9tranger re\u00e7oivent g\u00e9n\u00e9ralement des salaires plus \u00e9lev\u00e9s que leurs coll\u00e8gues recrut\u00e9s localement. Cet \u00e9cart salarial varie selon les g\u00e9n\u00e9rations, mais est le plus marqu\u00e9 chez les millenials, groupe au sein duquel l\u2019\u00e9cart peut atteindre 14%.<\/p>\n<h3><strong><em>Les experts-comptables sont les nouveaux ing\u00e9nieurs logiciels<\/em><\/strong><\/h3>\n<p>Un autre constat frappant du rapport est la demande croissante d\u2019experts-comptables. En Wallonie, la fonction d\u2019expert-comptable figurait sur la liste des m\u00e9tiers en p\u00e9nurie du Forem en 2024.<\/p>\n<p>Cette tendance s\u2019inscrit dans un d\u00e9veloppement international plus large. Au niveau mondial, 74% d\u2019experts-comptables en plus ont \u00e9t\u00e9 recrut\u00e9s et les salaires ont augment\u00e9 de 15% en moyenne. Le besoin d\u2019expertise financi\u00e8re, conjugu\u00e9 \u00e0 un afflux d\u00e9croissant de nouveaux talents dans le secteur, rend les experts-comptables de plus en plus pr\u00e9cieux pour les entreprises, tout comme les ing\u00e9nieurs logiciels l\u2019ont \u00e9t\u00e9 au cours de la derni\u00e8re d\u00e9cennie.<\/p>\n","protected":false},"excerpt":{"rendered":"<p>Dans son rapport &lsquo;State of Global Compensation Rapport 2024&rsquo;, la plateforme payroll\/HR Deel a analys\u00e9 plus de 1 million de contrats de travail de collaborateurs \u00e0 temps plein qu\u2019elle g\u00e8re pour plus de 35.000 clients dans plus de 150 pays. [&hellip;]<\/p>\n","protected":false},"author":2,"featured_media":0,"comment_status":"closed","ping_status":"open","sticky":false,"template":"","format":"standard","meta":[],"categories":[65,10],"tags":[3654,3656,2102,72,374,108],"yoast_head":"<!-- This site is optimized with the Yoast SEO plugin v21.0 - https:\/\/yoast.com\/wordpress\/plugins\/seo\/ -->\n<title>Les recrutements internationaux en Belgique connaissent une forte hausse : les entreprises ciblent la GenZ mais aussi la g\u00e9n\u00e9ration X. - Peoplesphere<\/title>\n<meta name=\"robots\" content=\"index, follow, max-snippet:-1, max-image-preview:large, max-video-preview:-1\" \/>\n<link rel=\"canonical\" href=\"https:\/\/peoplesphere.be\/fr\/les-recrutements-internationaux-en-belgique-connaissent-une-forte-hausse-les-entreprises-ciblent-la-genz-mais-aussi-la-generation-x\/\" \/>\n<meta property=\"og:locale\" content=\"fr_FR\" \/>\n<meta property=\"og:type\" content=\"article\" \/>\n<meta property=\"og:title\" content=\"Les recrutements internationaux en Belgique connaissent une forte hausse : les entreprises ciblent la GenZ mais aussi la g\u00e9n\u00e9ration X. - Peoplesphere\" \/>\n<meta property=\"og:description\" content=\"Dans son rapport &lsquo;State of Global Compensation Rapport 2024&rsquo;, la plateforme payroll\/HR Deel a analys\u00e9 plus de 1 million de contrats de travail de collaborateurs \u00e0 temps plein qu\u2019elle g\u00e8re pour plus de 35.000 clients dans plus de 150 pays. [&hellip;]\" \/>\n<meta property=\"og:url\" content=\"https:\/\/peoplesphere.be\/fr\/les-recrutements-internationaux-en-belgique-connaissent-une-forte-hausse-les-entreprises-ciblent-la-genz-mais-aussi-la-generation-x\/\" \/>\n<meta property=\"og:site_name\" content=\"Peoplesphere\" \/>\n<meta property=\"article:publisher\" content=\"https:\/\/www.facebook.com\/peoplesphere\" \/>\n<meta property=\"article:published_time\" content=\"2025-02-26T07:21:58+00:00\" \/>\n<meta property=\"og:image\" content=\"http:\/\/www.peoplesphere.be\/fr\/wp-content\/uploads\/2016\/07\/facebook-default-posting-1200x628px.jpg\" \/>\n<meta name=\"author\" content=\"Jean-Paul Erhard\" \/>\n<meta name=\"twitter:card\" content=\"summary_large_image\" \/>\n<meta name=\"twitter:creator\" content=\"@PeoplesphereMag\" \/>\n<meta name=\"twitter:site\" content=\"@PeoplesphereMag\" \/>\n<meta name=\"twitter:label1\" content=\"\u00c9crit par\" \/>\n\t<meta name=\"twitter:data1\" content=\"Jean-Paul Erhard\" \/>\n\t<meta name=\"twitter:label2\" content=\"Dur\u00e9e de lecture estim\u00e9e\" \/>\n\t<meta name=\"twitter:data2\" content=\"3 minutes\" \/>\n<script type=\"application\/ld+json\" class=\"yoast-schema-graph\">{\"@context\":\"https:\/\/schema.org\",\"@graph\":[{\"@type\":\"Article\",\"@id\":\"https:\/\/peoplesphere.be\/fr\/les-recrutements-internationaux-en-belgique-connaissent-une-forte-hausse-les-entreprises-ciblent-la-genz-mais-aussi-la-generation-x\/#article\",\"isPartOf\":{\"@id\":\"https:\/\/peoplesphere.be\/fr\/les-recrutements-internationaux-en-belgique-connaissent-une-forte-hausse-les-entreprises-ciblent-la-genz-mais-aussi-la-generation-x\/\"},\"author\":{\"name\":\"Jean-Paul Erhard\",\"@id\":\"https:\/\/peoplesphere.be\/fr\/#\/schema\/person\/7976225ff17988604334abb7b3536a7e\"},\"headline\":\"Les recrutements internationaux en Belgique connaissent une forte hausse : les entreprises ciblent la GenZ mais aussi la g\u00e9n\u00e9ration X.\",\"datePublished\":\"2025-02-26T07:21:58+00:00\",\"dateModified\":\"2025-02-26T07:21:58+00:00\",\"mainEntityOfPage\":{\"@id\":\"https:\/\/peoplesphere.be\/fr\/les-recrutements-internationaux-en-belgique-connaissent-une-forte-hausse-les-entreprises-ciblent-la-genz-mais-aussi-la-generation-x\/\"},\"wordCount\":586,\"publisher\":{\"@id\":\"https:\/\/peoplesphere.be\/fr\/#organization\"},\"keywords\":[\"Gen X\",\"Gen Z\",\"mobilit\u00e9 internationale\",\"recrutement\",\"r\u00e9mun\u00e9rations\",\"salaires\"],\"articleSection\":[\"Actualit\u00e9s\",\"Digital\"],\"inLanguage\":\"fr-FR\"},{\"@type\":\"WebPage\",\"@id\":\"https:\/\/peoplesphere.be\/fr\/les-recrutements-internationaux-en-belgique-connaissent-une-forte-hausse-les-entreprises-ciblent-la-genz-mais-aussi-la-generation-x\/\",\"url\":\"https:\/\/peoplesphere.be\/fr\/les-recrutements-internationaux-en-belgique-connaissent-une-forte-hausse-les-entreprises-ciblent-la-genz-mais-aussi-la-generation-x\/\",\"name\":\"Les recrutements internationaux en Belgique connaissent une forte hausse : les entreprises ciblent la GenZ mais aussi la g\u00e9n\u00e9ration X. - Peoplesphere\",\"isPartOf\":{\"@id\":\"https:\/\/peoplesphere.be\/fr\/#website\"},\"datePublished\":\"2025-02-26T07:21:58+00:00\",\"dateModified\":\"2025-02-26T07:21:58+00:00\",\"breadcrumb\":{\"@id\":\"https:\/\/peoplesphere.be\/fr\/les-recrutements-internationaux-en-belgique-connaissent-une-forte-hausse-les-entreprises-ciblent-la-genz-mais-aussi-la-generation-x\/#breadcrumb\"},\"inLanguage\":\"fr-FR\",\"potentialAction\":[{\"@type\":\"ReadAction\",\"target\":[\"https:\/\/peoplesphere.be\/fr\/les-recrutements-internationaux-en-belgique-connaissent-une-forte-hausse-les-entreprises-ciblent-la-genz-mais-aussi-la-generation-x\/\"]}]},{\"@type\":\"BreadcrumbList\",\"@id\":\"https:\/\/peoplesphere.be\/fr\/les-recrutements-internationaux-en-belgique-connaissent-une-forte-hausse-les-entreprises-ciblent-la-genz-mais-aussi-la-generation-x\/#breadcrumb\",\"itemListElement\":[{\"@type\":\"ListItem\",\"position\":1,\"name\":\"Accueil\",\"item\":\"https:\/\/peoplesphere.be\/fr\/\"},{\"@type\":\"ListItem\",\"position\":2,\"name\":\"Les recrutements internationaux en Belgique connaissent une forte hausse : les entreprises ciblent la GenZ mais aussi la g\u00e9n\u00e9ration X.\"}]},{\"@type\":\"WebSite\",\"@id\":\"https:\/\/peoplesphere.be\/fr\/#website\",\"url\":\"https:\/\/peoplesphere.be\/fr\/\",\"name\":\"Peoplesphere\",\"description\":\"The People Managers Magazine\",\"publisher\":{\"@id\":\"https:\/\/peoplesphere.be\/fr\/#organization\"},\"potentialAction\":[{\"@type\":\"SearchAction\",\"target\":{\"@type\":\"EntryPoint\",\"urlTemplate\":\"https:\/\/peoplesphere.be\/fr\/?s={search_term_string}\"},\"query-input\":\"required name=search_term_string\"}],\"inLanguage\":\"fr-FR\"},{\"@type\":\"Organization\",\"@id\":\"https:\/\/peoplesphere.be\/fr\/#organization\",\"name\":\"Peoplesphere Company srl\",\"url\":\"https:\/\/peoplesphere.be\/fr\/\",\"logo\":{\"@type\":\"ImageObject\",\"inLanguage\":\"fr-FR\",\"@id\":\"https:\/\/peoplesphere.be\/fr\/#\/schema\/logo\/image\/\",\"url\":\"https:\/\/peoplesphere.be\/fr\/wp-content\/uploads\/2023\/07\/peoplesphere-lgo-new-generik.jpg\",\"contentUrl\":\"https:\/\/peoplesphere.be\/fr\/wp-content\/uploads\/2023\/07\/peoplesphere-lgo-new-generik.jpg\",\"width\":1031,\"height\":1479,\"caption\":\"Peoplesphere Company srl\"},\"image\":{\"@id\":\"https:\/\/peoplesphere.be\/fr\/#\/schema\/logo\/image\/\"},\"sameAs\":[\"https:\/\/www.facebook.com\/peoplesphere\",\"https:\/\/twitter.com\/PeoplesphereMag\",\"https:\/\/www.linkedin.com\/company\/7587361?trk\",\"http:\/\/youtube.com\/peoplesphere\"]},{\"@type\":\"Person\",\"@id\":\"https:\/\/peoplesphere.be\/fr\/#\/schema\/person\/7976225ff17988604334abb7b3536a7e\",\"name\":\"Jean-Paul Erhard\",\"image\":{\"@type\":\"ImageObject\",\"inLanguage\":\"fr-FR\",\"@id\":\"https:\/\/peoplesphere.be\/fr\/#\/schema\/person\/image\/\",\"url\":\"https:\/\/secure.gravatar.com\/avatar\/f941e681460179738071629a51574930?s=96&d=mm&r=g\",\"contentUrl\":\"https:\/\/secure.gravatar.com\/avatar\/f941e681460179738071629a51574930?s=96&d=mm&r=g\",\"caption\":\"Jean-Paul Erhard\"},\"url\":\"https:\/\/peoplesphere.be\/fr\/author\/jpe\/\"}]}<\/script>\n<!-- \/ Yoast SEO plugin. -->","yoast_head_json":{"title":"Les recrutements internationaux en Belgique connaissent une forte hausse : les entreprises ciblent la GenZ mais aussi la g\u00e9n\u00e9ration X. - Peoplesphere","robots":{"index":"index","follow":"follow","max-snippet":"max-snippet:-1","max-image-preview":"max-image-preview:large","max-video-preview":"max-video-preview:-1"},"canonical":"https:\/\/peoplesphere.be\/fr\/les-recrutements-internationaux-en-belgique-connaissent-une-forte-hausse-les-entreprises-ciblent-la-genz-mais-aussi-la-generation-x\/","og_locale":"fr_FR","og_type":"article","og_title":"Les recrutements internationaux en Belgique connaissent une forte hausse : les entreprises ciblent la GenZ mais aussi la g\u00e9n\u00e9ration X. - Peoplesphere","og_description":"Dans son rapport &lsquo;State of Global Compensation Rapport 2024&rsquo;, la plateforme payroll\/HR Deel a analys\u00e9 plus de 1 million de contrats de travail de collaborateurs \u00e0 temps plein qu\u2019elle g\u00e8re pour plus de 35.000 clients dans plus de 150 pays. [&hellip;]","og_url":"https:\/\/peoplesphere.be\/fr\/les-recrutements-internationaux-en-belgique-connaissent-une-forte-hausse-les-entreprises-ciblent-la-genz-mais-aussi-la-generation-x\/","og_site_name":"Peoplesphere","article_publisher":"https:\/\/www.facebook.com\/peoplesphere","article_published_time":"2025-02-26T07:21:58+00:00","og_image":[{"url":"http:\/\/www.peoplesphere.be\/fr\/wp-content\/uploads\/2016\/07\/facebook-default-posting-1200x628px.jpg"}],"author":"Jean-Paul Erhard","twitter_card":"summary_large_image","twitter_creator":"@PeoplesphereMag","twitter_site":"@PeoplesphereMag","twitter_misc":{"\u00c9crit par":"Jean-Paul Erhard","Dur\u00e9e de lecture estim\u00e9e":"3 minutes"},"schema":{"@context":"https:\/\/schema.org","@graph":[{"@type":"Article","@id":"https:\/\/peoplesphere.be\/fr\/les-recrutements-internationaux-en-belgique-connaissent-une-forte-hausse-les-entreprises-ciblent-la-genz-mais-aussi-la-generation-x\/#article","isPartOf":{"@id":"https:\/\/peoplesphere.be\/fr\/les-recrutements-internationaux-en-belgique-connaissent-une-forte-hausse-les-entreprises-ciblent-la-genz-mais-aussi-la-generation-x\/"},"author":{"name":"Jean-Paul Erhard","@id":"https:\/\/peoplesphere.be\/fr\/#\/schema\/person\/7976225ff17988604334abb7b3536a7e"},"headline":"Les recrutements internationaux en Belgique connaissent une forte hausse : les entreprises ciblent la GenZ mais aussi la g\u00e9n\u00e9ration X.","datePublished":"2025-02-26T07:21:58+00:00","dateModified":"2025-02-26T07:21:58+00:00","mainEntityOfPage":{"@id":"https:\/\/peoplesphere.be\/fr\/les-recrutements-internationaux-en-belgique-connaissent-une-forte-hausse-les-entreprises-ciblent-la-genz-mais-aussi-la-generation-x\/"},"wordCount":586,"publisher":{"@id":"https:\/\/peoplesphere.be\/fr\/#organization"},"keywords":["Gen X","Gen Z","mobilit\u00e9 internationale","recrutement","r\u00e9mun\u00e9rations","salaires"],"articleSection":["Actualit\u00e9s","Digital"],"inLanguage":"fr-FR"},{"@type":"WebPage","@id":"https:\/\/peoplesphere.be\/fr\/les-recrutements-internationaux-en-belgique-connaissent-une-forte-hausse-les-entreprises-ciblent-la-genz-mais-aussi-la-generation-x\/","url":"https:\/\/peoplesphere.be\/fr\/les-recrutements-internationaux-en-belgique-connaissent-une-forte-hausse-les-entreprises-ciblent-la-genz-mais-aussi-la-generation-x\/","name":"Les recrutements internationaux en Belgique connaissent une forte hausse : les entreprises ciblent la GenZ mais aussi la g\u00e9n\u00e9ration X. - Peoplesphere","isPartOf":{"@id":"https:\/\/peoplesphere.be\/fr\/#website"},"datePublished":"2025-02-26T07:21:58+00:00","dateModified":"2025-02-26T07:21:58+00:00","breadcrumb":{"@id":"https:\/\/peoplesphere.be\/fr\/les-recrutements-internationaux-en-belgique-connaissent-une-forte-hausse-les-entreprises-ciblent-la-genz-mais-aussi-la-generation-x\/#breadcrumb"},"inLanguage":"fr-FR","potentialAction":[{"@type":"ReadAction","target":["https:\/\/peoplesphere.be\/fr\/les-recrutements-internationaux-en-belgique-connaissent-une-forte-hausse-les-entreprises-ciblent-la-genz-mais-aussi-la-generation-x\/"]}]},{"@type":"BreadcrumbList","@id":"https:\/\/peoplesphere.be\/fr\/les-recrutements-internationaux-en-belgique-connaissent-une-forte-hausse-les-entreprises-ciblent-la-genz-mais-aussi-la-generation-x\/#breadcrumb","itemListElement":[{"@type":"ListItem","position":1,"name":"Accueil","item":"https:\/\/peoplesphere.be\/fr\/"},{"@type":"ListItem","position":2,"name":"Les recrutements internationaux en Belgique connaissent une forte hausse : les entreprises ciblent la GenZ mais aussi la g\u00e9n\u00e9ration X."}]},{"@type":"WebSite","@id":"https:\/\/peoplesphere.be\/fr\/#website","url":"https:\/\/peoplesphere.be\/fr\/","name":"Peoplesphere","description":"The People Managers Magazine","publisher":{"@id":"https:\/\/peoplesphere.be\/fr\/#organization"},"potentialAction":[{"@type":"SearchAction","target":{"@type":"EntryPoint","urlTemplate":"https:\/\/peoplesphere.be\/fr\/?s={search_term_string}"},"query-input":"required name=search_term_string"}],"inLanguage":"fr-FR"},{"@type":"Organization","@id":"https:\/\/peoplesphere.be\/fr\/#organization","name":"Peoplesphere Company srl","url":"https:\/\/peoplesphere.be\/fr\/","logo":{"@type":"ImageObject","inLanguage":"fr-FR","@id":"https:\/\/peoplesphere.be\/fr\/#\/schema\/logo\/image\/","url":"https:\/\/peoplesphere.be\/fr\/wp-content\/uploads\/2023\/07\/peoplesphere-lgo-new-generik.jpg","contentUrl":"https:\/\/peoplesphere.be\/fr\/wp-content\/uploads\/2023\/07\/peoplesphere-lgo-new-generik.jpg","width":1031,"height":1479,"caption":"Peoplesphere Company srl"},"image":{"@id":"https:\/\/peoplesphere.be\/fr\/#\/schema\/logo\/image\/"},"sameAs":["https:\/\/www.facebook.com\/peoplesphere","https:\/\/twitter.com\/PeoplesphereMag","https:\/\/www.linkedin.com\/company\/7587361?trk","http:\/\/youtube.com\/peoplesphere"]},{"@type":"Person","@id":"https:\/\/peoplesphere.be\/fr\/#\/schema\/person\/7976225ff17988604334abb7b3536a7e","name":"Jean-Paul Erhard","image":{"@type":"ImageObject","inLanguage":"fr-FR","@id":"https:\/\/peoplesphere.be\/fr\/#\/schema\/person\/image\/","url":"https:\/\/secure.gravatar.com\/avatar\/f941e681460179738071629a51574930?s=96&d=mm&r=g","contentUrl":"https:\/\/secure.gravatar.com\/avatar\/f941e681460179738071629a51574930?s=96&d=mm&r=g","caption":"Jean-Paul Erhard"},"url":"https:\/\/peoplesphere.be\/fr\/author\/jpe\/"}]}},"_links":{"self":[{"href":"https:\/\/peoplesphere.be\/fr\/wp-json\/wp\/v2\/posts\/17420"}],"collection":[{"href":"https:\/\/peoplesphere.be\/fr\/wp-json\/wp\/v2\/posts"}],"about":[{"href":"https:\/\/peoplesphere.be\/fr\/wp-json\/wp\/v2\/types\/post"}],"author":[{"embeddable":true,"href":"https:\/\/peoplesphere.be\/fr\/wp-json\/wp\/v2\/users\/2"}],"replies":[{"embeddable":true,"href":"https:\/\/peoplesphere.be\/fr\/wp-json\/wp\/v2\/comments?post=17420"}],"version-history":[{"count":1,"href":"https:\/\/peoplesphere.be\/fr\/wp-json\/wp\/v2\/posts\/17420\/revisions"}],"predecessor-version":[{"id":17421,"href":"https:\/\/peoplesphere.be\/fr\/wp-json\/wp\/v2\/posts\/17420\/revisions\/17421"}],"wp:attachment":[{"href":"https:\/\/peoplesphere.be\/fr\/wp-json\/wp\/v2\/media?parent=17420"}],"wp:term":[{"taxonomy":"category","embeddable":true,"href":"https:\/\/peoplesphere.be\/fr\/wp-json\/wp\/v2\/categories?post=17420"},{"taxonomy":"post_tag","embeddable":true,"href":"https:\/\/peoplesphere.be\/fr\/wp-json\/wp\/v2\/tags?post=17420"}],"curies":[{"name":"wp","href":"https:\/\/api.w.org\/{rel}","templated":true}]}}