









{"id":17440,"date":"2025-03-03T14:33:01","date_gmt":"2025-03-03T12:33:01","guid":{"rendered":"https:\/\/peoplesphere.be\/fr\/?p=17440"},"modified":"2025-03-03T14:33:01","modified_gmt":"2025-03-03T12:33:01","slug":"appel-aux-employeurs-a-instaurer-le-jour-de-reconstruction-pour-que-le-deuil-ait-sa-place-dans-lentreprise","status":"publish","type":"post","link":"https:\/\/peoplesphere.be\/fr\/appel-aux-employeurs-a-instaurer-le-jour-de-reconstruction-pour-que-le-deuil-ait-sa-place-dans-lentreprise\/","title":{"rendered":"Appel aux employeurs \u00e0 instaurer le Jour de Reconstruction pour que le deuil ait sa place dans l&rsquo;entreprise."},"content":{"rendered":"<p>Comment affronter un anniversaire qu\u2019on ne souhaite pas c\u00e9l\u00e9brer ? En apportant du soutien aux parents endeuill\u00e9s. Ce mois-ci, l\u2019association Parents d\u2019Enfants Victimes de la Route-SAVE (PEVR-SAVE) f\u00eate ses 30 ans. \u00c0 cette occasion, elle lance un appel \u00e0 tous les employeurs en Belgique : instaurer le Jour de Reconstruction. Il s&rsquo;agit d&rsquo;un jour de cong\u00e9 annuel extral\u00e9gal, en plus des cong\u00e9s l\u00e9gaux, \u00e0 l\u2019attention des parents endeuill\u00e9s par la perte d\u2019un enfant.<!--more--><\/p>\n<p>Certaines dates ravivent encore plus douloureusement la perte d\u2019un enfant : un anniversaire, une occasion particuli\u00e8re, la date du d\u00e9c\u00e8s, une journ\u00e9e de comm\u00e9moration\u2026 Ces jours-l\u00e0, il est quasiment impossible de se rendre au travail, mais cette absence ne rel\u00e8ve pas d\u2019un cong\u00e9 ordinaire. En reconnaissant ces journ\u00e9es en tant que Jour de Reconstruction, les coll\u00e8gues, amis et employeurs comprendront imm\u00e9diatement qu\u2019il ne s\u2019agit pas d\u2019un simple cong\u00e9, mais d\u2019un jour d\u00e9di\u00e9 au deuil et au recueillement.<\/p>\n<p>Un appel aux employeurs et d\u00e9cideurs politiques<\/p>\n<p>An Vandeborne, directrice de Parents d\u2019Enfants Victimes de la Route-SAVE (PEVR-SAVE) : \u00ab\u00a0<em>Nous appelons tous les employeurs et responsables politiques \u00e0 accorder au moins un Jour de Reconstruction par an. Il s\u2019agit d\u2019un jour extral\u00e9gal, \u00e0 prendre librement, en plus de ses cong\u00e9s l\u00e9gaux. Car surmonter la perte d\u2019un enfant est le travail de toute une vie. Nous esp\u00e9rons que notre initiative contribuera \u00e0 faire du deuil un sujet de discussion, aussi sur le lieu de travail. Gr\u00e2ce \u00e0 cette initiative, nous nous engageons fermement \u00e0 atteindre notre objectif d\u2019engranger une culture du deuil plus humaine et collective.\u00a0\u00bb<\/em><\/p>\n<h3><strong><em>En tant qu\u2019employeur, comment reconna\u00eetre le deuil dans le monde du travail ?<\/em><\/strong><\/h3>\n<p>Les entreprises, organisations et administrations qui instaurent un ou plusieurs Jours de Reconstruction envoient un message fort : ici, le deuil a sa place.Un employeur peut facilement int\u00e9grer cette journ\u00e9e dans son r\u00e8glement de travail en tant que cong\u00e9 extral\u00e9gal. Chaque entreprise est libre de d\u00e9terminer le nombre de jours.<\/p>\n<h3><strong><em>Comment les employeurs peuvent-ils instaurer le Jour de Reconstruction ? <\/em><\/strong><\/h3>\n<p>Siemens Healthineers BeLux est la premi\u00e8re entreprise en Belgique \u00e0 instaurer le Jour de Reconstruction pour ses collaborateurs. Parmi eux, Michel Van Volxem, papa de Corwin, d\u00e9c\u00e9d\u00e9 \u00e0 l&rsquo;\u00e2ge de 18 ans dans un accident de la route survenu le 17 ao\u00fbt 2015.<\/p>\n<p>Dokus Mertens, CEO de Siemens Healthineers BeLux : \u00ab\u00a0<em>Le Jour de Reconstruction permet aux parents comme Michel d\u2019honorer la m\u00e9moire de leur enfant sans avoir \u00e0 jongler avec la pression du travail quotidien. Nous voulons b\u00e2tir une culture d\u2019entreprise o\u00f9 le deuil est reconnu et n\u2019est pas un tabou. Nous sommes fiers de concr\u00e9tiser cette initiative aux c\u00f4t\u00e9s de Parents d\u2019Enfants Victimes de la Route-SAVE et esp\u00e9rons que d\u2019autres employeurs belges suivront cet exemple.\u00a0\u00bb<\/em><\/p>\n<h3><strong><em>Les chiffres parlent d\u2019eux-m\u00eames<\/em><\/strong><\/h3>\n<p>En 2023, 501 personnes ont perdu la vie sur les routes en Belgique, dont 76 enfants (source : Statbel).<br \/>\nChaque jour, 14 enfants sont impliqu\u00e9s dans un accident sur le chemin de l\u2019\u00e9cole ou en rentrant chez eux (source : Vias institute).<br \/>\nDepuis sa cr\u00e9ation, l\u2019association Parents d\u2019Enfants Victimes de la Route-SAVE a soutenu et mis en relation les familles de plus de 980 enfants.<\/p>\n<h3><strong><em>Expertise compl\u00e9mentaire sur le Jour de Reconstruction<\/em><\/strong><\/h3>\n<p>Saskia Saelens, th\u00e9rapeute sp\u00e9cialis\u00e9e dans le deuil et la perte, accueille dans son cabinet \u00e0 Destelbergen les personnes endeuill\u00e9es ainsi que les victimes d\u2019accidents de la route et leurs proches. En tant que freelance, elle encadre ces derniers dans le programme \u00ab\u00a0Getuigen Onderweg\u00a0\u00bb et anime des groupes de parole au sein de PEVR-SAVE depuis plusieurs ann\u00e9es.<\/p>\n<p>Elle est \u00e9galement coordinatrice, formatrice et superviseuse du post-graduat en accompagnement du deuil et de la perte \u00e0 Arteveldehogeschool, o\u00f9 elle dispense des formations sur ce sujet. Ses recherches portent notamment sur les politiques organisationnelles de soutien aux employ\u00e9s endeuill\u00e9s dans une optique de travail durable. \u00c0 travers son travail, elle aspire \u00e0 favoriser une culture o\u00f9 le deuil et la perte re\u00e7oivent l\u2019attention qu\u2019ils m\u00e9ritent, en compl\u00e9ment de l\u2019accompagnement individuel.<\/p>\n<p>&nbsp;<\/p>\n<p><em>Plus d\u2019info sur \u200b <a href=\"http:\/\/www.jourdereconstruction.be\">www.jourdereconstruction.be<\/a>.<\/em><\/p>\n<p>&nbsp;<\/p>\n","protected":false},"excerpt":{"rendered":"<p>Comment affronter un anniversaire qu\u2019on ne souhaite pas c\u00e9l\u00e9brer ? En apportant du soutien aux parents endeuill\u00e9s. Ce mois-ci, l\u2019association Parents d\u2019Enfants Victimes de la Route-SAVE (PEVR-SAVE) f\u00eate ses 30 ans. \u00c0 cette occasion, elle lance un appel \u00e0 tous [&hellip;]<\/p>\n","protected":false},"author":2,"featured_media":17441,"comment_status":"closed","ping_status":"open","sticky":false,"template":"","format":"standard","meta":[],"categories":[65,10],"tags":[96,4252,3730,3883,4253],"yoast_head":"<!-- This site is optimized with the Yoast SEO plugin v21.0 - https:\/\/yoast.com\/wordpress\/plugins\/seo\/ -->\n<title>Appel aux employeurs \u00e0 instaurer le Jour de Reconstruction pour que le deuil ait sa place dans l&#039;entreprise. - Peoplesphere<\/title>\n<meta name=\"robots\" content=\"index, follow, max-snippet:-1, max-image-preview:large, max-video-preview:-1\" \/>\n<link rel=\"canonical\" href=\"https:\/\/peoplesphere.be\/fr\/appel-aux-employeurs-a-instaurer-le-jour-de-reconstruction-pour-que-le-deuil-ait-sa-place-dans-lentreprise\/\" \/>\n<meta property=\"og:locale\" content=\"fr_FR\" \/>\n<meta property=\"og:type\" content=\"article\" \/>\n<meta property=\"og:title\" content=\"Appel aux employeurs \u00e0 instaurer le Jour de Reconstruction pour que le deuil ait sa place dans l&#039;entreprise. - Peoplesphere\" \/>\n<meta property=\"og:description\" content=\"Comment affronter un anniversaire qu\u2019on ne souhaite pas c\u00e9l\u00e9brer ? En apportant du soutien aux parents endeuill\u00e9s. Ce mois-ci, l\u2019association Parents d\u2019Enfants Victimes de la Route-SAVE (PEVR-SAVE) f\u00eate ses 30 ans. \u00c0 cette occasion, elle lance un appel \u00e0 tous [&hellip;]\" \/>\n<meta property=\"og:url\" content=\"https:\/\/peoplesphere.be\/fr\/appel-aux-employeurs-a-instaurer-le-jour-de-reconstruction-pour-que-le-deuil-ait-sa-place-dans-lentreprise\/\" \/>\n<meta property=\"og:site_name\" content=\"Peoplesphere\" \/>\n<meta property=\"article:publisher\" content=\"https:\/\/www.facebook.com\/peoplesphere\" \/>\n<meta property=\"article:published_time\" content=\"2025-03-03T12:33:01+00:00\" \/>\n<meta property=\"og:image\" content=\"https:\/\/peoplesphere.be\/fr\/wp-content\/uploads\/2025\/03\/20250303jourreconstruction.jpg\" \/>\n\t<meta property=\"og:image:width\" content=\"1000\" \/>\n\t<meta property=\"og:image:height\" content=\"567\" \/>\n\t<meta property=\"og:image:type\" content=\"image\/jpeg\" \/>\n<meta name=\"author\" content=\"Jean-Paul Erhard\" \/>\n<meta name=\"twitter:card\" content=\"summary_large_image\" \/>\n<meta name=\"twitter:creator\" content=\"@PeoplesphereMag\" \/>\n<meta name=\"twitter:site\" content=\"@PeoplesphereMag\" \/>\n<meta name=\"twitter:label1\" content=\"\u00c9crit par\" \/>\n\t<meta name=\"twitter:data1\" content=\"Jean-Paul Erhard\" \/>\n\t<meta name=\"twitter:label2\" content=\"Dur\u00e9e de lecture estim\u00e9e\" \/>\n\t<meta name=\"twitter:data2\" content=\"4 minutes\" \/>\n<script type=\"application\/ld+json\" class=\"yoast-schema-graph\">{\"@context\":\"https:\/\/schema.org\",\"@graph\":[{\"@type\":\"Article\",\"@id\":\"https:\/\/peoplesphere.be\/fr\/appel-aux-employeurs-a-instaurer-le-jour-de-reconstruction-pour-que-le-deuil-ait-sa-place-dans-lentreprise\/#article\",\"isPartOf\":{\"@id\":\"https:\/\/peoplesphere.be\/fr\/appel-aux-employeurs-a-instaurer-le-jour-de-reconstruction-pour-que-le-deuil-ait-sa-place-dans-lentreprise\/\"},\"author\":{\"name\":\"Jean-Paul Erhard\",\"@id\":\"https:\/\/peoplesphere.be\/fr\/#\/schema\/person\/7976225ff17988604334abb7b3536a7e\"},\"headline\":\"Appel aux employeurs \u00e0 instaurer le Jour de Reconstruction pour que le deuil ait sa place dans l&rsquo;entreprise.\",\"datePublished\":\"2025-03-03T12:33:01+00:00\",\"dateModified\":\"2025-03-03T12:33:01+00:00\",\"mainEntityOfPage\":{\"@id\":\"https:\/\/peoplesphere.be\/fr\/appel-aux-employeurs-a-instaurer-le-jour-de-reconstruction-pour-que-le-deuil-ait-sa-place-dans-lentreprise\/\"},\"wordCount\":726,\"publisher\":{\"@id\":\"https:\/\/peoplesphere.be\/fr\/#organization\"},\"keywords\":[\"bien-\u00eatre\",\"cong\u00e9 l\u00e9gal\",\"deuil\",\"famille\",\"reconstruction\"],\"articleSection\":[\"Actualit\u00e9s\",\"Digital\"],\"inLanguage\":\"fr-FR\"},{\"@type\":\"WebPage\",\"@id\":\"https:\/\/peoplesphere.be\/fr\/appel-aux-employeurs-a-instaurer-le-jour-de-reconstruction-pour-que-le-deuil-ait-sa-place-dans-lentreprise\/\",\"url\":\"https:\/\/peoplesphere.be\/fr\/appel-aux-employeurs-a-instaurer-le-jour-de-reconstruction-pour-que-le-deuil-ait-sa-place-dans-lentreprise\/\",\"name\":\"Appel aux employeurs \u00e0 instaurer le Jour de Reconstruction pour que le deuil ait sa place dans l'entreprise. - Peoplesphere\",\"isPartOf\":{\"@id\":\"https:\/\/peoplesphere.be\/fr\/#website\"},\"datePublished\":\"2025-03-03T12:33:01+00:00\",\"dateModified\":\"2025-03-03T12:33:01+00:00\",\"breadcrumb\":{\"@id\":\"https:\/\/peoplesphere.be\/fr\/appel-aux-employeurs-a-instaurer-le-jour-de-reconstruction-pour-que-le-deuil-ait-sa-place-dans-lentreprise\/#breadcrumb\"},\"inLanguage\":\"fr-FR\",\"potentialAction\":[{\"@type\":\"ReadAction\",\"target\":[\"https:\/\/peoplesphere.be\/fr\/appel-aux-employeurs-a-instaurer-le-jour-de-reconstruction-pour-que-le-deuil-ait-sa-place-dans-lentreprise\/\"]}]},{\"@type\":\"BreadcrumbList\",\"@id\":\"https:\/\/peoplesphere.be\/fr\/appel-aux-employeurs-a-instaurer-le-jour-de-reconstruction-pour-que-le-deuil-ait-sa-place-dans-lentreprise\/#breadcrumb\",\"itemListElement\":[{\"@type\":\"ListItem\",\"position\":1,\"name\":\"Accueil\",\"item\":\"https:\/\/peoplesphere.be\/fr\/\"},{\"@type\":\"ListItem\",\"position\":2,\"name\":\"Appel aux employeurs \u00e0 instaurer le Jour de Reconstruction pour que le deuil ait sa place dans l&rsquo;entreprise.\"}]},{\"@type\":\"WebSite\",\"@id\":\"https:\/\/peoplesphere.be\/fr\/#website\",\"url\":\"https:\/\/peoplesphere.be\/fr\/\",\"name\":\"Peoplesphere\",\"description\":\"The People Managers Magazine\",\"publisher\":{\"@id\":\"https:\/\/peoplesphere.be\/fr\/#organization\"},\"potentialAction\":[{\"@type\":\"SearchAction\",\"target\":{\"@type\":\"EntryPoint\",\"urlTemplate\":\"https:\/\/peoplesphere.be\/fr\/?s={search_term_string}\"},\"query-input\":\"required name=search_term_string\"}],\"inLanguage\":\"fr-FR\"},{\"@type\":\"Organization\",\"@id\":\"https:\/\/peoplesphere.be\/fr\/#organization\",\"name\":\"Peoplesphere Company srl\",\"url\":\"https:\/\/peoplesphere.be\/fr\/\",\"logo\":{\"@type\":\"ImageObject\",\"inLanguage\":\"fr-FR\",\"@id\":\"https:\/\/peoplesphere.be\/fr\/#\/schema\/logo\/image\/\",\"url\":\"https:\/\/peoplesphere.be\/fr\/wp-content\/uploads\/2023\/07\/peoplesphere-lgo-new-generik.jpg\",\"contentUrl\":\"https:\/\/peoplesphere.be\/fr\/wp-content\/uploads\/2023\/07\/peoplesphere-lgo-new-generik.jpg\",\"width\":1031,\"height\":1479,\"caption\":\"Peoplesphere Company srl\"},\"image\":{\"@id\":\"https:\/\/peoplesphere.be\/fr\/#\/schema\/logo\/image\/\"},\"sameAs\":[\"https:\/\/www.facebook.com\/peoplesphere\",\"https:\/\/twitter.com\/PeoplesphereMag\",\"https:\/\/www.linkedin.com\/company\/7587361?trk\",\"http:\/\/youtube.com\/peoplesphere\"]},{\"@type\":\"Person\",\"@id\":\"https:\/\/peoplesphere.be\/fr\/#\/schema\/person\/7976225ff17988604334abb7b3536a7e\",\"name\":\"Jean-Paul Erhard\",\"image\":{\"@type\":\"ImageObject\",\"inLanguage\":\"fr-FR\",\"@id\":\"https:\/\/peoplesphere.be\/fr\/#\/schema\/person\/image\/\",\"url\":\"https:\/\/secure.gravatar.com\/avatar\/f941e681460179738071629a51574930?s=96&d=mm&r=g\",\"contentUrl\":\"https:\/\/secure.gravatar.com\/avatar\/f941e681460179738071629a51574930?s=96&d=mm&r=g\",\"caption\":\"Jean-Paul Erhard\"},\"url\":\"https:\/\/peoplesphere.be\/fr\/author\/jpe\/\"}]}<\/script>\n<!-- \/ Yoast SEO plugin. -->","yoast_head_json":{"title":"Appel aux employeurs \u00e0 instaurer le Jour de Reconstruction pour que le deuil ait sa place dans l'entreprise. - Peoplesphere","robots":{"index":"index","follow":"follow","max-snippet":"max-snippet:-1","max-image-preview":"max-image-preview:large","max-video-preview":"max-video-preview:-1"},"canonical":"https:\/\/peoplesphere.be\/fr\/appel-aux-employeurs-a-instaurer-le-jour-de-reconstruction-pour-que-le-deuil-ait-sa-place-dans-lentreprise\/","og_locale":"fr_FR","og_type":"article","og_title":"Appel aux employeurs \u00e0 instaurer le Jour de Reconstruction pour que le deuil ait sa place dans l'entreprise. - Peoplesphere","og_description":"Comment affronter un anniversaire qu\u2019on ne souhaite pas c\u00e9l\u00e9brer ? En apportant du soutien aux parents endeuill\u00e9s. Ce mois-ci, l\u2019association Parents d\u2019Enfants Victimes de la Route-SAVE (PEVR-SAVE) f\u00eate ses 30 ans. \u00c0 cette occasion, elle lance un appel \u00e0 tous [&hellip;]","og_url":"https:\/\/peoplesphere.be\/fr\/appel-aux-employeurs-a-instaurer-le-jour-de-reconstruction-pour-que-le-deuil-ait-sa-place-dans-lentreprise\/","og_site_name":"Peoplesphere","article_publisher":"https:\/\/www.facebook.com\/peoplesphere","article_published_time":"2025-03-03T12:33:01+00:00","og_image":[{"width":1000,"height":567,"url":"https:\/\/peoplesphere.be\/fr\/wp-content\/uploads\/2025\/03\/20250303jourreconstruction.jpg","type":"image\/jpeg"}],"author":"Jean-Paul Erhard","twitter_card":"summary_large_image","twitter_creator":"@PeoplesphereMag","twitter_site":"@PeoplesphereMag","twitter_misc":{"\u00c9crit par":"Jean-Paul Erhard","Dur\u00e9e de lecture estim\u00e9e":"4 minutes"},"schema":{"@context":"https:\/\/schema.org","@graph":[{"@type":"Article","@id":"https:\/\/peoplesphere.be\/fr\/appel-aux-employeurs-a-instaurer-le-jour-de-reconstruction-pour-que-le-deuil-ait-sa-place-dans-lentreprise\/#article","isPartOf":{"@id":"https:\/\/peoplesphere.be\/fr\/appel-aux-employeurs-a-instaurer-le-jour-de-reconstruction-pour-que-le-deuil-ait-sa-place-dans-lentreprise\/"},"author":{"name":"Jean-Paul Erhard","@id":"https:\/\/peoplesphere.be\/fr\/#\/schema\/person\/7976225ff17988604334abb7b3536a7e"},"headline":"Appel aux employeurs \u00e0 instaurer le Jour de Reconstruction pour que le deuil ait sa place dans l&rsquo;entreprise.","datePublished":"2025-03-03T12:33:01+00:00","dateModified":"2025-03-03T12:33:01+00:00","mainEntityOfPage":{"@id":"https:\/\/peoplesphere.be\/fr\/appel-aux-employeurs-a-instaurer-le-jour-de-reconstruction-pour-que-le-deuil-ait-sa-place-dans-lentreprise\/"},"wordCount":726,"publisher":{"@id":"https:\/\/peoplesphere.be\/fr\/#organization"},"keywords":["bien-\u00eatre","cong\u00e9 l\u00e9gal","deuil","famille","reconstruction"],"articleSection":["Actualit\u00e9s","Digital"],"inLanguage":"fr-FR"},{"@type":"WebPage","@id":"https:\/\/peoplesphere.be\/fr\/appel-aux-employeurs-a-instaurer-le-jour-de-reconstruction-pour-que-le-deuil-ait-sa-place-dans-lentreprise\/","url":"https:\/\/peoplesphere.be\/fr\/appel-aux-employeurs-a-instaurer-le-jour-de-reconstruction-pour-que-le-deuil-ait-sa-place-dans-lentreprise\/","name":"Appel aux employeurs \u00e0 instaurer le Jour de Reconstruction pour que le deuil ait sa place dans l'entreprise. - Peoplesphere","isPartOf":{"@id":"https:\/\/peoplesphere.be\/fr\/#website"},"datePublished":"2025-03-03T12:33:01+00:00","dateModified":"2025-03-03T12:33:01+00:00","breadcrumb":{"@id":"https:\/\/peoplesphere.be\/fr\/appel-aux-employeurs-a-instaurer-le-jour-de-reconstruction-pour-que-le-deuil-ait-sa-place-dans-lentreprise\/#breadcrumb"},"inLanguage":"fr-FR","potentialAction":[{"@type":"ReadAction","target":["https:\/\/peoplesphere.be\/fr\/appel-aux-employeurs-a-instaurer-le-jour-de-reconstruction-pour-que-le-deuil-ait-sa-place-dans-lentreprise\/"]}]},{"@type":"BreadcrumbList","@id":"https:\/\/peoplesphere.be\/fr\/appel-aux-employeurs-a-instaurer-le-jour-de-reconstruction-pour-que-le-deuil-ait-sa-place-dans-lentreprise\/#breadcrumb","itemListElement":[{"@type":"ListItem","position":1,"name":"Accueil","item":"https:\/\/peoplesphere.be\/fr\/"},{"@type":"ListItem","position":2,"name":"Appel aux employeurs \u00e0 instaurer le Jour de Reconstruction pour que le deuil ait sa place dans l&rsquo;entreprise."}]},{"@type":"WebSite","@id":"https:\/\/peoplesphere.be\/fr\/#website","url":"https:\/\/peoplesphere.be\/fr\/","name":"Peoplesphere","description":"The People Managers Magazine","publisher":{"@id":"https:\/\/peoplesphere.be\/fr\/#organization"},"potentialAction":[{"@type":"SearchAction","target":{"@type":"EntryPoint","urlTemplate":"https:\/\/peoplesphere.be\/fr\/?s={search_term_string}"},"query-input":"required name=search_term_string"}],"inLanguage":"fr-FR"},{"@type":"Organization","@id":"https:\/\/peoplesphere.be\/fr\/#organization","name":"Peoplesphere Company srl","url":"https:\/\/peoplesphere.be\/fr\/","logo":{"@type":"ImageObject","inLanguage":"fr-FR","@id":"https:\/\/peoplesphere.be\/fr\/#\/schema\/logo\/image\/","url":"https:\/\/peoplesphere.be\/fr\/wp-content\/uploads\/2023\/07\/peoplesphere-lgo-new-generik.jpg","contentUrl":"https:\/\/peoplesphere.be\/fr\/wp-content\/uploads\/2023\/07\/peoplesphere-lgo-new-generik.jpg","width":1031,"height":1479,"caption":"Peoplesphere Company srl"},"image":{"@id":"https:\/\/peoplesphere.be\/fr\/#\/schema\/logo\/image\/"},"sameAs":["https:\/\/www.facebook.com\/peoplesphere","https:\/\/twitter.com\/PeoplesphereMag","https:\/\/www.linkedin.com\/company\/7587361?trk","http:\/\/youtube.com\/peoplesphere"]},{"@type":"Person","@id":"https:\/\/peoplesphere.be\/fr\/#\/schema\/person\/7976225ff17988604334abb7b3536a7e","name":"Jean-Paul Erhard","image":{"@type":"ImageObject","inLanguage":"fr-FR","@id":"https:\/\/peoplesphere.be\/fr\/#\/schema\/person\/image\/","url":"https:\/\/secure.gravatar.com\/avatar\/f941e681460179738071629a51574930?s=96&d=mm&r=g","contentUrl":"https:\/\/secure.gravatar.com\/avatar\/f941e681460179738071629a51574930?s=96&d=mm&r=g","caption":"Jean-Paul Erhard"},"url":"https:\/\/peoplesphere.be\/fr\/author\/jpe\/"}]}},"_links":{"self":[{"href":"https:\/\/peoplesphere.be\/fr\/wp-json\/wp\/v2\/posts\/17440"}],"collection":[{"href":"https:\/\/peoplesphere.be\/fr\/wp-json\/wp\/v2\/posts"}],"about":[{"href":"https:\/\/peoplesphere.be\/fr\/wp-json\/wp\/v2\/types\/post"}],"author":[{"embeddable":true,"href":"https:\/\/peoplesphere.be\/fr\/wp-json\/wp\/v2\/users\/2"}],"replies":[{"embeddable":true,"href":"https:\/\/peoplesphere.be\/fr\/wp-json\/wp\/v2\/comments?post=17440"}],"version-history":[{"count":1,"href":"https:\/\/peoplesphere.be\/fr\/wp-json\/wp\/v2\/posts\/17440\/revisions"}],"predecessor-version":[{"id":17442,"href":"https:\/\/peoplesphere.be\/fr\/wp-json\/wp\/v2\/posts\/17440\/revisions\/17442"}],"wp:featuredmedia":[{"embeddable":true,"href":"https:\/\/peoplesphere.be\/fr\/wp-json\/wp\/v2\/media\/17441"}],"wp:attachment":[{"href":"https:\/\/peoplesphere.be\/fr\/wp-json\/wp\/v2\/media?parent=17440"}],"wp:term":[{"taxonomy":"category","embeddable":true,"href":"https:\/\/peoplesphere.be\/fr\/wp-json\/wp\/v2\/categories?post=17440"},{"taxonomy":"post_tag","embeddable":true,"href":"https:\/\/peoplesphere.be\/fr\/wp-json\/wp\/v2\/tags?post=17440"}],"curies":[{"name":"wp","href":"https:\/\/api.w.org\/{rel}","templated":true}]}}