









{"id":17466,"date":"2025-03-07T12:54:44","date_gmt":"2025-03-07T10:54:44","guid":{"rendered":"https:\/\/peoplesphere.be\/fr\/?p=17466"},"modified":"2025-03-07T12:54:44","modified_gmt":"2025-03-07T10:54:44","slug":"laccompagnement-doutplacement-dure-2-semaines-de-moins-quil-y-a-10-ans","status":"publish","type":"post","link":"https:\/\/peoplesphere.be\/fr\/laccompagnement-doutplacement-dure-2-semaines-de-moins-quil-y-a-10-ans\/","title":{"rendered":"L\u2019accompagnement d\u2019outplacement dure 2 semaines de moins qu\u2019il y a 10 ans."},"content":{"rendered":"<p>2024 a tristement battu un record en termes de pertes d\u2019emploi. Plus de 40.000 jobs ont \u00e9t\u00e9 perdus. Les chiffres du SPF Emploi, Travail et Concertation sociale indiquent qu\u2019entre janvier et d\u00e9cembre 2024, 103 unit\u00e9s techniques d\u2019exploitation ont annonc\u00e9 une intention de proc\u00e9der \u00e0 un licenciement collectif, soit 12.354 travailleurs concern\u00e9s. Selon les chiffres de Randstad Risesmart, leader du reclassement professionnel, la dur\u00e9e moyenne d\u2019un parcours d\u2019accompagnement \u2013 qu\u2019il soit individuel ou collectif \u2013 \u00e9tait de 135 jours en 2024.\u00a0<!--more--><\/p>\n<p>Point positif : ces accompagnements se sont \u00e9court\u00e9s, essentiellement pour les travailleurs plus \u00e2g\u00e9s. La dur\u00e9e de l\u2019accompagnement des plus de 55 ans \u00e9tait en effet inf\u00e9rieure \u00e0 la moyenne des 5 derni\u00e8res ann\u00e9es.<\/p>\n<p>Depuis 2014, le leader belge de l\u2019outplacement a accompagn\u00e9 quelque 40.600 personnes, dont 4.206 en 2024. Cet accompagnement a dur\u00e9 2 semaines de moins en 2024 (135 jours) qu\u2019il y a 10 ans (149 jours) et 4 jours de plus qu\u2019en 2023 (131 jours).<\/p>\n<p>Bien entendu, des diff\u00e9rences sont perceptibles en fonction de l\u2019\u00e2ge, du poste et du niveau de fonction. Plus on est jeune, plus on retrouve rapidement un emploi. C\u2019est en effet parmi les moins de 30 ans (76 jours) et les 30-34 ans (99 jours) que le d\u00e9lai a \u00e9t\u00e9 le plus court, et parmi les 50-55 ans et les plus de 55 ans qu\u2019il a \u00e9t\u00e9 le plus long, avec une moyenne de 147 jours. Ce dernier chiffre est n\u00e9anmoins sensiblement inf\u00e9rieur \u00e0 la moyenne des 5 derni\u00e8res ann\u00e9es (157 jours).<\/p>\n<p><em>\u00ab\u00a0Il fut un temps o\u00f9 l\u2019on \u00e9tait mis \u00e0 la retraite anticip\u00e9e \u00e0 l\u2019\u00e2ge de 48 ans lors d\u2019une restructuration, mais cette \u00e9poque est heureusement loin derri\u00e8re nous. Nous devrions porter davantage de messages d\u2019espoir au lieu de nous focaliser sur les aspects n\u00e9gatifs. C\u2019est donc une bonne chose que les derni\u00e8res grandes restructurations aient mis le doigt sur les opportunit\u00e9s qui existent\u00a0\u00bb<\/em>, affirme Val\u00e9rie Dubois, Senior Business Manager chez Randstad Risesmart. \u00ab\u00a0<em>Investir dans les formations sous l\u2019angle de l\u2019employabilit\u00e9 durable est une approche payante et nous en faisons \u00e9galement l\u2019exp\u00e9rience dans nos accompagnements : les personnes qui ont occup\u00e9 le m\u00eame poste pendant 20 \u00e0 30 ans et n\u2019ont jamais b\u00e9n\u00e9fici\u00e9 d\u2019une formation ou d\u2019un recyclage, traversent en moyenne une p\u00e9riode plus longue avant de retrouver un travail.\u00a0\u00bb<\/em><\/p>\n<p>Contrairement aux ann\u00e9es pr\u00e9c\u00e9dentes, l\u2019ann\u00e9e derni\u00e8re a fait appara\u00eetre une nette diff\u00e9rence entre ouvriers et employ\u00e9s. Si les ouvriers avaient retrouv\u00e9 du travail apr\u00e8s 91 jours en moyenne, ce d\u00e9lai variait de 137 \u00e0 232 jours pour les employ\u00e9s selon leur niveau de fonction.<\/p>\n<p><em>\u00ab\u00a0Plus le poste de l\u2019employ\u00e9 est \u00e9lev\u00e9, plus cela prend du temps de trouver un nouvel emploi. Ici, c\u2019est l\u2019impact du processus de recrutement qui joue. Celui-ci est g\u00e9n\u00e9ralement plus long pour les fonctions de management et de direction\u00a0\u00bb,<\/em> explique Val\u00e9rie Dubois.<\/p>\n<p>Randstad enregistre traditionnellement les d\u00e9lais les plus courts dans l\u2019activit\u00e9 de production et le secteur technique, avec une dur\u00e9e moyenne de 103 jours au cours des 5 derni\u00e8res ann\u00e9es, contre une moyenne de 171 jours durant cette m\u00eame p\u00e9riode dans le secteur des ressources humaines.<\/p>\n<p>Sur l\u2019ensemble des personnes que Randstad Risesmart a accompagn\u00e9es en 2024, 81% avaient retrouv\u00e9 un emploi \u00e0 la fin de l\u2019accompagnement. Ce pourcentage atteint 74% pour les licenciements collectifs. Cela s\u2019explique entre autres par la p\u00e9riode d\u2019accompagnement plus courte. Aujourd\u2019hui, les personnes de plus de 45 ans ont droit \u00e0 60 heures d\u2019accompagnement (6 mois). Les moins de 45 ans ne b\u00e9n\u00e9ficient que de 30 heures (3 mois). C\u2019est souvent trop court pour traiter un licenciement, proc\u00e9der \u00e0 une auto-analyse et postuler. D\u2019autant qu\u2019aujourd\u2019hui, la loi n\u2019autorise \u00e0 entamer un accompagnement qu\u2019une fois toutes les \u00e9tapes de la loi Renault franchies.<\/p>\n<p><em>\u00ab\u00a0Les entreprises pourraient d\u2019ores et d\u00e9j\u00e0 prendre des initiatives pertinentes pour \u00e9viter aux travailleurs impact\u00e9s de traverser une longue p\u00e9riode d\u2019incertitude et d\u2019absence de perspectives de carri\u00e8re. Elles pourraient d\u00e9j\u00e0 tirer parti de cette p\u00e9riode pour aider les collaborateurs concern\u00e9s \u00e0 faire face \u00e0 la nouvelle du licenciement et les pr\u00e9parer \u00e0 vivre une nouvelle \u00e9tape dans leur carri\u00e8re, permettant ainsi aux int\u00e9ress\u00e9s de retrouver plus vite un nouveau job apr\u00e8s leur licenciement\u00a0\u00bb,<\/em> conclut Val\u00e9rie Dubois.<\/p>\n<p>&nbsp;<\/p>\n<p><em>Source: Randstad<\/em><\/p>\n","protected":false},"excerpt":{"rendered":"<p>2024 a tristement battu un record en termes de pertes d\u2019emploi. Plus de 40.000 jobs ont \u00e9t\u00e9 perdus. Les chiffres du SPF Emploi, Travail et Concertation sociale indiquent qu\u2019entre janvier et d\u00e9cembre 2024, 103 unit\u00e9s techniques d\u2019exploitation ont annonc\u00e9 une [&hellip;]<\/p>\n","protected":false},"author":2,"featured_media":17467,"comment_status":"closed","ping_status":"open","sticky":false,"template":"","format":"standard","meta":[],"categories":[65,10],"tags":[158,134,321],"yoast_head":"<!-- This site is optimized with the Yoast SEO plugin v21.0 - https:\/\/yoast.com\/wordpress\/plugins\/seo\/ -->\n<title>L\u2019accompagnement d\u2019outplacement dure 2 semaines de moins qu\u2019il y a 10 ans. - Peoplesphere<\/title>\n<meta name=\"robots\" content=\"index, follow, max-snippet:-1, max-image-preview:large, max-video-preview:-1\" \/>\n<link rel=\"canonical\" href=\"https:\/\/peoplesphere.be\/fr\/laccompagnement-doutplacement-dure-2-semaines-de-moins-quil-y-a-10-ans\/\" \/>\n<meta property=\"og:locale\" content=\"fr_FR\" \/>\n<meta property=\"og:type\" content=\"article\" \/>\n<meta property=\"og:title\" content=\"L\u2019accompagnement d\u2019outplacement dure 2 semaines de moins qu\u2019il y a 10 ans. - Peoplesphere\" \/>\n<meta property=\"og:description\" content=\"2024 a tristement battu un record en termes de pertes d\u2019emploi. Plus de 40.000 jobs ont \u00e9t\u00e9 perdus. Les chiffres du SPF Emploi, Travail et Concertation sociale indiquent qu\u2019entre janvier et d\u00e9cembre 2024, 103 unit\u00e9s techniques d\u2019exploitation ont annonc\u00e9 une [&hellip;]\" \/>\n<meta property=\"og:url\" content=\"https:\/\/peoplesphere.be\/fr\/laccompagnement-doutplacement-dure-2-semaines-de-moins-quil-y-a-10-ans\/\" \/>\n<meta property=\"og:site_name\" content=\"Peoplesphere\" \/>\n<meta property=\"article:publisher\" content=\"https:\/\/www.facebook.com\/peoplesphere\" \/>\n<meta property=\"article:published_time\" content=\"2025-03-07T10:54:44+00:00\" \/>\n<meta property=\"og:image\" content=\"https:\/\/peoplesphere.be\/fr\/wp-content\/uploads\/2025\/03\/20250307outplacement.jpg\" \/>\n\t<meta property=\"og:image:width\" content=\"2560\" \/>\n\t<meta property=\"og:image:height\" content=\"928\" \/>\n\t<meta property=\"og:image:type\" content=\"image\/jpeg\" \/>\n<meta name=\"author\" content=\"Jean-Paul Erhard\" \/>\n<meta name=\"twitter:card\" content=\"summary_large_image\" \/>\n<meta name=\"twitter:creator\" content=\"@PeoplesphereMag\" \/>\n<meta name=\"twitter:site\" content=\"@PeoplesphereMag\" \/>\n<meta name=\"twitter:label1\" content=\"\u00c9crit par\" \/>\n\t<meta name=\"twitter:data1\" content=\"Jean-Paul Erhard\" \/>\n\t<meta name=\"twitter:label2\" content=\"Dur\u00e9e de lecture estim\u00e9e\" \/>\n\t<meta name=\"twitter:data2\" content=\"4 minutes\" \/>\n<script type=\"application\/ld+json\" class=\"yoast-schema-graph\">{\"@context\":\"https:\/\/schema.org\",\"@graph\":[{\"@type\":\"Article\",\"@id\":\"https:\/\/peoplesphere.be\/fr\/laccompagnement-doutplacement-dure-2-semaines-de-moins-quil-y-a-10-ans\/#article\",\"isPartOf\":{\"@id\":\"https:\/\/peoplesphere.be\/fr\/laccompagnement-doutplacement-dure-2-semaines-de-moins-quil-y-a-10-ans\/\"},\"author\":{\"name\":\"Jean-Paul Erhard\",\"@id\":\"https:\/\/peoplesphere.be\/fr\/#\/schema\/person\/7976225ff17988604334abb7b3536a7e\"},\"headline\":\"L\u2019accompagnement d\u2019outplacement dure 2 semaines de moins qu\u2019il y a 10 ans.\",\"datePublished\":\"2025-03-07T10:54:44+00:00\",\"dateModified\":\"2025-03-07T10:54:44+00:00\",\"mainEntityOfPage\":{\"@id\":\"https:\/\/peoplesphere.be\/fr\/laccompagnement-doutplacement-dure-2-semaines-de-moins-quil-y-a-10-ans\/\"},\"wordCount\":748,\"publisher\":{\"@id\":\"https:\/\/peoplesphere.be\/fr\/#organization\"},\"keywords\":[\"employabilit\u00e9\",\"licenciement\",\"outplacement\"],\"articleSection\":[\"Actualit\u00e9s\",\"Digital\"],\"inLanguage\":\"fr-FR\"},{\"@type\":\"WebPage\",\"@id\":\"https:\/\/peoplesphere.be\/fr\/laccompagnement-doutplacement-dure-2-semaines-de-moins-quil-y-a-10-ans\/\",\"url\":\"https:\/\/peoplesphere.be\/fr\/laccompagnement-doutplacement-dure-2-semaines-de-moins-quil-y-a-10-ans\/\",\"name\":\"L\u2019accompagnement d\u2019outplacement dure 2 semaines de moins qu\u2019il y a 10 ans. - Peoplesphere\",\"isPartOf\":{\"@id\":\"https:\/\/peoplesphere.be\/fr\/#website\"},\"datePublished\":\"2025-03-07T10:54:44+00:00\",\"dateModified\":\"2025-03-07T10:54:44+00:00\",\"breadcrumb\":{\"@id\":\"https:\/\/peoplesphere.be\/fr\/laccompagnement-doutplacement-dure-2-semaines-de-moins-quil-y-a-10-ans\/#breadcrumb\"},\"inLanguage\":\"fr-FR\",\"potentialAction\":[{\"@type\":\"ReadAction\",\"target\":[\"https:\/\/peoplesphere.be\/fr\/laccompagnement-doutplacement-dure-2-semaines-de-moins-quil-y-a-10-ans\/\"]}]},{\"@type\":\"BreadcrumbList\",\"@id\":\"https:\/\/peoplesphere.be\/fr\/laccompagnement-doutplacement-dure-2-semaines-de-moins-quil-y-a-10-ans\/#breadcrumb\",\"itemListElement\":[{\"@type\":\"ListItem\",\"position\":1,\"name\":\"Accueil\",\"item\":\"https:\/\/peoplesphere.be\/fr\/\"},{\"@type\":\"ListItem\",\"position\":2,\"name\":\"L\u2019accompagnement d\u2019outplacement dure 2 semaines de moins qu\u2019il y a 10 ans.\"}]},{\"@type\":\"WebSite\",\"@id\":\"https:\/\/peoplesphere.be\/fr\/#website\",\"url\":\"https:\/\/peoplesphere.be\/fr\/\",\"name\":\"Peoplesphere\",\"description\":\"The People Managers Magazine\",\"publisher\":{\"@id\":\"https:\/\/peoplesphere.be\/fr\/#organization\"},\"potentialAction\":[{\"@type\":\"SearchAction\",\"target\":{\"@type\":\"EntryPoint\",\"urlTemplate\":\"https:\/\/peoplesphere.be\/fr\/?s={search_term_string}\"},\"query-input\":\"required name=search_term_string\"}],\"inLanguage\":\"fr-FR\"},{\"@type\":\"Organization\",\"@id\":\"https:\/\/peoplesphere.be\/fr\/#organization\",\"name\":\"Peoplesphere Company srl\",\"url\":\"https:\/\/peoplesphere.be\/fr\/\",\"logo\":{\"@type\":\"ImageObject\",\"inLanguage\":\"fr-FR\",\"@id\":\"https:\/\/peoplesphere.be\/fr\/#\/schema\/logo\/image\/\",\"url\":\"https:\/\/peoplesphere.be\/fr\/wp-content\/uploads\/2023\/07\/peoplesphere-lgo-new-generik.jpg\",\"contentUrl\":\"https:\/\/peoplesphere.be\/fr\/wp-content\/uploads\/2023\/07\/peoplesphere-lgo-new-generik.jpg\",\"width\":1031,\"height\":1479,\"caption\":\"Peoplesphere Company srl\"},\"image\":{\"@id\":\"https:\/\/peoplesphere.be\/fr\/#\/schema\/logo\/image\/\"},\"sameAs\":[\"https:\/\/www.facebook.com\/peoplesphere\",\"https:\/\/twitter.com\/PeoplesphereMag\",\"https:\/\/www.linkedin.com\/company\/7587361?trk\",\"http:\/\/youtube.com\/peoplesphere\"]},{\"@type\":\"Person\",\"@id\":\"https:\/\/peoplesphere.be\/fr\/#\/schema\/person\/7976225ff17988604334abb7b3536a7e\",\"name\":\"Jean-Paul Erhard\",\"image\":{\"@type\":\"ImageObject\",\"inLanguage\":\"fr-FR\",\"@id\":\"https:\/\/peoplesphere.be\/fr\/#\/schema\/person\/image\/\",\"url\":\"https:\/\/secure.gravatar.com\/avatar\/f941e681460179738071629a51574930?s=96&d=mm&r=g\",\"contentUrl\":\"https:\/\/secure.gravatar.com\/avatar\/f941e681460179738071629a51574930?s=96&d=mm&r=g\",\"caption\":\"Jean-Paul Erhard\"},\"url\":\"https:\/\/peoplesphere.be\/fr\/author\/jpe\/\"}]}<\/script>\n<!-- \/ Yoast SEO plugin. -->","yoast_head_json":{"title":"L\u2019accompagnement d\u2019outplacement dure 2 semaines de moins qu\u2019il y a 10 ans. - Peoplesphere","robots":{"index":"index","follow":"follow","max-snippet":"max-snippet:-1","max-image-preview":"max-image-preview:large","max-video-preview":"max-video-preview:-1"},"canonical":"https:\/\/peoplesphere.be\/fr\/laccompagnement-doutplacement-dure-2-semaines-de-moins-quil-y-a-10-ans\/","og_locale":"fr_FR","og_type":"article","og_title":"L\u2019accompagnement d\u2019outplacement dure 2 semaines de moins qu\u2019il y a 10 ans. - Peoplesphere","og_description":"2024 a tristement battu un record en termes de pertes d\u2019emploi. Plus de 40.000 jobs ont \u00e9t\u00e9 perdus. Les chiffres du SPF Emploi, Travail et Concertation sociale indiquent qu\u2019entre janvier et d\u00e9cembre 2024, 103 unit\u00e9s techniques d\u2019exploitation ont annonc\u00e9 une [&hellip;]","og_url":"https:\/\/peoplesphere.be\/fr\/laccompagnement-doutplacement-dure-2-semaines-de-moins-quil-y-a-10-ans\/","og_site_name":"Peoplesphere","article_publisher":"https:\/\/www.facebook.com\/peoplesphere","article_published_time":"2025-03-07T10:54:44+00:00","og_image":[{"width":2560,"height":928,"url":"https:\/\/peoplesphere.be\/fr\/wp-content\/uploads\/2025\/03\/20250307outplacement.jpg","type":"image\/jpeg"}],"author":"Jean-Paul Erhard","twitter_card":"summary_large_image","twitter_creator":"@PeoplesphereMag","twitter_site":"@PeoplesphereMag","twitter_misc":{"\u00c9crit par":"Jean-Paul Erhard","Dur\u00e9e de lecture estim\u00e9e":"4 minutes"},"schema":{"@context":"https:\/\/schema.org","@graph":[{"@type":"Article","@id":"https:\/\/peoplesphere.be\/fr\/laccompagnement-doutplacement-dure-2-semaines-de-moins-quil-y-a-10-ans\/#article","isPartOf":{"@id":"https:\/\/peoplesphere.be\/fr\/laccompagnement-doutplacement-dure-2-semaines-de-moins-quil-y-a-10-ans\/"},"author":{"name":"Jean-Paul Erhard","@id":"https:\/\/peoplesphere.be\/fr\/#\/schema\/person\/7976225ff17988604334abb7b3536a7e"},"headline":"L\u2019accompagnement d\u2019outplacement dure 2 semaines de moins qu\u2019il y a 10 ans.","datePublished":"2025-03-07T10:54:44+00:00","dateModified":"2025-03-07T10:54:44+00:00","mainEntityOfPage":{"@id":"https:\/\/peoplesphere.be\/fr\/laccompagnement-doutplacement-dure-2-semaines-de-moins-quil-y-a-10-ans\/"},"wordCount":748,"publisher":{"@id":"https:\/\/peoplesphere.be\/fr\/#organization"},"keywords":["employabilit\u00e9","licenciement","outplacement"],"articleSection":["Actualit\u00e9s","Digital"],"inLanguage":"fr-FR"},{"@type":"WebPage","@id":"https:\/\/peoplesphere.be\/fr\/laccompagnement-doutplacement-dure-2-semaines-de-moins-quil-y-a-10-ans\/","url":"https:\/\/peoplesphere.be\/fr\/laccompagnement-doutplacement-dure-2-semaines-de-moins-quil-y-a-10-ans\/","name":"L\u2019accompagnement d\u2019outplacement dure 2 semaines de moins qu\u2019il y a 10 ans. - Peoplesphere","isPartOf":{"@id":"https:\/\/peoplesphere.be\/fr\/#website"},"datePublished":"2025-03-07T10:54:44+00:00","dateModified":"2025-03-07T10:54:44+00:00","breadcrumb":{"@id":"https:\/\/peoplesphere.be\/fr\/laccompagnement-doutplacement-dure-2-semaines-de-moins-quil-y-a-10-ans\/#breadcrumb"},"inLanguage":"fr-FR","potentialAction":[{"@type":"ReadAction","target":["https:\/\/peoplesphere.be\/fr\/laccompagnement-doutplacement-dure-2-semaines-de-moins-quil-y-a-10-ans\/"]}]},{"@type":"BreadcrumbList","@id":"https:\/\/peoplesphere.be\/fr\/laccompagnement-doutplacement-dure-2-semaines-de-moins-quil-y-a-10-ans\/#breadcrumb","itemListElement":[{"@type":"ListItem","position":1,"name":"Accueil","item":"https:\/\/peoplesphere.be\/fr\/"},{"@type":"ListItem","position":2,"name":"L\u2019accompagnement d\u2019outplacement dure 2 semaines de moins qu\u2019il y a 10 ans."}]},{"@type":"WebSite","@id":"https:\/\/peoplesphere.be\/fr\/#website","url":"https:\/\/peoplesphere.be\/fr\/","name":"Peoplesphere","description":"The People Managers Magazine","publisher":{"@id":"https:\/\/peoplesphere.be\/fr\/#organization"},"potentialAction":[{"@type":"SearchAction","target":{"@type":"EntryPoint","urlTemplate":"https:\/\/peoplesphere.be\/fr\/?s={search_term_string}"},"query-input":"required name=search_term_string"}],"inLanguage":"fr-FR"},{"@type":"Organization","@id":"https:\/\/peoplesphere.be\/fr\/#organization","name":"Peoplesphere Company srl","url":"https:\/\/peoplesphere.be\/fr\/","logo":{"@type":"ImageObject","inLanguage":"fr-FR","@id":"https:\/\/peoplesphere.be\/fr\/#\/schema\/logo\/image\/","url":"https:\/\/peoplesphere.be\/fr\/wp-content\/uploads\/2023\/07\/peoplesphere-lgo-new-generik.jpg","contentUrl":"https:\/\/peoplesphere.be\/fr\/wp-content\/uploads\/2023\/07\/peoplesphere-lgo-new-generik.jpg","width":1031,"height":1479,"caption":"Peoplesphere Company srl"},"image":{"@id":"https:\/\/peoplesphere.be\/fr\/#\/schema\/logo\/image\/"},"sameAs":["https:\/\/www.facebook.com\/peoplesphere","https:\/\/twitter.com\/PeoplesphereMag","https:\/\/www.linkedin.com\/company\/7587361?trk","http:\/\/youtube.com\/peoplesphere"]},{"@type":"Person","@id":"https:\/\/peoplesphere.be\/fr\/#\/schema\/person\/7976225ff17988604334abb7b3536a7e","name":"Jean-Paul Erhard","image":{"@type":"ImageObject","inLanguage":"fr-FR","@id":"https:\/\/peoplesphere.be\/fr\/#\/schema\/person\/image\/","url":"https:\/\/secure.gravatar.com\/avatar\/f941e681460179738071629a51574930?s=96&d=mm&r=g","contentUrl":"https:\/\/secure.gravatar.com\/avatar\/f941e681460179738071629a51574930?s=96&d=mm&r=g","caption":"Jean-Paul Erhard"},"url":"https:\/\/peoplesphere.be\/fr\/author\/jpe\/"}]}},"_links":{"self":[{"href":"https:\/\/peoplesphere.be\/fr\/wp-json\/wp\/v2\/posts\/17466"}],"collection":[{"href":"https:\/\/peoplesphere.be\/fr\/wp-json\/wp\/v2\/posts"}],"about":[{"href":"https:\/\/peoplesphere.be\/fr\/wp-json\/wp\/v2\/types\/post"}],"author":[{"embeddable":true,"href":"https:\/\/peoplesphere.be\/fr\/wp-json\/wp\/v2\/users\/2"}],"replies":[{"embeddable":true,"href":"https:\/\/peoplesphere.be\/fr\/wp-json\/wp\/v2\/comments?post=17466"}],"version-history":[{"count":1,"href":"https:\/\/peoplesphere.be\/fr\/wp-json\/wp\/v2\/posts\/17466\/revisions"}],"predecessor-version":[{"id":17468,"href":"https:\/\/peoplesphere.be\/fr\/wp-json\/wp\/v2\/posts\/17466\/revisions\/17468"}],"wp:featuredmedia":[{"embeddable":true,"href":"https:\/\/peoplesphere.be\/fr\/wp-json\/wp\/v2\/media\/17467"}],"wp:attachment":[{"href":"https:\/\/peoplesphere.be\/fr\/wp-json\/wp\/v2\/media?parent=17466"}],"wp:term":[{"taxonomy":"category","embeddable":true,"href":"https:\/\/peoplesphere.be\/fr\/wp-json\/wp\/v2\/categories?post=17466"},{"taxonomy":"post_tag","embeddable":true,"href":"https:\/\/peoplesphere.be\/fr\/wp-json\/wp\/v2\/tags?post=17466"}],"curies":[{"name":"wp","href":"https:\/\/api.w.org\/{rel}","templated":true}]}}