









{"id":17497,"date":"2025-03-17T09:49:14","date_gmt":"2025-03-17T07:49:14","guid":{"rendered":"https:\/\/peoplesphere.be\/fr\/?p=17497"},"modified":"2025-03-17T09:49:14","modified_gmt":"2025-03-17T07:49:14","slug":"plus-de-la-moitie-des-prestataires-de-soins-independants-se-sentent-insuffisamment-competents-pour-assurer-la-gestion-de-leur-petite-entreprise","status":"publish","type":"post","link":"https:\/\/peoplesphere.be\/fr\/plus-de-la-moitie-des-prestataires-de-soins-independants-se-sentent-insuffisamment-competents-pour-assurer-la-gestion-de-leur-petite-entreprise\/","title":{"rendered":"Plus de la moiti\u00e9 des prestataires de soins ind\u00e9pendants se sentent insuffisamment comp\u00e9tents pour assurer la gestion de leur petite entreprise."},"content":{"rendered":"<p>Pr\u00e8s de 6 prestataires de soins ind\u00e9pendants sur 10 (59%) en Belgique, tels que les pharmaciens, infirmi\u00e8r.e.s, kin\u00e9sith\u00e9rapeutes ou sages-femmes, se sentent insuffisamment comp\u00e9tents en tant qu&rsquo;entrepreneurs. Parall\u00e8lement, les prestataires de soins consacrent en moyenne 8 heures par semaine \u00e0 des t\u00e2ches de gestion d&rsquo;entreprise, telles que la gestion du personnel, la comptabilit\u00e9, le marketing et les questions juridiques, alors qu&rsquo;ils souhaiteraient y investir beaucoup moins de temps. Cela ressort d&rsquo;une \u00e9tude r\u00e9cente d&rsquo;iVOX command\u00e9e par l&rsquo;assureur sant\u00e9 Curalia.<!--more--><\/p>\n<p><em>\u00ab\u00a0Les prestataires de soins sont form\u00e9s pour prodiguer des soins, mais pas pour g\u00e9rer une entreprise. Ils doivent \u00eatre bien mieux pr\u00e9par\u00e9s \u00e0 cet aspect pendant leur formation. Il y a ici un r\u00f4le \u00e0 jouer pour les responsables politiques et les \u00e9tablissements d&rsquo;enseignement pour accorder beaucoup plus d&rsquo;attention \u00e0 cet aspect. Nous prenons d\u00e9j\u00e0 des initiatives pour soutenir les prestataires de soins ind\u00e9pendants dans leur entrepreneuriat tout en exer\u00e7ant leur profession\u00a0\u00bb,<\/em> explique Izzy Van Aelst de Curalia.<\/p>\n<p>Dans un monde id\u00e9al, un prestataire de soins se concentrerait uniquement sur les soins \u00e0 apporter \u00e0 ses patients. Mais en r\u00e9alit\u00e9, cela n&rsquo;est \u00e9videmment pas le cas. Une part importante du temps de travail est consacr\u00e9e \u00e0 des t\u00e2ches administratives. Et cela est particuli\u00e8rement vrai pour les jeunes entrepreneurs, qui ne sont pas toujours pr\u00e9par\u00e9s \u00e0 cela.<\/p>\n<p><em>\u00ab\u00a0Tant durant mes \u00e9tudes de bachelier que de master en soins infirmiers, il y avait peu d&rsquo;attention accord\u00e9e \u00e0 la gestion d&rsquo;entreprise. Ce n&rsquo;est qu&rsquo;en d\u00e9butant comme infirmi\u00e8r.e.s ind\u00e9pendante.e.s que l&rsquo;on d\u00e9couvre tout ce qui est n\u00e9cessaire, comme la demande d&rsquo;un num\u00e9ro d&rsquo;entreprise, la souscription \u00e0 une assurance responsabilit\u00e9 professionnelle et bien d&rsquo;autres t\u00e2ches administratives pour lesquelles on n&rsquo;a presque aucune exp\u00e9rience. Cela pourrait \u00eatre bien mieux fait \u00e0 l&rsquo;avenir, pour \u00eatre mieux pr\u00e9par\u00e9 lorsque l&rsquo;on souhaite se lancer\u00a0\u00bb,<\/em> explique Noemi Biscotti (25 ans), infirmi\u00e8re ind\u00e9pendante depuis janvier.<\/p>\n<h3><strong><em>En moyenne, 8 heures par semaine sont consacr\u00e9es \u00e0 la gestion d&rsquo;entreprise<\/em><\/strong><\/h3>\n<p>Les prestataires de soins ind\u00e9pendants consacrent en moyenne 8 heures par semaine \u00e0 la gestion d&rsquo;entreprise. En plus de cela, ils consacrent bien s\u00fbr beaucoup de temps \u00e0 leur v\u00e9ritable mission, les soins. Cela repr\u00e9sente 38 heures par semaine en moyenne. Pour les m\u00e9decins et les infirmi\u00e8r.e.s, cela correspond respectivement \u00e0 43 heures et 41 heures.<\/p>\n<p><em>\u00ab\u00a0Notre \u00e9tude montre clairement que le temps consacr\u00e9 \u00e0 la gestion d&rsquo;entreprise est bien trop \u00e9lev\u00e9. En moyenne, ils souhaiteraient n&rsquo;y consacrer que 5 heures par semaine. Soit 3 heures de moins qu&rsquo;actuellement. La prestation des soins est la raison pour laquelle la plupart ont choisi ce m\u00e9tier. Les prestataires de soins sont form\u00e9s pour prodiguer des soins, mais pas pour g\u00e9rer une entreprise. C&rsquo;est ce que nous souhaitons changer\u00a0\u00bb<\/em>, indique Izzy Van Aelst de Curalia.<\/p>\n<p>Pour l&rsquo;instant, cette lourde charge administrative n&rsquo;a pas d&rsquo;impact sur les patients, mais cela reste un sujet \u00e0 suivre de pr\u00e8s, selon Curalia.<\/p>\n<h3><strong><em>Les pharmaciens consacrent 13 heures par semaine \u00e0 l&rsquo;administration<\/em><\/strong><\/h3>\n<p>Si on se penche sp\u00e9cifiquement sur les pharmaciens ind\u00e9pendants, un groupe historiquement li\u00e9 \u00e0 Curalia, on constate que les d\u00e9fis sont encore plus grands. Les pharmaciens consacrent en moyenne 13 heures par semaine \u00e0 la gestion d&rsquo;entreprise, alors qu&rsquo;ils aimeraient r\u00e9duire ce temps \u00e0 5 heures. Seuls 52 % d&rsquo;entre eux se sentent suffisamment comp\u00e9tents en tant qu&rsquo;entrepreneurs. De plus, il appara\u00eet que 75% des pharmaciens travaillant actuellement comme salari\u00e9s ne sont pas enclins \u00e0 franchir le pas vers l&rsquo;ind\u00e9pendance.<\/p>\n<p><em>\u00ab\u00a0En tant que pharmacienne ind\u00e9pendante depuis plus de 35 ans, je consacre une journ\u00e9e enti\u00e8re par semaine uniquement aux t\u00e2ches administratives. Ce n\u2019est pas ce que j\u2019ai appris \u00e0 l\u2019universit\u00e9, et pourtant, c\u2019est une part essentielle du m\u00e9tier. Les jeunes pharmaciens se retrouvent souvent d\u00e9munis face \u00e0 cette r\u00e9alit\u00e9. Mieux les former \u00e0 l\u2019entrepreneuriat leur permettrait de s\u2019installer avec plus de confiance\u00a0\u00bb<\/em>, d\u00e9clare Jo\u00eblle Antoine, pharmacienne.<\/p>\n<h3><strong><em>Pas assez comp\u00e9tent pour \u00eatre entrepreneur<\/em><\/strong><\/h3>\n<p>Les prestataires de soins consacrent non seulement plus de temps \u00e0 la gestion de leur entreprise que pr\u00e9vu, mais ils ne se sentent pas toujours pr\u00eats pour cela. L&rsquo;\u00e9tude a montr\u00e9 dans quelle mesure les prestataires de soins ind\u00e9pendants se sentent comp\u00e9tents pour \u00eatre \u00e9galement des entrepreneurs. En moyenne, ils s&rsquo;attribuent une note de 5,6 sur 10 \u00e0 ce sujet. Ce n&rsquo;est certainement pas une note convaincante.<\/p>\n<p><em>\u00ab\u00a0Cette note de 5,6 sur 10 est un v\u00e9ritable signal d&rsquo;alarme. Cela signifie qu&rsquo;il reste encore beaucoup de progr\u00e8s \u00e0 faire en mati\u00e8re d&rsquo;entrepreneuriat. Il ne faut pas perdre de vue que la gestion d&rsquo;entreprise peut avoir un impact sur leur mission principale : plus les prestataires de soins g\u00e8rent leur entreprise de mani\u00e8re fluide et efficace, plus ils pourront consacrer de temps et d&rsquo;\u00e9nergie \u00e0 leur mission de soins\u00a0\u00bb,<\/em> conclut Izzy Van Aelst de Curalia.<\/p>\n<h3><strong><em>Soutien du monde acad\u00e9mique<\/em><\/strong><\/h3>\n<p>La facult\u00e9 des sciences de la r\u00e9\u00e9ducation et de kin\u00e9sith\u00e9rapie d\u2019UHasselt reconna\u00eet le probl\u00e8me et constate que la prise de conscience de l&rsquo;entrepreneuriat chez ses \u00e9tudiants ne cesse de cro\u00eetre.<\/p>\n<p><em>\u00ab\u00a0Nous constatons que de nombreux \u00e9tudiants ou jeunes dipl\u00f4m\u00e9s ont tendance \u00e0 se surestimer dans leur r\u00f4le d&rsquo;entrepreneur, mais nous remarquons aussi qu&rsquo;un changement de mentalit\u00e9 est en train de s&rsquo;op\u00e9rer. Une g\u00e9n\u00e9ration arrive qui se soucie non seulement des soins \u00e0 apporter \u00e0 leurs patients, mais aussi de la rentabilit\u00e9 de leur propre entreprise. Il y a dix ans, cela n&rsquo;\u00e9tait pas le cas. Dans nos formations, nous y accordons d\u00e9j\u00e0 de l&rsquo;attention, mais comme le programme est d\u00e9j\u00e0 assez charg\u00e9, nous voyons surtout des avantages dans des formations suppl\u00e9mentaires et des recyclages constants apr\u00e8s l&rsquo;obtention du dipl\u00f4me\u00a0\u00bb,<\/em> explique le Prof. Dr. Raf Meesen, doyen de La facult\u00e9 des sciences de la r\u00e9\u00e9ducation et de kin\u00e9sith\u00e9rapie \u00e0 UHasselt.<\/p>\n<p>C&rsquo;est pourquoi UHasselt a r\u00e9cemment lanc\u00e9 un Masterclass en \u00ab\u00a0<em>Gestion d&rsquo;entreprise et entrepreneuriat pour (para)m\u00e9dicaux\u00a0\u00bb.<\/em><br \/>\n\u200b<\/p>\n<p><em>Source: Curalia &#8211; l&rsquo;\u00e9tude en ligne a \u00e9t\u00e9 r\u00e9alis\u00e9e par l&rsquo;institut de sondage ind\u00e9pendant iVOX aupr\u00e8s de 1793 prestataires de soins belges entre le 18 d\u00e9cembre 2024 et le 24 f\u00e9vrier 2025.<\/em><\/p>\n","protected":false},"excerpt":{"rendered":"<p>Pr\u00e8s de 6 prestataires de soins ind\u00e9pendants sur 10 (59%) en Belgique, tels que les pharmaciens, infirmi\u00e8r.e.s, kin\u00e9sith\u00e9rapeutes ou sages-femmes, se sentent insuffisamment comp\u00e9tents en tant qu&rsquo;entrepreneurs. Parall\u00e8lement, les prestataires de soins consacrent en moyenne 8 heures par semaine \u00e0 [&hellip;]<\/p>\n","protected":false},"author":2,"featured_media":17498,"comment_status":"closed","ping_status":"open","sticky":false,"template":"","format":"standard","meta":[],"categories":[65,10],"tags":[116,1804,4262,240],"yoast_head":"<!-- This site is optimized with the Yoast SEO plugin v21.0 - https:\/\/yoast.com\/wordpress\/plugins\/seo\/ -->\n<title>Plus de la moiti\u00e9 des prestataires de soins ind\u00e9pendants se sentent insuffisamment comp\u00e9tents pour assurer la gestion de leur petite entreprise. - Peoplesphere<\/title>\n<meta name=\"robots\" content=\"index, follow, max-snippet:-1, max-image-preview:large, max-video-preview:-1\" \/>\n<link rel=\"canonical\" href=\"https:\/\/peoplesphere.be\/fr\/plus-de-la-moitie-des-prestataires-de-soins-independants-se-sentent-insuffisamment-competents-pour-assurer-la-gestion-de-leur-petite-entreprise\/\" \/>\n<meta property=\"og:locale\" content=\"fr_FR\" \/>\n<meta property=\"og:type\" content=\"article\" \/>\n<meta property=\"og:title\" content=\"Plus de la moiti\u00e9 des prestataires de soins ind\u00e9pendants se sentent insuffisamment comp\u00e9tents pour assurer la gestion de leur petite entreprise. - Peoplesphere\" \/>\n<meta property=\"og:description\" content=\"Pr\u00e8s de 6 prestataires de soins ind\u00e9pendants sur 10 (59%) en Belgique, tels que les pharmaciens, infirmi\u00e8r.e.s, kin\u00e9sith\u00e9rapeutes ou sages-femmes, se sentent insuffisamment comp\u00e9tents en tant qu&rsquo;entrepreneurs. Parall\u00e8lement, les prestataires de soins consacrent en moyenne 8 heures par semaine \u00e0 [&hellip;]\" \/>\n<meta property=\"og:url\" content=\"https:\/\/peoplesphere.be\/fr\/plus-de-la-moitie-des-prestataires-de-soins-independants-se-sentent-insuffisamment-competents-pour-assurer-la-gestion-de-leur-petite-entreprise\/\" \/>\n<meta property=\"og:site_name\" content=\"Peoplesphere\" \/>\n<meta property=\"article:publisher\" content=\"https:\/\/www.facebook.com\/peoplesphere\" \/>\n<meta property=\"article:published_time\" content=\"2025-03-17T07:49:14+00:00\" \/>\n<meta property=\"og:image\" content=\"https:\/\/peoplesphere.be\/fr\/wp-content\/uploads\/2025\/03\/20250317soinssanteindependants.jpg\" \/>\n\t<meta property=\"og:image:width\" content=\"1120\" \/>\n\t<meta property=\"og:image:height\" content=\"639\" \/>\n\t<meta property=\"og:image:type\" content=\"image\/jpeg\" \/>\n<meta name=\"author\" content=\"Jean-Paul Erhard\" \/>\n<meta name=\"twitter:card\" content=\"summary_large_image\" \/>\n<meta name=\"twitter:creator\" content=\"@PeoplesphereMag\" \/>\n<meta name=\"twitter:site\" content=\"@PeoplesphereMag\" \/>\n<meta name=\"twitter:label1\" content=\"\u00c9crit par\" \/>\n\t<meta name=\"twitter:data1\" content=\"Jean-Paul Erhard\" \/>\n\t<meta name=\"twitter:label2\" content=\"Dur\u00e9e de lecture estim\u00e9e\" \/>\n\t<meta name=\"twitter:data2\" content=\"5 minutes\" \/>\n<script type=\"application\/ld+json\" class=\"yoast-schema-graph\">{\"@context\":\"https:\/\/schema.org\",\"@graph\":[{\"@type\":\"Article\",\"@id\":\"https:\/\/peoplesphere.be\/fr\/plus-de-la-moitie-des-prestataires-de-soins-independants-se-sentent-insuffisamment-competents-pour-assurer-la-gestion-de-leur-petite-entreprise\/#article\",\"isPartOf\":{\"@id\":\"https:\/\/peoplesphere.be\/fr\/plus-de-la-moitie-des-prestataires-de-soins-independants-se-sentent-insuffisamment-competents-pour-assurer-la-gestion-de-leur-petite-entreprise\/\"},\"author\":{\"name\":\"Jean-Paul Erhard\",\"@id\":\"https:\/\/peoplesphere.be\/fr\/#\/schema\/person\/7976225ff17988604334abb7b3536a7e\"},\"headline\":\"Plus de la moiti\u00e9 des prestataires de soins ind\u00e9pendants se sentent insuffisamment comp\u00e9tents pour assurer la gestion de leur petite entreprise.\",\"datePublished\":\"2025-03-17T07:49:14+00:00\",\"dateModified\":\"2025-03-17T07:49:14+00:00\",\"mainEntityOfPage\":{\"@id\":\"https:\/\/peoplesphere.be\/fr\/plus-de-la-moitie-des-prestataires-de-soins-independants-se-sentent-insuffisamment-competents-pour-assurer-la-gestion-de-leur-petite-entreprise\/\"},\"wordCount\":1059,\"publisher\":{\"@id\":\"https:\/\/peoplesphere.be\/fr\/#organization\"},\"keywords\":[\"comp\u00e9tences\",\"gestion administrative\",\"prestataires ind\u00e9pendants\",\"soins de sant\u00e9\"],\"articleSection\":[\"Actualit\u00e9s\",\"Digital\"],\"inLanguage\":\"fr-FR\"},{\"@type\":\"WebPage\",\"@id\":\"https:\/\/peoplesphere.be\/fr\/plus-de-la-moitie-des-prestataires-de-soins-independants-se-sentent-insuffisamment-competents-pour-assurer-la-gestion-de-leur-petite-entreprise\/\",\"url\":\"https:\/\/peoplesphere.be\/fr\/plus-de-la-moitie-des-prestataires-de-soins-independants-se-sentent-insuffisamment-competents-pour-assurer-la-gestion-de-leur-petite-entreprise\/\",\"name\":\"Plus de la moiti\u00e9 des prestataires de soins ind\u00e9pendants se sentent insuffisamment comp\u00e9tents pour assurer la gestion de leur petite entreprise. - Peoplesphere\",\"isPartOf\":{\"@id\":\"https:\/\/peoplesphere.be\/fr\/#website\"},\"datePublished\":\"2025-03-17T07:49:14+00:00\",\"dateModified\":\"2025-03-17T07:49:14+00:00\",\"breadcrumb\":{\"@id\":\"https:\/\/peoplesphere.be\/fr\/plus-de-la-moitie-des-prestataires-de-soins-independants-se-sentent-insuffisamment-competents-pour-assurer-la-gestion-de-leur-petite-entreprise\/#breadcrumb\"},\"inLanguage\":\"fr-FR\",\"potentialAction\":[{\"@type\":\"ReadAction\",\"target\":[\"https:\/\/peoplesphere.be\/fr\/plus-de-la-moitie-des-prestataires-de-soins-independants-se-sentent-insuffisamment-competents-pour-assurer-la-gestion-de-leur-petite-entreprise\/\"]}]},{\"@type\":\"BreadcrumbList\",\"@id\":\"https:\/\/peoplesphere.be\/fr\/plus-de-la-moitie-des-prestataires-de-soins-independants-se-sentent-insuffisamment-competents-pour-assurer-la-gestion-de-leur-petite-entreprise\/#breadcrumb\",\"itemListElement\":[{\"@type\":\"ListItem\",\"position\":1,\"name\":\"Accueil\",\"item\":\"https:\/\/peoplesphere.be\/fr\/\"},{\"@type\":\"ListItem\",\"position\":2,\"name\":\"Plus de la moiti\u00e9 des prestataires de soins ind\u00e9pendants se sentent insuffisamment comp\u00e9tents pour assurer la gestion de leur petite entreprise.\"}]},{\"@type\":\"WebSite\",\"@id\":\"https:\/\/peoplesphere.be\/fr\/#website\",\"url\":\"https:\/\/peoplesphere.be\/fr\/\",\"name\":\"Peoplesphere\",\"description\":\"The People Managers Magazine\",\"publisher\":{\"@id\":\"https:\/\/peoplesphere.be\/fr\/#organization\"},\"potentialAction\":[{\"@type\":\"SearchAction\",\"target\":{\"@type\":\"EntryPoint\",\"urlTemplate\":\"https:\/\/peoplesphere.be\/fr\/?s={search_term_string}\"},\"query-input\":\"required name=search_term_string\"}],\"inLanguage\":\"fr-FR\"},{\"@type\":\"Organization\",\"@id\":\"https:\/\/peoplesphere.be\/fr\/#organization\",\"name\":\"Peoplesphere Company srl\",\"url\":\"https:\/\/peoplesphere.be\/fr\/\",\"logo\":{\"@type\":\"ImageObject\",\"inLanguage\":\"fr-FR\",\"@id\":\"https:\/\/peoplesphere.be\/fr\/#\/schema\/logo\/image\/\",\"url\":\"https:\/\/peoplesphere.be\/fr\/wp-content\/uploads\/2023\/07\/peoplesphere-lgo-new-generik.jpg\",\"contentUrl\":\"https:\/\/peoplesphere.be\/fr\/wp-content\/uploads\/2023\/07\/peoplesphere-lgo-new-generik.jpg\",\"width\":1031,\"height\":1479,\"caption\":\"Peoplesphere Company srl\"},\"image\":{\"@id\":\"https:\/\/peoplesphere.be\/fr\/#\/schema\/logo\/image\/\"},\"sameAs\":[\"https:\/\/www.facebook.com\/peoplesphere\",\"https:\/\/twitter.com\/PeoplesphereMag\",\"https:\/\/www.linkedin.com\/company\/7587361?trk\",\"http:\/\/youtube.com\/peoplesphere\"]},{\"@type\":\"Person\",\"@id\":\"https:\/\/peoplesphere.be\/fr\/#\/schema\/person\/7976225ff17988604334abb7b3536a7e\",\"name\":\"Jean-Paul Erhard\",\"image\":{\"@type\":\"ImageObject\",\"inLanguage\":\"fr-FR\",\"@id\":\"https:\/\/peoplesphere.be\/fr\/#\/schema\/person\/image\/\",\"url\":\"https:\/\/secure.gravatar.com\/avatar\/f941e681460179738071629a51574930?s=96&d=mm&r=g\",\"contentUrl\":\"https:\/\/secure.gravatar.com\/avatar\/f941e681460179738071629a51574930?s=96&d=mm&r=g\",\"caption\":\"Jean-Paul Erhard\"},\"url\":\"https:\/\/peoplesphere.be\/fr\/author\/jpe\/\"}]}<\/script>\n<!-- \/ Yoast SEO plugin. -->","yoast_head_json":{"title":"Plus de la moiti\u00e9 des prestataires de soins ind\u00e9pendants se sentent insuffisamment comp\u00e9tents pour assurer la gestion de leur petite entreprise. - Peoplesphere","robots":{"index":"index","follow":"follow","max-snippet":"max-snippet:-1","max-image-preview":"max-image-preview:large","max-video-preview":"max-video-preview:-1"},"canonical":"https:\/\/peoplesphere.be\/fr\/plus-de-la-moitie-des-prestataires-de-soins-independants-se-sentent-insuffisamment-competents-pour-assurer-la-gestion-de-leur-petite-entreprise\/","og_locale":"fr_FR","og_type":"article","og_title":"Plus de la moiti\u00e9 des prestataires de soins ind\u00e9pendants se sentent insuffisamment comp\u00e9tents pour assurer la gestion de leur petite entreprise. - Peoplesphere","og_description":"Pr\u00e8s de 6 prestataires de soins ind\u00e9pendants sur 10 (59%) en Belgique, tels que les pharmaciens, infirmi\u00e8r.e.s, kin\u00e9sith\u00e9rapeutes ou sages-femmes, se sentent insuffisamment comp\u00e9tents en tant qu&rsquo;entrepreneurs. Parall\u00e8lement, les prestataires de soins consacrent en moyenne 8 heures par semaine \u00e0 [&hellip;]","og_url":"https:\/\/peoplesphere.be\/fr\/plus-de-la-moitie-des-prestataires-de-soins-independants-se-sentent-insuffisamment-competents-pour-assurer-la-gestion-de-leur-petite-entreprise\/","og_site_name":"Peoplesphere","article_publisher":"https:\/\/www.facebook.com\/peoplesphere","article_published_time":"2025-03-17T07:49:14+00:00","og_image":[{"width":1120,"height":639,"url":"https:\/\/peoplesphere.be\/fr\/wp-content\/uploads\/2025\/03\/20250317soinssanteindependants.jpg","type":"image\/jpeg"}],"author":"Jean-Paul Erhard","twitter_card":"summary_large_image","twitter_creator":"@PeoplesphereMag","twitter_site":"@PeoplesphereMag","twitter_misc":{"\u00c9crit par":"Jean-Paul Erhard","Dur\u00e9e de lecture estim\u00e9e":"5 minutes"},"schema":{"@context":"https:\/\/schema.org","@graph":[{"@type":"Article","@id":"https:\/\/peoplesphere.be\/fr\/plus-de-la-moitie-des-prestataires-de-soins-independants-se-sentent-insuffisamment-competents-pour-assurer-la-gestion-de-leur-petite-entreprise\/#article","isPartOf":{"@id":"https:\/\/peoplesphere.be\/fr\/plus-de-la-moitie-des-prestataires-de-soins-independants-se-sentent-insuffisamment-competents-pour-assurer-la-gestion-de-leur-petite-entreprise\/"},"author":{"name":"Jean-Paul Erhard","@id":"https:\/\/peoplesphere.be\/fr\/#\/schema\/person\/7976225ff17988604334abb7b3536a7e"},"headline":"Plus de la moiti\u00e9 des prestataires de soins ind\u00e9pendants se sentent insuffisamment comp\u00e9tents pour assurer la gestion de leur petite entreprise.","datePublished":"2025-03-17T07:49:14+00:00","dateModified":"2025-03-17T07:49:14+00:00","mainEntityOfPage":{"@id":"https:\/\/peoplesphere.be\/fr\/plus-de-la-moitie-des-prestataires-de-soins-independants-se-sentent-insuffisamment-competents-pour-assurer-la-gestion-de-leur-petite-entreprise\/"},"wordCount":1059,"publisher":{"@id":"https:\/\/peoplesphere.be\/fr\/#organization"},"keywords":["comp\u00e9tences","gestion administrative","prestataires ind\u00e9pendants","soins de sant\u00e9"],"articleSection":["Actualit\u00e9s","Digital"],"inLanguage":"fr-FR"},{"@type":"WebPage","@id":"https:\/\/peoplesphere.be\/fr\/plus-de-la-moitie-des-prestataires-de-soins-independants-se-sentent-insuffisamment-competents-pour-assurer-la-gestion-de-leur-petite-entreprise\/","url":"https:\/\/peoplesphere.be\/fr\/plus-de-la-moitie-des-prestataires-de-soins-independants-se-sentent-insuffisamment-competents-pour-assurer-la-gestion-de-leur-petite-entreprise\/","name":"Plus de la moiti\u00e9 des prestataires de soins ind\u00e9pendants se sentent insuffisamment comp\u00e9tents pour assurer la gestion de leur petite entreprise. - Peoplesphere","isPartOf":{"@id":"https:\/\/peoplesphere.be\/fr\/#website"},"datePublished":"2025-03-17T07:49:14+00:00","dateModified":"2025-03-17T07:49:14+00:00","breadcrumb":{"@id":"https:\/\/peoplesphere.be\/fr\/plus-de-la-moitie-des-prestataires-de-soins-independants-se-sentent-insuffisamment-competents-pour-assurer-la-gestion-de-leur-petite-entreprise\/#breadcrumb"},"inLanguage":"fr-FR","potentialAction":[{"@type":"ReadAction","target":["https:\/\/peoplesphere.be\/fr\/plus-de-la-moitie-des-prestataires-de-soins-independants-se-sentent-insuffisamment-competents-pour-assurer-la-gestion-de-leur-petite-entreprise\/"]}]},{"@type":"BreadcrumbList","@id":"https:\/\/peoplesphere.be\/fr\/plus-de-la-moitie-des-prestataires-de-soins-independants-se-sentent-insuffisamment-competents-pour-assurer-la-gestion-de-leur-petite-entreprise\/#breadcrumb","itemListElement":[{"@type":"ListItem","position":1,"name":"Accueil","item":"https:\/\/peoplesphere.be\/fr\/"},{"@type":"ListItem","position":2,"name":"Plus de la moiti\u00e9 des prestataires de soins ind\u00e9pendants se sentent insuffisamment comp\u00e9tents pour assurer la gestion de leur petite entreprise."}]},{"@type":"WebSite","@id":"https:\/\/peoplesphere.be\/fr\/#website","url":"https:\/\/peoplesphere.be\/fr\/","name":"Peoplesphere","description":"The People Managers Magazine","publisher":{"@id":"https:\/\/peoplesphere.be\/fr\/#organization"},"potentialAction":[{"@type":"SearchAction","target":{"@type":"EntryPoint","urlTemplate":"https:\/\/peoplesphere.be\/fr\/?s={search_term_string}"},"query-input":"required name=search_term_string"}],"inLanguage":"fr-FR"},{"@type":"Organization","@id":"https:\/\/peoplesphere.be\/fr\/#organization","name":"Peoplesphere Company srl","url":"https:\/\/peoplesphere.be\/fr\/","logo":{"@type":"ImageObject","inLanguage":"fr-FR","@id":"https:\/\/peoplesphere.be\/fr\/#\/schema\/logo\/image\/","url":"https:\/\/peoplesphere.be\/fr\/wp-content\/uploads\/2023\/07\/peoplesphere-lgo-new-generik.jpg","contentUrl":"https:\/\/peoplesphere.be\/fr\/wp-content\/uploads\/2023\/07\/peoplesphere-lgo-new-generik.jpg","width":1031,"height":1479,"caption":"Peoplesphere Company srl"},"image":{"@id":"https:\/\/peoplesphere.be\/fr\/#\/schema\/logo\/image\/"},"sameAs":["https:\/\/www.facebook.com\/peoplesphere","https:\/\/twitter.com\/PeoplesphereMag","https:\/\/www.linkedin.com\/company\/7587361?trk","http:\/\/youtube.com\/peoplesphere"]},{"@type":"Person","@id":"https:\/\/peoplesphere.be\/fr\/#\/schema\/person\/7976225ff17988604334abb7b3536a7e","name":"Jean-Paul Erhard","image":{"@type":"ImageObject","inLanguage":"fr-FR","@id":"https:\/\/peoplesphere.be\/fr\/#\/schema\/person\/image\/","url":"https:\/\/secure.gravatar.com\/avatar\/f941e681460179738071629a51574930?s=96&d=mm&r=g","contentUrl":"https:\/\/secure.gravatar.com\/avatar\/f941e681460179738071629a51574930?s=96&d=mm&r=g","caption":"Jean-Paul Erhard"},"url":"https:\/\/peoplesphere.be\/fr\/author\/jpe\/"}]}},"_links":{"self":[{"href":"https:\/\/peoplesphere.be\/fr\/wp-json\/wp\/v2\/posts\/17497"}],"collection":[{"href":"https:\/\/peoplesphere.be\/fr\/wp-json\/wp\/v2\/posts"}],"about":[{"href":"https:\/\/peoplesphere.be\/fr\/wp-json\/wp\/v2\/types\/post"}],"author":[{"embeddable":true,"href":"https:\/\/peoplesphere.be\/fr\/wp-json\/wp\/v2\/users\/2"}],"replies":[{"embeddable":true,"href":"https:\/\/peoplesphere.be\/fr\/wp-json\/wp\/v2\/comments?post=17497"}],"version-history":[{"count":1,"href":"https:\/\/peoplesphere.be\/fr\/wp-json\/wp\/v2\/posts\/17497\/revisions"}],"predecessor-version":[{"id":17499,"href":"https:\/\/peoplesphere.be\/fr\/wp-json\/wp\/v2\/posts\/17497\/revisions\/17499"}],"wp:featuredmedia":[{"embeddable":true,"href":"https:\/\/peoplesphere.be\/fr\/wp-json\/wp\/v2\/media\/17498"}],"wp:attachment":[{"href":"https:\/\/peoplesphere.be\/fr\/wp-json\/wp\/v2\/media?parent=17497"}],"wp:term":[{"taxonomy":"category","embeddable":true,"href":"https:\/\/peoplesphere.be\/fr\/wp-json\/wp\/v2\/categories?post=17497"},{"taxonomy":"post_tag","embeddable":true,"href":"https:\/\/peoplesphere.be\/fr\/wp-json\/wp\/v2\/tags?post=17497"}],"curies":[{"name":"wp","href":"https:\/\/api.w.org\/{rel}","templated":true}]}}