









{"id":17500,"date":"2025-03-17T10:07:55","date_gmt":"2025-03-17T08:07:55","guid":{"rendered":"https:\/\/peoplesphere.be\/fr\/?p=17500"},"modified":"2025-03-17T10:07:55","modified_gmt":"2025-03-17T08:07:55","slug":"vers-lunion-europeenne-des-competences-la-commission-veut-repondre-aux-penuries-par-la-formation-la-mobilite-et-lattraction-des-talents-internationaux","status":"publish","type":"post","link":"https:\/\/peoplesphere.be\/fr\/vers-lunion-europeenne-des-competences-la-commission-veut-repondre-aux-penuries-par-la-formation-la-mobilite-et-lattraction-des-talents-internationaux\/","title":{"rendered":"Vers l&rsquo;Union europ\u00e9enne des comp\u00e9tences: la Commission veut r\u00e9pondre aux p\u00e9nuries par la formation, la mobilit\u00e9 et l&rsquo;attraction des talents internationaux."},"content":{"rendered":"<p>Le 5 mars, la Commission, par l\u2019interm\u00e9diaire de la commissaire M\u00eenzatu, a lanc\u00e9 les diff\u00e9rents chantiers que l\u2019Europe va mettre en \u0153uvre dans les mois \u00e0 venir pour r\u00e9pondre aux p\u00e9nuries de main-d\u2019\u0153uvre et de travailleurs poss\u00e9dant les comp\u00e9tences requises. Selon les chiffres europ\u00e9ens, pr\u00e8s de quatre cinqui\u00e8mes des PME europ\u00e9ennes souffrent de ces p\u00e9nuries, ce qui a un impact n\u00e9gatif sur la comp\u00e9titivit\u00e9 europ\u00e9enne.<!--more--><\/p>\n<p>Les besoins sont aigus : 33% des adolescents europ\u00e9ens \u00e9chouent en math\u00e9matiques de base, 25% en sciences et pr\u00e8s de la moiti\u00e9 d\u2019entre eux ne poss\u00e8dent pas les comp\u00e9tences de base. La population adulte pr\u00e9sente, elle aussi, d\u2019importantes lacunes en mati\u00e8re de comp\u00e9tences de base et de comp\u00e9tences num\u00e9riques.<\/p>\n<p>L\u2019industrie et l\u2019\u00e9conomie se transformant \u00e0 un rythme rapide, les retards en mati\u00e8re de formation et de comp\u00e9tences sont d\u2019autant plus importants, et les structures de formation traditionnelles ont de plus en plus de mal \u00e0 suivre. C\u2019est la raison pour laquelle la Commission va injecter 150 milliards d\u2019euros dans diverses initiatives :<\/p>\n<p><strong><em>1. Renforcer les comp\u00e9tences de base :<\/em><\/strong> gr\u00e2ce \u00e0 un Plan d\u2019action pour les comp\u00e9tences de base, l\u2019Europe entend se concentrer sur la lecture, les math\u00e9matiques, les sciences, l\u2019alphab\u00e9tisation num\u00e9rique, mais aussi sur l\u2019alphab\u00e9tisation civique (citizenship literacy), qui englobe, entre autres, l\u2019\u00e9ducation aux m\u00e9dias et l\u2019\u00e9ducation civique. La Commission va proposer un Programme de soutien aux comp\u00e9tences de base auquel les \u00e9coles pourront faire appel ; un Programme pour les enseignants et les formateurs pour rem\u00e9dier aux p\u00e9nuries d\u2019enseignants et promouvoir les carri\u00e8res dans l\u2019enseignement ; une Strat\u00e9gie UE en mati\u00e8re d\u2019\u00e9ducation et de formation professionnelle visant \u00e0 rendre l\u2019enseignement professionnel plus attrayant, plus innovant et plus inclusif, ainsi qu\u2019un Plan strat\u00e9gique d\u2019\u00e9ducation STEM pour favoriser l\u2019excellence dans les formations STEM.<\/p>\n<p>Des objectifs concrets \u00e0 atteindre d\u2019ici \u00e0 2030 sont en outre formul\u00e9s :<\/p>\n<ul>\n<li>La proportion de personnes pr\u00e9sentant des lacunes en lecture, \u00e9criture, math\u00e9matiques et sciences ainsi que des comp\u00e9tences num\u00e9riques insuffisantes doit \u00eatre ramen\u00e9e \u00e0 un maximum de 15 %. Quant \u00e0 celle des personnes affichant de meilleures performances dans ces domaines, elle doit \u00eatre d\u2019au moins 15%.<\/li>\n<li>La proportion d\u2019\u00e9tudiants inscrits \u00e0 une formation STEM dans l\u2019enseignement professionnel secondaire doit \u00eatre d\u2019au moins 45 %, et au moins 1 sur 4 devrait \u00eatre une fille.<\/li>\n<li>La proportion d\u2019\u00e9tudiants inscrits \u00e0 une formation STEM dans l\u2019enseignement sup\u00e9rieur doit \u00eatre d\u2019au moins 32 %, et au moins 2 sur 5 doivent \u00eatre des femmes.<\/li>\n<li>La proportion d\u2019\u00e9tudiants inscrits \u00e0 des programmes de doctorat dans le domaine des TIC doit \u00eatre d\u2019au moins 5 %, et au moins 1 sur 3 doit \u00eatre une femme.<\/li>\n<li>1 million de femmes suivent une formation STEM.<\/li>\n<\/ul>\n<p><strong><em>2. Formation sur le lieu de travail :<\/em><\/strong> le perfectionnement et la reconversion professionnelle, tout comme le changement d\u2019\u00e9tat d\u2019esprit \u00e0 l\u2019\u00e9gard de la formation, seront facilit\u00e9s par l\u2019encouragement (financier) et le soutien aux entreprises qui sont (ou seront) touch\u00e9es par des ph\u00e9nom\u00e8nes de transition et de transformation dans leur secteur. Le Pacte renforc\u00e9 pour les comp\u00e9tences vise \u00e0 am\u00e9liorer et \u00e0 recycler les comp\u00e9tences d\u2019un plus grand nombre de travailleurs dans les secteurs strat\u00e9giques, tandis que les Acad\u00e9mies europ\u00e9ennes des comp\u00e9tences fourniront les comp\u00e9tences n\u00e9cessaires aux secteurs en transition.<\/p>\n<p>Pour les industries qui sont d\u00e9j\u00e0 confront\u00e9es \u00e0 ces d\u00e9fis aujourd\u2019hui, la Commission propose la Garantie de comp\u00e9tences pour les travailleurs, pr\u00e9voyant des mesures de soutien \u00e0 la formation, \u00e0 la requalification et \u00e0 des mesures actives d\u2019emploi pour les entreprises qui soutiennent leurs travailleurs qui risqueraient autrement de perdre leur emploi ou qui pourraient b\u00e9n\u00e9ficier d\u2019un accompagnement pour changer d\u2019emploi. L\u2019Europe souhaite d\u2019abord mener ce projet pilote dans l\u2019industrie automobile.<\/p>\n<p>Pour former des personnes \u00e0 un emploi dans les secteurs en p\u00e9nurie, la Commission souhaite privil\u00e9gier des partenariats entre universit\u00e9s et entreprises.<\/p>\n<p><strong><em>3. Renforcer la mobilit\u00e9 de la main-d\u2019\u0153uvre<\/em><\/strong> au sein de l\u2019Union par la reconnaissance automatique des comp\u00e9tences (plut\u00f4t que des dipl\u00f4mes) dans le cadre de l\u2019Initiative sur la transf\u00e9rabilit\u00e9 des comp\u00e9tences.<\/p>\n<p>En outre, l\u2019Europe souhaite accorder une attention particuli\u00e8re \u00e0 l\u2019enseignement professionnel et \u00e0 son attractivit\u00e9, ainsi qu\u2019\u00e0 l\u2019augmentation du nombre d\u2019apprentis. La Commission entend \u00e9galement se concentrer sur l\u2019enseignement sup\u00e9rieur et les formations d\u2019ing\u00e9nierie.<\/p>\n<p><strong><em>4. Rendre l\u2019UE plus attrayante pour les talents \u00e9trangers<\/em><\/strong> gr\u00e2ce au R\u00e9servoir europ\u00e9en de talents, qui permet de faire correspondre des profils internationaux aux besoins de l\u2019industrie europ\u00e9enne et qui pr\u00e9voit des possibilit\u00e9s d\u2019immigration l\u00e9gale. Elle envisage en outre d\u2019attirer, de fa\u00e7on cibl\u00e9e, des chercheurs, des doctorants et des post-doctorants \u00e9trangers gr\u00e2ce \u00e0 des bourses et \u00e0 un programme de visas qui leur permettra \u00e9galement d\u2019acc\u00e9der au march\u00e9 du travail et \u00e0 l\u2019entrepreneuriat au sein de l\u2019UE.<\/p>\n<p><strong><em>5. N\u00e9cessit\u00e9 de disposer de davantage de donn\u00e9es<\/em><\/strong> pour pr\u00e9voir les besoins en comp\u00e9tences, d\u2019am\u00e9liorer l\u2019anticipation et l\u2019analyse gr\u00e2ce \u00e0 la cr\u00e9ation d\u2019un Observatoire europ\u00e9en des comp\u00e9tences.<\/p>\n<p><strong><em>6. Mieux canaliser les flux et d\u00e9cisions existants en mati\u00e8re de financement<\/em><\/strong>, tels que le FSE+, Erasmus+ et le Fonds europ\u00e9en de relance, ainsi qu\u2019une nouvelle recommandation du Semestre europ\u00e9en pour tous les \u00c9tats membres sur la formation et les comp\u00e9tences.<\/p>\n<p>Afin d\u2019orienter ces initiatives, les partenaires sociaux europ\u00e9ens ainsi que les repr\u00e9sentants des entreprises et secteurs y seront \u00e9troitement associ\u00e9s dans le giron d\u2019un Conseil europ\u00e9en de haut niveau sur les comp\u00e9tences, dont les ministres nationaux de l\u2019Enseignement feront \u00e9galement partie.<\/p>\n<p>Nous avons d\u00e9j\u00e0 calcul\u00e9 que 63% des profils n\u00e9cessiteront au moins un niveau d\u2019application professionnelle de ma\u00eetrise du num\u00e9rique d\u2019ici \u00e0 2030, et nous avons d\u00e9j\u00e0 soulign\u00e9 que le vieillissement de la population, d\u2019une part, et les transitions num\u00e9rique et \u00e9nerg\u00e9tique, d\u2019autre part, entra\u00eeneront des inad\u00e9quations pr\u00e9judiciables sur le march\u00e9 du travail et des risques pour notre comp\u00e9titivit\u00e9 si nous ne misons pas pleinement sur l\u2019anticipation en termes de comp\u00e9tences, de perfectionnement et de reconversion. Des efforts suppl\u00e9mentaires sont n\u00e9cessaires pour pr\u00e9parer le march\u00e9 du travail aux transitions en mati\u00e8re de comp\u00e9tences et pour aider les entreprises \u00e0 attirer des travailleurs poss\u00e9dant les comp\u00e9tences requises. Dans ce contexte, cet agenda europ\u00e9en, mis en \u0153uvre en \u00e9troite collaboration avec les partenaires sociaux europ\u00e9ens et les repr\u00e9sentants des entreprises, peut apporter le soutien n\u00e9cessaire aux \u00c9tats membres, qui pourront ensuite d\u00e9velopper leurs propres politiques.<\/p>\n<p>&nbsp;<\/p>\n<p><em>Source: FEB &#8211; Centre de comp\u00e9tence Emploi &amp; S\u00e9curit\u00e9 sociale<\/em><\/p>\n","protected":false},"excerpt":{"rendered":"<p>Le 5 mars, la Commission, par l\u2019interm\u00e9diaire de la commissaire M\u00eenzatu, a lanc\u00e9 les diff\u00e9rents chantiers que l\u2019Europe va mettre en \u0153uvre dans les mois \u00e0 venir pour r\u00e9pondre aux p\u00e9nuries de main-d\u2019\u0153uvre et de travailleurs poss\u00e9dant les comp\u00e9tences requises. [&hellip;]<\/p>\n","protected":false},"author":2,"featured_media":0,"comment_status":"closed","ping_status":"open","sticky":false,"template":"","format":"standard","meta":[],"categories":[65,10],"tags":[519,116,130,1379,450],"yoast_head":"<!-- This site is optimized with the Yoast SEO plugin v21.0 - https:\/\/yoast.com\/wordpress\/plugins\/seo\/ -->\n<title>Vers l&#039;Union europ\u00e9enne des comp\u00e9tences: la Commission veut r\u00e9pondre aux p\u00e9nuries par la formation, la mobilit\u00e9 et l&#039;attraction des talents internationaux. - Peoplesphere<\/title>\n<meta name=\"robots\" content=\"index, follow, max-snippet:-1, max-image-preview:large, max-video-preview:-1\" \/>\n<link rel=\"canonical\" href=\"https:\/\/peoplesphere.be\/fr\/vers-lunion-europeenne-des-competences-la-commission-veut-repondre-aux-penuries-par-la-formation-la-mobilite-et-lattraction-des-talents-internationaux\/\" \/>\n<meta property=\"og:locale\" content=\"fr_FR\" \/>\n<meta property=\"og:type\" content=\"article\" \/>\n<meta property=\"og:title\" content=\"Vers l&#039;Union europ\u00e9enne des comp\u00e9tences: la Commission veut r\u00e9pondre aux p\u00e9nuries par la formation, la mobilit\u00e9 et l&#039;attraction des talents internationaux. - Peoplesphere\" \/>\n<meta property=\"og:description\" content=\"Le 5 mars, la Commission, par l\u2019interm\u00e9diaire de la commissaire M\u00eenzatu, a lanc\u00e9 les diff\u00e9rents chantiers que l\u2019Europe va mettre en \u0153uvre dans les mois \u00e0 venir pour r\u00e9pondre aux p\u00e9nuries de main-d\u2019\u0153uvre et de travailleurs poss\u00e9dant les comp\u00e9tences requises. [&hellip;]\" \/>\n<meta property=\"og:url\" content=\"https:\/\/peoplesphere.be\/fr\/vers-lunion-europeenne-des-competences-la-commission-veut-repondre-aux-penuries-par-la-formation-la-mobilite-et-lattraction-des-talents-internationaux\/\" \/>\n<meta property=\"og:site_name\" content=\"Peoplesphere\" \/>\n<meta property=\"article:publisher\" content=\"https:\/\/www.facebook.com\/peoplesphere\" \/>\n<meta property=\"article:published_time\" content=\"2025-03-17T08:07:55+00:00\" \/>\n<meta property=\"og:image\" content=\"http:\/\/www.peoplesphere.be\/fr\/wp-content\/uploads\/2016\/07\/facebook-default-posting-1200x628px.jpg\" \/>\n<meta name=\"author\" content=\"Jean-Paul Erhard\" \/>\n<meta name=\"twitter:card\" content=\"summary_large_image\" \/>\n<meta name=\"twitter:creator\" content=\"@PeoplesphereMag\" \/>\n<meta name=\"twitter:site\" content=\"@PeoplesphereMag\" \/>\n<meta name=\"twitter:label1\" content=\"\u00c9crit par\" \/>\n\t<meta name=\"twitter:data1\" content=\"Jean-Paul Erhard\" \/>\n\t<meta name=\"twitter:label2\" content=\"Dur\u00e9e de lecture estim\u00e9e\" \/>\n\t<meta name=\"twitter:data2\" content=\"6 minutes\" \/>\n<script type=\"application\/ld+json\" class=\"yoast-schema-graph\">{\"@context\":\"https:\/\/schema.org\",\"@graph\":[{\"@type\":\"Article\",\"@id\":\"https:\/\/peoplesphere.be\/fr\/vers-lunion-europeenne-des-competences-la-commission-veut-repondre-aux-penuries-par-la-formation-la-mobilite-et-lattraction-des-talents-internationaux\/#article\",\"isPartOf\":{\"@id\":\"https:\/\/peoplesphere.be\/fr\/vers-lunion-europeenne-des-competences-la-commission-veut-repondre-aux-penuries-par-la-formation-la-mobilite-et-lattraction-des-talents-internationaux\/\"},\"author\":{\"name\":\"Jean-Paul Erhard\",\"@id\":\"https:\/\/peoplesphere.be\/fr\/#\/schema\/person\/7976225ff17988604334abb7b3536a7e\"},\"headline\":\"Vers l&rsquo;Union europ\u00e9enne des comp\u00e9tences: la Commission veut r\u00e9pondre aux p\u00e9nuries par la formation, la mobilit\u00e9 et l&rsquo;attraction des talents internationaux.\",\"datePublished\":\"2025-03-17T08:07:55+00:00\",\"dateModified\":\"2025-03-17T08:07:55+00:00\",\"mainEntityOfPage\":{\"@id\":\"https:\/\/peoplesphere.be\/fr\/vers-lunion-europeenne-des-competences-la-commission-veut-repondre-aux-penuries-par-la-formation-la-mobilite-et-lattraction-des-talents-internationaux\/\"},\"wordCount\":1198,\"publisher\":{\"@id\":\"https:\/\/peoplesphere.be\/fr\/#organization\"},\"keywords\":[\"attractivit\u00e9\",\"comp\u00e9tences\",\"Europe\",\"mobilit\u00e9 professionnelle\",\"talents\"],\"articleSection\":[\"Actualit\u00e9s\",\"Digital\"],\"inLanguage\":\"fr-FR\"},{\"@type\":\"WebPage\",\"@id\":\"https:\/\/peoplesphere.be\/fr\/vers-lunion-europeenne-des-competences-la-commission-veut-repondre-aux-penuries-par-la-formation-la-mobilite-et-lattraction-des-talents-internationaux\/\",\"url\":\"https:\/\/peoplesphere.be\/fr\/vers-lunion-europeenne-des-competences-la-commission-veut-repondre-aux-penuries-par-la-formation-la-mobilite-et-lattraction-des-talents-internationaux\/\",\"name\":\"Vers l'Union europ\u00e9enne des comp\u00e9tences: la Commission veut r\u00e9pondre aux p\u00e9nuries par la formation, la mobilit\u00e9 et l'attraction des talents internationaux. - Peoplesphere\",\"isPartOf\":{\"@id\":\"https:\/\/peoplesphere.be\/fr\/#website\"},\"datePublished\":\"2025-03-17T08:07:55+00:00\",\"dateModified\":\"2025-03-17T08:07:55+00:00\",\"breadcrumb\":{\"@id\":\"https:\/\/peoplesphere.be\/fr\/vers-lunion-europeenne-des-competences-la-commission-veut-repondre-aux-penuries-par-la-formation-la-mobilite-et-lattraction-des-talents-internationaux\/#breadcrumb\"},\"inLanguage\":\"fr-FR\",\"potentialAction\":[{\"@type\":\"ReadAction\",\"target\":[\"https:\/\/peoplesphere.be\/fr\/vers-lunion-europeenne-des-competences-la-commission-veut-repondre-aux-penuries-par-la-formation-la-mobilite-et-lattraction-des-talents-internationaux\/\"]}]},{\"@type\":\"BreadcrumbList\",\"@id\":\"https:\/\/peoplesphere.be\/fr\/vers-lunion-europeenne-des-competences-la-commission-veut-repondre-aux-penuries-par-la-formation-la-mobilite-et-lattraction-des-talents-internationaux\/#breadcrumb\",\"itemListElement\":[{\"@type\":\"ListItem\",\"position\":1,\"name\":\"Accueil\",\"item\":\"https:\/\/peoplesphere.be\/fr\/\"},{\"@type\":\"ListItem\",\"position\":2,\"name\":\"Vers l&rsquo;Union europ\u00e9enne des comp\u00e9tences: la Commission veut r\u00e9pondre aux p\u00e9nuries par la formation, la mobilit\u00e9 et l&rsquo;attraction des talents internationaux.\"}]},{\"@type\":\"WebSite\",\"@id\":\"https:\/\/peoplesphere.be\/fr\/#website\",\"url\":\"https:\/\/peoplesphere.be\/fr\/\",\"name\":\"Peoplesphere\",\"description\":\"The People Managers Magazine\",\"publisher\":{\"@id\":\"https:\/\/peoplesphere.be\/fr\/#organization\"},\"potentialAction\":[{\"@type\":\"SearchAction\",\"target\":{\"@type\":\"EntryPoint\",\"urlTemplate\":\"https:\/\/peoplesphere.be\/fr\/?s={search_term_string}\"},\"query-input\":\"required name=search_term_string\"}],\"inLanguage\":\"fr-FR\"},{\"@type\":\"Organization\",\"@id\":\"https:\/\/peoplesphere.be\/fr\/#organization\",\"name\":\"Peoplesphere Company srl\",\"url\":\"https:\/\/peoplesphere.be\/fr\/\",\"logo\":{\"@type\":\"ImageObject\",\"inLanguage\":\"fr-FR\",\"@id\":\"https:\/\/peoplesphere.be\/fr\/#\/schema\/logo\/image\/\",\"url\":\"https:\/\/peoplesphere.be\/fr\/wp-content\/uploads\/2023\/07\/peoplesphere-lgo-new-generik.jpg\",\"contentUrl\":\"https:\/\/peoplesphere.be\/fr\/wp-content\/uploads\/2023\/07\/peoplesphere-lgo-new-generik.jpg\",\"width\":1031,\"height\":1479,\"caption\":\"Peoplesphere Company srl\"},\"image\":{\"@id\":\"https:\/\/peoplesphere.be\/fr\/#\/schema\/logo\/image\/\"},\"sameAs\":[\"https:\/\/www.facebook.com\/peoplesphere\",\"https:\/\/twitter.com\/PeoplesphereMag\",\"https:\/\/www.linkedin.com\/company\/7587361?trk\",\"http:\/\/youtube.com\/peoplesphere\"]},{\"@type\":\"Person\",\"@id\":\"https:\/\/peoplesphere.be\/fr\/#\/schema\/person\/7976225ff17988604334abb7b3536a7e\",\"name\":\"Jean-Paul Erhard\",\"image\":{\"@type\":\"ImageObject\",\"inLanguage\":\"fr-FR\",\"@id\":\"https:\/\/peoplesphere.be\/fr\/#\/schema\/person\/image\/\",\"url\":\"https:\/\/secure.gravatar.com\/avatar\/f941e681460179738071629a51574930?s=96&d=mm&r=g\",\"contentUrl\":\"https:\/\/secure.gravatar.com\/avatar\/f941e681460179738071629a51574930?s=96&d=mm&r=g\",\"caption\":\"Jean-Paul Erhard\"},\"url\":\"https:\/\/peoplesphere.be\/fr\/author\/jpe\/\"}]}<\/script>\n<!-- \/ Yoast SEO plugin. -->","yoast_head_json":{"title":"Vers l'Union europ\u00e9enne des comp\u00e9tences: la Commission veut r\u00e9pondre aux p\u00e9nuries par la formation, la mobilit\u00e9 et l'attraction des talents internationaux. - Peoplesphere","robots":{"index":"index","follow":"follow","max-snippet":"max-snippet:-1","max-image-preview":"max-image-preview:large","max-video-preview":"max-video-preview:-1"},"canonical":"https:\/\/peoplesphere.be\/fr\/vers-lunion-europeenne-des-competences-la-commission-veut-repondre-aux-penuries-par-la-formation-la-mobilite-et-lattraction-des-talents-internationaux\/","og_locale":"fr_FR","og_type":"article","og_title":"Vers l'Union europ\u00e9enne des comp\u00e9tences: la Commission veut r\u00e9pondre aux p\u00e9nuries par la formation, la mobilit\u00e9 et l'attraction des talents internationaux. - Peoplesphere","og_description":"Le 5 mars, la Commission, par l\u2019interm\u00e9diaire de la commissaire M\u00eenzatu, a lanc\u00e9 les diff\u00e9rents chantiers que l\u2019Europe va mettre en \u0153uvre dans les mois \u00e0 venir pour r\u00e9pondre aux p\u00e9nuries de main-d\u2019\u0153uvre et de travailleurs poss\u00e9dant les comp\u00e9tences requises. [&hellip;]","og_url":"https:\/\/peoplesphere.be\/fr\/vers-lunion-europeenne-des-competences-la-commission-veut-repondre-aux-penuries-par-la-formation-la-mobilite-et-lattraction-des-talents-internationaux\/","og_site_name":"Peoplesphere","article_publisher":"https:\/\/www.facebook.com\/peoplesphere","article_published_time":"2025-03-17T08:07:55+00:00","og_image":[{"url":"http:\/\/www.peoplesphere.be\/fr\/wp-content\/uploads\/2016\/07\/facebook-default-posting-1200x628px.jpg"}],"author":"Jean-Paul Erhard","twitter_card":"summary_large_image","twitter_creator":"@PeoplesphereMag","twitter_site":"@PeoplesphereMag","twitter_misc":{"\u00c9crit par":"Jean-Paul Erhard","Dur\u00e9e de lecture estim\u00e9e":"6 minutes"},"schema":{"@context":"https:\/\/schema.org","@graph":[{"@type":"Article","@id":"https:\/\/peoplesphere.be\/fr\/vers-lunion-europeenne-des-competences-la-commission-veut-repondre-aux-penuries-par-la-formation-la-mobilite-et-lattraction-des-talents-internationaux\/#article","isPartOf":{"@id":"https:\/\/peoplesphere.be\/fr\/vers-lunion-europeenne-des-competences-la-commission-veut-repondre-aux-penuries-par-la-formation-la-mobilite-et-lattraction-des-talents-internationaux\/"},"author":{"name":"Jean-Paul Erhard","@id":"https:\/\/peoplesphere.be\/fr\/#\/schema\/person\/7976225ff17988604334abb7b3536a7e"},"headline":"Vers l&rsquo;Union europ\u00e9enne des comp\u00e9tences: la Commission veut r\u00e9pondre aux p\u00e9nuries par la formation, la mobilit\u00e9 et l&rsquo;attraction des talents internationaux.","datePublished":"2025-03-17T08:07:55+00:00","dateModified":"2025-03-17T08:07:55+00:00","mainEntityOfPage":{"@id":"https:\/\/peoplesphere.be\/fr\/vers-lunion-europeenne-des-competences-la-commission-veut-repondre-aux-penuries-par-la-formation-la-mobilite-et-lattraction-des-talents-internationaux\/"},"wordCount":1198,"publisher":{"@id":"https:\/\/peoplesphere.be\/fr\/#organization"},"keywords":["attractivit\u00e9","comp\u00e9tences","Europe","mobilit\u00e9 professionnelle","talents"],"articleSection":["Actualit\u00e9s","Digital"],"inLanguage":"fr-FR"},{"@type":"WebPage","@id":"https:\/\/peoplesphere.be\/fr\/vers-lunion-europeenne-des-competences-la-commission-veut-repondre-aux-penuries-par-la-formation-la-mobilite-et-lattraction-des-talents-internationaux\/","url":"https:\/\/peoplesphere.be\/fr\/vers-lunion-europeenne-des-competences-la-commission-veut-repondre-aux-penuries-par-la-formation-la-mobilite-et-lattraction-des-talents-internationaux\/","name":"Vers l'Union europ\u00e9enne des comp\u00e9tences: la Commission veut r\u00e9pondre aux p\u00e9nuries par la formation, la mobilit\u00e9 et l'attraction des talents internationaux. - Peoplesphere","isPartOf":{"@id":"https:\/\/peoplesphere.be\/fr\/#website"},"datePublished":"2025-03-17T08:07:55+00:00","dateModified":"2025-03-17T08:07:55+00:00","breadcrumb":{"@id":"https:\/\/peoplesphere.be\/fr\/vers-lunion-europeenne-des-competences-la-commission-veut-repondre-aux-penuries-par-la-formation-la-mobilite-et-lattraction-des-talents-internationaux\/#breadcrumb"},"inLanguage":"fr-FR","potentialAction":[{"@type":"ReadAction","target":["https:\/\/peoplesphere.be\/fr\/vers-lunion-europeenne-des-competences-la-commission-veut-repondre-aux-penuries-par-la-formation-la-mobilite-et-lattraction-des-talents-internationaux\/"]}]},{"@type":"BreadcrumbList","@id":"https:\/\/peoplesphere.be\/fr\/vers-lunion-europeenne-des-competences-la-commission-veut-repondre-aux-penuries-par-la-formation-la-mobilite-et-lattraction-des-talents-internationaux\/#breadcrumb","itemListElement":[{"@type":"ListItem","position":1,"name":"Accueil","item":"https:\/\/peoplesphere.be\/fr\/"},{"@type":"ListItem","position":2,"name":"Vers l&rsquo;Union europ\u00e9enne des comp\u00e9tences: la Commission veut r\u00e9pondre aux p\u00e9nuries par la formation, la mobilit\u00e9 et l&rsquo;attraction des talents internationaux."}]},{"@type":"WebSite","@id":"https:\/\/peoplesphere.be\/fr\/#website","url":"https:\/\/peoplesphere.be\/fr\/","name":"Peoplesphere","description":"The People Managers Magazine","publisher":{"@id":"https:\/\/peoplesphere.be\/fr\/#organization"},"potentialAction":[{"@type":"SearchAction","target":{"@type":"EntryPoint","urlTemplate":"https:\/\/peoplesphere.be\/fr\/?s={search_term_string}"},"query-input":"required name=search_term_string"}],"inLanguage":"fr-FR"},{"@type":"Organization","@id":"https:\/\/peoplesphere.be\/fr\/#organization","name":"Peoplesphere Company srl","url":"https:\/\/peoplesphere.be\/fr\/","logo":{"@type":"ImageObject","inLanguage":"fr-FR","@id":"https:\/\/peoplesphere.be\/fr\/#\/schema\/logo\/image\/","url":"https:\/\/peoplesphere.be\/fr\/wp-content\/uploads\/2023\/07\/peoplesphere-lgo-new-generik.jpg","contentUrl":"https:\/\/peoplesphere.be\/fr\/wp-content\/uploads\/2023\/07\/peoplesphere-lgo-new-generik.jpg","width":1031,"height":1479,"caption":"Peoplesphere Company srl"},"image":{"@id":"https:\/\/peoplesphere.be\/fr\/#\/schema\/logo\/image\/"},"sameAs":["https:\/\/www.facebook.com\/peoplesphere","https:\/\/twitter.com\/PeoplesphereMag","https:\/\/www.linkedin.com\/company\/7587361?trk","http:\/\/youtube.com\/peoplesphere"]},{"@type":"Person","@id":"https:\/\/peoplesphere.be\/fr\/#\/schema\/person\/7976225ff17988604334abb7b3536a7e","name":"Jean-Paul Erhard","image":{"@type":"ImageObject","inLanguage":"fr-FR","@id":"https:\/\/peoplesphere.be\/fr\/#\/schema\/person\/image\/","url":"https:\/\/secure.gravatar.com\/avatar\/f941e681460179738071629a51574930?s=96&d=mm&r=g","contentUrl":"https:\/\/secure.gravatar.com\/avatar\/f941e681460179738071629a51574930?s=96&d=mm&r=g","caption":"Jean-Paul Erhard"},"url":"https:\/\/peoplesphere.be\/fr\/author\/jpe\/"}]}},"_links":{"self":[{"href":"https:\/\/peoplesphere.be\/fr\/wp-json\/wp\/v2\/posts\/17500"}],"collection":[{"href":"https:\/\/peoplesphere.be\/fr\/wp-json\/wp\/v2\/posts"}],"about":[{"href":"https:\/\/peoplesphere.be\/fr\/wp-json\/wp\/v2\/types\/post"}],"author":[{"embeddable":true,"href":"https:\/\/peoplesphere.be\/fr\/wp-json\/wp\/v2\/users\/2"}],"replies":[{"embeddable":true,"href":"https:\/\/peoplesphere.be\/fr\/wp-json\/wp\/v2\/comments?post=17500"}],"version-history":[{"count":1,"href":"https:\/\/peoplesphere.be\/fr\/wp-json\/wp\/v2\/posts\/17500\/revisions"}],"predecessor-version":[{"id":17501,"href":"https:\/\/peoplesphere.be\/fr\/wp-json\/wp\/v2\/posts\/17500\/revisions\/17501"}],"wp:attachment":[{"href":"https:\/\/peoplesphere.be\/fr\/wp-json\/wp\/v2\/media?parent=17500"}],"wp:term":[{"taxonomy":"category","embeddable":true,"href":"https:\/\/peoplesphere.be\/fr\/wp-json\/wp\/v2\/categories?post=17500"},{"taxonomy":"post_tag","embeddable":true,"href":"https:\/\/peoplesphere.be\/fr\/wp-json\/wp\/v2\/tags?post=17500"}],"curies":[{"name":"wp","href":"https:\/\/api.w.org\/{rel}","templated":true}]}}