









{"id":17505,"date":"2025-03-18T17:44:46","date_gmt":"2025-03-18T15:44:46","guid":{"rendered":"https:\/\/peoplesphere.be\/fr\/?p=17505"},"modified":"2025-03-18T17:44:46","modified_gmt":"2025-03-18T15:44:46","slug":"le-systeme-des-rcc-remis-en-question-la-csc-et-la-cgslb-attendent-du-gouvernement-quil-respecte-laccord-intervenu-au-sein-du-groupe-des-dix","status":"publish","type":"post","link":"https:\/\/peoplesphere.be\/fr\/le-systeme-des-rcc-remis-en-question-la-csc-et-la-cgslb-attendent-du-gouvernement-quil-respecte-laccord-intervenu-au-sein-du-groupe-des-dix\/","title":{"rendered":"Le syst\u00e8me des RCC remis en question: la CSC et la CGSLB attendent du gouvernement qu&rsquo;il respecte l&rsquo;accord intervenu au sein du Groupe des Dix."},"content":{"rendered":"<p>Le gouvernement Arizona a annonc\u00e9 la fin du RCC d\u00e8s l\u2019entr\u00e9e en vigueur de son accord de gouvernement, soit le 31 janvier 2025. Cet accord pr\u00e9voit \u00e9galement un durcissement des conditions de carri\u00e8re pour les emplois de fin de carri\u00e8re. La CSC et la CGSLB se r\u00e9jouissent que, au sein du Groupe des Dix, il ait \u00e9t\u00e9 confirm\u00e9 qu\u2019il fallait respecter les CCT conclues autour du RCC et des emplois de fin de carri\u00e8re, applicables jusqu\u2019au 30 juin 2025. <!--more--><\/p>\n<p>La CSC ne les approuve absolument pas: <em>\u00ab\u00a0Ces mesures sont extr\u00eamement n\u00e9gatives, Les travailleurs ne supportent plus la charge de travail et tombent malade. Cette pr\u00e9cipitation du gouvernement Arizona a aussi provoqu\u00e9 un v\u00e9ritable chaos sur le terrain. Nous avons re\u00e7u des questions de travailleurs qui \u00e9taient d\u00e9j\u00e0 en pr\u00e9avis et avaient form\u00e9 leur rempla\u00e7ant, et qui ont subitement appris que le gouvernement avait d\u00e9cid\u00e9 de mettre un terme au RCC. Ces personnes ne savaient plus du tout \u00e0 quoi s\u2019en tenir. L\u2019incertitude juridique \u00e9tait donc totale. A pr\u00e9sent, nous exigeons que le gouvernement suive \u00e9galement la demande des interlocuteurs sociaux. Une politique sociale de fin de carri\u00e8re reste cruciale, m\u00eame apr\u00e8s le 30 juin.\u00a0\u00bb<\/em><\/p>\n<p>La CSC continuera de d\u00e9fendre cette position: <em>\u00ab\u00a0L&rsquo;affaire du RCC et des emplois de fin de carri\u00e8re et la d\u00e9sinformation qui l\u2019entoure ne sont en r\u00e9alit\u00e9 qu\u2019un sympt\u00f4me d\u2019un probl\u00e8me bien plus vaste. Au-del\u00e0 du RCC, d\u2019autres mesures s\u00e9v\u00e8res et injustes sont envisag\u00e9es par le gouvernement dans des domaines cruciaux tels que la fin de carri\u00e8re, la flexibilit\u00e9 et le temps de travail, les pensions et le malus pension, ou encore le gel des salaires. C\u2019est pr\u00e9cis\u00e9ment contre ces attaques que la gr\u00e8ve g\u00e9n\u00e9rale du 31 mars est organis\u00e9e.\u00a0\u00bb<\/em><\/p>\n<p>Le syndicat chr\u00e9tien pr\u00e9cise encore : <em>\u00ab\u00a0Chacune de ces d\u00e9cisions a des r\u00e9percussions majeures sur les travailleurs. Il est donc primordial que les partenaires sociaux puissent mener leurs propres n\u00e9gociations et parvenir \u00e0 des accords \u00e9quilibr\u00e9s, sans que le gouvernement ne prenne d\u2019office parti pour les employeurs. En affaiblissant ainsi le dialogue social, ce gouvernement menace les fondements m\u00eames de notre mod\u00e8le de concertation, qui a pourtant largement contribu\u00e9 \u00e0 la prosp\u00e9rit\u00e9 et au d\u00e9veloppement \u00e9conomique du pays.\u00a0\u00bb<\/em><\/p>\n<p>Le Pr\u00e9sident national de la CGSLB, Gert Truyens, souligne de son c\u00f4t\u00e9 qu\u2019un dialogue constructif est la cl\u00e9 pour parvenir \u00e0 des solutions viables et que cet accord constitue un premier signal indiquant que la concertation sociale est prise au s\u00e9rieux.<\/p>\n<h3><strong><em>Le dialogue social, cl\u00e9 des solutions n\u00e9goci\u00e9es<\/em><\/strong><\/h3>\n<p><em>\u00ab\u00a0Le v\u00e9ritable travail se fait \u00e0 la table des n\u00e9gociations. Un accord au sein du Groupe des 10 est un signal fort et positif, qui d\u00e9montre que les partenaires sociaux peuvent parvenir ensemble \u00e0 des solutions \u00e9quilibr\u00e9es et concert\u00e9es\u00a0\u00bb,<\/em> explique Gert Truyens. <em>\u00ab\u00a0L\u2019objectif de la r\u00e9union d\u2019aujourd\u2019hui \u00e9tait d\u2019expliquer le projet d\u2019accord et d\u2019obtenir sa validation par le gouvernement f\u00e9d\u00e9ral. Nous comptons sur une issue positive lorsque le ministre pr\u00e9sentera cette proposition au Conseil des ministres.\u00a0\u00bb<\/em><\/p>\n<h3><strong><em>Maintien des CCT sans impact budg\u00e9taire<\/em><\/strong><\/h3>\n<p>Les partenaires sociaux insistent sur la n\u00e9cessit\u00e9 de pr\u00e9server les conventions collectives de travail (CCT) qui n\u2019ont pas d\u2019impact budg\u00e9taire. <em>\u00ab\u00a0En tant que partenaires sociaux, nous avons le droit de conclure des CCT et de les rendre contraignantes si elles n\u2019ont pas d\u2019impact budg\u00e9taire. Ce principe doit continuer \u00e0 \u00eatre respect\u00e9\u00a0\u00bb<\/em>, affirme Gert Truyens.<\/p>\n<h3><strong><em>Compte de formation f\u00e9d\u00e9ral : suspension et clarification demand\u00e9es<\/em><\/strong><\/h3>\n<p>Le compte de formation f\u00e9d\u00e9ral (Federal Learning Account &#8211; FLA) a \u00e9galement \u00e9t\u00e9 \u00e9voqu\u00e9. Le d\u00e9ploiement de cet outil a rencontr\u00e9 de nombreuses difficult\u00e9s et a \u00e9t\u00e9 report\u00e9 \u00e0 plusieurs reprises. L\u2019accord de gouvernement Arizona pr\u00e9voit sa suppression. <em>\u00ab\u00a0Pour nous, cette annonce a \u00e9t\u00e9 une mauvaise surprise, car nous plaidons pour un cadre solide en mati\u00e8re de formation sur le lieu de travail. C\u2019est pourquoi nous avons pris acte de cette suppression et nous avons accept\u00e9 de suspendre sa mise en \u0153uvre jusqu\u2019au moins le 1er juillet 2025.\u00a0\u00bb<\/em><\/p>\n<p>&nbsp;<\/p>\n<p><em>Source: CSC &#8211; CGSLB<\/em><\/p>\n","protected":false},"excerpt":{"rendered":"<p>Le gouvernement Arizona a annonc\u00e9 la fin du RCC d\u00e8s l\u2019entr\u00e9e en vigueur de son accord de gouvernement, soit le 31 janvier 2025. Cet accord pr\u00e9voit \u00e9galement un durcissement des conditions de carri\u00e8re pour les emplois de fin de carri\u00e8re. [&hellip;]<\/p>\n","protected":false},"author":2,"featured_media":0,"comment_status":"closed","ping_status":"open","sticky":false,"template":"","format":"standard","meta":[],"categories":[65,10],"tags":[1199,332,200,1177,3996,876,110],"yoast_head":"<!-- This site is optimized with the Yoast SEO plugin v21.0 - https:\/\/yoast.com\/wordpress\/plugins\/seo\/ -->\n<title>Le syst\u00e8me des RCC remis en question: la CSC et la CGSLB attendent du gouvernement qu&#039;il respecte l&#039;accord intervenu au sein du Groupe des Dix. - Peoplesphere<\/title>\n<meta name=\"robots\" content=\"index, follow, max-snippet:-1, max-image-preview:large, max-video-preview:-1\" \/>\n<link rel=\"canonical\" href=\"https:\/\/peoplesphere.be\/fr\/le-systeme-des-rcc-remis-en-question-la-csc-et-la-cgslb-attendent-du-gouvernement-quil-respecte-laccord-intervenu-au-sein-du-groupe-des-dix\/\" \/>\n<meta property=\"og:locale\" content=\"fr_FR\" \/>\n<meta property=\"og:type\" content=\"article\" \/>\n<meta property=\"og:title\" content=\"Le syst\u00e8me des RCC remis en question: la CSC et la CGSLB attendent du gouvernement qu&#039;il respecte l&#039;accord intervenu au sein du Groupe des Dix. - Peoplesphere\" \/>\n<meta property=\"og:description\" content=\"Le gouvernement Arizona a annonc\u00e9 la fin du RCC d\u00e8s l\u2019entr\u00e9e en vigueur de son accord de gouvernement, soit le 31 janvier 2025. Cet accord pr\u00e9voit \u00e9galement un durcissement des conditions de carri\u00e8re pour les emplois de fin de carri\u00e8re. [&hellip;]\" \/>\n<meta property=\"og:url\" content=\"https:\/\/peoplesphere.be\/fr\/le-systeme-des-rcc-remis-en-question-la-csc-et-la-cgslb-attendent-du-gouvernement-quil-respecte-laccord-intervenu-au-sein-du-groupe-des-dix\/\" \/>\n<meta property=\"og:site_name\" content=\"Peoplesphere\" \/>\n<meta property=\"article:publisher\" content=\"https:\/\/www.facebook.com\/peoplesphere\" \/>\n<meta property=\"article:published_time\" content=\"2025-03-18T15:44:46+00:00\" \/>\n<meta property=\"og:image\" content=\"http:\/\/www.peoplesphere.be\/fr\/wp-content\/uploads\/2016\/07\/facebook-default-posting-1200x628px.jpg\" \/>\n<meta name=\"author\" content=\"Jean-Paul Erhard\" \/>\n<meta name=\"twitter:card\" content=\"summary_large_image\" \/>\n<meta name=\"twitter:creator\" content=\"@PeoplesphereMag\" \/>\n<meta name=\"twitter:site\" content=\"@PeoplesphereMag\" \/>\n<meta name=\"twitter:label1\" content=\"\u00c9crit par\" \/>\n\t<meta name=\"twitter:data1\" content=\"Jean-Paul Erhard\" \/>\n\t<meta name=\"twitter:label2\" content=\"Dur\u00e9e de lecture estim\u00e9e\" \/>\n\t<meta name=\"twitter:data2\" content=\"4 minutes\" \/>\n<script type=\"application\/ld+json\" class=\"yoast-schema-graph\">{\"@context\":\"https:\/\/schema.org\",\"@graph\":[{\"@type\":\"Article\",\"@id\":\"https:\/\/peoplesphere.be\/fr\/le-systeme-des-rcc-remis-en-question-la-csc-et-la-cgslb-attendent-du-gouvernement-quil-respecte-laccord-intervenu-au-sein-du-groupe-des-dix\/#article\",\"isPartOf\":{\"@id\":\"https:\/\/peoplesphere.be\/fr\/le-systeme-des-rcc-remis-en-question-la-csc-et-la-cgslb-attendent-du-gouvernement-quil-respecte-laccord-intervenu-au-sein-du-groupe-des-dix\/\"},\"author\":{\"name\":\"Jean-Paul Erhard\",\"@id\":\"https:\/\/peoplesphere.be\/fr\/#\/schema\/person\/7976225ff17988604334abb7b3536a7e\"},\"headline\":\"Le syst\u00e8me des RCC remis en question: la CSC et la CGSLB attendent du gouvernement qu&rsquo;il respecte l&rsquo;accord intervenu au sein du Groupe des Dix.\",\"datePublished\":\"2025-03-18T15:44:46+00:00\",\"dateModified\":\"2025-03-18T15:44:46+00:00\",\"mainEntityOfPage\":{\"@id\":\"https:\/\/peoplesphere.be\/fr\/le-systeme-des-rcc-remis-en-question-la-csc-et-la-cgslb-attendent-du-gouvernement-quil-respecte-laccord-intervenu-au-sein-du-groupe-des-dix\/\"},\"wordCount\":754,\"publisher\":{\"@id\":\"https:\/\/peoplesphere.be\/fr\/#organization\"},\"keywords\":[\"CGSLB\",\"concertation sociale\",\"CSC\",\"dialogue social\",\"Federal Learning Account\",\"groupe des dix\",\"syndicats\"],\"articleSection\":[\"Actualit\u00e9s\",\"Digital\"],\"inLanguage\":\"fr-FR\"},{\"@type\":\"WebPage\",\"@id\":\"https:\/\/peoplesphere.be\/fr\/le-systeme-des-rcc-remis-en-question-la-csc-et-la-cgslb-attendent-du-gouvernement-quil-respecte-laccord-intervenu-au-sein-du-groupe-des-dix\/\",\"url\":\"https:\/\/peoplesphere.be\/fr\/le-systeme-des-rcc-remis-en-question-la-csc-et-la-cgslb-attendent-du-gouvernement-quil-respecte-laccord-intervenu-au-sein-du-groupe-des-dix\/\",\"name\":\"Le syst\u00e8me des RCC remis en question: la CSC et la CGSLB attendent du gouvernement qu'il respecte l'accord intervenu au sein du Groupe des Dix. - Peoplesphere\",\"isPartOf\":{\"@id\":\"https:\/\/peoplesphere.be\/fr\/#website\"},\"datePublished\":\"2025-03-18T15:44:46+00:00\",\"dateModified\":\"2025-03-18T15:44:46+00:00\",\"breadcrumb\":{\"@id\":\"https:\/\/peoplesphere.be\/fr\/le-systeme-des-rcc-remis-en-question-la-csc-et-la-cgslb-attendent-du-gouvernement-quil-respecte-laccord-intervenu-au-sein-du-groupe-des-dix\/#breadcrumb\"},\"inLanguage\":\"fr-FR\",\"potentialAction\":[{\"@type\":\"ReadAction\",\"target\":[\"https:\/\/peoplesphere.be\/fr\/le-systeme-des-rcc-remis-en-question-la-csc-et-la-cgslb-attendent-du-gouvernement-quil-respecte-laccord-intervenu-au-sein-du-groupe-des-dix\/\"]}]},{\"@type\":\"BreadcrumbList\",\"@id\":\"https:\/\/peoplesphere.be\/fr\/le-systeme-des-rcc-remis-en-question-la-csc-et-la-cgslb-attendent-du-gouvernement-quil-respecte-laccord-intervenu-au-sein-du-groupe-des-dix\/#breadcrumb\",\"itemListElement\":[{\"@type\":\"ListItem\",\"position\":1,\"name\":\"Accueil\",\"item\":\"https:\/\/peoplesphere.be\/fr\/\"},{\"@type\":\"ListItem\",\"position\":2,\"name\":\"Le syst\u00e8me des RCC remis en question: la CSC et la CGSLB attendent du gouvernement qu&rsquo;il respecte l&rsquo;accord intervenu au sein du Groupe des Dix.\"}]},{\"@type\":\"WebSite\",\"@id\":\"https:\/\/peoplesphere.be\/fr\/#website\",\"url\":\"https:\/\/peoplesphere.be\/fr\/\",\"name\":\"Peoplesphere\",\"description\":\"The People Managers Magazine\",\"publisher\":{\"@id\":\"https:\/\/peoplesphere.be\/fr\/#organization\"},\"potentialAction\":[{\"@type\":\"SearchAction\",\"target\":{\"@type\":\"EntryPoint\",\"urlTemplate\":\"https:\/\/peoplesphere.be\/fr\/?s={search_term_string}\"},\"query-input\":\"required name=search_term_string\"}],\"inLanguage\":\"fr-FR\"},{\"@type\":\"Organization\",\"@id\":\"https:\/\/peoplesphere.be\/fr\/#organization\",\"name\":\"Peoplesphere Company srl\",\"url\":\"https:\/\/peoplesphere.be\/fr\/\",\"logo\":{\"@type\":\"ImageObject\",\"inLanguage\":\"fr-FR\",\"@id\":\"https:\/\/peoplesphere.be\/fr\/#\/schema\/logo\/image\/\",\"url\":\"https:\/\/peoplesphere.be\/fr\/wp-content\/uploads\/2023\/07\/peoplesphere-lgo-new-generik.jpg\",\"contentUrl\":\"https:\/\/peoplesphere.be\/fr\/wp-content\/uploads\/2023\/07\/peoplesphere-lgo-new-generik.jpg\",\"width\":1031,\"height\":1479,\"caption\":\"Peoplesphere Company srl\"},\"image\":{\"@id\":\"https:\/\/peoplesphere.be\/fr\/#\/schema\/logo\/image\/\"},\"sameAs\":[\"https:\/\/www.facebook.com\/peoplesphere\",\"https:\/\/twitter.com\/PeoplesphereMag\",\"https:\/\/www.linkedin.com\/company\/7587361?trk\",\"http:\/\/youtube.com\/peoplesphere\"]},{\"@type\":\"Person\",\"@id\":\"https:\/\/peoplesphere.be\/fr\/#\/schema\/person\/7976225ff17988604334abb7b3536a7e\",\"name\":\"Jean-Paul Erhard\",\"image\":{\"@type\":\"ImageObject\",\"inLanguage\":\"fr-FR\",\"@id\":\"https:\/\/peoplesphere.be\/fr\/#\/schema\/person\/image\/\",\"url\":\"https:\/\/secure.gravatar.com\/avatar\/f941e681460179738071629a51574930?s=96&d=mm&r=g\",\"contentUrl\":\"https:\/\/secure.gravatar.com\/avatar\/f941e681460179738071629a51574930?s=96&d=mm&r=g\",\"caption\":\"Jean-Paul Erhard\"},\"url\":\"https:\/\/peoplesphere.be\/fr\/author\/jpe\/\"}]}<\/script>\n<!-- \/ Yoast SEO plugin. -->","yoast_head_json":{"title":"Le syst\u00e8me des RCC remis en question: la CSC et la CGSLB attendent du gouvernement qu'il respecte l'accord intervenu au sein du Groupe des Dix. - Peoplesphere","robots":{"index":"index","follow":"follow","max-snippet":"max-snippet:-1","max-image-preview":"max-image-preview:large","max-video-preview":"max-video-preview:-1"},"canonical":"https:\/\/peoplesphere.be\/fr\/le-systeme-des-rcc-remis-en-question-la-csc-et-la-cgslb-attendent-du-gouvernement-quil-respecte-laccord-intervenu-au-sein-du-groupe-des-dix\/","og_locale":"fr_FR","og_type":"article","og_title":"Le syst\u00e8me des RCC remis en question: la CSC et la CGSLB attendent du gouvernement qu'il respecte l'accord intervenu au sein du Groupe des Dix. - Peoplesphere","og_description":"Le gouvernement Arizona a annonc\u00e9 la fin du RCC d\u00e8s l\u2019entr\u00e9e en vigueur de son accord de gouvernement, soit le 31 janvier 2025. Cet accord pr\u00e9voit \u00e9galement un durcissement des conditions de carri\u00e8re pour les emplois de fin de carri\u00e8re. [&hellip;]","og_url":"https:\/\/peoplesphere.be\/fr\/le-systeme-des-rcc-remis-en-question-la-csc-et-la-cgslb-attendent-du-gouvernement-quil-respecte-laccord-intervenu-au-sein-du-groupe-des-dix\/","og_site_name":"Peoplesphere","article_publisher":"https:\/\/www.facebook.com\/peoplesphere","article_published_time":"2025-03-18T15:44:46+00:00","og_image":[{"url":"http:\/\/www.peoplesphere.be\/fr\/wp-content\/uploads\/2016\/07\/facebook-default-posting-1200x628px.jpg"}],"author":"Jean-Paul Erhard","twitter_card":"summary_large_image","twitter_creator":"@PeoplesphereMag","twitter_site":"@PeoplesphereMag","twitter_misc":{"\u00c9crit par":"Jean-Paul Erhard","Dur\u00e9e de lecture estim\u00e9e":"4 minutes"},"schema":{"@context":"https:\/\/schema.org","@graph":[{"@type":"Article","@id":"https:\/\/peoplesphere.be\/fr\/le-systeme-des-rcc-remis-en-question-la-csc-et-la-cgslb-attendent-du-gouvernement-quil-respecte-laccord-intervenu-au-sein-du-groupe-des-dix\/#article","isPartOf":{"@id":"https:\/\/peoplesphere.be\/fr\/le-systeme-des-rcc-remis-en-question-la-csc-et-la-cgslb-attendent-du-gouvernement-quil-respecte-laccord-intervenu-au-sein-du-groupe-des-dix\/"},"author":{"name":"Jean-Paul Erhard","@id":"https:\/\/peoplesphere.be\/fr\/#\/schema\/person\/7976225ff17988604334abb7b3536a7e"},"headline":"Le syst\u00e8me des RCC remis en question: la CSC et la CGSLB attendent du gouvernement qu&rsquo;il respecte l&rsquo;accord intervenu au sein du Groupe des Dix.","datePublished":"2025-03-18T15:44:46+00:00","dateModified":"2025-03-18T15:44:46+00:00","mainEntityOfPage":{"@id":"https:\/\/peoplesphere.be\/fr\/le-systeme-des-rcc-remis-en-question-la-csc-et-la-cgslb-attendent-du-gouvernement-quil-respecte-laccord-intervenu-au-sein-du-groupe-des-dix\/"},"wordCount":754,"publisher":{"@id":"https:\/\/peoplesphere.be\/fr\/#organization"},"keywords":["CGSLB","concertation sociale","CSC","dialogue social","Federal Learning Account","groupe des dix","syndicats"],"articleSection":["Actualit\u00e9s","Digital"],"inLanguage":"fr-FR"},{"@type":"WebPage","@id":"https:\/\/peoplesphere.be\/fr\/le-systeme-des-rcc-remis-en-question-la-csc-et-la-cgslb-attendent-du-gouvernement-quil-respecte-laccord-intervenu-au-sein-du-groupe-des-dix\/","url":"https:\/\/peoplesphere.be\/fr\/le-systeme-des-rcc-remis-en-question-la-csc-et-la-cgslb-attendent-du-gouvernement-quil-respecte-laccord-intervenu-au-sein-du-groupe-des-dix\/","name":"Le syst\u00e8me des RCC remis en question: la CSC et la CGSLB attendent du gouvernement qu'il respecte l'accord intervenu au sein du Groupe des Dix. - Peoplesphere","isPartOf":{"@id":"https:\/\/peoplesphere.be\/fr\/#website"},"datePublished":"2025-03-18T15:44:46+00:00","dateModified":"2025-03-18T15:44:46+00:00","breadcrumb":{"@id":"https:\/\/peoplesphere.be\/fr\/le-systeme-des-rcc-remis-en-question-la-csc-et-la-cgslb-attendent-du-gouvernement-quil-respecte-laccord-intervenu-au-sein-du-groupe-des-dix\/#breadcrumb"},"inLanguage":"fr-FR","potentialAction":[{"@type":"ReadAction","target":["https:\/\/peoplesphere.be\/fr\/le-systeme-des-rcc-remis-en-question-la-csc-et-la-cgslb-attendent-du-gouvernement-quil-respecte-laccord-intervenu-au-sein-du-groupe-des-dix\/"]}]},{"@type":"BreadcrumbList","@id":"https:\/\/peoplesphere.be\/fr\/le-systeme-des-rcc-remis-en-question-la-csc-et-la-cgslb-attendent-du-gouvernement-quil-respecte-laccord-intervenu-au-sein-du-groupe-des-dix\/#breadcrumb","itemListElement":[{"@type":"ListItem","position":1,"name":"Accueil","item":"https:\/\/peoplesphere.be\/fr\/"},{"@type":"ListItem","position":2,"name":"Le syst\u00e8me des RCC remis en question: la CSC et la CGSLB attendent du gouvernement qu&rsquo;il respecte l&rsquo;accord intervenu au sein du Groupe des Dix."}]},{"@type":"WebSite","@id":"https:\/\/peoplesphere.be\/fr\/#website","url":"https:\/\/peoplesphere.be\/fr\/","name":"Peoplesphere","description":"The People Managers Magazine","publisher":{"@id":"https:\/\/peoplesphere.be\/fr\/#organization"},"potentialAction":[{"@type":"SearchAction","target":{"@type":"EntryPoint","urlTemplate":"https:\/\/peoplesphere.be\/fr\/?s={search_term_string}"},"query-input":"required name=search_term_string"}],"inLanguage":"fr-FR"},{"@type":"Organization","@id":"https:\/\/peoplesphere.be\/fr\/#organization","name":"Peoplesphere Company srl","url":"https:\/\/peoplesphere.be\/fr\/","logo":{"@type":"ImageObject","inLanguage":"fr-FR","@id":"https:\/\/peoplesphere.be\/fr\/#\/schema\/logo\/image\/","url":"https:\/\/peoplesphere.be\/fr\/wp-content\/uploads\/2023\/07\/peoplesphere-lgo-new-generik.jpg","contentUrl":"https:\/\/peoplesphere.be\/fr\/wp-content\/uploads\/2023\/07\/peoplesphere-lgo-new-generik.jpg","width":1031,"height":1479,"caption":"Peoplesphere Company srl"},"image":{"@id":"https:\/\/peoplesphere.be\/fr\/#\/schema\/logo\/image\/"},"sameAs":["https:\/\/www.facebook.com\/peoplesphere","https:\/\/twitter.com\/PeoplesphereMag","https:\/\/www.linkedin.com\/company\/7587361?trk","http:\/\/youtube.com\/peoplesphere"]},{"@type":"Person","@id":"https:\/\/peoplesphere.be\/fr\/#\/schema\/person\/7976225ff17988604334abb7b3536a7e","name":"Jean-Paul Erhard","image":{"@type":"ImageObject","inLanguage":"fr-FR","@id":"https:\/\/peoplesphere.be\/fr\/#\/schema\/person\/image\/","url":"https:\/\/secure.gravatar.com\/avatar\/f941e681460179738071629a51574930?s=96&d=mm&r=g","contentUrl":"https:\/\/secure.gravatar.com\/avatar\/f941e681460179738071629a51574930?s=96&d=mm&r=g","caption":"Jean-Paul Erhard"},"url":"https:\/\/peoplesphere.be\/fr\/author\/jpe\/"}]}},"_links":{"self":[{"href":"https:\/\/peoplesphere.be\/fr\/wp-json\/wp\/v2\/posts\/17505"}],"collection":[{"href":"https:\/\/peoplesphere.be\/fr\/wp-json\/wp\/v2\/posts"}],"about":[{"href":"https:\/\/peoplesphere.be\/fr\/wp-json\/wp\/v2\/types\/post"}],"author":[{"embeddable":true,"href":"https:\/\/peoplesphere.be\/fr\/wp-json\/wp\/v2\/users\/2"}],"replies":[{"embeddable":true,"href":"https:\/\/peoplesphere.be\/fr\/wp-json\/wp\/v2\/comments?post=17505"}],"version-history":[{"count":1,"href":"https:\/\/peoplesphere.be\/fr\/wp-json\/wp\/v2\/posts\/17505\/revisions"}],"predecessor-version":[{"id":17506,"href":"https:\/\/peoplesphere.be\/fr\/wp-json\/wp\/v2\/posts\/17505\/revisions\/17506"}],"wp:attachment":[{"href":"https:\/\/peoplesphere.be\/fr\/wp-json\/wp\/v2\/media?parent=17505"}],"wp:term":[{"taxonomy":"category","embeddable":true,"href":"https:\/\/peoplesphere.be\/fr\/wp-json\/wp\/v2\/categories?post=17505"},{"taxonomy":"post_tag","embeddable":true,"href":"https:\/\/peoplesphere.be\/fr\/wp-json\/wp\/v2\/tags?post=17505"}],"curies":[{"name":"wp","href":"https:\/\/api.w.org\/{rel}","templated":true}]}}