









{"id":1751,"date":"2015-08-26T18:10:39","date_gmt":"2015-08-26T16:10:39","guid":{"rendered":"http:\/\/www.peoplesphere.be\/fr\/?p=1751"},"modified":"2015-08-26T18:10:39","modified_gmt":"2015-08-26T16:10:39","slug":"la-csc-attire-lattention-sur-le-sort-de-publics-jeunes-exclus-du-droit-a-la-protection-sociale","status":"publish","type":"post","link":"https:\/\/peoplesphere.be\/fr\/la-csc-attire-lattention-sur-le-sort-de-publics-jeunes-exclus-du-droit-a-la-protection-sociale\/","title":{"rendered":"La CSC attire l&rsquo;attention sur le sort de publics jeunes exclus du droit \u00e0 la protection sociale"},"content":{"rendered":"<p>Et oui, d\u00e8s la semaine prochaine, nos enfants reprennent le chemin de l&rsquo;\u00e9cole&#8230; Tous ne seront cependant pas dans ce cas puisque, comme c&rsquo;est le cas lors de chaque rentr\u00e9e, un grand nombre de jeunes sortent du circuit scolaire. Les r\u00e9cents changements de r\u00e9glementation d\u00e9cid\u00e9s par le gouvernement Michel Ier et entrant en vigueur au 1er septembre modifient les droits de certaines cat\u00e9gories de jeunes. Le syndicat chr\u00e9tien met en \u00e9vidence la situation potentiellement dramatique de\u00a0celles-ci.<!--more--><\/p>\n<p>Comme la CSC l&rsquo;indique donc :<em> \u00ab\u00a0\u00e0 partir de ce 1er septembre 2015, la sortie des \u00e9tudes signifiera pour 16000 jeunes francophones l\u2019exclusion du droit \u00e0 la protection sociale. En effet, le gouvernement Michel a d\u00e9cid\u00e9 en octobre 2014 d\u2019emp\u00eacher deux publics jeunes d\u2019acc\u00e9der aux allocations d\u2019insertion : les jeunes sortant des \u00e9tudes apr\u00e8s 24 ans et les jeunes de moins de 21 ans sans dipl\u00f4me.<\/em>\u00a0<em>Le 1er septembre 2015 entrera en vigueur la mesure visant \u00e0 exclure les jeunes en abandon scolaire du droit aux allocations d\u2019insertion. En effet, le jeune entre 18 et 21 ans qui n\u2019aura pas de dipl\u00f4me du secondaire ou de formation en alternance ne pourra plus pr\u00e9tendre aux allocations. Le gouvernement argumente sa d\u00e9cision en mettant en avant que les jeunes qui ont un dipl\u00f4me du secondaire ont un taux d\u2019insertion \u00e0 l\u2019emploi sup\u00e9rieur aux jeunes sans dipl\u00f4me.\u00a0\u00bb<\/em><\/p>\n<p>Les responsables nationaux des Jeunes CSC r\u00e9agissent : <em>\u00ab C\u2019est une \u00e9vidence,\u00a0\u00bb<\/em> constate Ludovic Voet. \u00ab\u00a0<em>C\u2019est plus facile de trouver un emploi quand on a un dipl\u00f4me \u00e0 valoriser. Par exemple : le ch\u00f4mage des jeunes dipl\u00f4m\u00e9s de l\u2019enseignement sup\u00e9rieur est de 12,5% en moyenne, celui des jeunes peu ou non qualifi\u00e9s est de plus de 30%. Mais celui qui pense que l\u2019on r\u00e9sout l\u2019\u00e9pineux probl\u00e8me de l\u2019abandon scolaire pr\u00e9coce en excluant les jeunes du droit \u00e0 la protection sociale se trompe. Les jeunes ne quittent pas l\u2019\u00e9cole secondaire pour toucher 450 euros par mois dans 1 an \u00e0 la condition qu\u2019ils r\u00e9ussissent le stage d\u2019insertion. Le taux d\u2019abandon scolaire pr\u00e9coce de 14,5% en Wallonie et de 17,7% \u00e0 Bruxelles pose plus question sur le syst\u00e8me scolaire en lui-m\u00eame et sa capacit\u00e9 \u00e0 impliquer la jeunesse que sur les jeunes en d\u00e9crochage \u00e0 proprement parler. Si le gouvernement avait budg\u00e9t\u00e9 l\u2019\u00e9conomie pr\u00e9vue (120 millions sur 3 ans) dans la lutte contre le d\u00e9crochage scolaire, il serait plus cr\u00e9dible. Il a donc juste cherch\u00e9 un argument facile pour faire des \u00e9conomies sur le dos des jeunes pr\u00e9caris\u00e9s. Nous estimons \u00e0 8000 jeunes francophones le nombre de laiss\u00e9-pour-compte \u00e0 cause de cette mesure \u00bb.<\/em><\/p>\n<p>Et de souligner encore : \u00ab\u00a0<em>Par ailleurs, une deuxi\u00e8me mesure (en vigueur depuis le 1er janvier 2015) va toucher de plein fouet des milliers de jeunes sortant de l\u2019enseignement sup\u00e9rieur cet \u00e9t\u00e9. Chaque jeune devra avoir fini son stage d\u2019insertion avant d\u2019avoir 25 ans. Ce qui signifie qu\u2019il doit \u00eatre sorti des \u00e9tudes avant la date de son 24\u00e8me anniversaire. Il s\u2019agit de 8000 jeunes francophones \u00e9galement. L\u2019\u00e2ge moyen d\u2019inscription des dipl\u00f4m\u00e9s universitaires chez Actiris est de 24,7 ans par exemple (trop tard, donc, selon le nouveau r\u00e9gime, pour b\u00e9n\u00e9ficier encore des allocations d\u2019insertion).\u00a0<\/em><em>En fait, si l\u2019on pr\u00e9tend d\u00e9crocher un dipl\u00f4me de master, tout \u00e9chec (en primaire, secondaire ou sup\u00e9rieur) nous renvoie directement dans notre 24\u00e8me ann\u00e9e pour la fin des \u00e9tudes, sauf si l\u2019on est n\u00e9 apr\u00e8s le 8 ao\u00fbt, date du d\u00e9but du stage d\u2019insertion. C\u2019est de la pure folie, estime Ludovic Voet. Si vous voulez que vos enfants aient une seule possibilit\u00e9 d\u2019\u00e9chec dans tout leur cursus scolaire et gardent des droits sociaux, il faudra qu\u2019ils naissent entre le 15 septembre (8 ao\u00fbt pour ceux qui r\u00e9ussissent en 1\u00e8re session) et le 31 d\u00e9cembre. Je n\u2019ai jamais vu une telle discrimination dans la politique de s\u00e9curit\u00e9 sociale \u00bb s\u2019insurge-t-il.<\/em><\/p>\n<p><em>\u00ab Quand on sait que plus de 50% des jeunes ont un an ou plus de retard au sortir du secondaire et quand on voit le taux catastrophique de r\u00e9ussite en 1\u00e8re ann\u00e9e du sup\u00e9rieur, on comprend que cette mesure aura un effet d\u00e9courageant pour la poursuite des \u00e9tudes. C\u2019est d\u2019ailleurs tout \u00e0 fait schizophr\u00e9nique avec la mesure pr\u00e9c\u00e9dente qui pr\u00e9tend qu\u2019avoir un dipl\u00f4me est un atout pour l\u2019emploi. Quel message le gouvernement envoie-t-il aux jeunes qui vont entrer sur les campus cette ann\u00e9e \u00e0 l\u2019\u00e2ge de 19 ans ? Ou \u00e0 ceux qui rateront leur 1\u00e8re ann\u00e9e ? La responsabilit\u00e9 du choix est laiss\u00e9e au jeune : pas de dipl\u00f4me ou pas de protection sociale en cas de difficult\u00e9 ! Dans le contexte actuel de difficult\u00e9s pour un jeune de trouver un emploi stable apr\u00e8s ses \u00e9tudes, les allocations d\u2019insertion sont un filet de protection sociale \u00e0 prot\u00e9ger. \u00bb<\/em><\/p>\n","protected":false},"excerpt":{"rendered":"<p>Et oui, d\u00e8s la semaine prochaine, nos enfants reprennent le chemin de l&rsquo;\u00e9cole&#8230; Tous ne seront cependant pas dans ce cas puisque, comme c&rsquo;est le cas lors de chaque rentr\u00e9e, un grand nombre de jeunes sortent du circuit scolaire. Les [&hellip;]<\/p>\n","protected":false},"author":2,"featured_media":0,"comment_status":"closed","ping_status":"open","sticky":false,"template":"","format":"standard","meta":[],"categories":[65,10],"tags":[200,11,194,201,199],"yoast_head":"<!-- This site is optimized with the Yoast SEO plugin v21.0 - https:\/\/yoast.com\/wordpress\/plugins\/seo\/ -->\n<title>La CSC attire l&#039;attention sur le sort de publics jeunes exclus du droit \u00e0 la protection sociale - Peoplesphere<\/title>\n<meta name=\"robots\" content=\"index, follow, max-snippet:-1, max-image-preview:large, max-video-preview:-1\" \/>\n<link rel=\"canonical\" href=\"https:\/\/peoplesphere.be\/fr\/la-csc-attire-lattention-sur-le-sort-de-publics-jeunes-exclus-du-droit-a-la-protection-sociale\/\" \/>\n<meta property=\"og:locale\" content=\"fr_FR\" \/>\n<meta property=\"og:type\" content=\"article\" \/>\n<meta property=\"og:title\" content=\"La CSC attire l&#039;attention sur le sort de publics jeunes exclus du droit \u00e0 la protection sociale - Peoplesphere\" \/>\n<meta property=\"og:description\" content=\"Et oui, d\u00e8s la semaine prochaine, nos enfants reprennent le chemin de l&rsquo;\u00e9cole&#8230; Tous ne seront cependant pas dans ce cas puisque, comme c&rsquo;est le cas lors de chaque rentr\u00e9e, un grand nombre de jeunes sortent du circuit scolaire. Les [&hellip;]\" \/>\n<meta property=\"og:url\" content=\"https:\/\/peoplesphere.be\/fr\/la-csc-attire-lattention-sur-le-sort-de-publics-jeunes-exclus-du-droit-a-la-protection-sociale\/\" \/>\n<meta property=\"og:site_name\" content=\"Peoplesphere\" \/>\n<meta property=\"article:publisher\" content=\"https:\/\/www.facebook.com\/peoplesphere\" \/>\n<meta property=\"article:published_time\" content=\"2015-08-26T16:10:39+00:00\" \/>\n<meta property=\"og:image\" content=\"http:\/\/www.peoplesphere.be\/fr\/wp-content\/uploads\/2016\/07\/facebook-default-posting-1200x628px.jpg\" \/>\n<meta name=\"author\" content=\"Jean-Paul Erhard\" \/>\n<meta name=\"twitter:card\" content=\"summary_large_image\" \/>\n<meta name=\"twitter:creator\" content=\"@PeoplesphereMag\" \/>\n<meta name=\"twitter:site\" content=\"@PeoplesphereMag\" \/>\n<meta name=\"twitter:label1\" content=\"\u00c9crit par\" \/>\n\t<meta name=\"twitter:data1\" content=\"Jean-Paul Erhard\" \/>\n\t<meta name=\"twitter:label2\" content=\"Dur\u00e9e de lecture estim\u00e9e\" \/>\n\t<meta name=\"twitter:data2\" content=\"4 minutes\" \/>\n<script type=\"application\/ld+json\" class=\"yoast-schema-graph\">{\"@context\":\"https:\/\/schema.org\",\"@graph\":[{\"@type\":\"Article\",\"@id\":\"https:\/\/peoplesphere.be\/fr\/la-csc-attire-lattention-sur-le-sort-de-publics-jeunes-exclus-du-droit-a-la-protection-sociale\/#article\",\"isPartOf\":{\"@id\":\"https:\/\/peoplesphere.be\/fr\/la-csc-attire-lattention-sur-le-sort-de-publics-jeunes-exclus-du-droit-a-la-protection-sociale\/\"},\"author\":{\"name\":\"Jean-Paul Erhard\",\"@id\":\"https:\/\/peoplesphere.be\/fr\/#\/schema\/person\/7976225ff17988604334abb7b3536a7e\"},\"headline\":\"La CSC attire l&rsquo;attention sur le sort de publics jeunes exclus du droit \u00e0 la protection sociale\",\"datePublished\":\"2015-08-26T16:10:39+00:00\",\"dateModified\":\"2015-08-26T16:10:39+00:00\",\"mainEntityOfPage\":{\"@id\":\"https:\/\/peoplesphere.be\/fr\/la-csc-attire-lattention-sur-le-sort-de-publics-jeunes-exclus-du-droit-a-la-protection-sociale\/\"},\"wordCount\":853,\"publisher\":{\"@id\":\"https:\/\/peoplesphere.be\/fr\/#organization\"},\"keywords\":[\"CSC\",\"emploi\",\"jeunes\",\"protection sociale\",\"syndicat\"],\"articleSection\":[\"Actualit\u00e9s\",\"Digital\"],\"inLanguage\":\"fr-FR\"},{\"@type\":\"WebPage\",\"@id\":\"https:\/\/peoplesphere.be\/fr\/la-csc-attire-lattention-sur-le-sort-de-publics-jeunes-exclus-du-droit-a-la-protection-sociale\/\",\"url\":\"https:\/\/peoplesphere.be\/fr\/la-csc-attire-lattention-sur-le-sort-de-publics-jeunes-exclus-du-droit-a-la-protection-sociale\/\",\"name\":\"La CSC attire l'attention sur le sort de publics jeunes exclus du droit \u00e0 la protection sociale - Peoplesphere\",\"isPartOf\":{\"@id\":\"https:\/\/peoplesphere.be\/fr\/#website\"},\"datePublished\":\"2015-08-26T16:10:39+00:00\",\"dateModified\":\"2015-08-26T16:10:39+00:00\",\"breadcrumb\":{\"@id\":\"https:\/\/peoplesphere.be\/fr\/la-csc-attire-lattention-sur-le-sort-de-publics-jeunes-exclus-du-droit-a-la-protection-sociale\/#breadcrumb\"},\"inLanguage\":\"fr-FR\",\"potentialAction\":[{\"@type\":\"ReadAction\",\"target\":[\"https:\/\/peoplesphere.be\/fr\/la-csc-attire-lattention-sur-le-sort-de-publics-jeunes-exclus-du-droit-a-la-protection-sociale\/\"]}]},{\"@type\":\"BreadcrumbList\",\"@id\":\"https:\/\/peoplesphere.be\/fr\/la-csc-attire-lattention-sur-le-sort-de-publics-jeunes-exclus-du-droit-a-la-protection-sociale\/#breadcrumb\",\"itemListElement\":[{\"@type\":\"ListItem\",\"position\":1,\"name\":\"Accueil\",\"item\":\"https:\/\/peoplesphere.be\/fr\/\"},{\"@type\":\"ListItem\",\"position\":2,\"name\":\"La CSC attire l&rsquo;attention sur le sort de publics jeunes exclus du droit \u00e0 la protection sociale\"}]},{\"@type\":\"WebSite\",\"@id\":\"https:\/\/peoplesphere.be\/fr\/#website\",\"url\":\"https:\/\/peoplesphere.be\/fr\/\",\"name\":\"Peoplesphere\",\"description\":\"The People Managers Magazine\",\"publisher\":{\"@id\":\"https:\/\/peoplesphere.be\/fr\/#organization\"},\"potentialAction\":[{\"@type\":\"SearchAction\",\"target\":{\"@type\":\"EntryPoint\",\"urlTemplate\":\"https:\/\/peoplesphere.be\/fr\/?s={search_term_string}\"},\"query-input\":\"required name=search_term_string\"}],\"inLanguage\":\"fr-FR\"},{\"@type\":\"Organization\",\"@id\":\"https:\/\/peoplesphere.be\/fr\/#organization\",\"name\":\"Peoplesphere Company srl\",\"url\":\"https:\/\/peoplesphere.be\/fr\/\",\"logo\":{\"@type\":\"ImageObject\",\"inLanguage\":\"fr-FR\",\"@id\":\"https:\/\/peoplesphere.be\/fr\/#\/schema\/logo\/image\/\",\"url\":\"https:\/\/peoplesphere.be\/fr\/wp-content\/uploads\/2023\/07\/peoplesphere-lgo-new-generik.jpg\",\"contentUrl\":\"https:\/\/peoplesphere.be\/fr\/wp-content\/uploads\/2023\/07\/peoplesphere-lgo-new-generik.jpg\",\"width\":1031,\"height\":1479,\"caption\":\"Peoplesphere Company srl\"},\"image\":{\"@id\":\"https:\/\/peoplesphere.be\/fr\/#\/schema\/logo\/image\/\"},\"sameAs\":[\"https:\/\/www.facebook.com\/peoplesphere\",\"https:\/\/twitter.com\/PeoplesphereMag\",\"https:\/\/www.linkedin.com\/company\/7587361?trk\",\"http:\/\/youtube.com\/peoplesphere\"]},{\"@type\":\"Person\",\"@id\":\"https:\/\/peoplesphere.be\/fr\/#\/schema\/person\/7976225ff17988604334abb7b3536a7e\",\"name\":\"Jean-Paul Erhard\",\"image\":{\"@type\":\"ImageObject\",\"inLanguage\":\"fr-FR\",\"@id\":\"https:\/\/peoplesphere.be\/fr\/#\/schema\/person\/image\/\",\"url\":\"https:\/\/secure.gravatar.com\/avatar\/f941e681460179738071629a51574930?s=96&d=mm&r=g\",\"contentUrl\":\"https:\/\/secure.gravatar.com\/avatar\/f941e681460179738071629a51574930?s=96&d=mm&r=g\",\"caption\":\"Jean-Paul Erhard\"},\"url\":\"https:\/\/peoplesphere.be\/fr\/author\/jpe\/\"}]}<\/script>\n<!-- \/ Yoast SEO plugin. -->","yoast_head_json":{"title":"La CSC attire l'attention sur le sort de publics jeunes exclus du droit \u00e0 la protection sociale - Peoplesphere","robots":{"index":"index","follow":"follow","max-snippet":"max-snippet:-1","max-image-preview":"max-image-preview:large","max-video-preview":"max-video-preview:-1"},"canonical":"https:\/\/peoplesphere.be\/fr\/la-csc-attire-lattention-sur-le-sort-de-publics-jeunes-exclus-du-droit-a-la-protection-sociale\/","og_locale":"fr_FR","og_type":"article","og_title":"La CSC attire l'attention sur le sort de publics jeunes exclus du droit \u00e0 la protection sociale - Peoplesphere","og_description":"Et oui, d\u00e8s la semaine prochaine, nos enfants reprennent le chemin de l&rsquo;\u00e9cole&#8230; Tous ne seront cependant pas dans ce cas puisque, comme c&rsquo;est le cas lors de chaque rentr\u00e9e, un grand nombre de jeunes sortent du circuit scolaire. Les [&hellip;]","og_url":"https:\/\/peoplesphere.be\/fr\/la-csc-attire-lattention-sur-le-sort-de-publics-jeunes-exclus-du-droit-a-la-protection-sociale\/","og_site_name":"Peoplesphere","article_publisher":"https:\/\/www.facebook.com\/peoplesphere","article_published_time":"2015-08-26T16:10:39+00:00","og_image":[{"url":"http:\/\/www.peoplesphere.be\/fr\/wp-content\/uploads\/2016\/07\/facebook-default-posting-1200x628px.jpg"}],"author":"Jean-Paul Erhard","twitter_card":"summary_large_image","twitter_creator":"@PeoplesphereMag","twitter_site":"@PeoplesphereMag","twitter_misc":{"\u00c9crit par":"Jean-Paul Erhard","Dur\u00e9e de lecture estim\u00e9e":"4 minutes"},"schema":{"@context":"https:\/\/schema.org","@graph":[{"@type":"Article","@id":"https:\/\/peoplesphere.be\/fr\/la-csc-attire-lattention-sur-le-sort-de-publics-jeunes-exclus-du-droit-a-la-protection-sociale\/#article","isPartOf":{"@id":"https:\/\/peoplesphere.be\/fr\/la-csc-attire-lattention-sur-le-sort-de-publics-jeunes-exclus-du-droit-a-la-protection-sociale\/"},"author":{"name":"Jean-Paul Erhard","@id":"https:\/\/peoplesphere.be\/fr\/#\/schema\/person\/7976225ff17988604334abb7b3536a7e"},"headline":"La CSC attire l&rsquo;attention sur le sort de publics jeunes exclus du droit \u00e0 la protection sociale","datePublished":"2015-08-26T16:10:39+00:00","dateModified":"2015-08-26T16:10:39+00:00","mainEntityOfPage":{"@id":"https:\/\/peoplesphere.be\/fr\/la-csc-attire-lattention-sur-le-sort-de-publics-jeunes-exclus-du-droit-a-la-protection-sociale\/"},"wordCount":853,"publisher":{"@id":"https:\/\/peoplesphere.be\/fr\/#organization"},"keywords":["CSC","emploi","jeunes","protection sociale","syndicat"],"articleSection":["Actualit\u00e9s","Digital"],"inLanguage":"fr-FR"},{"@type":"WebPage","@id":"https:\/\/peoplesphere.be\/fr\/la-csc-attire-lattention-sur-le-sort-de-publics-jeunes-exclus-du-droit-a-la-protection-sociale\/","url":"https:\/\/peoplesphere.be\/fr\/la-csc-attire-lattention-sur-le-sort-de-publics-jeunes-exclus-du-droit-a-la-protection-sociale\/","name":"La CSC attire l'attention sur le sort de publics jeunes exclus du droit \u00e0 la protection sociale - Peoplesphere","isPartOf":{"@id":"https:\/\/peoplesphere.be\/fr\/#website"},"datePublished":"2015-08-26T16:10:39+00:00","dateModified":"2015-08-26T16:10:39+00:00","breadcrumb":{"@id":"https:\/\/peoplesphere.be\/fr\/la-csc-attire-lattention-sur-le-sort-de-publics-jeunes-exclus-du-droit-a-la-protection-sociale\/#breadcrumb"},"inLanguage":"fr-FR","potentialAction":[{"@type":"ReadAction","target":["https:\/\/peoplesphere.be\/fr\/la-csc-attire-lattention-sur-le-sort-de-publics-jeunes-exclus-du-droit-a-la-protection-sociale\/"]}]},{"@type":"BreadcrumbList","@id":"https:\/\/peoplesphere.be\/fr\/la-csc-attire-lattention-sur-le-sort-de-publics-jeunes-exclus-du-droit-a-la-protection-sociale\/#breadcrumb","itemListElement":[{"@type":"ListItem","position":1,"name":"Accueil","item":"https:\/\/peoplesphere.be\/fr\/"},{"@type":"ListItem","position":2,"name":"La CSC attire l&rsquo;attention sur le sort de publics jeunes exclus du droit \u00e0 la protection sociale"}]},{"@type":"WebSite","@id":"https:\/\/peoplesphere.be\/fr\/#website","url":"https:\/\/peoplesphere.be\/fr\/","name":"Peoplesphere","description":"The People Managers Magazine","publisher":{"@id":"https:\/\/peoplesphere.be\/fr\/#organization"},"potentialAction":[{"@type":"SearchAction","target":{"@type":"EntryPoint","urlTemplate":"https:\/\/peoplesphere.be\/fr\/?s={search_term_string}"},"query-input":"required name=search_term_string"}],"inLanguage":"fr-FR"},{"@type":"Organization","@id":"https:\/\/peoplesphere.be\/fr\/#organization","name":"Peoplesphere Company srl","url":"https:\/\/peoplesphere.be\/fr\/","logo":{"@type":"ImageObject","inLanguage":"fr-FR","@id":"https:\/\/peoplesphere.be\/fr\/#\/schema\/logo\/image\/","url":"https:\/\/peoplesphere.be\/fr\/wp-content\/uploads\/2023\/07\/peoplesphere-lgo-new-generik.jpg","contentUrl":"https:\/\/peoplesphere.be\/fr\/wp-content\/uploads\/2023\/07\/peoplesphere-lgo-new-generik.jpg","width":1031,"height":1479,"caption":"Peoplesphere Company srl"},"image":{"@id":"https:\/\/peoplesphere.be\/fr\/#\/schema\/logo\/image\/"},"sameAs":["https:\/\/www.facebook.com\/peoplesphere","https:\/\/twitter.com\/PeoplesphereMag","https:\/\/www.linkedin.com\/company\/7587361?trk","http:\/\/youtube.com\/peoplesphere"]},{"@type":"Person","@id":"https:\/\/peoplesphere.be\/fr\/#\/schema\/person\/7976225ff17988604334abb7b3536a7e","name":"Jean-Paul Erhard","image":{"@type":"ImageObject","inLanguage":"fr-FR","@id":"https:\/\/peoplesphere.be\/fr\/#\/schema\/person\/image\/","url":"https:\/\/secure.gravatar.com\/avatar\/f941e681460179738071629a51574930?s=96&d=mm&r=g","contentUrl":"https:\/\/secure.gravatar.com\/avatar\/f941e681460179738071629a51574930?s=96&d=mm&r=g","caption":"Jean-Paul Erhard"},"url":"https:\/\/peoplesphere.be\/fr\/author\/jpe\/"}]}},"_links":{"self":[{"href":"https:\/\/peoplesphere.be\/fr\/wp-json\/wp\/v2\/posts\/1751"}],"collection":[{"href":"https:\/\/peoplesphere.be\/fr\/wp-json\/wp\/v2\/posts"}],"about":[{"href":"https:\/\/peoplesphere.be\/fr\/wp-json\/wp\/v2\/types\/post"}],"author":[{"embeddable":true,"href":"https:\/\/peoplesphere.be\/fr\/wp-json\/wp\/v2\/users\/2"}],"replies":[{"embeddable":true,"href":"https:\/\/peoplesphere.be\/fr\/wp-json\/wp\/v2\/comments?post=1751"}],"version-history":[{"count":1,"href":"https:\/\/peoplesphere.be\/fr\/wp-json\/wp\/v2\/posts\/1751\/revisions"}],"predecessor-version":[{"id":1753,"href":"https:\/\/peoplesphere.be\/fr\/wp-json\/wp\/v2\/posts\/1751\/revisions\/1753"}],"wp:attachment":[{"href":"https:\/\/peoplesphere.be\/fr\/wp-json\/wp\/v2\/media?parent=1751"}],"wp:term":[{"taxonomy":"category","embeddable":true,"href":"https:\/\/peoplesphere.be\/fr\/wp-json\/wp\/v2\/categories?post=1751"},{"taxonomy":"post_tag","embeddable":true,"href":"https:\/\/peoplesphere.be\/fr\/wp-json\/wp\/v2\/tags?post=1751"}],"curies":[{"name":"wp","href":"https:\/\/api.w.org\/{rel}","templated":true}]}}